{"id":45827,"date":"2018-05-28T09:01:50","date_gmt":"2018-05-28T07:01:50","guid":{"rendered":"http:\/\/grzegorzjaszczura.pl\/?p=45827"},"modified":"2018-05-28T09:24:50","modified_gmt":"2018-05-28T07:24:50","slug":"diety-jednak-na-max-sesja-23-05-2018-r-odslona-103-cz-2","status":"publish","type":"post","link":"https:\/\/grzegorzjaszczura.pl\/?p=45827","title":{"rendered":"diety jednak na max &#8211; sesja 23.05.2018 r. (ods\u0142ona 103, cz. 2)"},"content":{"rendered":"<p style=\"text-align: justify;\"><a href=\"http:\/\/grzegorzjaszczura.pl\/http:\/\/grzegorzjaszczura.pl\/wp-content\/uploads\/2018\/05\/Przechwytywanie-jaszczura-5.jpg\"><img loading=\"lazy\" decoding=\"async\" class=\"alignleft size-thumbnail wp-image-45841\" src=\"http:\/\/grzegorzjaszczura.pl\/http:\/\/grzegorzjaszczura.pl\/wp-content\/uploads\/2018\/05\/Przechwytywanie-jaszczura-5-150x150.jpg\" alt=\"\" width=\"150\" height=\"150\" \/><\/a>Niestety podobnie jak w marcu 2009 r. <span style=\"color: #ff0000;\">radni lewicowi<\/span> <strong>Rady Miejskiej D\u0105browy G\u00f3rniczej<\/strong> zrobili wszystko, aby ich &#8222;wynagrodzenie&#8221; pozosta\u0142o na najwy\u017cszym poziomie w okolicy (np. w wojew\u00f3dztwie). Zobacz jeszcze raz, jak to by\u0142o w 2009 r., gdy zg\u0142asza\u0142em na sali sesyjnej projekt obni\u017cenia im diet o <strong>50%<\/strong>: <a href=\"http:\/\/grzegorzjaszczura.pl\/?p=9614#more-9614\"><em><strong>przyspawani do diet<\/strong><\/em><\/a>.<!--more--><\/p>\n<p style=\"text-align: justify;\">Obecnie, tj. <strong>23.05.2018 r.<\/strong> by\u0142o podobnie. Co do uzasadnienia do\u0142\u0105czonego do projektu uchwa\u0142y, to zamie\u015bci\u0142em je kilka dni temu: <a href=\"http:\/\/grzegorzjaszczura.pl\/?p=45698#more-45698\"><em><strong>diety radnych &#8211; reaktywacja<\/strong><\/em><\/a>. Ale przedstawiaj\u0105c projekt uchwa\u0142y zmniejszaj\u0105cej wysoko\u015b\u0107 diet radnym lewicowym o <strong>20%<\/strong> (przy okazji sobie o <strong>25%<\/strong>) wyja\u015bni\u0142em kilka w\u0105tpliwo\u015bci lewak\u00f3w, kt\u00f3re teraz zamieszcz\u0119.<\/p>\n<p style=\"text-align: justify;\"><a href=\"http:\/\/grzegorzjaszczura.pl\/http:\/\/grzegorzjaszczura.pl\/wp-content\/uploads\/2018\/05\/uchwa\u0142a-diety-karta-uzg.jpg\"><img loading=\"lazy\" decoding=\"async\" class=\"alignleft size-thumbnail wp-image-45864\" src=\"http:\/\/grzegorzjaszczura.pl\/http:\/\/grzegorzjaszczura.pl\/wp-content\/uploads\/2018\/05\/uchwa\u0142a-diety-karta-uzg-150x150.jpg\" alt=\"\" width=\"150\" height=\"150\" \/><\/a>Warto <span style=\"color: #000080;\"><strong>Szanownym Czytelnikom<\/strong><\/span> u\u015bwiadomi\u0107, \u017ce abstrahuj\u0105c od pozytywnie zako\u0144czonych uzgodnie\u0144 projektu uchwa\u0142y zar\u00f3wno z radc\u0105 prawnym jak i Sekretarz Miasta jedyn\u0105 osob\u0105, kt\u00f3ra mia\u0142a w\u0105tpliwo\u015bci by\u0142a Skarbnik Miasta. Dziwne, \u017ce zamiast cieszy\u0107 si\u0119, \u017ce w kasie miasta &#8211; jakby nie patrze\u0107 zad\u0142u\u017conej na kilkaset milion\u00f3w z\u0142otych co\u015b wi\u0119cej zostanie, wyrazi\u0142a <em>votum separatum<\/em>, co do sformu\u0142owania z <em><strong>Uzasadnienia<\/strong><\/em> do projektu uchwa\u0142y, pr\u00f3buj\u0105c udowodni\u0107 na 2. stronach, \u017ce teza czy sformu\u0142owanie: <em><strong>&#8222;fatalna sytuacja bud\u017cetu Miasta&#8221;<\/strong><\/em> jest nie na miejscu!!! Osobi\u015bcie mam przeciwne zdanie od Pani Skarbnik Miasta i Pana Prezydenta Miasta <strong>Z. Podrazy<\/strong> (<span style=\"color: #ff0000;\"><strong>SLD<\/strong><\/span>), kt\u00f3ry nie omieszka\u0142 tak\u017ce powiedzie\u0107, \u017ce si\u0119 z tym nie zgadza! W kontek\u015bcie tak\u017ce stanowiska <span style=\"color: #800080;\">Klubu Radnych <strong>PIS<\/strong><\/span>, dotycz\u0105cego bud\u017cetu za 2017 r. i absolutorium dla Pana Prezydenta, kt\u00f3re zamie\u015bci\u0142em we wpisie: <a href=\"http:\/\/grzegorzjaszczura.pl\/?p=45764#more-45764\"><em><strong>kolejne nie dla absolutorium<\/strong><\/em><\/a> dziwi mnie takie stanowisko. Tu warto podkre\u015bli\u0107, \u017ce gdyby w 2009 roku przyj\u0119to projekt uchwa\u0142y \u00f3wczesnych radnych <strong>UPR<\/strong> i <strong>PO<\/strong>, to zaoszcz\u0119dziliby\u015bmy jako Gmina ju\u017c oko\u0142o <strong>3,5 mln z\u0142<\/strong>!<\/p>\n<p style=\"text-align: justify;\"><a href=\"http:\/\/grzegorzjaszczura.pl\/http:\/\/grzegorzjaszczura.pl\/wp-content\/uploads\/2018\/05\/Przechwytywanie-2.jpg\"><img loading=\"lazy\" decoding=\"async\" class=\"alignleft size-thumbnail wp-image-45853\" src=\"http:\/\/grzegorzjaszczura.pl\/http:\/\/grzegorzjaszczura.pl\/wp-content\/uploads\/2018\/05\/Przechwytywanie-2-150x150.jpg\" alt=\"\" width=\"150\" height=\"150\" \/><\/a>Przedstawiaj\u0105c na sesji (<strong>23.05.2018 r.<\/strong>) projekt uchwa\u0142y odpowiedzia\u0142em r\u00f3wnie\u017c na zapytanie z Komisji Bud\u017cetowej jednego z ich radnych czy otrzyma\u0142em projekt uchwa\u0142y z Warszawy e-mailem czy poczt\u0105? To jest merytoryczne stanowisko skrajnej lewicy i to jest wa\u017cne?! Ju\u017c abstrahuj\u0105c od tego, \u017ce jak wspomnia\u0142em projekt w\u0142a\u015bciwie by\u0142 lekko poprawionym projektem <strong>T. Sk\u00f3ry<\/strong>, <strong>T. Paska<\/strong> i <strong>G. Jaszczury<\/strong> z 2009 roku, o kt\u00f3rym pewnie radny pobieraj\u0105cy diet\u0119 nawet nie wiedzia\u0142, bo przez my\u015bl mu nie przesz\u0142o ewentualne zmniejszenie tego co pobiera z kasy Miasta. Nie dosta\u0142em projektu ani e-mailem ani poczt\u0105, ani faxem, ani z Warszawy, ani z Kielc, ani z innego miasta?!<\/p>\n<p style=\"text-align: justify;\">Inny radny lewicowy, kt\u00f3remu jak z jego wypowiedzi wynika\u0142o dieta w tej wysoko\u015bci nale\u017cy si\u0119 zawsze, zarzuci\u0142 mi populizm, poniewa\u017c zbli\u017ca si\u0119 koniec kadencji i poniewa\u017c nad ew. zwrotem r\u00f3\u017cnicy w wypadku uchwalenia uchwa\u0142y od pocz\u0105tku kadencji postanowi\u0142em si\u0119 zastanowi\u0107. Niestety nie zrozumia\u0142 on odpowiedzi. Dla lewicy ten populizm to taka mantra, kt\u00f3ra chyba ich utrzymuje przy \u017cyciu, a najlepiej jak odwracaj\u0105 kota ogonem, my\u015bl\u0105 chyba \u017ce wszyscy s\u0105 na ich poziomie. Uwa\u017cam, \u017ce koniec kadencji to dobry okres, \u017ceby wskaza\u0107 nast\u0119pnej radzie cel bycia radnym.<\/p>\n<p style=\"text-align: justify;\"><strong>Chcia\u0142bym jeszcze nawi\u0105za\u0107 do uwag Pani Skarbnik do projektu uchwa\u0142y,<\/strong> w szczeg\u00f3lno\u015bci uzasadnienia. M.in. powiedzia\u0142em:<\/p>\n<p style=\"text-align: justify;\"><span style=\"color: #000080;\">Pani Skarbnik powo\u0142uje si\u0119 w uwagach na kontrol\u0119 <strong>NIK<\/strong> z 2015 r., chcia\u0142em zauwa\u017cy\u0107, \u017ce mamy rok <strong>2018<\/strong>?! <\/span><span style=\"color: #000080;\">Ponadto w zawartym na koniec stwierdzeniu, <strong><em>\u201ei\u017c przepisy prawa nie daj\u0105 mo\u017cliwo\u015bci zaci\u0105gania kredyt\u00f3w jednostkom organizacyjnym gminy\u201d<\/em><\/strong> porusza Pani bardzo wra\u017cliwy temat.<\/span><\/p>\n<p style=\"text-align: justify;\"><span style=\"color: #000080;\">Ot\u00f3\u017c w swoim wyroku z dnia 15 lipca 2009 r. (sygn. akt II OSK 664\/09) Naczelny S\u0105d Administracyjny w Warszawie zaliczy\u0142 do jednostek organizacyjnych Gminy&#8230; <strong>samodzielny publiczny zak\u0142ad opieki zdrowotnej<\/strong>. Z uwagi na fakt, \u017ce gminna jednostka organizacyjna to jednostka utworzona na podstawie uchwa\u0142y rady gminy, przy czym nie ma znaczenia czy jednostka ta na podstawie przepis\u00f3w szczeg\u00f3lnych b\u0119dzie mia\u0142a przyznan\u0105 osobowo\u015b\u0107 prawn\u0105.<\/span><\/p>\n<p style=\"text-align: justify;\"><span style=\"color: #000080;\">Tak wi\u0119c przechodz\u0105c do meritum \u2013 skoro jednostki organizacyjne gminy nie mog\u0105 zaci\u0105ga\u0107 kredyt\u00f3w, to <strong>jakim sposobem szpital miejski zaci\u0105gn\u0105\u0142 kredyt kupiecki na ponad <span style=\"color: #ff0000;\">150 milion\u00f3w z\u0142otych<\/span><\/strong>? Jakim te\u017c cudem, nikt z nadzoru szpitala \u2013 tj. Prezydent Miasta D\u0105browa G\u00f3rnicza Zbigniewa Podraz\u0119 (o radzie spo\u0142ecznej, wydziale zdrowia czy pani wiceprezydent Iwonie Krupie nie wspominaj\u0105c) czy te\u017c bez konsultacji z Pani\u0105, Pani Skarbnik \u2013 nie zareagowa\u0142 na zaci\u0105gni\u0119cie zobowi\u0105za\u0144 finansowych r\u00f3wnych <strong>\u00bc bud\u017cetu<\/strong> D\u0105browy G\u00f3rniczej? A teraz, przy ewentualnie niekorzystnych wyrokach s\u0105dowych, te sto kilkadziesi\u0105t milion\u00f3w z\u0142otych (z odsetkami, kt\u00f3re na dzie\u0144 dzisiejszy szacuj\u0119 na <em>circa<\/em> <span style=\"color: #ff0000;\"><strong>38 mln z\u0142<\/strong><\/span>) obci\u0105\u017cy nie szpital, kt\u00f3ry nie ma takich pieni\u0119dzy, tylko Gmin\u0119 <strong>D\u0105browa G\u00f3rnicza<\/strong> \u2013 i o tym w\u0142a\u015bnie wspominamy w naszym uzasadnieniu.<\/span><\/p>\n<p style=\"text-align: justify;\"><span style=\"color: #000080;\">Tak na marginesie, nawet <strong>Najwy\u017csza Izba Kontroli<\/strong>, delegatura w Katowicach (co mo\u017cna <a href=\"http:\/\/www.tvdg.pl\/o-czym-szumia-deby-2018-05-21\/\"><strong>zobaczy\u0107 w internecie<\/strong><\/a>) po opublikowaniu w czerwcu 2017 roku raportu dotycz\u0105cego inwestycji-budowy <strong>Zag\u0142\u0119biowskiego Centrum Onkologii<\/strong>, z\u0142o\u017cy\u0142a doniesienia o mo\u017cliwo\u015bci pope\u0142nienia przest\u0119pstwa przy budowie oddzia\u0142u <strong>ZCO<\/strong> do Prokuratury Okr\u0119gowej i Rejonowej w Katowicach. Tak\u017ce na podstawie tego uwa\u017camy, \u017ce u\u017cyte okre\u015blenie <em><strong>&#8222;fatalna sytuacja bud\u017cetu Miasta&#8221;<\/strong><\/em>, to nie jest wymys\u0142 czy fanaberia opozycyjnych radnych lecz fakt.<\/span><\/p>\n<p style=\"text-align: justify;\"><a href=\"http:\/\/grzegorzjaszczura.pl\/http:\/\/grzegorzjaszczura.pl\/wp-content\/uploads\/2018\/05\/Przechwytywanie-lista.jpg\"><img loading=\"lazy\" decoding=\"async\" class=\"alignleft size-thumbnail wp-image-45860\" src=\"http:\/\/grzegorzjaszczura.pl\/http:\/\/grzegorzjaszczura.pl\/wp-content\/uploads\/2018\/05\/Przechwytywanie-lista-150x150.jpg\" alt=\"\" width=\"150\" height=\"150\" \/><\/a>Lekko podsumowuj\u0105c, za zmniejszeniem byli tylko radni <span style=\"color: #800080;\">PIS<\/span>: <strong>G. Jaszczura<\/strong>, <strong>Z. Pi\u0105tek<\/strong>, <strong>J. Reszke<\/strong> i <strong>P. \u015alusarczyk<\/strong> oraz radny niezrzeszony <strong>P. Bobrowski<\/strong>, a przeciwko lub wstrzymali si\u0119, co w tym wypadku by\u0142o jakby g\u0142osowaniem przeciw, reszta radnych, czyli wszyscy z <span style=\"color: #ff0000;\"><strong>SLD<\/strong><\/span> (<span style=\"color: #ff0000;\">Razem<\/span>), <strong><span style=\"color: #ff0000;\">PO<\/span><\/strong>, <strong><span style=\"color: #ff0000;\">TPDG<\/span><\/strong>, <strong><span style=\"color: #ff0000;\">DWS<\/span><\/strong> i radna niezrzeszona <strong>K. Zagajska<\/strong>. Radny <strong>E. Bober<\/strong> wyszed\u0142 z sali sesyjnej przed g\u0142osowaniem, chyba zastanowi\u0107 si\u0119 nad problemem, jak to okre\u015bli\u0142a telewizja d\u0105browska <strong>TVDG<\/strong>. Zobacz: <strong><a href=\"http:\/\/www.tvdg.pl\/o-czym-szumia-deby-2018-05-23\/\">http:\/\/www.tvdg.pl\/o-czym-szumia-deby-2018-05-23\/<\/a><\/strong>. Ciekawostk\u0105 by\u0142o tak\u017ce g\u0142osowanie kilku radnych przeciwko g\u0142osowaniu imiennemu, w tym Przewodnicz\u0105cego Rady Pani <strong>A. Pasternak<\/strong> (<span style=\"color: #ff0000;\">Lewica<\/span>) czy Wiceprzewodnicz\u0105cego Rady Pana <strong>M. W\u0119grzynowicza <\/strong>(<strong><span style=\"color: #ff0000;\">PO<\/span><\/strong>)!<\/p>\n<p><a href=\"http:\/\/grzegorzjaszczura.pl\/http:\/\/grzegorzjaszczura.pl\/wp-content\/uploads\/2018\/05\/Przechwytywanie.-dybich-3JPG.jpg\"><img loading=\"lazy\" decoding=\"async\" class=\"alignleft size-thumbnail wp-image-45855\" src=\"http:\/\/grzegorzjaszczura.pl\/http:\/\/grzegorzjaszczura.pl\/wp-content\/uploads\/2018\/05\/Przechwytywanie.-dybich-3JPG-150x150.jpg\" alt=\"\" width=\"150\" height=\"150\" \/><\/a><a href=\"http:\/\/grzegorzjaszczura.pl\/http:\/\/grzegorzjaszczura.pl\/wp-content\/uploads\/2018\/05\/Przechwytywanie-chrobot-4.jpg\"><img loading=\"lazy\" decoding=\"async\" class=\"alignleft size-thumbnail wp-image-45856\" src=\"http:\/\/grzegorzjaszczura.pl\/http:\/\/grzegorzjaszczura.pl\/wp-content\/uploads\/2018\/05\/Przechwytywanie-chrobot-4-150x150.jpg\" alt=\"\" width=\"150\" height=\"150\" \/><\/a><\/p>\n<p>&nbsp;<\/p>\n<p style=\"text-align: justify;\">\n","protected":false},"excerpt":{"rendered":"<p>Niestety podobnie jak w marcu 2009 r. radni lewicowi Rady Miejskiej D\u0105browy G\u00f3rniczej zrobili wszystko, aby ich &#8222;wynagrodzenie&#8221; pozosta\u0142o na najwy\u017cszym poziomie w okolicy (np. w wojew\u00f3dztwie). Zobacz jeszcze raz, jak to by\u0142o w 2009 r., gdy zg\u0142asza\u0142em na sali sesyjnej projekt obni\u017cenia im diet o 50%: przyspawani do diet.<\/p>\n","protected":false},"author":2,"featured_media":0,"comment_status":"open","ping_status":"open","sticky":false,"template":"","format":"standard","meta":{"_monsterinsights_skip_tracking":false,"_monsterinsights_sitenote_active":false,"_monsterinsights_sitenote_note":"","_monsterinsights_sitenote_category":0,"footnotes":""},"categories":[5],"tags":[],"class_list":["post-45827","post","type-post","status-publish","format-standard","hentry","category-rada-miejska-dabrowa-gornicza"],"_links":{"self":[{"href":"https:\/\/grzegorzjaszczura.pl\/index.php?rest_route=\/wp\/v2\/posts\/45827","targetHints":{"allow":["GET"]}}],"collection":[{"href":"https:\/\/grzegorzjaszczura.pl\/index.php?rest_route=\/wp\/v2\/posts"}],"about":[{"href":"https:\/\/grzegorzjaszczura.pl\/index.php?rest_route=\/wp\/v2\/types\/post"}],"author":[{"embeddable":true,"href":"https:\/\/grzegorzjaszczura.pl\/index.php?rest_route=\/wp\/v2\/users\/2"}],"replies":[{"embeddable":true,"href":"https:\/\/grzegorzjaszczura.pl\/index.php?rest_route=%2Fwp%2Fv2%2Fcomments&post=45827"}],"version-history":[{"count":50,"href":"https:\/\/grzegorzjaszczura.pl\/index.php?rest_route=\/wp\/v2\/posts\/45827\/revisions"}],"predecessor-version":[{"id":45883,"href":"https:\/\/grzegorzjaszczura.pl\/index.php?rest_route=\/wp\/v2\/posts\/45827\/revisions\/45883"}],"wp:attachment":[{"href":"https:\/\/grzegorzjaszczura.pl\/index.php?rest_route=%2Fwp%2Fv2%2Fmedia&parent=45827"}],"wp:term":[{"taxonomy":"category","embeddable":true,"href":"https:\/\/grzegorzjaszczura.pl\/index.php?rest_route=%2Fwp%2Fv2%2Fcategories&post=45827"},{"taxonomy":"post_tag","embeddable":true,"href":"https:\/\/grzegorzjaszczura.pl\/index.php?rest_route=%2Fwp%2Fv2%2Ftags&post=45827"}],"curies":[{"name":"wp","href":"https:\/\/api.w.org\/{rel}","templated":true}]}}