{"id":46017,"date":"2018-06-27T09:37:38","date_gmt":"2018-06-27T07:37:38","guid":{"rendered":"http:\/\/grzegorzjaszczura.pl\/?p=46017"},"modified":"2018-06-27T21:58:30","modified_gmt":"2018-06-27T19:58:30","slug":"komendanci-do-dymisji","status":"publish","type":"post","link":"https:\/\/grzegorzjaszczura.pl\/?p=46017","title":{"rendered":"Komendanci do dymisji!"},"content":{"rendered":"<p style=\"text-align: justify;\"><a href=\"http:\/\/grzegorzjaszczura.pl\/http:\/\/grzegorzjaszczura.pl\/wp-content\/uploads\/2018\/06\/20160521_132313.jpg\"><img loading=\"lazy\" decoding=\"async\" class=\"alignleft size-thumbnail wp-image-46083\" src=\"http:\/\/grzegorzjaszczura.pl\/http:\/\/grzegorzjaszczura.pl\/wp-content\/uploads\/2018\/06\/20160521_132313-150x150.jpg\" alt=\"\" width=\"150\" height=\"150\" \/><\/a>Od pewnego czasu w D\u0105browie G\u00f3rniczej istnieje problem z powodu sowieckich so\u0142datow, tj. <span style=\"color: #ff0000;\">pomnika sowieckich \u017co\u0142nierzy<\/span> w \u0141o\u015bniu, kt\u00f3rego zgodnie z prawem nie powinno ju\u017c by\u0107!!! Troch\u0119 fakt\u00f3w. W poniedzia\u0142ek <strong>4 czerwca<\/strong> policjanci nakazali przerwa\u0107 prace zwi\u0105zane z usuwaniem tego pomnika, \u017c\u0105daj\u0105c od wykonawcy przedstawienia dokument\u00f3w upowa\u017cniaj\u0105cych do tych dzia\u0142a\u0144. Jak t\u0142umaczy\u0142 oficer prasowy Komendy Miejskiej Policji<!--more--> w D.G. aspirant sztabowy <strong>Mariusz Miszczyk<\/strong>, z powodu braku tych dokument\u00f3w policjanci nakazali wstrzyma\u0107 prace. Tu przypomn\u0119, \u017ce Komendant Policji w D\u0105browie G. nie pierwszy raz inaczej rozumie prawo obowi\u0105zuj\u0105ce w naszym pa\u0144stwie, np. inaczej rozumie Konstytucj\u0119 <strong>RP<\/strong>. Zobacz na przyk\u0142ad jak to by\u0142o <strong>15.05.2015 r.<\/strong>: <a href=\"http:\/\/grzegorzjaszczura.pl\/?p=33076#more-33076\">http:\/\/grzegorzjaszczura.pl\/?p=33076#more-33076<\/a>.<br \/>\n<a href=\"http:\/\/grzegorzjaszczura.pl\/http:\/\/grzegorzjaszczura.pl\/wp-content\/uploads\/2018\/06\/20160521_132302.jpg\"><img loading=\"lazy\" decoding=\"async\" class=\"alignleft size-thumbnail wp-image-46091\" src=\"http:\/\/grzegorzjaszczura.pl\/http:\/\/grzegorzjaszczura.pl\/wp-content\/uploads\/2018\/06\/20160521_132302-150x150.jpg\" alt=\"\" width=\"150\" height=\"150\" \/><\/a>Jak z kolei dodawa\u0142 <strong>Bartosz Matylewicz<\/strong>, rzecznik prasowy Urz\u0119du Miejskiego w D\u0105browie G\u00f3rniczej podpieraj\u0105c si\u0119 przepisami prawa budowlanego, <strong>IPN<\/strong> powinien uzyska\u0107 pozwolenie na rozbi\u00f3rk\u0119 lub zg\u0142osi\u0107 takie prace. A poniewa\u017c nie zrobi\u0142 tego, st\u0105d taka decyzja Policji i obecno\u015b\u0107 na miejscu r\u00f3wnie\u017c funkcjonariuszy Stra\u017cy Miejskiej. <strong>Ale, \u017ce obecnie rz\u0105dz\u0105cy w D\u0105browie G. s\u0105 przywi\u0105zani do ustroju podobno minionego to wiemy.<\/strong> Doda\u0142 przy okazji, \u017ce Gmina D\u0105browa G\u00f3rnicza zawar\u0142a umow\u0119 z prorosyjskim <span style=\"color: #ff0000;\">Stowarzyszeniem Kursk<\/span>, kt\u00f3re zaoferowa\u0142o ch\u0119\u0107 przej\u0119cia na w\u0142asny koszt pomnik\u00f3w i zdeponowania ich na w\u0142asnym terenie.<br \/>\nJak to m\u00f3wi\u0105 kolokwialnie, sprawa si\u0119 niestety ryp\u0142a, gdy <strong>7 czerwca<\/strong> dyrektor Oddzia\u0142u <strong>Instytutu Pami\u0119ci Narodowej<\/strong> w Katowicach dr <strong>Andrzej Sznajder<\/strong> wyda\u0142 komunikat dot. demonta\u017cu pomnika <span style=\"color: #ff0000;\">\u017co\u0142nierzy Armii Czerwonej<\/span> w <strong>D\u0105browie G\u00f3rniczej &#8211; \u0141o\u015bniu<\/strong>.<br \/>\nI c\u00f3\u017c tam napisano? Cytujemy:<br \/>\n<em><span style=\"color: #000080;\">\u201e<strong>obiekt ten spe\u0142nia kryteria artyku\u0142u 5a ustawy (\u2026) o zakazie propagowania komunizmu lub innego ustroju totalitarnego (\u2026) i podobnie jak wiele innych tego typu powinien by\u0142 zosta\u0107 usuni\u0119ty do dnia 31 marca 2018 r.<\/strong><\/span><\/em><br \/>\n<em><span style=\"color: #000080;\"> Maj\u0105c na uwadze, \u017ce obiekt ten \u2013 wzniesiony w 1984 roku \u2013 <strong>jest sztandarowym przyk\u0142adem komunistycznej propagandy, kreuj\u0105cy mit o wojskach sowieckich jako oswobodzicielach Polski,<\/strong> zosta\u0142 wytypowany jako potencjalny eksponat do Muzeum Zimnej Wojny, kt\u00f3re mie\u015bci si\u0119 w Podborsku.<\/span><\/em><br \/>\n<em><span style=\"color: #000080;\"> W tym celu Oddzia\u0142 IPN w Katowicach zawar\u0142 porozumienie z w\u0142a\u015bcicielem dzia\u0142ki \u2013 parafi\u0105 pw. Podwy\u017cszenia Krzy\u017ca \u015awi\u0119tego, na kt\u00f3rej obiekt si\u0119 znajduje. Zak\u0142ada ono przekazanie obiektu Instytutowi, jego demonta\u017c i transport do Podborska.<\/span><\/em><br \/>\n<em><span style=\"color: #000080;\"> Z udost\u0119pnionej przez parafi\u0119 korespondencji prowadzonej w tej sprawie z Urz\u0119dem Miasta D\u0105browa G\u00f3rnicza wynika jednoznacznie, \u017ce rozbi\u00f3rka obiektu nie wymaga uzyskania pozwolenia (pismo Zast\u0119pcy Naczelnika Wydzia\u0142u Gospodarki Komunalnej i Mieszkaniowej UM w D\u0105browie G\u00f3rniczej z dnia 27 lutego 2018 r.). Demonta\u017c tego rodzaju obiekt\u00f3w nie wymaga r\u00f3wnie\u017c zg\u0142oszenia, o czym informuje w swoim pi\u015bmie p.o. G\u0142\u00f3wnego Inspektora Nadzoru Budowlanego z dnia 12 marca 2018 r.<\/span><\/em><br \/>\n<em><span style=\"color: #000080;\"><strong> W kontek\u015bcie powy\u017cszego ze zdziwieniem przyj\u0119li\u015bmy pr\u00f3b\u0119 zablokowania demonta\u017cu pomnika.<\/strong> W dniu rozpocz\u0119cia prac demonta\u017cowych pojawili si\u0119 funkcjonariusze Policji i Stra\u017cy Miejskiej, \u017c\u0105daj\u0105c okazania pozwolenia na przeprowadzenie rozbi\u00f3rki lub zg\u0142oszenia w tym zakresie i nie przyjmuj\u0105c do wiadomo\u015bci, \u017ce w tym konkretnym przypadku nie s\u0105 one wymagane.<\/span><\/em><br \/>\n<em><span style=\"color: #000080;\"> W tej sytuacji pracownicy i wynaj\u0119ta firma odst\u0105pili od realizacji zadania.<\/span><\/em><br \/>\n<em><span style=\"color: #000080;\"><strong> Zablokowanie dzia\u0142a\u0144 IPN odbieramy jako pr\u00f3b\u0119 uchylenia si\u0119 w\u0142adz samorz\u0105dowych D\u0105browy G\u00f3rniczej od obowi\u0105zku dekomunizacji przestrzeni publicznej.<\/strong>\u201d<\/span><\/em><br \/>\nTyle <strong>IPN<\/strong>. Rodzi si\u0119 pytanie, co dalej?<br \/>\nPo pierwsze, kto zleci\u0142 Stra\u017cy Miejskiej i przekona\u0142 Policj\u0119, \u017ce nale\u017cy podj\u0105\u0107 interwencj\u0119? Czy \u2013 jak si\u0119 okaza\u0142o \u2013 czcza gadanina rzecznika Prezydenta Miasta mia\u0142a przykry\u0107 fakt, i\u017c <strong>Zbigniew Podraza koniecznie chce zrealizowa\u0107 umow\u0119 z prorosyjskim stowarzyszeniem, kosztem wizerunku s\u0142u\u017cb mundurowych i swoich obowi\u0105zk\u00f3w ustawowych?<\/strong><br \/>\nPod drugie \u2013 jak zachowa si\u0119 Komendant Stra\u017cy Miejskiej <strong>Rados\u0142aw Romanek<\/strong> i czy honorowo poda si\u0119 do dymisji?<br \/>\nPo trzecie \u2013 jak zachowa si\u0119 Komendant Miejski Policji w D\u0105browie G\u00f3rniczej insp. <strong>Artur Klimek<\/strong> \u2013 poda si\u0119 do dymisji czy zawiadomi prokuratur\u0119 o mo\u017cliwo\u015bci pope\u0142nienia przest\u0119pstwa poprzez wprowadzenie w b\u0142\u0105d funkcjonariuszy publicznych odpowiedzialnych za porz\u0105dek publiczny?<br \/>\nPrzecie\u017c tak jak teraz w \u0141o\u015bniu Policja w D\u0105browie G\u00f3rniczej dawno si\u0119 ju\u017c nie o\u015bmieszy\u0142a!<br \/>\nCzekaj\u0105c na dalszy rozw\u00f3j wypadk\u00f3w stowarzyszenie <strong>Konfederacja dla D\u0105browy G\u00f3rniczej<\/strong> wystosowa\u0142o dwa pisma z \u017c\u0105daniem zmiany komendant\u00f3w zar\u00f3wno <strong>Policji<\/strong> w D\u0105browie G\u00f3rniczej, jak i <strong>Stra\u017cy Miejskiej<\/strong>.<\/p>\n<p>Pierwsze pismo:<\/p>\n<p style=\"text-align: right;\"><span style=\"color: #000080;\"><a href=\"http:\/\/grzegorzjaszczura.pl\/http:\/\/grzegorzjaszczura.pl\/wp-content\/uploads\/2018\/06\/kom.wojew\u00f3dzki-2018.06.08-1.jpg\"><img loading=\"lazy\" decoding=\"async\" class=\"alignleft size-thumbnail wp-image-46094\" src=\"http:\/\/grzegorzjaszczura.pl\/http:\/\/grzegorzjaszczura.pl\/wp-content\/uploads\/2018\/06\/kom.wojew\u00f3dzki-2018.06.08-1-150x150.jpg\" alt=\"\" width=\"150\" height=\"150\" \/><\/a><a href=\"http:\/\/grzegorzjaszczura.pl\/http:\/\/grzegorzjaszczura.pl\/wp-content\/uploads\/2018\/06\/kom.wojew\u00f3dzki-2018.06.08-2.jpg\"><img loading=\"lazy\" decoding=\"async\" class=\"alignleft size-thumbnail wp-image-46095\" src=\"http:\/\/grzegorzjaszczura.pl\/http:\/\/grzegorzjaszczura.pl\/wp-content\/uploads\/2018\/06\/kom.wojew\u00f3dzki-2018.06.08-2-150x150.jpg\" alt=\"\" width=\"150\" height=\"150\" \/><\/a>D\u0105browa G\u00f3rnicza, dn. 08.06.2018 r.<\/span><\/p>\n<p style=\"text-align: justify;\"><strong><span style=\"color: #000080;\">Konfederacja dla D\u0105browy G\u00f3rniczej<\/span><\/strong><\/p>\n<p style=\"text-align: right;\"><strong><span style=\"color: #000080;\">Komendant Wojew\u00f3dzki <\/span><span style=\"color: #000080;\">Policji<\/span><\/strong><\/p>\n<p style=\"text-align: right;\"><strong><span style=\"color: #000080;\">\u00a0w Katowicach<\/span><\/strong><\/p>\n<p style=\"text-align: right;\"><strong><span style=\"color: #000080;\">Pan Krzysztof JUSTY\u0143SKI<\/span><\/strong><\/p>\n<p style=\"text-align: justify;\"><span style=\"color: #000080;\">W zwi\u0105zku ze skandalicznym zablokowaniem przez funkcjonariuszy d\u0105browskiej Policji dzia\u0142a\u0144 podj\u0119tych w celu demonta\u017cu pomnika \u017co\u0142nierzy Armii Czerwonej w D\u0105browie G\u00f3rniczej &#8211; \u0141o\u015bniu, stowarzyszenie <strong>Konfederacja dla D\u0105browy G\u00f3rniczej<\/strong> &#8211; jako organizacja pozarz\u0105dowa <strong>stanowczo \u017c\u0105da dymisji Komendanta Policji w D\u0105browie G\u00f3rniczej<\/strong> insp.\u00a0mgr Artura Klimka oraz wyci\u0105gni\u0119cia innych konsekwencji s\u0142u\u017cbowych w stosunku do os\u00f3b odpowiedzialnych.<\/span><br \/>\n<strong><span style=\"color: #000080;\">Pomnik upami\u0119tniaj\u0105cy sowieckich \u017co\u0142nierzy spe\u0142nia kryteria art. 5 a Ustawy z dnia 1 kwietnia 2016 r. o zakazie propagowania komunizmu lub innego ustroju totalitarnego przez nazwy jednostek organizacyjnych, jednostek pomocniczych gminy, budowli, obiekt\u00f3w i urz\u0105dze\u0144 u\u017cyteczno\u015bci publicznej oraz pomnik\u00f3w i powinien w pa\u0144stwie obowi\u0105zuj\u0105cego prawa by\u0107 usuni\u0119ty do dnia 31 marca 2018 roku!!!<\/span><\/strong><br \/>\n<span style=\"color: #000080;\">W dniu rozpocz\u0119cia prac demonta\u017cowych, tj. 04.06.2018 r. na miejscu demonta\u017cu pojawili si\u0119 funkcjonariusze d\u0105browskiej Policji i Stra\u017cy Miejskiej, \u017c\u0105daj\u0105c okazania pozwolenia na przeprowadzenie rozbi\u00f3rki lub zg\u0142oszenia w tym zakresie. Nie przyj\u0119li do wiadomo\u015bci, \u017ce w przypadku sowieckiego pomnika w \u0141o\u015bniu nie s\u0105 one wymagane. Takie jest tak\u017ce stanowisko p.o. G\u0142\u00f3wnego Inspektora Nadzoru Budowlanego z dnia 12 marca 2018 r., abstrahuj\u0105c ju\u017c od obowi\u0105zywania w Polsce ww. ustawy! <\/span><br \/>\n<span style=\"color: #000080;\"><strong>Powy\u017csze fakty s\u0105 kompromituj\u0105ce dla s\u0142u\u017cb policji pa\u0144stwowej, dlatego te\u017c wnioskujemy o odwo\u0142anie Komendanta Policji Pana Artura Klimka,<\/strong> kt\u00f3ry odpowiada za tak niezrozumia\u0142e, a naszym zdaniem niezgodne z prawem zachowanie s\u0142u\u017cb mundurowych. <\/span><br \/>\n<strong><span style=\"color: #000080;\">Zablokowanie dzia\u0142a\u0144 IPN odbieramy jako pr\u00f3b\u0119 uchylenia si\u0119 Policji od obowi\u0105zku przestrzegania prawa i procedur, a tak\u017ce realizacji dekomunizacji przestrzeni publicznej. W tej sytuacji nie pozostaje nic innego jak opr\u00f3cz zmian personalnych w d\u0105browskiej policji, \u017c\u0105da\u0107 od os\u00f3b odpowiedzialnych pokrycia kosztu demonta\u017cu pomnik\u00f3w.<\/span><span style=\"color: #000080;\">\u00a0<\/span><\/strong><br \/>\n<span style=\"color: #000080;\">Do wiadomo\u015bci:<\/span><br \/>\n<span style=\"color: #000080;\">1. Minister Spraw Wewn\u0119trznych i Administracji <strong>Joachim Brudzi\u0144ski<\/strong><\/span><\/p>\n<p><span style=\"color: #000080;\">2. Pose\u0142 na Sejm RP <strong>Robert Warwas<\/strong><\/span><\/p>\n<p>oraz drugie do Prezydenta D\u0105browy G\u00f3rniczej<strong> Z. Podrazy<\/strong> (<span style=\"color: #ff0000;\"><strong>SLD<\/strong><\/span>).<\/p>\n<p style=\"text-align: right;\"><span style=\"color: #000080;\"><strong><a href=\"http:\/\/grzegorzjaszczura.pl\/http:\/\/grzegorzjaszczura.pl\/wp-content\/uploads\/2018\/06\/kom.stra\u017cy-miejskiej-2018.06.08.jpg\"><img loading=\"lazy\" decoding=\"async\" class=\"alignleft size-thumbnail wp-image-46096\" src=\"http:\/\/grzegorzjaszczura.pl\/http:\/\/grzegorzjaszczura.pl\/wp-content\/uploads\/2018\/06\/kom.stra\u017cy-miejskiej-2018.06.08-150x150.jpg\" alt=\"\" width=\"150\" height=\"150\" \/><\/a>Prezydent Miasta<\/strong><\/span><\/p>\n<p style=\"text-align: right;\"><span style=\"color: #000080;\"><strong>D\u0105browa G\u00f3rnicza<\/strong><\/span><\/p>\n<p style=\"text-align: right;\"><span style=\"color: #000080;\"><strong>Pan Zbigniew Podraza<\/strong><\/span><\/p>\n<p style=\"text-align: justify;\"><span style=\"color: #000080;\">W zwi\u0105zku z skandalicznym zablokowaniem przez funkcjonariuszy d\u0105browskiej Stra\u017cy Miejskiej dzia\u0142a\u0144 podj\u0119tych w celu demonta\u017cu pomnika \u017co\u0142nierzy Armii Czerwonej w D\u0105browie G\u00f3rniczej &#8211; \u0141o\u015bniu, stowarzyszenie <strong>Konfederacja dla D\u0105browy G\u00f3rniczej<\/strong> &#8211; jako organizacja pozarz\u0105dowa stanowczo \u017c\u0105da dymisji Komendanta Stra\u017cy Miejskiej Pana Rados\u0142awa Romanka oraz wyci\u0105gni\u0119cia innych konsekwencji s\u0142u\u017cbowych w stosunku do os\u00f3b odpowiedzialnych. <\/span><br \/>\n<strong><span style=\"color: #000080;\">Pomnik upami\u0119tniaj\u0105cy sowieckich \u017co\u0142nierzy spe\u0142nia kryteria art. 5 a Ustawy z dnia 1 kwietnia 2016 r. o zakazie propagowania komunizmu lub innego ustroju totalitarnego przez nazwy jednostek organizacyjnych, jednostek pomocniczych gminy, budowli, obiekt\u00f3w i urz\u0105dze\u0144 u\u017cyteczno\u015bci publicznej oraz pomnik\u00f3w i powinien w pa\u0144stwie obowi\u0105zuj\u0105cego prawa by\u0107 usuni\u0119ty do dnia 31 marca 2018 roku!!!<\/span><\/strong><br \/>\n<span style=\"color: #000080;\">W dniu rozpocz\u0119cia prac demonta\u017cowych, tj. 04.06.2018 r. na miejscu demonta\u017cu pojawili si\u0119 funkcjonariusze d\u0105browskiej Policji i Stra\u017cy Miejskiej, \u017c\u0105daj\u0105c okazania pozwolenia na przeprowadzenie rozbi\u00f3rki lub zg\u0142oszenia w tym zakresie. Nie przyj\u0119li do wiadomo\u015bci, \u017ce w przypadku sowieckiego pomnika w \u0141o\u015bniu nie s\u0105 one wymagane. Takie jest bowiem stanowisko p.o. G\u0142\u00f3wnego Inspektora Nadzoru Budowlanego z dnia 12 marca 2018 r., abstrahuj\u0105c od obowi\u0105zywania w Polsce ww. ustawy! <\/span><br \/>\n<strong><span style=\"color: #000080;\">Zablokowanie dzia\u0142a\u0144 IPN odbieramy jako pr\u00f3b\u0119 uchylenia si\u0119 w\u0142adz samorz\u0105dowych D\u0105browy G\u00f3rniczej od obowi\u0105zku dekomunizacji przestrzeni publicznej.\u00a0<\/span><\/strong><\/p>\n<p style=\"text-align: justify;\"><span style=\"color: #000080;\">Do wiadomo\u015bci:<\/span><\/p>\n<p style=\"text-align: justify;\"><span style=\"color: #000080;\">1. Pose\u0142 na Sejm RP <strong>Robert Warwas<\/strong><\/span><\/p>\n<p><span style=\"color: #0000ff;\"><strong>Ps<\/strong><\/span> Zobacz tak\u017ce:<\/p>\n<p><a href=\"http:\/\/rolowanadabrowa.pl\/iwan-wyzwoliciel-bandyta-i-morderca\"> http:\/\/rolowanadabrowa.pl\/iwan-wyzwoliciel-bandyta-i-morderca<\/a>,<\/p>\n<blockquote class=\"wp-embedded-content\" data-secret=\"qVH9kISKy6\"><p><a href=\"https:\/\/grzegorzjaszczura.pl\/?p=42017\">1 maja ensemble z KPP<\/a><\/p><\/blockquote>\n<p><iframe loading=\"lazy\" class=\"wp-embedded-content\" sandbox=\"allow-scripts\" security=\"restricted\" style=\"position: absolute; clip: rect(1px, 1px, 1px, 1px);\" title=\"&#8222;1 maja ensemble z KPP&#8221; &#8212; Grzegorz Jaszczura\" src=\"https:\/\/grzegorzjaszczura.pl\/?p=42017&#038;embed=true#?secret=Ho9gEaacP6#?secret=qVH9kISKy6\" data-secret=\"qVH9kISKy6\" width=\"500\" height=\"282\" frameborder=\"0\" marginwidth=\"0\" marginheight=\"0\" scrolling=\"no\"><\/iframe><\/p>\n<p>.<\/p>\n","protected":false},"excerpt":{"rendered":"<p>Od pewnego czasu w D\u0105browie G\u00f3rniczej istnieje problem z powodu sowieckich so\u0142datow, tj. pomnika sowieckich \u017co\u0142nierzy w \u0141o\u015bniu, kt\u00f3rego zgodnie z prawem nie powinno ju\u017c by\u0107!!! Troch\u0119 fakt\u00f3w. W poniedzia\u0142ek 4 czerwca policjanci nakazali przerwa\u0107 prace zwi\u0105zane z usuwaniem tego pomnika, \u017c\u0105daj\u0105c od wykonawcy przedstawienia dokument\u00f3w upowa\u017cniaj\u0105cych do tych dzia\u0142a\u0144. Jak t\u0142umaczy\u0142 oficer prasowy Komendy [&hellip;]<\/p>\n","protected":false},"author":2,"featured_media":0,"comment_status":"open","ping_status":"open","sticky":false,"template":"","format":"standard","meta":{"_monsterinsights_skip_tracking":false,"_monsterinsights_sitenote_active":false,"_monsterinsights_sitenote_note":"","_monsterinsights_sitenote_category":0,"footnotes":""},"categories":[6],"tags":[],"class_list":["post-46017","post","type-post","status-publish","format-standard","hentry","category-bez-cenzury"],"_links":{"self":[{"href":"https:\/\/grzegorzjaszczura.pl\/index.php?rest_route=\/wp\/v2\/posts\/46017","targetHints":{"allow":["GET"]}}],"collection":[{"href":"https:\/\/grzegorzjaszczura.pl\/index.php?rest_route=\/wp\/v2\/posts"}],"about":[{"href":"https:\/\/grzegorzjaszczura.pl\/index.php?rest_route=\/wp\/v2\/types\/post"}],"author":[{"embeddable":true,"href":"https:\/\/grzegorzjaszczura.pl\/index.php?rest_route=\/wp\/v2\/users\/2"}],"replies":[{"embeddable":true,"href":"https:\/\/grzegorzjaszczura.pl\/index.php?rest_route=%2Fwp%2Fv2%2Fcomments&post=46017"}],"version-history":[{"count":32,"href":"https:\/\/grzegorzjaszczura.pl\/index.php?rest_route=\/wp\/v2\/posts\/46017\/revisions"}],"predecessor-version":[{"id":46124,"href":"https:\/\/grzegorzjaszczura.pl\/index.php?rest_route=\/wp\/v2\/posts\/46017\/revisions\/46124"}],"wp:attachment":[{"href":"https:\/\/grzegorzjaszczura.pl\/index.php?rest_route=%2Fwp%2Fv2%2Fmedia&parent=46017"}],"wp:term":[{"taxonomy":"category","embeddable":true,"href":"https:\/\/grzegorzjaszczura.pl\/index.php?rest_route=%2Fwp%2Fv2%2Fcategories&post=46017"},{"taxonomy":"post_tag","embeddable":true,"href":"https:\/\/grzegorzjaszczura.pl\/index.php?rest_route=%2Fwp%2Fv2%2Ftags&post=46017"}],"curies":[{"name":"wp","href":"https:\/\/api.w.org\/{rel}","templated":true}]}}