{"id":46941,"date":"2018-10-08T08:38:25","date_gmt":"2018-10-08T06:38:25","guid":{"rendered":"http:\/\/grzegorzjaszczura.pl\/?p=46941"},"modified":"2018-10-08T08:51:06","modified_gmt":"2018-10-08T06:51:06","slug":"wybory-grzegorz-jaszczura-poz-1-lista-10","status":"publish","type":"post","link":"https:\/\/grzegorzjaszczura.pl\/?p=46941","title":{"rendered":"Wybory &#8211; Grzegorz Jaszczura, poz. 1, lista 10"},"content":{"rendered":"<p style=\"text-align: justify;\"><a href=\"http:\/\/grzegorzjaszczura.pl\/http:\/\/grzegorzjaszczura.pl\/wp-content\/uploads\/2018\/10\/jaszczura-grzegorz-A5.jpg\"><img loading=\"lazy\" decoding=\"async\" class=\"alignleft size-thumbnail wp-image-46968\" src=\"http:\/\/grzegorzjaszczura.pl\/http:\/\/grzegorzjaszczura.pl\/wp-content\/uploads\/2018\/10\/jaszczura-grzegorz-A5-150x150.jpg\" alt=\"\" width=\"150\" height=\"150\" \/><\/a><span style=\"color: #003300;\">I znowu wybory, tym razem samorz\u0105dowe. <strong>Szanowni Sympatycy<\/strong> znajdziecie mnie na listach <span style=\"color: #800080;\"><strong>Prawa i Sprawiedliwo\u015bci<\/strong><\/span>, ostatnio tradycyjnie <strong>w okr\u0119gu II na pozycji 1<\/strong>. Kolejny raz atakujemy, aby zmieni\u0107 ten bardzo z\u0142y dla naszego miasta rz\u0105dz\u0105cy <span style=\"color: #ff0000;\"><strong>lewicowy uk\u0142ad<\/strong> <\/span>koalicyjny. Tym razem jest to bardzo realne, dlatego zach\u0119cam wszystkich do wysi\u0142ku, udania si\u0119 na wybory i zag\u0142osowania na <span style=\"color: #800080;\"><strong>Prawo i Sprawiedliwo\u015b\u0107<\/strong><\/span>. Zreszt\u0105 dla naszej wsp\u00f3lnej lepszej przysz\u0142o\u015bci w <strong>Naszym Mie\u015bcie<\/strong> jest to niezb\u0119dne!<\/span><!--more--><\/p>\n<p style=\"text-align: justify;\"><span style=\"color: #003300;\">Prezydent<strong> Z. Podraza<\/strong> (<span style=\"color: #ff0000;\"><strong>SLD<\/strong><\/span>) zd\u0105\u017cy\u0142 przez 3 kadencje doprowadzi\u0107 do tego, \u017ce jeste\u015bmy miastem <strong>114-tysi\u0119cznym<\/strong> (ubywa\u0142o 800 do 1000 mieszka\u0144c\u00f3w na rok za jego rz\u0105d\u00f3w) i zad\u0142u\u017cenia samego bud\u017cetu <span style=\"color: #ff0000;\"><strong>327 mln z\u0142<\/strong> <\/span>(z 40 mln z\u0142 w 2006 r.) plus dobre <strong><span style=\"color: #ff0000;\">250 mln z\u0142<\/span><\/strong> zobowi\u0105za\u0144 gminnych sp\u00f3\u0142ek, zak\u0142adu bud\u017cetowego i spzoz-u.<\/span><\/p>\n<p style=\"text-align: justify;\"><span style=\"color: #003300;\">Dlatego jeszcze raz kandyduj\u0119 do <strong>Rady Miejskiej D\u0105browy G\u00f3rniczej<\/strong>, aby to zmieni\u0107.<br \/>\n<\/span><\/p>\n<p style=\"text-align: justify;\">Kr\u00f3tko o mnie z ulotki wyborczej:<\/p>\n<p style=\"text-align: justify;\"><span style=\"color: #000080;\"><strong><a href=\"http:\/\/grzegorzjaszczura.pl\/http:\/\/grzegorzjaszczura.pl\/wp-content\/uploads\/2018\/10\/20180929_120528.jpg\"><img loading=\"lazy\" decoding=\"async\" class=\"alignleft size-thumbnail wp-image-46960\" src=\"http:\/\/grzegorzjaszczura.pl\/http:\/\/grzegorzjaszczura.pl\/wp-content\/uploads\/2018\/10\/20180929_120528-150x150.jpg\" alt=\"\" width=\"150\" height=\"150\" \/><\/a>Urodzi\u0142em si\u0119 w D\u0105browie G\u00f3rniczej. Tutaj uko\u0144czy\u0142em I L.O. im. W. \u0141ukasi\u0144skiego, potem w Gliwicach Wydzia\u0142 Budownictwa Politechniki \u015al\u0105skiej oraz studia podyplomowe Rachunkowo\u015b\u0107 i Finanse na Uniwersytecie Ekonomicznym w Krakowie.<\/strong><\/span><\/p>\n<p style=\"text-align: justify;\"><span style=\"color: #000080;\"><strong>Jestem \u017conaty, mam dwie c\u00f3rki. Jestem wiceprezesem sp\u00f3\u0142ki prawa handlowego.<\/strong><\/span><\/p>\n<p style=\"text-align: justify;\"><span style=\"color: #000080;\"><strong>Zajmuj\u0119 si\u0119 tak\u017ce dzia\u0142alno\u015bci\u0105\u00a0 spo\u0142eczn\u0105 i charytatywn\u0105. Publikuj\u0119 artyku\u0142y na tematy gospodarczo-polityczne.<\/strong><\/span><\/p>\n<p style=\"text-align: justify;\"><span style=\"color: #000080;\"><strong>Moje hobby to sport, turystyka, falerystyka oraz literatura science fiction.<\/strong><\/span><\/p>\n<p style=\"text-align: justify;\"><span style=\"color: #000080;\"><strong>Zapraszam na moj\u0105 stron\u0119 internetow\u0105: <a href=\"http:\/\/grzegorzjaszczura.pl\/\">www.grzegorzjaszczura.pl<\/a>. Tam przeczytaj\u0105 Szanowni Pa\u0144stwo wi\u0119cej o D\u0105browie G\u00f3rniczej z punktu widzenia osoby, kt\u00f3ra nigdy nie uwik\u0142a\u0142a si\u0119 w uzale\u017cnienie od lewicowych w\u0142adz Naszego Miasta!<\/strong><\/span><\/p>\n<p style=\"text-align: justify;\"><span style=\"color: #000080;\"><strong><a href=\"http:\/\/grzegorzjaszczura.pl\/http:\/\/grzegorzjaszczura.pl\/wp-content\/uploads\/2018\/10\/jaszczura-grzegorz-A5-2.jpg\"><img loading=\"lazy\" decoding=\"async\" class=\"alignleft size-thumbnail wp-image-47049\" src=\"http:\/\/grzegorzjaszczura.pl\/http:\/\/grzegorzjaszczura.pl\/wp-content\/uploads\/2018\/10\/jaszczura-grzegorz-A5-2-150x150.jpg\" alt=\"\" width=\"150\" height=\"150\" \/><\/a>Moj\u0105 g\u0142\u00f3wn\u0105 inspiracj\u0105 do kandydowania w wyborach samorz\u0105dowych jest ch\u0119\u0107 zmiany z\u0142ego sposobu zarz\u0105dzania bud\u017cetem przez obecne lewicowe w\u0142adze miasta. Pracuj\u0105c w Radzie Miasta chcia\u0142bym sprawi\u0107, aby urz\u0119dnicy byli kompetentni, \u017cyczliwi i us\u0142u\u017cni wobec Mieszka\u0144c\u00f3w, \u017ceby nie marnowali naszych ci\u0119\u017cko zarobionych pieni\u0119dzy. Zale\u017cy mi, aby u\u0142atwi\u0107 przedsi\u0119biorcom prowadzenie dzia\u0142alno\u015bci gospodarczej w D\u0105browie G\u00f3rniczej.<\/strong><\/span><\/p>\n<p><span style=\"color: #000080;\"><strong>GMINA OSZCZ\u0118DNA I EFEKTYWNA!<\/strong><\/span><\/p>\n<p style=\"text-align: justify;\"><strong>A jeszcze jedno:<\/strong><\/p>\n<p style=\"text-align: justify;\"><strong>w wyborach na Prezydenta Naszego Miasta<\/strong> popieram Pana <strong>Roberta Warwasa<\/strong> (<span style=\"color: #800080;\"><strong>PIS<\/strong><\/span>),<\/p>\n<p style=\"text-align: justify;\"><strong>w wyborach do Sejmiku Wojew\u00f3dztwa \u015al\u0105skiego<\/strong> Pani\u0105 <strong>Beat\u0119 Cie\u015blik<\/strong> (poz. 6 na li\u015bcie <span style=\"color: #800080;\"><strong>PIS<\/strong><\/span>).<\/p>\n","protected":false},"excerpt":{"rendered":"<p>I znowu wybory, tym razem samorz\u0105dowe. Szanowni Sympatycy znajdziecie mnie na listach Prawa i Sprawiedliwo\u015bci, ostatnio tradycyjnie w okr\u0119gu II na pozycji 1. Kolejny raz atakujemy, aby zmieni\u0107 ten bardzo z\u0142y dla naszego miasta rz\u0105dz\u0105cy lewicowy uk\u0142ad koalicyjny. Tym razem jest to bardzo realne, dlatego zach\u0119cam wszystkich do wysi\u0142ku, udania si\u0119 na wybory i zag\u0142osowania [&hellip;]<\/p>\n","protected":false},"author":2,"featured_media":0,"comment_status":"open","ping_status":"open","sticky":false,"template":"","format":"standard","meta":{"_monsterinsights_skip_tracking":false,"_monsterinsights_sitenote_active":false,"_monsterinsights_sitenote_note":"","_monsterinsights_sitenote_category":0,"footnotes":""},"categories":[3],"tags":[],"class_list":["post-46941","post","type-post","status-publish","format-standard","hentry","category-polityczne"],"_links":{"self":[{"href":"https:\/\/grzegorzjaszczura.pl\/index.php?rest_route=\/wp\/v2\/posts\/46941","targetHints":{"allow":["GET"]}}],"collection":[{"href":"https:\/\/grzegorzjaszczura.pl\/index.php?rest_route=\/wp\/v2\/posts"}],"about":[{"href":"https:\/\/grzegorzjaszczura.pl\/index.php?rest_route=\/wp\/v2\/types\/post"}],"author":[{"embeddable":true,"href":"https:\/\/grzegorzjaszczura.pl\/index.php?rest_route=\/wp\/v2\/users\/2"}],"replies":[{"embeddable":true,"href":"https:\/\/grzegorzjaszczura.pl\/index.php?rest_route=%2Fwp%2Fv2%2Fcomments&post=46941"}],"version-history":[{"count":39,"href":"https:\/\/grzegorzjaszczura.pl\/index.php?rest_route=\/wp\/v2\/posts\/46941\/revisions"}],"predecessor-version":[{"id":47077,"href":"https:\/\/grzegorzjaszczura.pl\/index.php?rest_route=\/wp\/v2\/posts\/46941\/revisions\/47077"}],"wp:attachment":[{"href":"https:\/\/grzegorzjaszczura.pl\/index.php?rest_route=%2Fwp%2Fv2%2Fmedia&parent=46941"}],"wp:term":[{"taxonomy":"category","embeddable":true,"href":"https:\/\/grzegorzjaszczura.pl\/index.php?rest_route=%2Fwp%2Fv2%2Fcategories&post=46941"},{"taxonomy":"post_tag","embeddable":true,"href":"https:\/\/grzegorzjaszczura.pl\/index.php?rest_route=%2Fwp%2Fv2%2Ftags&post=46941"}],"curies":[{"name":"wp","href":"https:\/\/api.w.org\/{rel}","templated":true}]}}