{"id":47027,"date":"2018-10-11T09:19:14","date_gmt":"2018-10-11T07:19:14","guid":{"rendered":"http:\/\/grzegorzjaszczura.pl\/?p=47027"},"modified":"2018-10-11T09:19:14","modified_gmt":"2018-10-11T07:19:14","slug":"kandydat-na-prezydenta-robert-warwas","status":"publish","type":"post","link":"https:\/\/grzegorzjaszczura.pl\/?p=47027","title":{"rendered":"Kandydat na prezydenta &#8211; Robert Warwas"},"content":{"rendered":"<p style=\"text-align: justify;\"><a href=\"http:\/\/grzegorzjaszczura.pl\/http:\/\/grzegorzjaszczura.pl\/wp-content\/uploads\/2018\/10\/warwas-robert-A5.jpg\"><img loading=\"lazy\" decoding=\"async\" class=\"alignleft size-thumbnail wp-image-47037\" src=\"http:\/\/grzegorzjaszczura.pl\/http:\/\/grzegorzjaszczura.pl\/wp-content\/uploads\/2018\/10\/warwas-robert-A5-150x150.jpg\" alt=\"\" width=\"150\" height=\"150\" \/><\/a>Czas na przedstawienie kandydata na <strong>Prezydenta Miasta D\u0105browa G\u00f3rnicza<\/strong>. Jedynie s\u0142usznym dla nas kandydatem jest Pan <strong>Robert Warwas<\/strong>. Zach\u0119cam do g\u0142osowania wszystkich, kt\u00f3rzy chc\u0105 pozytywnych zmian w naszym mie\u015bcie na niego. My\u015bl\u0119 i w\u0142a\u015bciwie jestem przekonany, \u017ce gwarantuje on przeprowadzenie zmian zawartych w programie, tak\u017ce moim. I mam tu tak\u017ce na my\u015bli <strong>MIASTO R\u00d3WNYCH SZANS<\/strong>!<!--more--><\/p>\n<p style=\"text-align: justify;\">Co do programu <span style=\"color: #ff0000;\"><strong>D\u0104BROWA G\u00d3RNICZA NA PLUS<\/strong><\/span> to sk\u0142ada si\u0119 on z pi\u0119ciu pakiet\u00f3w:<\/p>\n<p><strong>1. <span style=\"color: #ff0000;\">PAKIET DLA RODZINY:<\/span><\/strong><\/p>\n<p style=\"text-align: justify;\"><strong><span style=\"color: #000080;\">dodatkowe \u017c\u0142obki, szko\u0142a przyjazna dla ucznia, rodzica i nauczyciela, rozw\u00f3j budownictwa komunalnego, Program Mieszkanie +, Program Demograficzny, stworzenie Stref Aktywno\u015bci i Rekreacji<\/span><\/strong><\/p>\n<p><strong>2. <span style=\"color: #ff0000;\">PAKIET DLA ZDROWIA i \u015aRODOWISKA:<\/span><\/strong><\/p>\n<p style=\"text-align: justify;\"><strong><span style=\"color: #000080;\">poprawa sytuacji w s\u0142u\u017cbie zdrowia i zwi\u0119kszenie dost\u0119pno\u015bci us\u0142ug medycznych, uratowanie Szpitala Miejskiego, ograniczenie zagro\u017ce\u0144 ekologicznych, dzia\u0142ania proekologiczne, np. \u201eProgram &#8211; Czyste Powietrze\u201d, rozbudowa sieci ciep\u0142owniczej<\/span><\/strong><\/p>\n<p><strong>3. <span style=\"color: #ff0000;\">PAKIET EKONOMICZNY:<\/span><\/strong><\/p>\n<p style=\"text-align: justify;\"><span style=\"color: #000080;\"><strong>obni\u017cenie op\u0142at za wod\u0119, odprowadzenie \u015bciek\u00f3w oraz wyw\u00f3z \u015bmieci, zmniejszenie stawek podatk\u00f3w i op\u0142at lokalnych, zaprzestanie naliczania op\u0142aty adiacenckiej, wspieranie rodzimej przedsi\u0119biorczo\u015bci (kupc\u00f3w targowych i mikroprzedsi\u0119biorc\u00f3w)<\/strong><\/span><\/p>\n<p><strong>4. <span style=\"color: #ff0000;\">PAKIET DLA AKTYWNYCH:<\/span><\/strong><\/p>\n<p style=\"text-align: justify;\"><strong><span style=\"color: #000080;\">stworzenie mo\u017cliwo\u015bci rozwojowych dla mieszka\u0144c\u00f3w z uwzgl\u0119dnieniem potrzeb pokoleniowych, (Aktywny Junior, Aktywny Senior), m\u0142odzie\u017c jako grupa wsp\u00f3\u0142odpowiedzialna za kierunki rozwoju miasta (m\u0142odzie\u017cowy bud\u017cet), dodatkowe wsparcie dla wszystkich grup, ochotnik\u00f3w, organizacji i klub\u00f3w sportowych, zwi\u0119kszenie samorz\u0105dno\u015bci dzielnic<\/span><\/strong><\/p>\n<p><strong>5. <span style=\"color: #ff0000;\">PAKIET KOMUNIKACYJNY:<\/span><\/strong><\/p>\n<p style=\"text-align: justify;\"><strong><span style=\"color: #000080;\">wprowadzenie programu EKO MOBILNO\u015a\u0106, modernizacja uk\u0142adu drogowego z budow\u0105 kluczowych wiadukt\u00f3w (Podlesie, Staszic), realizacja obwodnicy Z\u0105bkowic i Tucznawy oraz dojazdu do Euroterminalu, budowa i remont ulic, chodnik\u00f3w, miejsc parkingowych, w tym r\u00f3wnie\u017c parking\u00f3w wielopoziomowych, uwzgl\u0119dnienie potrzeb os\u00f3b niepe\u0142nosprawnych \u2013 \u201eProgram Dost\u0119pno\u015b\u0107 +\u201d.<\/span><\/strong><\/p>\n<p>&nbsp;<\/p>\n","protected":false},"excerpt":{"rendered":"<p>Czas na przedstawienie kandydata na Prezydenta Miasta D\u0105browa G\u00f3rnicza. Jedynie s\u0142usznym dla nas kandydatem jest Pan Robert Warwas. Zach\u0119cam do g\u0142osowania wszystkich, kt\u00f3rzy chc\u0105 pozytywnych zmian w naszym mie\u015bcie na niego. My\u015bl\u0119 i w\u0142a\u015bciwie jestem przekonany, \u017ce gwarantuje on przeprowadzenie zmian zawartych w programie, tak\u017ce moim. I mam tu tak\u017ce na my\u015bli MIASTO R\u00d3WNYCH SZANS!<\/p>\n","protected":false},"author":2,"featured_media":0,"comment_status":"open","ping_status":"open","sticky":false,"template":"","format":"standard","meta":{"_monsterinsights_skip_tracking":false,"_monsterinsights_sitenote_active":false,"_monsterinsights_sitenote_note":"","_monsterinsights_sitenote_category":0,"footnotes":""},"categories":[3],"tags":[],"class_list":["post-47027","post","type-post","status-publish","format-standard","hentry","category-polityczne"],"_links":{"self":[{"href":"https:\/\/grzegorzjaszczura.pl\/index.php?rest_route=\/wp\/v2\/posts\/47027","targetHints":{"allow":["GET"]}}],"collection":[{"href":"https:\/\/grzegorzjaszczura.pl\/index.php?rest_route=\/wp\/v2\/posts"}],"about":[{"href":"https:\/\/grzegorzjaszczura.pl\/index.php?rest_route=\/wp\/v2\/types\/post"}],"author":[{"embeddable":true,"href":"https:\/\/grzegorzjaszczura.pl\/index.php?rest_route=\/wp\/v2\/users\/2"}],"replies":[{"embeddable":true,"href":"https:\/\/grzegorzjaszczura.pl\/index.php?rest_route=%2Fwp%2Fv2%2Fcomments&post=47027"}],"version-history":[{"count":20,"href":"https:\/\/grzegorzjaszczura.pl\/index.php?rest_route=\/wp\/v2\/posts\/47027\/revisions"}],"predecessor-version":[{"id":47093,"href":"https:\/\/grzegorzjaszczura.pl\/index.php?rest_route=\/wp\/v2\/posts\/47027\/revisions\/47093"}],"wp:attachment":[{"href":"https:\/\/grzegorzjaszczura.pl\/index.php?rest_route=%2Fwp%2Fv2%2Fmedia&parent=47027"}],"wp:term":[{"taxonomy":"category","embeddable":true,"href":"https:\/\/grzegorzjaszczura.pl\/index.php?rest_route=%2Fwp%2Fv2%2Fcategories&post=47027"},{"taxonomy":"post_tag","embeddable":true,"href":"https:\/\/grzegorzjaszczura.pl\/index.php?rest_route=%2Fwp%2Fv2%2Ftags&post=47027"}],"curies":[{"name":"wp","href":"https:\/\/api.w.org\/{rel}","templated":true}]}}