{"id":47151,"date":"2018-10-19T08:14:57","date_gmt":"2018-10-19T06:14:57","guid":{"rendered":"http:\/\/grzegorzjaszczura.pl\/?p=47151"},"modified":"2018-10-19T08:17:23","modified_gmt":"2018-10-19T06:17:23","slug":"miasto-rownych-szans","status":"publish","type":"post","link":"https:\/\/grzegorzjaszczura.pl\/?p=47151","title":{"rendered":"Miasto R\u00f3wnych Szans"},"content":{"rendered":"<p style=\"text-align: justify;\"><a href=\"http:\/\/grzegorzjaszczura.pl\/http:\/\/grzegorzjaszczura.pl\/wp-content\/uploads\/2018\/10\/Jaszczura-grzegorz-3.jpg\"><img loading=\"lazy\" decoding=\"async\" class=\"alignleft size-thumbnail wp-image-47213\" src=\"http:\/\/grzegorzjaszczura.pl\/http:\/\/grzegorzjaszczura.pl\/wp-content\/uploads\/2018\/10\/Jaszczura-grzegorz-3-150x150.jpg\" alt=\"\" width=\"150\" height=\"150\" \/><\/a>Nawi\u0105zuj\u0105c do wybor\u00f3w samorz\u0105dowych powinienem zach\u0119ci\u0107 jeszcze raz <strong>Szanownych Czytelnik\u00f3w<\/strong> do p\u00f3j\u015bcia na wybory i zag\u0142osowania na listy kandydat\u00f3w na radnych <span style=\"color: #800080;\"><strong>Prawa i Sprawiedliwo\u015bci<\/strong><\/span> oraz kandydata na Prezydenta <strong>Roberta Warwasa<\/strong>. Je\u017celi chodzi o mnie to <strong>jestem na li\u015bcie nr 10, poz. 1 w okr\u0119gu 2<\/strong>.<!--more--><\/p>\n<p style=\"text-align: justify;\">Kampania trwa, nerwy puszczaj\u0105 lewakom &#8211; to dobrze. <strong>Zobacz:<\/strong> <a href=\"http:\/\/rolowanadabrowa.pl\/wybory-w-dg-groza-smiercia-i-spaleniem-majatku-kandydatowi-pis-na-prezydenta-oraz-jego-wspolpracownikom\">http:\/\/rolowanadabrowa.pl\/wybory-w-dg-groza-smiercia-i-spaleniem-majatku-kandydatowi-pis-na-prezydenta-oraz-jego-wspolpracownikom<\/a>.<\/p>\n<p style=\"text-align: justify;\">Ale my kontynuujmy kampani\u0119 w spos\u00f3b pozytywny.<\/p>\n<p><strong><a href=\"http:\/\/grzegorzjaszczura.pl\/http:\/\/grzegorzjaszczura.pl\/wp-content\/uploads\/2018\/10\/jaszczura-grzegorz-A5.jpg\"><img loading=\"lazy\" decoding=\"async\" class=\"alignleft size-thumbnail wp-image-46968\" src=\"http:\/\/grzegorzjaszczura.pl\/http:\/\/grzegorzjaszczura.pl\/wp-content\/uploads\/2018\/10\/jaszczura-grzegorz-A5-150x150.jpg\" alt=\"\" width=\"150\" height=\"150\" \/><\/a>GMINA OSZCZ\u0118DNA I EFEKTYWNA!<\/strong><\/p>\n<p style=\"text-align: justify;\">W uzupe\u0142nieniu informacji o mnie: <a href=\"http:\/\/grzegorzjaszczura.pl\/?p=46941#more-46941\"><strong>zobacz<\/strong><\/a>, a tak\u017ce programu firmowanego nie tylko przez kandydata na Prezydenta D\u0105browy G\u00f3rniczej Pana <strong>Roberta Warwasa<\/strong>:<a href=\"http:\/\/grzegorzjaszczura.pl\/?p=47027#more-47027\"><strong> zobacz<\/strong><\/a>, ale tak\u017ce przeze mnie, przedstawi\u0119 kilka przedsi\u0119wzi\u0119\u0107, kt\u00f3re chcia\u0142bym realizowa\u0107 w II okr\u0119gu wyborczym.<\/p>\n<p style=\"text-align: justify;\"><strong>DLA OKR\u0118GU II proponuj\u0119 m.in.:<\/strong><\/p>\n<p style=\"text-align: justify;\"><span style=\"color: #000080;\"><strong><a href=\"http:\/\/grzegorzjaszczura.pl\/http:\/\/grzegorzjaszczura.pl\/wp-content\/uploads\/2018\/10\/jaszczura-grzegorz-A5-2.jpg\"><img loading=\"lazy\" decoding=\"async\" class=\"alignleft size-thumbnail wp-image-47049\" src=\"http:\/\/grzegorzjaszczura.pl\/http:\/\/grzegorzjaszczura.pl\/wp-content\/uploads\/2018\/10\/jaszczura-grzegorz-A5-2-150x150.jpg\" alt=\"\" width=\"150\" height=\"150\" \/><\/a>Centrum<\/strong><\/span><br \/>\n<span style=\"color: #000080;\"> Zwi\u0119kszenie ilo\u015bci miejsc parkingowych. Umiejscowienie parkingu wielopoziomowego. Poprawa wizerunku dworca PKP.<\/span><\/p>\n<p style=\"text-align: justify;\"><strong><span style=\"color: #000080;\">Korzeniec, Dziewi\u0105ty, Trzydziesty<\/span><\/strong><br \/>\n<span style=\"color: #000080;\"> Wybudowanie nowych po\u0142\u0105cze\u0144 komunikacyjnych z jeziorem Pogoria III i IV. Poprawa infrastruktury rekreacyjnej.<\/span><\/p>\n<p style=\"text-align: justify;\"><strong><span style=\"color: #000080;\">\u0141\u0119knice<\/span><\/strong><br \/>\n<span style=\"color: #000080;\"> Otwarcie \u017c\u0142obka i przedszkola. Likwidacja barier architektonicznych dla niepe\u0142nosprawnych.<\/span><\/p>\n<p style=\"text-align: justify;\"><strong><span style=\"color: #000080;\">Staszic<\/span><\/strong><\/p>\n<p style=\"text-align: justify;\"><span style=\"color: #000080;\">Doko\u0144czenie modernizacji kanalizacji wodno-\u015bciekowej na os. Staszica.<\/span><\/p>\n<p style=\"text-align: justify;\"><span style=\"color: #000080;\">Po\u0142\u0105czenie chodnikiem i \u015bcie\u017ck\u0105 rowerow\u0105 ul. Staszica ze Strzemieszycami.<\/span><\/p>\n<p style=\"text-align: justify;\"><strong><span style=\"color: #000080;\">Zielona, Ratanice, Marianki<\/span><\/strong><br \/>\n<span style=\"color: #000080;\"> Projekt i budowa drogi \u0142\u0105cz\u0105cej dzielnic\u0119 Ratanice z Mariankami. Generalny remont istniej\u0105cych dr\u00f3g i poprawa ich o\u015bwietlenia.<\/span><\/p>\n<p style=\"text-align: justify;\"><span style=\"color: #0000ff;\"><strong>\u201eW co wierz\u0119?\u2026 (\u2026) \u017be nie nale\u017cy k\u0142ama\u0107\u2026 ja tak s\u0105dz\u0119\u201d \u2013 J. S\u0142owacki \u201eBeniowski\u201d<\/strong><\/span><\/p>\n","protected":false},"excerpt":{"rendered":"<p>Nawi\u0105zuj\u0105c do wybor\u00f3w samorz\u0105dowych powinienem zach\u0119ci\u0107 jeszcze raz Szanownych Czytelnik\u00f3w do p\u00f3j\u015bcia na wybory i zag\u0142osowania na listy kandydat\u00f3w na radnych Prawa i Sprawiedliwo\u015bci oraz kandydata na Prezydenta Roberta Warwasa. Je\u017celi chodzi o mnie to jestem na li\u015bcie nr 10, poz. 1 w okr\u0119gu 2.<\/p>\n","protected":false},"author":2,"featured_media":0,"comment_status":"open","ping_status":"open","sticky":false,"template":"","format":"standard","meta":{"_monsterinsights_skip_tracking":false,"_monsterinsights_sitenote_active":false,"_monsterinsights_sitenote_note":"","_monsterinsights_sitenote_category":0,"footnotes":""},"categories":[3],"tags":[],"class_list":["post-47151","post","type-post","status-publish","format-standard","hentry","category-polityczne"],"_links":{"self":[{"href":"https:\/\/grzegorzjaszczura.pl\/index.php?rest_route=\/wp\/v2\/posts\/47151","targetHints":{"allow":["GET"]}}],"collection":[{"href":"https:\/\/grzegorzjaszczura.pl\/index.php?rest_route=\/wp\/v2\/posts"}],"about":[{"href":"https:\/\/grzegorzjaszczura.pl\/index.php?rest_route=\/wp\/v2\/types\/post"}],"author":[{"embeddable":true,"href":"https:\/\/grzegorzjaszczura.pl\/index.php?rest_route=\/wp\/v2\/users\/2"}],"replies":[{"embeddable":true,"href":"https:\/\/grzegorzjaszczura.pl\/index.php?rest_route=%2Fwp%2Fv2%2Fcomments&post=47151"}],"version-history":[{"count":19,"href":"https:\/\/grzegorzjaszczura.pl\/index.php?rest_route=\/wp\/v2\/posts\/47151\/revisions"}],"predecessor-version":[{"id":47218,"href":"https:\/\/grzegorzjaszczura.pl\/index.php?rest_route=\/wp\/v2\/posts\/47151\/revisions\/47218"}],"wp:attachment":[{"href":"https:\/\/grzegorzjaszczura.pl\/index.php?rest_route=%2Fwp%2Fv2%2Fmedia&parent=47151"}],"wp:term":[{"taxonomy":"category","embeddable":true,"href":"https:\/\/grzegorzjaszczura.pl\/index.php?rest_route=%2Fwp%2Fv2%2Fcategories&post=47151"},{"taxonomy":"post_tag","embeddable":true,"href":"https:\/\/grzegorzjaszczura.pl\/index.php?rest_route=%2Fwp%2Fv2%2Ftags&post=47151"}],"curies":[{"name":"wp","href":"https:\/\/api.w.org\/{rel}","templated":true}]}}