{"id":47278,"date":"2018-10-31T10:17:00","date_gmt":"2018-10-31T09:17:00","guid":{"rendered":"http:\/\/grzegorzjaszczura.pl\/?p=47278"},"modified":"2018-10-31T21:15:17","modified_gmt":"2018-10-31T20:15:17","slug":"koalicja-antysld-owska","status":"publish","type":"post","link":"https:\/\/grzegorzjaszczura.pl\/?p=47278","title":{"rendered":"Koalicja antySLD-owska?"},"content":{"rendered":"<p style=\"text-align: justify;\"><a href=\"http:\/\/grzegorzjaszczura.pl\/http:\/\/grzegorzjaszczura.pl\/wp-content\/uploads\/2018\/10\/Zdj\u0119cie0100.jpg\"><img loading=\"lazy\" decoding=\"async\" class=\"alignleft size-thumbnail wp-image-47315\" src=\"http:\/\/grzegorzjaszczura.pl\/http:\/\/grzegorzjaszczura.pl\/wp-content\/uploads\/2018\/10\/Zdj\u0119cie0100-150x150.jpg\" alt=\"\" width=\"150\" height=\"150\" \/><\/a>Moja stara ju\u017c teoria, \u017ce <strong>D\u0105browa G\u00f3rnicza<\/strong> to taka <strong>Polska w pigu\u0142ce<\/strong>, mo\u017ce si\u0119 umocni\u0107 po zmianie w\u0142adzy w naszym mie\u015bcie. Wtedy si\u0119 oka\u017ce czy mo\u017cna zmniejszy\u0107 obci\u0105\u017cenie Mieszka\u0144c\u00f3w, np. poprzez obni\u017cenie podatk\u00f3w i op\u0142at lokalnych, przy jednoczesnym zaprzestaniu zad\u0142u\u017cania bud\u017cetu Miasta czy zmniejszeniu ceny za wod\u0119 i odprowadzenie \u015bciek\u00f3w. Odniesienie do sytuacji w Polsce prosz\u0119 sobie samemu wymy\u015bli\u0107. Od razu zaznaczam,<!--more--> \u017ce lewackie odwracanie kota ogonem mnie nie interesuje.<\/p>\n<p style=\"text-align: justify;\"><a href=\"http:\/\/grzegorzjaszczura.pl\/http:\/\/grzegorzjaszczura.pl\/wp-content\/uploads\/2018\/10\/20181029_181112.jpg\"><img loading=\"lazy\" decoding=\"async\" class=\"alignleft size-thumbnail wp-image-47317\" src=\"http:\/\/grzegorzjaszczura.pl\/http:\/\/grzegorzjaszczura.pl\/wp-content\/uploads\/2018\/10\/20181029_181112-150x150.jpg\" alt=\"\" width=\"150\" height=\"150\" \/><\/a><a href=\"http:\/\/grzegorzjaszczura.pl\/http:\/\/grzegorzjaszczura.pl\/wp-content\/uploads\/2018\/10\/IMG_2327.jpg\"><img loading=\"lazy\" decoding=\"async\" class=\"alignleft size-thumbnail wp-image-47318\" src=\"http:\/\/grzegorzjaszczura.pl\/http:\/\/grzegorzjaszczura.pl\/wp-content\/uploads\/2018\/10\/IMG_2327-150x150.jpg\" alt=\"\" width=\"150\" height=\"150\" \/><\/a>P\u00f3ki co wychodzi jednak, \u017ce <span style=\"color: #800080;\"><strong>Prawo i Sprawiedliwo\u015b\u0107<\/strong><\/span> w D\u0105browie G\u00f3rniczej ma zdolno\u015bci koalicyjne a <span style=\"color: #ff0000;\"><strong>SLD<\/strong> <\/span>nie bardzo. Jak zrozumia\u0142em z grafiki bilbordowej, kt\u00f3ra &#8222;zala\u0142a&#8221; Nasze Miasto, kontrkandydata popiera <span style=\"color: #ff0000;\"><strong>SLD<\/strong><\/span> i w\u0142a\u015bciwie ju\u017c radny Pan Z. Podraza (te\u017c <strong><span style=\"color: #ff0000;\">SLD<\/span><\/strong>). <a href=\"http:\/\/grzegorzjaszczura.pl\/http:\/\/grzegorzjaszczura.pl\/wp-content\/uploads\/2018\/10\/20181029_175103.jpg\"><img loading=\"lazy\" decoding=\"async\" class=\"alignleft size-thumbnail wp-image-47323\" src=\"http:\/\/grzegorzjaszczura.pl\/http:\/\/grzegorzjaszczura.pl\/wp-content\/uploads\/2018\/10\/20181029_175103-150x150.jpg\" alt=\"\" width=\"150\" height=\"150\" \/><\/a>Naszego kandydata na prezydenta Pana <strong>Roberta Warwasa<\/strong> ju\u017c wcze\u015bniej popar\u0142 d\u0105browski <strong>Kukiz&#8217;15<\/strong> oraz d\u0105browski oddzia\u0142 <strong>Kongresu Nowej Prawicy<\/strong>, natomiast przedwczoraj poparli go kandydaci na prezydenta, kt\u00f3rzy otrzymali spor\u0105 (b. du\u017c\u0105) ilo\u015b\u0107 g\u0142os\u00f3w w I turze, tj. Pani <strong>Katarzyna Zagajska<\/strong> (<strong>10,1%<\/strong> oddanych g\u0142os\u00f3w wa\u017cnych) i Pan <strong>Edward Bober<\/strong> (<strong>22,8%<\/strong>). W dniu <strong>29.10.2018 r.<\/strong> odby\u0142y si\u0119 spotkania na kt\u00f3rych byli ju\u017c kandydaci, ale wci\u0105\u017c szefowie\u00a0 odpowiednio <strong>Stowarzyszenia Razem dla DG<\/strong> oraz <strong>D\u0105browskiej Wsp\u00f3lnoty Samorz\u0105dowej<\/strong>, wsparli jakby nie by\u0142o kandydata <span style=\"color: #800080;\"><strong>PIS-u<\/strong><\/span>. Przy antypisowskiej histerii cz\u0119\u015bci Mieszka\u0144c\u00f3w <strong>Naszego Miasta<\/strong> to znamienne!<\/p>\n<p style=\"text-align: justify;\"><a href=\"http:\/\/grzegorzjaszczura.pl\/http:\/\/grzegorzjaszczura.pl\/wp-content\/uploads\/2018\/10\/20181029_173919.jpg\"><img loading=\"lazy\" decoding=\"async\" class=\"alignleft size-thumbnail wp-image-47320\" src=\"http:\/\/grzegorzjaszczura.pl\/http:\/\/grzegorzjaszczura.pl\/wp-content\/uploads\/2018\/10\/20181029_173919-150x150.jpg\" alt=\"\" width=\"150\" height=\"150\" \/><\/a>Na spotkaniu w <strong>Villa Moda<\/strong> poparcie dla Pana <strong>Roberta Warwasa<\/strong> artyku\u0142owali tak\u017ce zwykli Mieszka\u0144cy, co zadziwiaj\u0105ce, tak\u017ce z miast o\u015bciennych z <span style=\"color: #008000;\"><strong>Zag\u0142\u0119bia D\u0105browskiego<\/strong><\/span>: Sosnowca czy B\u0119dzina. Osobi\u015bcie popar\u0142 go tak\u017ce by\u0142y (jakby nie patrze\u0107 trzykrotny Prezydent D\u0105browy G\u00f3rniczej) Pan <strong>Jerzy Talkowski<\/strong>. Tu przypomn\u0119, \u017ce w 2002 roku dosz\u0142o do spektakularnej kl\u0119ski postkomunistycznego kandydata Pana <strong>M. Lipczyka<\/strong> (<span style=\"color: #ff0000;\"><strong>PZPR<\/strong><\/span>, <strong><span style=\"color: #ff0000;\">&#8230;<\/span><\/strong>, <span style=\"color: #ff0000;\"><strong>SLD<\/strong><\/span>) w drugiej turze wybor\u00f3w prezydenckich w\u0142a\u015bnie z Panem <strong>J. Talkowskim<\/strong>. <strong>Wtedy zjednoczyli si\u0119 dla dobra Miasta wszyscy<\/strong>: od skrajnej lewicy komunistycznej (<span style=\"color: #ff0000;\"><strong>KPP<\/strong><\/span>) do konserwatywnej prawicy (<strong>UPR<\/strong>).<\/p>\n<p style=\"text-align: justify;\"><a href=\"http:\/\/grzegorzjaszczura.pl\/http:\/\/grzegorzjaszczura.pl\/wp-content\/uploads\/2018\/10\/43538267_1902371016483040_9217372422808797184_n-1.jpg\"><img loading=\"lazy\" decoding=\"async\" class=\"alignleft size-thumbnail wp-image-47321\" src=\"http:\/\/grzegorzjaszczura.pl\/http:\/\/grzegorzjaszczura.pl\/wp-content\/uploads\/2018\/10\/43538267_1902371016483040_9217372422808797184_n-1-150x150.jpg\" alt=\"\" width=\"150\" height=\"150\" \/><\/a>Ko\u0144cz\u0105c, apeluj\u0119 do <strong>Mieszka\u0144c\u00f3w D\u0105browy G\u00f3rniczej<\/strong> o g\u0142osowanie w dniu <strong>04.11.2018 r.<\/strong>, w trakcie drugiej tury wybor\u00f3w prezydenta D\u0105browy G\u00f3rniczej na <span style=\"color: #0000ff;\"><strong>D\u0104BROW\u0118 G\u00d3RNICZ\u0104 MIASTO R\u00d3WNYCH SZANS<\/strong><\/span>, czyli na Pana <strong>Roberta Warwasa<\/strong>!!!<\/p>\n","protected":false},"excerpt":{"rendered":"<p>Moja stara ju\u017c teoria, \u017ce D\u0105browa G\u00f3rnicza to taka Polska w pigu\u0142ce, mo\u017ce si\u0119 umocni\u0107 po zmianie w\u0142adzy w naszym mie\u015bcie. Wtedy si\u0119 oka\u017ce czy mo\u017cna zmniejszy\u0107 obci\u0105\u017cenie Mieszka\u0144c\u00f3w, np. poprzez obni\u017cenie podatk\u00f3w i op\u0142at lokalnych, przy jednoczesnym zaprzestaniu zad\u0142u\u017cania bud\u017cetu Miasta czy zmniejszeniu ceny za wod\u0119 i odprowadzenie \u015bciek\u00f3w. Odniesienie do sytuacji w Polsce [&hellip;]<\/p>\n","protected":false},"author":2,"featured_media":0,"comment_status":"open","ping_status":"open","sticky":false,"template":"","format":"standard","meta":{"_monsterinsights_skip_tracking":false,"_monsterinsights_sitenote_active":false,"_monsterinsights_sitenote_note":"","_monsterinsights_sitenote_category":0,"footnotes":""},"categories":[3],"tags":[],"class_list":["post-47278","post","type-post","status-publish","format-standard","hentry","category-polityczne"],"_links":{"self":[{"href":"https:\/\/grzegorzjaszczura.pl\/index.php?rest_route=\/wp\/v2\/posts\/47278","targetHints":{"allow":["GET"]}}],"collection":[{"href":"https:\/\/grzegorzjaszczura.pl\/index.php?rest_route=\/wp\/v2\/posts"}],"about":[{"href":"https:\/\/grzegorzjaszczura.pl\/index.php?rest_route=\/wp\/v2\/types\/post"}],"author":[{"embeddable":true,"href":"https:\/\/grzegorzjaszczura.pl\/index.php?rest_route=\/wp\/v2\/users\/2"}],"replies":[{"embeddable":true,"href":"https:\/\/grzegorzjaszczura.pl\/index.php?rest_route=%2Fwp%2Fv2%2Fcomments&post=47278"}],"version-history":[{"count":49,"href":"https:\/\/grzegorzjaszczura.pl\/index.php?rest_route=\/wp\/v2\/posts\/47278\/revisions"}],"predecessor-version":[{"id":47333,"href":"https:\/\/grzegorzjaszczura.pl\/index.php?rest_route=\/wp\/v2\/posts\/47278\/revisions\/47333"}],"wp:attachment":[{"href":"https:\/\/grzegorzjaszczura.pl\/index.php?rest_route=%2Fwp%2Fv2%2Fmedia&parent=47278"}],"wp:term":[{"taxonomy":"category","embeddable":true,"href":"https:\/\/grzegorzjaszczura.pl\/index.php?rest_route=%2Fwp%2Fv2%2Fcategories&post=47278"},{"taxonomy":"post_tag","embeddable":true,"href":"https:\/\/grzegorzjaszczura.pl\/index.php?rest_route=%2Fwp%2Fv2%2Ftags&post=47278"}],"curies":[{"name":"wp","href":"https:\/\/api.w.org\/{rel}","templated":true}]}}