{"id":50343,"date":"2019-09-06T09:20:49","date_gmt":"2019-09-06T07:20:49","guid":{"rendered":"http:\/\/grzegorzjaszczura.pl\/?p=50343"},"modified":"2019-09-06T14:57:08","modified_gmt":"2019-09-06T12:57:08","slug":"start-kampanii-wyborczej-pis","status":"publish","type":"post","link":"https:\/\/grzegorzjaszczura.pl\/?p=50343","title":{"rendered":"start kampanii wyborczej PIS"},"content":{"rendered":"<p style=\"text-align: justify;\"><a href=\"http:\/\/grzegorzjaszczura.pl\/http:\/\/grzegorzjaszczura.pl\/wp-content\/uploads\/2019\/09\/20190827_113628.jpg\"><img loading=\"lazy\" decoding=\"async\" class=\"alignleft size-thumbnail wp-image-50348\" src=\"http:\/\/grzegorzjaszczura.pl\/http:\/\/grzegorzjaszczura.pl\/wp-content\/uploads\/2019\/09\/20190827_113628-150x150.jpg\" alt=\"\" width=\"150\" height=\"150\" \/><\/a>Jeszcze niedawno (<a href=\"http:\/\/grzegorzjaszczura.pl\/?p=50195#more-50195\"><strong>21.08.2019 r.<\/strong><\/a>) pisa\u0142em o gotowo\u015bci d\u0105browskiego <span style=\"color: #800080;\"><strong>PIS-u<\/strong><\/span> do startu w nadchodz\u0105cych (kolejnych) wyborach do Sejmu i Senatu RP. Zbi\u00f3rka podpis\u00f3w by\u0142a niezwykle szybka i obecnie po rejestracji listy w okr\u0119gu nr 32 mo\u017cna napisa\u0107, \u017ce kampania wyborcza prawie si\u0119 rozpocz\u0119\u0142a.<!--more--><\/p>\n<p style=\"text-align: justify;\"><a href=\"http:\/\/grzegorzjaszczura.pl\/http:\/\/grzegorzjaszczura.pl\/wp-content\/uploads\/2019\/09\/koniec-zbi\u00f3rki.jpg\"><img loading=\"lazy\" decoding=\"async\" class=\"alignleft size-thumbnail wp-image-50357\" src=\"http:\/\/grzegorzjaszczura.pl\/http:\/\/grzegorzjaszczura.pl\/wp-content\/uploads\/2019\/09\/koniec-zbi\u00f3rki-150x150.jpg\" alt=\"\" width=\"150\" height=\"150\" \/><\/a>Najwy\u017cej znajduj\u0105cy si\u0119 na li\u015bcie przedstawiciel D\u0105browy G\u00f3rniczej to aktualny wci\u0105\u017c pose\u0142 Pan <strong>Robert Warwas<\/strong> &#8211; pozycja nr 3. Ca\u0142a lista okr\u0119gu wyborczego nr 32, obejmuj\u0105cego <span style=\"color: #008000;\"><strong>Zag\u0142\u0119bie D\u0105browskie<\/strong><\/span> do<strong> Sejmu RP<\/strong> wygl\u0105da nast\u0119puj\u0105co:<\/p>\n<p>1. Ewa Malik<\/p>\n<p>2. Waldemar Andzel<\/p>\n<p>3. <strong>Robert Warwas<\/strong><\/p>\n<p>4. Danuta Nowicka<\/p>\n<p>5. Maria Materla<\/p>\n<p>6. Marcin Kozik<\/p>\n<p>7. Ma\u0142gorzata Zarychta-Sur\u00f3wka<\/p>\n<p>8. <strong>Zbigniew Pi\u0105tek<\/strong><\/p>\n<p>9. Bo\u017cena Szydlik<\/p>\n<p>10. Kazimierz Wilk<\/p>\n<p>11. Lena Wardenga<\/p>\n<p>12. Maciej Derela<\/p>\n<p>13. <strong>Beata Cie\u015blik<\/strong><\/p>\n<p>14. Krzysztof Fija\u0142kowski<\/p>\n<p>15. Pawe\u0142 Szopa<\/p>\n<p>16. Ewa Trawczy\u0144ska<\/p>\n<p>17. Zenon G\u0142\u0105b<\/p>\n<p>18. \u0141ukasz Cury\u0142o<\/p>\n<p>(pogrubieni, kandydaci z D\u0105browy G\u00f3rniczej).<\/p>\n<p>&nbsp;<\/p>\n<p style=\"text-align: justify;\"><a href=\"http:\/\/grzegorzjaszczura.pl\/http:\/\/grzegorzjaszczura.pl\/wp-content\/uploads\/2019\/09\/sprawozdanie-poselskie.jpg\"><img loading=\"lazy\" decoding=\"async\" class=\"alignleft size-thumbnail wp-image-50355\" src=\"http:\/\/grzegorzjaszczura.pl\/http:\/\/grzegorzjaszczura.pl\/wp-content\/uploads\/2019\/09\/sprawozdanie-poselskie-150x150.jpg\" alt=\"\" width=\"150\" height=\"150\" \/><\/a>Pose\u0142 <strong>R. Warwas<\/strong> przedstawi\u0142 sprawozdanie poselskie ze swej dzia\u0142alno\u015bci w obecnej kadencji Sejmu. Rozesz\u0142o si\u0119 po mie\u015bcie jak ciep\u0142e bu\u0142eczki, na dodatek przyj\u0119cie by\u0142o zdecydowanie w wi\u0119kszo\u015bci pozytywne.<\/p>\n<p><strong>Zach\u0119cam do poparcia jego kandydatury.<\/strong><\/p>\n<p style=\"text-align: justify;\"><a href=\"http:\/\/grzegorzjaszczura.pl\/http:\/\/grzegorzjaszczura.pl\/wp-content\/uploads\/2019\/09\/Przechwytywanie.jpg\"><img loading=\"lazy\" decoding=\"async\" class=\"alignleft size-thumbnail wp-image-50367\" src=\"http:\/\/grzegorzjaszczura.pl\/http:\/\/grzegorzjaszczura.pl\/wp-content\/uploads\/2019\/09\/Przechwytywanie-150x150.jpg\" alt=\"\" width=\"150\" height=\"150\" \/><\/a>&#8222;Dzi\u0119kuj\u0119 Pa\u0144stwu za wiele s\u0142\u00f3w poparcia podczas dzisiejszej akcji kolporta\u017cu mojego sprawozdania z dzia\u0142alno\u015bci poselskiej. Zach\u0119cam do zapoznania si\u0119 z moj\u0105 aktywno\u015bci\u0105 w trakcie VIII kadencji Sejmu RP <span class=\"_5mfr\"><span class=\"_6qdm\">&#x1f1f5;&#x1f1f1;<\/span><\/span> <a class=\"_58cn\" href=\"https:\/\/www.facebook.com\/hashtag\/sprawozdanieposelskie?source=feed_text&amp;epa=HASHTAG&amp;__xts__%5B0%5D=68.ARDjktGAkIHCtTVQ0N1OdRNb0_aaSqVo61_ud4o1BpFwcejxM6Fqj-B3Gj9Q9CW3b0V8CO3zE16oTeyGBHB_mCmejF7xQxaLatisoYS38KZeG5j7nuCxZ7xquYV4pjiUUDhHRcZ5xH9bE0-rJlfuEJOn9C6xJO_m2S9JHY1svE2N_o8WFffdBfVtmEVniJUIGZ60J3JgUWd0DnRK0xZI9zfAU8_BteKlyiqqxd-iTHPIZn0TNIAYc3fEXkzzmdPreYpNbQh1LbirofEBk7dKiP9TdByjN-3X4mllIuzqqbmVZ3Nc7tP3vrrXQ5kOt09Flv08CWmo3v3oGCjmfkUDhh2mYw&amp;__tn__=%2ANK-R\" data-ft=\"{&quot;type&quot;:104,&quot;tn&quot;:&quot;*N&quot;}\"><span class=\"_5afx\"><span class=\"_58cl _5afz\" aria-label=\"znacznik #\">#<\/span><span class=\"_58cm\">SprawozdaniePoselskie<\/span><\/span><\/a> mo\u017cna odebra\u0107 w biurze poselskim przy ul. 3 Maja 32\/9, jak r\u00f3wnie\u017c przeczyta\u0107 na stronie internetowej <span class=\"_5mfr\"><span class=\"_6qdm\">&#x27a1;&#xfe0f;<\/span><\/span> <a href=\"https:\/\/issuu.com\/robertwarwas\/docs\/z007-08-19-r_warwas-289x350-print?fbclid=IwAR2BrN6atWR5aGpzg4wU4DY_kMmV5pkz1C2JYqudxfrdm9xJoEF46tmvrc8\" target=\"_blank\" rel=\"noopener nofollow\" data-ft=\"{&quot;tn&quot;:&quot;-U&quot;}\" data-lynx-mode=\"async\" data-lynx-uri=\"https:\/\/l.facebook.com\/l.php?u=https%3A%2F%2Fissuu.com%2Frobertwarwas%2Fdocs%2Fz007-08-19-r_warwas-289x350-print%3Ffbclid%3DIwAR2BrN6atWR5aGpzg4wU4DY_kMmV5pkz1C2JYqudxfrdm9xJoEF46tmvrc8&amp;h=AT3TzeRomLD5IYAwq_-jGi45Krjsu2i2R69NGt9LhYI0ZCd3oR1vxmf_4eS3TaOdLuOcXFRt6ixk8PS-Yz8XsYYN9-Ve6o8okX37Xy2pRN6WoAXYHxgyyD22pu4_bQSEu0NFAD9ZcyNqMW-TJPxVRg9PpKS9ZXf_MHIzl7BUbpzH3SD6ccKSBacyNTP881D97NUKHSnVeNWf8IE1ob9RtZqDRuome4h2mIIfFmEnlOt3u39_S--ztpvhmQKnSHtTMMwQ_1UOOkQ2BGxMQqG2L74ZsLAbsCzC0-gWM0lezZnjiT0DwH4r81qlTeOUqbLpgyoNeoLEKTk1dwGnBtD62PR5dfAklzCBEvrQQ9_5Yu8Mxn-go1GvPodsdaUHGQN8Gfit5VwXjotl0ouwkwE-1hupqyo5r_icYRqZ_G8WtRiaG4QAqAzcaMKMf9FgQGdjxt8qzFMU6NiUKT0wfj89Qd9eoP80ta4UPePdHCrHsBRjAkEM7hY_FmiovWPzLQ8yoYF8R3mRrI53gDTFU8dQaK0wFwbL7u7TzggmMbc7EJjF15lEsS0pqptzvHg91Rbfogw2kKE9vSOQ-OokyHv90x49FhHwuonCniXGWbZep_B3ssuKdh8Du8EgflDYsWqyjIfnmzY\">https:\/\/issuu.com\/rober\u2026\/\u2026\/z007-08-19-r_warwas-289&#215;350-print<\/a><br \/>\nZach\u0119cam do lektury <span class=\"_5mfr\"><span class=\"_6qdm\">&#x2705;<\/span><\/span> <a class=\"profileLink\" title=\"Robert Warwas\" href=\"https:\/\/www.facebook.com\/robert.warwas?__tn__=K-R&amp;eid=ARD4BkVCYls9TIqYMhMW1Y0RE_V8LTRgIbvrfZB-1M-fmqxkB468bpGNlsHPyNFbaZoITWQLDXmFVjyf&amp;fref=mentions&amp;__xts__%5B0%5D=68.ARDjktGAkIHCtTVQ0N1OdRNb0_aaSqVo61_ud4o1BpFwcejxM6Fqj-B3Gj9Q9CW3b0V8CO3zE16oTeyGBHB_mCmejF7xQxaLatisoYS38KZeG5j7nuCxZ7xquYV4pjiUUDhHRcZ5xH9bE0-rJlfuEJOn9C6xJO_m2S9JHY1svE2N_o8WFffdBfVtmEVniJUIGZ60J3JgUWd0DnRK0xZI9zfAU8_BteKlyiqqxd-iTHPIZn0TNIAYc3fEXkzzmdPreYpNbQh1LbirofEBk7dKiP9TdByjN-3X4mllIuzqqbmVZ3Nc7tP3vrrXQ5kOt09Flv08CWmo3v3oGCjmfkUDhh2mYw\" data-hovercard=\"\/ajax\/hovercard\/user.php?id=100001706720347&amp;extragetparams=%7B%22__tn__%22%3A%22%2CdK-R-R%22%2C%22eid%22%3A%22ARD4BkVCYls9TIqYMhMW1Y0RE_V8LTRgIbvrfZB-1M-fmqxkB468bpGNlsHPyNFbaZoITWQLDXmFVjyf%22%2C%22fref%22%3A%22mentions%22%7D\" data-hovercard-prefer-more-content-show=\"1\">Robert Warwas<\/a> <a class=\"_58cn\" href=\"https:\/\/www.facebook.com\/hashtag\/dotrzymujemys\u0142owa?source=feed_text&amp;epa=HASHTAG&amp;__xts__%5B0%5D=68.ARDjktGAkIHCtTVQ0N1OdRNb0_aaSqVo61_ud4o1BpFwcejxM6Fqj-B3Gj9Q9CW3b0V8CO3zE16oTeyGBHB_mCmejF7xQxaLatisoYS38KZeG5j7nuCxZ7xquYV4pjiUUDhHRcZ5xH9bE0-rJlfuEJOn9C6xJO_m2S9JHY1svE2N_o8WFffdBfVtmEVniJUIGZ60J3JgUWd0DnRK0xZI9zfAU8_BteKlyiqqxd-iTHPIZn0TNIAYc3fEXkzzmdPreYpNbQh1LbirofEBk7dKiP9TdByjN-3X4mllIuzqqbmVZ3Nc7tP3vrrXQ5kOt09Flv08CWmo3v3oGCjmfkUDhh2mYw&amp;__tn__=%2ANK-R\" data-ft=\"{&quot;type&quot;:104,&quot;tn&quot;:&quot;*N&quot;}\"><span class=\"_5afx\"><span class=\"_58cl _5afz\" aria-label=\"znacznik #\">#<\/span><span class=\"_58cm\">DotrzymujemyS\u0142owa<\/span><\/span><\/a> <a class=\"_58cn\" href=\"https:\/\/www.facebook.com\/hashtag\/warwasdlawas?source=feed_text&amp;epa=HASHTAG&amp;__xts__%5B0%5D=68.ARDjktGAkIHCtTVQ0N1OdRNb0_aaSqVo61_ud4o1BpFwcejxM6Fqj-B3Gj9Q9CW3b0V8CO3zE16oTeyGBHB_mCmejF7xQxaLatisoYS38KZeG5j7nuCxZ7xquYV4pjiUUDhHRcZ5xH9bE0-rJlfuEJOn9C6xJO_m2S9JHY1svE2N_o8WFffdBfVtmEVniJUIGZ60J3JgUWd0DnRK0xZI9zfAU8_BteKlyiqqxd-iTHPIZn0TNIAYc3fEXkzzmdPreYpNbQh1LbirofEBk7dKiP9TdByjN-3X4mllIuzqqbmVZ3Nc7tP3vrrXQ5kOt09Flv08CWmo3v3oGCjmfkUDhh2mYw&amp;__tn__=%2ANK-R\" data-ft=\"{&quot;type&quot;:104,&quot;tn&quot;:&quot;*N&quot;}\"><span class=\"_5afx\"><span class=\"_58cl _5afz\" aria-label=\"znacznik #\">#<\/span><span class=\"_58cm\">WarwasDlaWas<\/span><\/span><\/a> <a class=\"_58cn\" href=\"https:\/\/www.facebook.com\/hashtag\/dobryczaspl?source=feed_text&amp;epa=HASHTAG&amp;__xts__%5B0%5D=68.ARDjktGAkIHCtTVQ0N1OdRNb0_aaSqVo61_ud4o1BpFwcejxM6Fqj-B3Gj9Q9CW3b0V8CO3zE16oTeyGBHB_mCmejF7xQxaLatisoYS38KZeG5j7nuCxZ7xquYV4pjiUUDhHRcZ5xH9bE0-rJlfuEJOn9C6xJO_m2S9JHY1svE2N_o8WFffdBfVtmEVniJUIGZ60J3JgUWd0DnRK0xZI9zfAU8_BteKlyiqqxd-iTHPIZn0TNIAYc3fEXkzzmdPreYpNbQh1LbirofEBk7dKiP9TdByjN-3X4mllIuzqqbmVZ3Nc7tP3vrrXQ5kOt09Flv08CWmo3v3oGCjmfkUDhh2mYw&amp;__tn__=%2ANK-R\" data-ft=\"{&quot;type&quot;:104,&quot;tn&quot;:&quot;*N&quot;}\"><span class=\"_5afx\"><span class=\"_58cl _5afz\" aria-label=\"znacznik #\">#<\/span><span class=\"_58cm\">DobryCzasPL<\/span><\/span><\/a> <a class=\"_58cn\" href=\"https:\/\/www.facebook.com\/hashtag\/ws\u0142u\u017cbieludziom?source=feed_text&amp;epa=HASHTAG&amp;__xts__%5B0%5D=68.ARDjktGAkIHCtTVQ0N1OdRNb0_aaSqVo61_ud4o1BpFwcejxM6Fqj-B3Gj9Q9CW3b0V8CO3zE16oTeyGBHB_mCmejF7xQxaLatisoYS38KZeG5j7nuCxZ7xquYV4pjiUUDhHRcZ5xH9bE0-rJlfuEJOn9C6xJO_m2S9JHY1svE2N_o8WFffdBfVtmEVniJUIGZ60J3JgUWd0DnRK0xZI9zfAU8_BteKlyiqqxd-iTHPIZn0TNIAYc3fEXkzzmdPreYpNbQh1LbirofEBk7dKiP9TdByjN-3X4mllIuzqqbmVZ3Nc7tP3vrrXQ5kOt09Flv08CWmo3v3oGCjmfkUDhh2mYw&amp;__tn__=%2ANK-R\" data-ft=\"{&quot;type&quot;:104,&quot;tn&quot;:&quot;*N&quot;}\"><span class=\"_5afx\"><span class=\"_58cl _5afz\" aria-label=\"znacznik #\">#<\/span><span class=\"_58cm\">ws\u0142u\u017cbieludziom<\/span><\/span><\/a> <a class=\"_58cn\" href=\"https:\/\/www.facebook.com\/hashtag\/b\u0119dzin?source=feed_text&amp;epa=HASHTAG&amp;__xts__%5B0%5D=68.ARDjktGAkIHCtTVQ0N1OdRNb0_aaSqVo61_ud4o1BpFwcejxM6Fqj-B3Gj9Q9CW3b0V8CO3zE16oTeyGBHB_mCmejF7xQxaLatisoYS38KZeG5j7nuCxZ7xquYV4pjiUUDhHRcZ5xH9bE0-rJlfuEJOn9C6xJO_m2S9JHY1svE2N_o8WFffdBfVtmEVniJUIGZ60J3JgUWd0DnRK0xZI9zfAU8_BteKlyiqqxd-iTHPIZn0TNIAYc3fEXkzzmdPreYpNbQh1LbirofEBk7dKiP9TdByjN-3X4mllIuzqqbmVZ3Nc7tP3vrrXQ5kOt09Flv08CWmo3v3oGCjmfkUDhh2mYw&amp;__tn__=%2ANK-R\" data-ft=\"{&quot;type&quot;:104,&quot;tn&quot;:&quot;*N&quot;}\"><span class=\"_5afx\"><span class=\"_58cl _5afz\" aria-label=\"znacznik #\">#<\/span><span class=\"_58cm\">B\u0119dzin<\/span><\/span><\/a> <a class=\"_58cn\" href=\"https:\/\/www.facebook.com\/hashtag\/d\u0105browag\u00f3rnicza?source=feed_text&amp;epa=HASHTAG&amp;__xts__%5B0%5D=68.ARDjktGAkIHCtTVQ0N1OdRNb0_aaSqVo61_ud4o1BpFwcejxM6Fqj-B3Gj9Q9CW3b0V8CO3zE16oTeyGBHB_mCmejF7xQxaLatisoYS38KZeG5j7nuCxZ7xquYV4pjiUUDhHRcZ5xH9bE0-rJlfuEJOn9C6xJO_m2S9JHY1svE2N_o8WFffdBfVtmEVniJUIGZ60J3JgUWd0DnRK0xZI9zfAU8_BteKlyiqqxd-iTHPIZn0TNIAYc3fEXkzzmdPreYpNbQh1LbirofEBk7dKiP9TdByjN-3X4mllIuzqqbmVZ3Nc7tP3vrrXQ5kOt09Flv08CWmo3v3oGCjmfkUDhh2mYw&amp;__tn__=%2ANK-R\" data-ft=\"{&quot;type&quot;:104,&quot;tn&quot;:&quot;*N&quot;}\"><span class=\"_5afx\"><span class=\"_58cl _5afz\" aria-label=\"znacznik #\">#<\/span><span class=\"_58cm\">D\u0105browaG\u00f3rnicza.<span style=\"color: #000000;\">&#8222;<\/span><\/span><\/span><\/a><\/p>\n","protected":false},"excerpt":{"rendered":"<p>Jeszcze niedawno (21.08.2019 r.) pisa\u0142em o gotowo\u015bci d\u0105browskiego PIS-u do startu w nadchodz\u0105cych (kolejnych) wyborach do Sejmu i Senatu RP. Zbi\u00f3rka podpis\u00f3w by\u0142a niezwykle szybka i obecnie po rejestracji listy w okr\u0119gu nr 32 mo\u017cna napisa\u0107, \u017ce kampania wyborcza prawie si\u0119 rozpocz\u0119\u0142a.<\/p>\n","protected":false},"author":2,"featured_media":0,"comment_status":"open","ping_status":"open","sticky":false,"template":"","format":"standard","meta":{"_monsterinsights_skip_tracking":false,"_monsterinsights_sitenote_active":false,"_monsterinsights_sitenote_note":"","_monsterinsights_sitenote_category":0,"footnotes":""},"categories":[3],"tags":[],"class_list":["post-50343","post","type-post","status-publish","format-standard","hentry","category-polityczne"],"_links":{"self":[{"href":"https:\/\/grzegorzjaszczura.pl\/index.php?rest_route=\/wp\/v2\/posts\/50343","targetHints":{"allow":["GET"]}}],"collection":[{"href":"https:\/\/grzegorzjaszczura.pl\/index.php?rest_route=\/wp\/v2\/posts"}],"about":[{"href":"https:\/\/grzegorzjaszczura.pl\/index.php?rest_route=\/wp\/v2\/types\/post"}],"author":[{"embeddable":true,"href":"https:\/\/grzegorzjaszczura.pl\/index.php?rest_route=\/wp\/v2\/users\/2"}],"replies":[{"embeddable":true,"href":"https:\/\/grzegorzjaszczura.pl\/index.php?rest_route=%2Fwp%2Fv2%2Fcomments&post=50343"}],"version-history":[{"count":25,"href":"https:\/\/grzegorzjaszczura.pl\/index.php?rest_route=\/wp\/v2\/posts\/50343\/revisions"}],"predecessor-version":[{"id":50373,"href":"https:\/\/grzegorzjaszczura.pl\/index.php?rest_route=\/wp\/v2\/posts\/50343\/revisions\/50373"}],"wp:attachment":[{"href":"https:\/\/grzegorzjaszczura.pl\/index.php?rest_route=%2Fwp%2Fv2%2Fmedia&parent=50343"}],"wp:term":[{"taxonomy":"category","embeddable":true,"href":"https:\/\/grzegorzjaszczura.pl\/index.php?rest_route=%2Fwp%2Fv2%2Fcategories&post=50343"},{"taxonomy":"post_tag","embeddable":true,"href":"https:\/\/grzegorzjaszczura.pl\/index.php?rest_route=%2Fwp%2Fv2%2Ftags&post=50343"}],"curies":[{"name":"wp","href":"https:\/\/api.w.org\/{rel}","templated":true}]}}