{"id":5074,"date":"2010-08-10T16:28:45","date_gmt":"2010-08-10T14:28:45","guid":{"rendered":"http:\/\/grzegorzjaszczura.pl\/?p=5074"},"modified":"2010-08-10T16:28:45","modified_gmt":"2010-08-10T14:28:45","slug":"wybory-kostka-wyborcza-2","status":"publish","type":"post","link":"https:\/\/grzegorzjaszczura.pl\/?p=5074","title":{"rendered":"Wybory &#8211; &#8222;kostka wyborcza&#8221;"},"content":{"rendered":"<p style=\"text-align: justify;\"><strong><a href=\"http:\/\/grzegorzjaszczura.pl\/http:\/\/grzegorzjaszczura.pl\/wp-content\/uploads\/2010\/08\/20100809529.jpg\"><img loading=\"lazy\" decoding=\"async\" class=\"alignleft size-thumbnail wp-image-5077\" title=\"20100809529\" src=\"http:\/\/grzegorzjaszczura.pl\/http:\/\/grzegorzjaszczura.pl\/wp-content\/uploads\/2010\/08\/20100809529-150x150.jpg\" alt=\"20100809529\" width=\"150\" height=\"150\" \/><\/a>Od  pewnego czasu dosy\u0107 jednoznacznie wypowiadam si\u0119 na tym blogu o polityce  i gospodarowaniu naszym bud\u017cetem gminnym przez Pana Prezydenta Zb.  Podraz\u0119 <\/strong>(<span style=\"color: #ff0000;\">Lewica SLD<\/span>). W\u0142a\u015bciwie, k&#8217;woli \u015bcis\u0142o\u015bci, to od czasu <em>pseudoexpose<\/em> Pana Prezydenta, tzn. pierwszej sesji bie\u017c\u0105cej kadencji Samorz\u0105du, mam<!--more--><img decoding=\"async\" title=\"Wi\u0119cej...\" src=\"http:\/\/grzegorzjaszczura.pl\/wp-includes\/js\/tinymce\/plugins\/wordpress\/img\/trans.gif\" alt=\"\" \/> negatywne zdanie o powy\u017cszym dzia\u0142aniu. Dodatkowo utwierdzi\u0142em si\u0119 w tym, gdy zobaczy\u0142em, kto popiera Pana Prezydenta.<\/p>\n<p style=\"text-align: justify;\">Przed wyborami <strong>przyjdzie jeszcze czas wypunktowa\u0107 z\u0142e i niegospodarne poci\u0105gni\u0119cia Pana Prezydenta<\/strong> i jego <span style=\"color: #ff0000;\"><span style=\"color: #000000;\">&#8222;<span style=\"color: #ff0000;\">L<\/span><\/span>ewicowej<span style=\"color: #000000;\">&#8222;<\/span><\/span> ekipy. Oczywi\u015bcie moim zdaniem. Ale wspomn\u0119 jeszcze raz\u00a0 dzisiaj o utrzymaniu <span style=\"color: #00ff00;\">zieleni miejskiej<\/span> (dwuletnich <span style=\"color: #00ff00;\">bratkach<\/span>,  kt\u00f3rych ju\u017c nawet po dosadzeniach po zimie, nie ma na klombach  miejskich, s\u0105 oczywi\u015bcie nowe, liczne okazy ro\u015blinno\u015bci, oczywi\u015bcie za  nowe pieni\u0105dze &#8211; zob. np. <a href=\"http:\/\/grzegorzjaszczura.pl\/?p=4065#more-4065\">http:\/\/grzegorzjaszczura.pl\/?p=4065#more-4065 <\/a>), czy <strong>30-tu\u00a0 (tzn. 1 + 29) milionach z\u0142otych<\/strong> prawdopodobnie utopionych w prywatnej firmie Nemo-Wodny \u015awiat D\u0105browa  G\u00f3rnicza sp. z o.o. &#8211; zob. cho\u0107by ostatni w tym temacie wpis: <a href=\"http:\/\/grzegorzjaszczura.pl\/?p=4695#more-4695\">http:\/\/grzegorzjaszczura.pl\/?p=4695#more-4695<\/a> ).<\/p>\n<p style=\"text-align: justify;\">D\u0105\u017c\u0119  jednak\u017ce do tego, \u017ce planowa\u0142em zaj\u0105\u0107 si\u0119 remontami chodnik\u00f3w i dr\u00f3g w  mie\u015bcie, ale akurat temat ten poruszy\u0142 Pan Bart\u0142omiej Kuczak, kt\u00f3rego  artyku\u0142 o <em>&#8222;D\u0105browskich pomnikach ha\u0144by&#8221;<\/em> ju\u017c przytacza\u0142em na moim blogu (zob. <a href=\"http:\/\/grzegorzjaszczura.pl\/?p=3680#more-3680\">http:\/\/grzegorzjaszczura.pl\/?p=3680#more-3680<\/a> ). Kolega Bartek mimo m\u0142odego wieku ma swoje zdanie i sw\u00f3j m\u00f3zg.  Wnioskuj\u0119, \u017ce\u00a0 chyba ma\u0142o ogl\u0105da &#8222;Telewizji&#8221;. Za\u0142o\u017cy\u0142 sw\u00f3j blog  polityczny, na kt\u00f3rym akurat zaj\u0105\u0142 si\u0119 <strong>kostk\u0105 brukow\u0105<\/strong>, przepraszam <strong>&#8222;wyborcz\u0105&#8221;<\/strong>, kt\u00f3ra za grube pieni\u0105dze pokrywa centralne place i chodniki naszego miasta, <strong>wed\u0142ug zasady zamiany dobrego, na jeszcze lepsze. <\/strong><em>Nota bene<\/em> nazwa &#8222;kostka wyborcza&#8221; bardzo dobrze koreluje si\u0119 ze s\u0142owem brukowa.<strong><br \/>\n<\/strong><\/p>\n<p style=\"text-align: justify;\">To fragment jego analizy:<span style=\"color: #0000ff;\"> &#8222;[&#8230;] Od  pocz\u0105tku lipca centrum miasta przypomina jeden wielki plac  budowy. Na  pierwszy rzut oka, robi to naprawd\u0119 pozytywne wra\u017cenie. Kto\u015b  mo\u017ce  pomy\u015ble\u0107, \u017ce zdominowane przez lewic\u0119 w\u0142adze miasta wreszcie  podj\u0119\u0142y  jakie\u015b dzia\u0142ania. Oczywi\u015bcie wszystko dla dobra mieszka\u0144c\u00f3w (a  jak\u017ce!).  Wystarczy jednak si\u0119 zastanowi\u0107 g\u0142\u0119biej, by dostrzec prawdziwy  cel  administracji miejskiej. <strong>Kluczem do rozwi\u0105zania tej zagadki s\u0105 w\u0142a\u015bnie  zbli\u017caj\u0105ce si\u0119 wybory samorz\u0105dowe. <\/strong><\/span><\/p>\n<p style=\"text-align: justify;\"><span style=\"color: #0000ff;\"><strong><a href=\"http:\/\/grzegorzjaszczura.pl\/http:\/\/grzegorzjaszczura.pl\/wp-content\/uploads\/2010\/08\/20100809531.jpg\"><img loading=\"lazy\" decoding=\"async\" title=\"20100809531\" src=\"http:\/\/grzegorzjaszczura.pl\/http:\/\/grzegorzjaszczura.pl\/wp-content\/uploads\/2010\/08\/20100809531-150x150.jpg\" alt=\"20100809531\" width=\"150\" height=\"150\" \/><\/a>Ca\u0142a  ta akcja remontowa w  centrum miasta jest niczym innym, jak cz\u0119\u015bci\u0105  kampanii obecnie  administruj\u0105cego prezydenta Zbigniewa Podrazy oraz  jego ekipy.<\/strong> Panu  prezydentowi w\u0142a\u015bnie teraz w \u015brodku lata, w  okresie najwi\u0119kszego ruchu  na drogach zachcia\u0142o si\u0119 owe d\u0105browskie  drogi remontowa\u0107. Dlaczego  akurat w teraz? Za odpowied\u017a mo\u017ce pos\u0142u\u017cy\u0107  jedno magiczne s\u0142owo \u2013  \u201ewybory\u201d. Pan Podraza podejmuje te dzia\u0142ania  jedynie po to, by za kilka  miesi\u0119cy mie\u0107 si\u0119 czym chwali\u0107 w kampanii.  Wymiana kostki w centrum  D\u0105browy G\u00f3rniczej stanie si\u0119 zwyk\u0142\u0105 \u201ekie\u0142bas\u0105  wyborcz\u0105\u201d. Nale\u017cy  powiedzie\u0107, \u017ce ca\u0142y ten nag\u0142y masowy remont strasznie  utrudnia  codzienne \u017cycie mieszka\u0144com centrum naszego miasta. Jako, \u017ce  sam jestem  mieszka\u0144cem tzw. \u015br\u00f3dmie\u015bcia (cho\u0107 w przypadku D\u0105browy jest  to  okre\u015blenie zdecydowanie na wyrost) sam na co dzie\u0144 do\u015bwiadczam   nieudolno\u015bci d\u0105browskich w\u0142adz.<\/span><\/p>\n<p style=\"text-align: justify;\"><span style=\"color: #0000ff;\"> Ca\u0142a akcja z wymian\u0105 kostki  przeprowadzona jest na szybko i zupe\u0142nie  bez najmniejszego pomys\u0142u. By  nie by\u0107 go\u0142os\u0142ownym za przyk\u0142ad niech  pos\u0142u\u017cy przej\u015bcie na Alei Tadeusza  Ko\u015bciuszki pomi\u0119dzy bram\u0105 prowadz\u0105c\u0105  do bloku nr 20 a drog\u0105 do parku  Hallera. Zosta\u0142o ono ca\u0142kowicie  rozkopane. Przedostanie si\u0119 na nim na  drug\u0105 stron\u0119 by\u0142o bardzo  utrudnione, a niekiedy wr\u0119cz niemo\u017cliwe. Co  ciekawe nie zosta\u0142o ono  zamkni\u0119te oraz nie by\u0142o \u017cadnych oznacze\u0144, co  wprowadza\u0142o w  dezorientacj\u0119 zar\u00f3wno pieszych, jak i kierowc\u00f3w. O wypadek  w takiej  sytuacji nietrudno.Podobna \u201ewolna  Amerykanka\u201d panowa\u0142a na przej\u015bciu na  ul. Kr\u00f3lowej Jadwigi. Tutaj r\u00f3wnie\u017c  prowadzono roboty na czynnym  przej\u015bciu. I r\u00f3wnie\u017c tutaj, jak w opisanym  powy\u017cej przypadku nie  stworzono \u017cadnej alternatywy. Pojawi\u0142a si\u0119 ona  dopiero gdy prac\u0119 na  przej\u015bciu dobiega\u0142y ko\u0144ca. Jednak przez par\u0119 dni  piesi musieli  przechodzi\u0107 przez rozkopana drog\u0119, uwa\u017caj\u0105c by nie zderzy\u0107  si\u0119 z  kt\u00f3rym\u015b z robotnik\u00f3w (co r\u00f3wnie\u017c im bardzo utrudnia\u0142o prac\u0119)  oraz, co  gorsze, nie wpa\u015b\u0107 pod ko\u0142a. A o to wcale nie by\u0142o trudno. <\/span><\/p>\n<p style=\"text-align: justify;\"><span style=\"color: #0000ff;\"><strong>Kolejnym  szczytem ca\u0142kowitego braku wyobra\u017ani<\/strong> by\u0142o rozkopanie ca\u0142ej drogi  prowadz\u0105cej do Bazyliki Matki Boskiej  Anielskiej. Przej\u015bcie przez ni\u0105  by\u0142o praktycznie niemo\u017cliwe, a \u015bmia\u0142ek,  kt\u00f3ry mimo wszystko zdecydowa\u0142  si\u0119 na taki krok, ryzykowa\u0142 na  najlepszym razie pobrudzenie lub  uszkodzenie obuwia, w najlepszym razie  kontuzj\u0119. W zast\u0119pstwie jedynie  odgrodzono bardzo w\u0105ski kawa\u0142ek jezdni  oraz trawnik, na kt\u00f3rym w dodatku  zalega\u0142y sterty kostki brukowej do  u\u0142o\u017cenia. To w\u0142a\u015bnie mia\u0142o s\u0142u\u017cy\u0107  jako przej\u015bcie dla masy ludzi  pod\u0105\u017caj\u0105cych w niedziel\u0119 do ko\u015bcio\u0142a.  Kpina. Sytuacja ta by\u0142a o tyle  kr\u0119puj\u0105ca, \u017ce dnia 18.06.2010 na  odbywaj\u0105cej si\u0119 w bazylice mszy <em>rytu trydenckiego <\/em>mieli\u015bmy   niespodziewanego go\u015bcia. By\u0142 nim by\u0142y Marsza\u0142ek Sejmu oraz kandydat na   urz\u0105d prezydenta RP Marek Jurek. Czuli\u015bmy si\u0119 troch\u0119 za\u017cenowani, gdy   chc\u0105c pokaza\u0107 mu nasze miasto, musieli\u015bmy go przeprowadzi\u0107 przez kawa\u0142ek   rozkopanej ziemi.<\/span><\/p>\n<p style=\"text-align: justify;\"><span style=\"color: #0000ff;\"> Jak wida\u0107, nieudolno\u015b\u0107 d\u0105browskich w\u0142adz ukazuje si\u0119 nawet przed  wyborami. <strong>Prezydent  Podraza my\u015bli pewnie, \u017ce jak zamieni przys\u0142owiow\u0105  kie\u0142bas\u0119 wyborcz\u0105 na  kostk\u0119, to od razu poci\u0105gnie za sob\u0105 t\u0142umy  wyborc\u00f3w. Miejmy jednak  nadziej\u0119, \u017ce tym razem si\u0119 przeliczy.<\/strong><br \/>\nPS: Tekst pisany  w po\u0142owie lipca.&#8221;<\/span><\/p>\n<p style=\"text-align: justify;\"><span style=\"color: #0000ff;\"><span style=\"color: #000000;\">(wyt\u0142uszczenia w tek\u015bcie Bartka moje). <strong>Pozostaj\u0119 nie tylko z nadziej\u0105 wyra\u017con\u0105 w ostatnim zdaniu tekstu, ale wr\u0119cz z pewno\u015bci\u0105, \u017ce tak si\u0119 stanie!<\/strong><\/span><\/span><\/p>\n<p style=\"text-align: justify;\"><span style=\"color: #0000ff;\"><span style=\"color: #000000;\">W  uzupe\u0142nieniu mog\u0119 poda\u0107, \u017ce wymieniana kostka by\u0142a uk\u0142adana w wielu  miejscach 5 lat temu, za Pana Prezydenta J. Talkowskiego. Przy chodniku  ul. Ko\u015bciuszki rzuca si\u0119 w oczy brak pasa przeznaczonego dla  rowerzyst\u00f3w, czy deskorolkarzy, a potwierdza to tez\u0119 Kol. Bartka o  prowadzeniu rob\u00f3t na szybko i bez szczeg\u00f3lnego pomys\u0142u. Pan J. Talkowski  niepotrzebne prace<span style=\"color: #ff0000;\"> &#8222;wyborcze&#8221; <\/span>w rejonie ul. Ko\u015bciuszki ocenia na <em>circa<\/em> 700 000 z\u0142.<br \/>\n<\/span><\/span><\/p>\n<p style=\"text-align: justify;\"><span style=\"color: #0000ff;\"><span style=\"color: #000000;\"><strong>Zach\u0119cam do przegl\u0105dania bloga Kol. B. Kuczaka.<\/strong><\/span><\/span><\/p>\n<p style=\"text-align: justify;\"><span style=\"color: #0000ff;\"><span style=\"color: #000000;\"><strong><a href=\"http:\/\/grzegorzjaszczura.pl\/http:\/\/grzegorzjaszczura.pl\/wp-content\/uploads\/2010\/08\/20100810537.jpg\"><img loading=\"lazy\" decoding=\"async\" title=\"20100810537\" src=\"http:\/\/grzegorzjaszczura.pl\/http:\/\/grzegorzjaszczura.pl\/wp-content\/uploads\/2010\/08\/20100810537-150x150.jpg\" alt=\"20100810537\" width=\"150\" height=\"150\" \/><\/a><a href=\"http:\/\/grzegorzjaszczura.pl\/http:\/\/grzegorzjaszczura.pl\/wp-content\/uploads\/2010\/08\/20100809533.jpg\"><img loading=\"lazy\" decoding=\"async\" title=\"20100809533\" src=\"http:\/\/grzegorzjaszczura.pl\/http:\/\/grzegorzjaszczura.pl\/wp-content\/uploads\/2010\/08\/20100809533-150x150.jpg\" alt=\"20100809533\" width=\"150\" height=\"150\" \/><\/a><\/strong><\/span><\/span><\/p>\n","protected":false},"excerpt":{"rendered":"<p>Od pewnego czasu dosy\u0107 jednoznacznie wypowiadam si\u0119 na tym blogu o polityce i gospodarowaniu naszym bud\u017cetem gminnym przez Pana Prezydenta Zb. Podraz\u0119 (Lewica SLD). W\u0142a\u015bciwie, k&#8217;woli \u015bcis\u0142o\u015bci, to od czasu pseudoexpose Pana Prezydenta, tzn. pierwszej sesji bie\u017c\u0105cej kadencji Samorz\u0105du, mam<\/p>\n","protected":false},"author":2,"featured_media":0,"comment_status":"open","ping_status":"open","sticky":false,"template":"","format":"standard","meta":{"_monsterinsights_skip_tracking":false,"_monsterinsights_sitenote_active":false,"_monsterinsights_sitenote_note":"","_monsterinsights_sitenote_category":0,"footnotes":""},"categories":[3],"tags":[],"class_list":["post-5074","post","type-post","status-publish","format-standard","hentry","category-polityczne"],"_links":{"self":[{"href":"https:\/\/grzegorzjaszczura.pl\/index.php?rest_route=\/wp\/v2\/posts\/5074","targetHints":{"allow":["GET"]}}],"collection":[{"href":"https:\/\/grzegorzjaszczura.pl\/index.php?rest_route=\/wp\/v2\/posts"}],"about":[{"href":"https:\/\/grzegorzjaszczura.pl\/index.php?rest_route=\/wp\/v2\/types\/post"}],"author":[{"embeddable":true,"href":"https:\/\/grzegorzjaszczura.pl\/index.php?rest_route=\/wp\/v2\/users\/2"}],"replies":[{"embeddable":true,"href":"https:\/\/grzegorzjaszczura.pl\/index.php?rest_route=%2Fwp%2Fv2%2Fcomments&post=5074"}],"version-history":[{"count":8,"href":"https:\/\/grzegorzjaszczura.pl\/index.php?rest_route=\/wp\/v2\/posts\/5074\/revisions"}],"predecessor-version":[{"id":5083,"href":"https:\/\/grzegorzjaszczura.pl\/index.php?rest_route=\/wp\/v2\/posts\/5074\/revisions\/5083"}],"wp:attachment":[{"href":"https:\/\/grzegorzjaszczura.pl\/index.php?rest_route=%2Fwp%2Fv2%2Fmedia&parent=5074"}],"wp:term":[{"taxonomy":"category","embeddable":true,"href":"https:\/\/grzegorzjaszczura.pl\/index.php?rest_route=%2Fwp%2Fv2%2Fcategories&post=5074"},{"taxonomy":"post_tag","embeddable":true,"href":"https:\/\/grzegorzjaszczura.pl\/index.php?rest_route=%2Fwp%2Fv2%2Ftags&post=5074"}],"curies":[{"name":"wp","href":"https:\/\/api.w.org\/{rel}","templated":true}]}}