{"id":52040,"date":"2020-02-21T09:23:32","date_gmt":"2020-02-21T08:23:32","guid":{"rendered":"http:\/\/grzegorzjaszczura.pl\/?p=52040"},"modified":"2020-02-21T10:20:46","modified_gmt":"2020-02-21T09:20:46","slug":"znowu-wybory-a-d-2020","status":"publish","type":"post","link":"https:\/\/grzegorzjaszczura.pl\/?p=52040","title":{"rendered":"znowu wybory &#8211; A.D. 2020"},"content":{"rendered":"<p style=\"text-align: justify;\"><a href=\"http:\/\/grzegorzjaszczura.pl\/http:\/\/grzegorzjaszczura.pl\/wp-content\/uploads\/2020\/02\/IMG-20200220-WA0003.jpg\"><img loading=\"lazy\" decoding=\"async\" class=\"alignleft size-thumbnail wp-image-52052\" src=\"http:\/\/grzegorzjaszczura.pl\/http:\/\/grzegorzjaszczura.pl\/wp-content\/uploads\/2020\/02\/IMG-20200220-WA0003-150x150.jpg\" alt=\"\" width=\"150\" height=\"150\" srcset=\"https:\/\/grzegorzjaszczura.pl\/http:\/\/grzegorzjaszczura.pl\/wp-content\/uploads\/2020\/02\/IMG-20200220-WA0003-150x150.jpg 150w, https:\/\/grzegorzjaszczura.pl\/http:\/\/grzegorzjaszczura.pl\/wp-content\/uploads\/2020\/02\/IMG-20200220-WA0003-300x300.jpg 300w, https:\/\/grzegorzjaszczura.pl\/http:\/\/grzegorzjaszczura.pl\/wp-content\/uploads\/2020\/02\/IMG-20200220-WA0003-768x768.jpg 768w, https:\/\/grzegorzjaszczura.pl\/http:\/\/grzegorzjaszczura.pl\/wp-content\/uploads\/2020\/02\/IMG-20200220-WA0003-1024x1024.jpg 1024w, https:\/\/grzegorzjaszczura.pl\/http:\/\/grzegorzjaszczura.pl\/wp-content\/uploads\/2020\/02\/IMG-20200220-WA0003.jpg 1368w\" sizes=\"auto, (max-width: 150px) 100vw, 150px\" \/><\/a><strong>Tym razem wybory prezydenckie.<\/strong> Jako\u015b tak jest, \u017ce politycy staraj\u0105 si\u0119 zadba\u0107 o prac\u0119 dla siebie. Dzi\u0119ki temu trudno im zarzuci\u0107, \u017ce si\u0119 leni\u0105. \ud83d\ude42 . Ale powstaje u mnie pytanie, kiedy pracuj\u0105 merytorycznie w tej istniej\u0105cej demokracji dla niby swoich wyborc\u00f3w, konkretnie nad ich problemami? Tym bardziej, \u017ce jeszcze trzeba si\u0119 &#8222;k\u0142\u00f3ci\u0107&#8221; z tzw. opozycj\u0105 i to niezale\u017cnie<!--more--> kto jest t\u0105 opozycj\u0105. \ud83d\ude42 . Zdecydowanie ta demokracja ma wady. Trudno nie zgodzi\u0107 si\u0119 ze s\u0142owami polityka angielskiego <strong>Winstona Churchilla<\/strong>: <strong><em>\u201edemokracja jest najgorsz\u0105 form\u0105 rz\u0105du, je\u015bli nie liczy\u0107 wszystkich innych form, kt\u00f3rych pr\u00f3bowano od czasu do czasu\u2019\u2019<\/em><\/strong>. Mia\u0142o to miejsce w trakcie przem\u00f3wienia w Izbie Lord\u00f3w 11 listopada 1947 roku.<\/p>\n<p style=\"text-align: justify;\"><strong><a href=\"http:\/\/grzegorzjaszczura.pl\/http:\/\/grzegorzjaszczura.pl\/wp-content\/uploads\/2020\/02\/IMG_20200220_144531.jpg\"><img loading=\"lazy\" decoding=\"async\" class=\"alignleft size-thumbnail wp-image-52072\" src=\"http:\/\/grzegorzjaszczura.pl\/http:\/\/grzegorzjaszczura.pl\/wp-content\/uploads\/2020\/02\/IMG_20200220_144531-150x150.jpg\" alt=\"\" width=\"150\" height=\"150\" \/><\/a>Wracaj\u0105c do rzeczywisto\u015bci.<\/strong> Wybory prezydenckie w Polsce odb\u0119d\u0105 si\u0119 w niedziel\u0119, <strong>10 maja 2020 roku<\/strong>. Informacj\u0119 o terminie g\u0142osowania 5 lutego poda\u0142a marsza\u0142ek Sejmu <strong>El\u017cbieta Witek<\/strong> (<span style=\"color: #800080;\"><strong>PIS<\/strong><\/span>). D\u0105browski <span style=\"color: #800080;\"><strong>PIS<\/strong><\/span> r\u00f3wnie\u017c w\u0142\u0105czy\u0142 si\u0119 w kampani\u0119, oczywi\u015bcie aktualnego Prezydenta Pana <strong>Andrzeja Dudy<\/strong>, kt\u00f3ry jest jego kandydatem. <a href=\"http:\/\/grzegorzjaszczura.pl\/http:\/\/grzegorzjaszczura.pl\/wp-content\/uploads\/2020\/02\/IMG_20200220_140444.jpg\"><img loading=\"lazy\" decoding=\"async\" class=\"alignleft size-thumbnail wp-image-52071\" src=\"http:\/\/grzegorzjaszczura.pl\/http:\/\/grzegorzjaszczura.pl\/wp-content\/uploads\/2020\/02\/IMG_20200220_140444-150x150.jpg\" alt=\"\" width=\"150\" height=\"150\" \/><\/a>Tym bardziej, \u017ce osob\u0105 odpowiedzialn\u0105 w okr\u0119gu nr <strong>32<\/strong> jest Pose\u0142 na Sejm <strong>RP<\/strong> Pan <strong>Robert Warwas<\/strong>.<br \/>\nWczoraj (20.02.2020 r.) w D\u0105browie G\u00f3rniczej zbierali\u015bmy podpisy pod listami poparcia dla kandydatury Prezydenta <strong>Andrzeja Dudy<\/strong>. <span class=\"_5mfr\"><span class=\"_6qdm\">&#x1f1f5;&#x1f1f1;<\/span><\/span> Dzi\u0119kujemy Pa\u0144stwu za merytoryczne rozmowy oraz liczne podpisy pod listami poparcia. <span class=\"_5mfr\"><span class=\"_6qdm\">&#x270d;&#x1f3fb;. Stolik <span style=\"color: #800080;\"><strong>PIS-u<\/strong><\/span> cieszy\u0142 si\u0119 du\u017cym zainteresowaniem i zdecydowanie wi\u0119kszo\u015b\u0107 wyborc\u00f3w ch\u0119tnie podpisywa\u0142a si\u0119 na listach poparcia dla Prezydenta <strong>A. Dudy<\/strong> (nie myli\u0107 z <strong>P. Dud\u0105<\/strong> z NSZZ Solidarno\u015b\u0107). \ud83d\ude42 .<\/span><\/span><br \/>\n<a href=\"http:\/\/grzegorzjaszczura.pl\/http:\/\/grzegorzjaszczura.pl\/wp-content\/uploads\/2020\/02\/IMG_20200220_140928.jpg\"><img loading=\"lazy\" decoding=\"async\" class=\"alignleft size-thumbnail wp-image-52075\" src=\"http:\/\/grzegorzjaszczura.pl\/http:\/\/grzegorzjaszczura.pl\/wp-content\/uploads\/2020\/02\/IMG_20200220_140928-150x150.jpg\" alt=\"\" width=\"150\" height=\"150\" \/><\/a>Osoby zainteresowane udzieleniem poparcia Prezydentowi <strong>Andrzejowi Dudzie<\/strong> serdecznie zapraszam w imieniu Pana Pos\u0142a <strong>R. Warwasa<\/strong> do jego biura w D\u0105browie G\u00f3rniczej przy ul. 3 Maja 32\/9.<br \/>\n<a class=\"_58cn\" href=\"https:\/\/www.facebook.com\/hashtag\/damyrad\u0119?source=feed_text&amp;epa=HASHTAG&amp;__xts__%5B0%5D=68.ARAbljqhVAKSwshPzlIXyf-yUg7GU8kq13OraGLXyO_KZYjCY3DwYutwU5V1k0PN-tIaUuDPTkXNVAYpaG9ay8zRnTsS3CgqL9U_s3tikLMg3z675I-A_KtkmqgA0nuidA3TYcPuOnjTm49anzRgeHpYJwajzlxQJandjMp6wEM8-ceYB4RWy2F3jkUDlOPZLKwv5Pl9-2u7uPXs6I_rwEa2UHq1s0EzaR6ZVjEYdFpwjhWCgMwK7AHJEorpP9hjrtf27b8cAcvph50ZFzgOGIMI-S-izeqI6rLCsofjloimA-LT7g1s4NuZBNhfaq46i9IGVld2596r8wXlVxzF0Grgnw&amp;__tn__=%2ANK-R\" data-ft=\"{&quot;type&quot;:104,&quot;tn&quot;:&quot;*N&quot;}\"><span class=\"_5afx\"><span class=\"_58cl _5afz\" aria-label=\"znacznik #\">#<\/span><span class=\"_58cm\">DamyRad\u0119<\/span><\/span><\/a> <a class=\"_58cn\" href=\"https:\/\/www.facebook.com\/hashtag\/andrzejduda2020?source=feed_text&amp;epa=HASHTAG&amp;__xts__%5B0%5D=68.ARAbljqhVAKSwshPzlIXyf-yUg7GU8kq13OraGLXyO_KZYjCY3DwYutwU5V1k0PN-tIaUuDPTkXNVAYpaG9ay8zRnTsS3CgqL9U_s3tikLMg3z675I-A_KtkmqgA0nuidA3TYcPuOnjTm49anzRgeHpYJwajzlxQJandjMp6wEM8-ceYB4RWy2F3jkUDlOPZLKwv5Pl9-2u7uPXs6I_rwEa2UHq1s0EzaR6ZVjEYdFpwjhWCgMwK7AHJEorpP9hjrtf27b8cAcvph50ZFzgOGIMI-S-izeqI6rLCsofjloimA-LT7g1s4NuZBNhfaq46i9IGVld2596r8wXlVxzF0Grgnw&amp;__tn__=%2ANK-R\" data-ft=\"{&quot;type&quot;:104,&quot;tn&quot;:&quot;*N&quot;}\"><span class=\"_5afx\"><span class=\"_58cl _5afz\" aria-label=\"znacznik #\">#<\/span><span class=\"_58cm\">AndrzejDuda2020<\/span><\/span><\/a> <a class=\"_58cn\" href=\"https:\/\/www.facebook.com\/hashtag\/duda2020?source=feed_text&amp;epa=HASHTAG&amp;__xts__%5B0%5D=68.ARAbljqhVAKSwshPzlIXyf-yUg7GU8kq13OraGLXyO_KZYjCY3DwYutwU5V1k0PN-tIaUuDPTkXNVAYpaG9ay8zRnTsS3CgqL9U_s3tikLMg3z675I-A_KtkmqgA0nuidA3TYcPuOnjTm49anzRgeHpYJwajzlxQJandjMp6wEM8-ceYB4RWy2F3jkUDlOPZLKwv5Pl9-2u7uPXs6I_rwEa2UHq1s0EzaR6ZVjEYdFpwjhWCgMwK7AHJEorpP9hjrtf27b8cAcvph50ZFzgOGIMI-S-izeqI6rLCsofjloimA-LT7g1s4NuZBNhfaq46i9IGVld2596r8wXlVxzF0Grgnw&amp;__tn__=%2ANK-R\" data-ft=\"{&quot;type&quot;:104,&quot;tn&quot;:&quot;*N&quot;}\"><span class=\"_5afx\"><span class=\"_58cl _5afz\" aria-label=\"znacznik #\">#<\/span><span class=\"_58cm\">Duda2020<\/span><\/span><\/a> <a class=\"_58cn\" href=\"https:\/\/www.facebook.com\/hashtag\/wyboryprezydenckie2020?source=feed_text&amp;epa=HASHTAG&amp;__xts__%5B0%5D=68.ARAbljqhVAKSwshPzlIXyf-yUg7GU8kq13OraGLXyO_KZYjCY3DwYutwU5V1k0PN-tIaUuDPTkXNVAYpaG9ay8zRnTsS3CgqL9U_s3tikLMg3z675I-A_KtkmqgA0nuidA3TYcPuOnjTm49anzRgeHpYJwajzlxQJandjMp6wEM8-ceYB4RWy2F3jkUDlOPZLKwv5Pl9-2u7uPXs6I_rwEa2UHq1s0EzaR6ZVjEYdFpwjhWCgMwK7AHJEorpP9hjrtf27b8cAcvph50ZFzgOGIMI-S-izeqI6rLCsofjloimA-LT7g1s4NuZBNhfaq46i9IGVld2596r8wXlVxzF0Grgnw&amp;__tn__=%2ANK-R\" data-ft=\"{&quot;type&quot;:104,&quot;tn&quot;:&quot;*N&quot;}\"><span class=\"_5afx\"><span class=\"_58cl _5afz\" aria-label=\"znacznik #\">#<\/span><span class=\"_58cm\">WyboryPrezydenckie2020<\/span><\/span><\/a> <a class=\"_58cn\" href=\"https:\/\/www.facebook.com\/hashtag\/2kadencjaad?source=feed_text&amp;epa=HASHTAG&amp;__xts__%5B0%5D=68.ARAbljqhVAKSwshPzlIXyf-yUg7GU8kq13OraGLXyO_KZYjCY3DwYutwU5V1k0PN-tIaUuDPTkXNVAYpaG9ay8zRnTsS3CgqL9U_s3tikLMg3z675I-A_KtkmqgA0nuidA3TYcPuOnjTm49anzRgeHpYJwajzlxQJandjMp6wEM8-ceYB4RWy2F3jkUDlOPZLKwv5Pl9-2u7uPXs6I_rwEa2UHq1s0EzaR6ZVjEYdFpwjhWCgMwK7AHJEorpP9hjrtf27b8cAcvph50ZFzgOGIMI-S-izeqI6rLCsofjloimA-LT7g1s4NuZBNhfaq46i9IGVld2596r8wXlVxzF0Grgnw&amp;__tn__=%2ANK-R\" data-ft=\"{&quot;type&quot;:104,&quot;tn&quot;:&quot;*N&quot;}\"><span class=\"_5afx\"><span class=\"_58cl _5afz\" aria-label=\"znacznik #\">#<\/span><span class=\"_58cm\">2KadencjaAD<\/span><\/span><\/a> <a class=\"profileLink\" title=\"Robert Warwas\" href=\"https:\/\/www.facebook.com\/robert.warwas?__tn__=K-R&amp;eid=ARDxHOoXde55qXMd9-7o7qCR2X5EeJS_NgUyfaXITPqs4G-ySrQO_hy4WNAA5C8j7tz96s-UI0tpGAo5&amp;fref=mentions&amp;__xts__%5B0%5D=68.ARAbljqhVAKSwshPzlIXyf-yUg7GU8kq13OraGLXyO_KZYjCY3DwYutwU5V1k0PN-tIaUuDPTkXNVAYpaG9ay8zRnTsS3CgqL9U_s3tikLMg3z675I-A_KtkmqgA0nuidA3TYcPuOnjTm49anzRgeHpYJwajzlxQJandjMp6wEM8-ceYB4RWy2F3jkUDlOPZLKwv5Pl9-2u7uPXs6I_rwEa2UHq1s0EzaR6ZVjEYdFpwjhWCgMwK7AHJEorpP9hjrtf27b8cAcvph50ZFzgOGIMI-S-izeqI6rLCsofjloimA-LT7g1s4NuZBNhfaq46i9IGVld2596r8wXlVxzF0Grgnw\" data-hovercard=\"\/ajax\/hovercard\/user.php?id=100001706720347&amp;extragetparams=%7B%22__tn__%22%3A%22%2CdK-R-R%22%2C%22eid%22%3A%22ARDxHOoXde55qXMd9-7o7qCR2X5EeJS_NgUyfaXITPqs4G-ySrQO_hy4WNAA5C8j7tz96s-UI0tpGAo5%22%2C%22fref%22%3A%22mentions%22%7D\" data-hovercard-prefer-more-content-show=\"1\">Robert Warwas<\/a> <a class=\"profileLink\" href=\"https:\/\/www.facebook.com\/prezydentpl\/?__tn__=K-R&amp;eid=ARBzEb1idKvEwqbmmhiUQZ4oGM5B-_aoynz4-6gPCo83XOTw1GlH48yg5B8Z3R-AuQEwGt7CZJGxn98S&amp;fref=mentions&amp;__xts__%5B0%5D=68.ARAbljqhVAKSwshPzlIXyf-yUg7GU8kq13OraGLXyO_KZYjCY3DwYutwU5V1k0PN-tIaUuDPTkXNVAYpaG9ay8zRnTsS3CgqL9U_s3tikLMg3z675I-A_KtkmqgA0nuidA3TYcPuOnjTm49anzRgeHpYJwajzlxQJandjMp6wEM8-ceYB4RWy2F3jkUDlOPZLKwv5Pl9-2u7uPXs6I_rwEa2UHq1s0EzaR6ZVjEYdFpwjhWCgMwK7AHJEorpP9hjrtf27b8cAcvph50ZFzgOGIMI-S-izeqI6rLCsofjloimA-LT7g1s4NuZBNhfaq46i9IGVld2596r8wXlVxzF0Grgnw\" data-hovercard=\"\/ajax\/hovercard\/page.php?id=112191058856046&amp;extragetparams=%7B%22__tn__%22%3A%22%2CdK-R-R%22%2C%22eid%22%3A%22ARBzEb1idKvEwqbmmhiUQZ4oGM5B-_aoynz4-6gPCo83XOTw1GlH48yg5B8Z3R-AuQEwGt7CZJGxn98S%22%2C%22fref%22%3A%22mentions%22%7D\" data-hovercard-prefer-more-content-show=\"1\">Kancelaria Prezydenta RP<\/a><\/p>\n<p style=\"text-align: justify;\"><strong>Z g\u00f3ry serdecznie dzi\u0119kujemy! \ud83d\ude42 \ud83d\ude42 \ud83d\ude42<br \/>\n<\/strong><\/p>\n<p><a href=\"http:\/\/grzegorzjaszczura.pl\/http:\/\/grzegorzjaszczura.pl\/wp-content\/uploads\/2020\/02\/IMG_20200220_150225.jpg\"><img loading=\"lazy\" decoding=\"async\" class=\"alignleft size-thumbnail wp-image-52079\" src=\"http:\/\/grzegorzjaszczura.pl\/http:\/\/grzegorzjaszczura.pl\/wp-content\/uploads\/2020\/02\/IMG_20200220_150225-150x150.jpg\" alt=\"\" width=\"150\" height=\"150\" \/><\/a><a href=\"http:\/\/grzegorzjaszczura.pl\/http:\/\/grzegorzjaszczura.pl\/wp-content\/uploads\/2020\/02\/IMG_20200220_140756.jpg\"><img loading=\"lazy\" decoding=\"async\" class=\"alignleft size-thumbnail wp-image-52077\" src=\"http:\/\/grzegorzjaszczura.pl\/http:\/\/grzegorzjaszczura.pl\/wp-content\/uploads\/2020\/02\/IMG_20200220_140756-150x150.jpg\" alt=\"\" width=\"150\" height=\"150\" \/><\/a><\/p>\n","protected":false},"excerpt":{"rendered":"<p>Tym razem wybory prezydenckie. Jako\u015b tak jest, \u017ce politycy staraj\u0105 si\u0119 zadba\u0107 o prac\u0119 dla siebie. Dzi\u0119ki temu trudno im zarzuci\u0107, \u017ce si\u0119 leni\u0105. \ud83d\ude42 . Ale powstaje u mnie pytanie, kiedy pracuj\u0105 merytorycznie w tej istniej\u0105cej demokracji dla niby swoich wyborc\u00f3w, konkretnie nad ich problemami? Tym bardziej, \u017ce jeszcze trzeba si\u0119 &#8222;k\u0142\u00f3ci\u0107&#8221; z tzw. [&hellip;]<\/p>\n","protected":false},"author":2,"featured_media":0,"comment_status":"open","ping_status":"open","sticky":false,"template":"","format":"standard","meta":{"_monsterinsights_skip_tracking":false,"_monsterinsights_sitenote_active":false,"_monsterinsights_sitenote_note":"","_monsterinsights_sitenote_category":0,"footnotes":""},"categories":[3],"tags":[],"class_list":["post-52040","post","type-post","status-publish","format-standard","hentry","category-polityczne"],"_links":{"self":[{"href":"https:\/\/grzegorzjaszczura.pl\/index.php?rest_route=\/wp\/v2\/posts\/52040","targetHints":{"allow":["GET"]}}],"collection":[{"href":"https:\/\/grzegorzjaszczura.pl\/index.php?rest_route=\/wp\/v2\/posts"}],"about":[{"href":"https:\/\/grzegorzjaszczura.pl\/index.php?rest_route=\/wp\/v2\/types\/post"}],"author":[{"embeddable":true,"href":"https:\/\/grzegorzjaszczura.pl\/index.php?rest_route=\/wp\/v2\/users\/2"}],"replies":[{"embeddable":true,"href":"https:\/\/grzegorzjaszczura.pl\/index.php?rest_route=%2Fwp%2Fv2%2Fcomments&post=52040"}],"version-history":[{"count":37,"href":"https:\/\/grzegorzjaszczura.pl\/index.php?rest_route=\/wp\/v2\/posts\/52040\/revisions"}],"predecessor-version":[{"id":52085,"href":"https:\/\/grzegorzjaszczura.pl\/index.php?rest_route=\/wp\/v2\/posts\/52040\/revisions\/52085"}],"wp:attachment":[{"href":"https:\/\/grzegorzjaszczura.pl\/index.php?rest_route=%2Fwp%2Fv2%2Fmedia&parent=52040"}],"wp:term":[{"taxonomy":"category","embeddable":true,"href":"https:\/\/grzegorzjaszczura.pl\/index.php?rest_route=%2Fwp%2Fv2%2Fcategories&post=52040"},{"taxonomy":"post_tag","embeddable":true,"href":"https:\/\/grzegorzjaszczura.pl\/index.php?rest_route=%2Fwp%2Fv2%2Ftags&post=52040"}],"curies":[{"name":"wp","href":"https:\/\/api.w.org\/{rel}","templated":true}]}}