{"id":59136,"date":"2022-02-11T10:25:15","date_gmt":"2022-02-11T09:25:15","guid":{"rendered":"http:\/\/grzegorzjaszczura.pl\/?p=59136"},"modified":"2022-02-15T08:06:41","modified_gmt":"2022-02-15T07:06:41","slug":"klakierzy-pana-prezydenta-cz-1","status":"publish","type":"post","link":"https:\/\/grzegorzjaszczura.pl\/?p=59136","title":{"rendered":"&#8222;Klakierzy&#8221; Pana Prezydenta, cz. 1"},"content":{"rendered":"<p style=\"text-align: justify;\"><strong><a href=\"http:\/\/grzegorzjaszczura.pl\/http:\/\/grzegorzjaszczura.pl\/wp-content\/uploads\/2022\/02\/sala-sesyjna-1.jpg\"><img loading=\"lazy\" decoding=\"async\" class=\"alignnone size-thumbnail wp-image-59149\" src=\"http:\/\/grzegorzjaszczura.pl\/http:\/\/grzegorzjaszczura.pl\/wp-content\/uploads\/2022\/02\/sala-sesyjna-1-150x150.jpg\" alt=\"\" width=\"150\" height=\"150\" \/><\/a>Jest ich multum.<\/strong> Dlatego zastanawiam si\u0119 od kogo zacz\u0105\u0107? My\u015bl\u0119, \u017ce jednak w kontek\u015bcie ostatnich komisji i sesji na uwag\u0119 zas\u0142uguj\u0105 kobiety. Tylko \u017cebym przypadkiem nie zosta\u0142 oskar\u017cony przez lewactwo o jaki\u015b seksizm. Dla nich ka\u017cdy pow\u00f3d do tego jest pewnie dobry.<!--more--><\/p>\n<p style=\"text-align: justify;\"><a href=\"http:\/\/grzegorzjaszczura.pl\/http:\/\/grzegorzjaszczura.pl\/wp-content\/uploads\/2022\/02\/IMG_20210621_080437.jpg\"><img loading=\"lazy\" decoding=\"async\" class=\"alignnone size-thumbnail wp-image-59170\" src=\"http:\/\/grzegorzjaszczura.pl\/http:\/\/grzegorzjaszczura.pl\/wp-content\/uploads\/2022\/02\/IMG_20210621_080437-150x150.jpg\" alt=\"\" width=\"150\" height=\"150\" \/><\/a>Pani II Wiceprezydent <strong>B. Borowiec<\/strong> (<strong><span style=\"color: #ff0000;\">SLD<\/span>, <span style=\"color: #ff0000;\">Nowa Lewica<\/span><\/strong>) w ciemno wspiera prezydenta. Wg mnie ma ku temu powody, raz, \u017ce to Pan Prezydent zrobi\u0142 z niej wiceprezydenta, a dwa, \u017ce w \u015bwietle <a href=\"http:\/\/grzegorzjaszczura.pl\/?p=59033#more-59033\">&#8222;osi\u0105gni\u0119\u0107&#8221;<\/a> szpitala miejskiego <strong>ZCOSS<\/strong>, kt\u00f3ry jest w jej pionie urz\u0119dniczym, nadaje si\u0119 do zmiany. W ko\u0144cu kto\u015b b\u0119dzie musia\u0142 wzi\u0105\u0107 win\u0119 za sytuacj\u0119 w szpitalu, tym bardziej, je\u017celi si\u0119 za\u0142amie (ta sytuacja) jeszcze bardziej. Zwali\u0107 brak realizacji inwestycji budowy <strong>ZCO<\/strong> z 2013 r. bez zabezpieczenia finansowego na rz\u0105d <span style=\"color: #800080;\"><strong>PIS<\/strong>owski<\/span> b\u0119dzie trudne, aczkolwiek ws\u0142uchuj\u0105c si\u0119 w ich utopijn\u0105 retoryk\u0119 nie niemo\u017cliwe.<\/p>\n<p style=\"text-align: justify;\">Co prawda zawsze mo\u017cna wymieni\u0107 p.o. dyrektora szpitala (jak poprzednio <strong>Z. Grzywnowicza<\/strong> i <strong>Z. Podraz\u0119<\/strong>, o<strong> I. \u0141obejko<\/strong> <a href=\"http:\/\/grzegorzjaszczura.pl\/?p=53797#more-53797\">nie zapominaj\u0105c<\/a>), ale na razie Pan Prezydent za bardzo chwali aktualnego kierownika tego\u017c spzoz-u, \u017ceby w najbli\u017cszym czasie to uczyni\u0107. Ale pami\u0119taj\u0105c los poprzednik\u00f3w &#8211; nie zna on zwyczaju, \u017ce &#8222;o nieobecnych nie m\u00f3wi si\u0119 \u017ale&#8221;, czyli wszystko przed nami&#8230; A Pani <strong>B. Borowiec<\/strong> przed &#8222;zielon\u0105 trawk\u0105&#8221; nic na razie nie chroni.<\/p>\n<p style=\"text-align: justify;\"><a href=\"http:\/\/grzegorzjaszczura.pl\/http:\/\/grzegorzjaszczura.pl\/wp-content\/uploads\/2022\/02\/Wybory-w-DG_-groza-smiercia-i-spaleniem-majatku-kandydatowi-PiS-na-prezydenta-oraz-jego-wspolpracownikom-Rolowana-Dabrowa-Google-Chrome-09.02.2022-16_52_07.jpg\"><img loading=\"lazy\" decoding=\"async\" class=\"alignnone size-thumbnail wp-image-59154\" src=\"http:\/\/grzegorzjaszczura.pl\/http:\/\/grzegorzjaszczura.pl\/wp-content\/uploads\/2022\/02\/Wybory-w-DG_-groza-smiercia-i-spaleniem-majatku-kandydatowi-PiS-na-prezydenta-oraz-jego-wspolpracownikom-Rolowana-Dabrowa-Google-Chrome-09.02.2022-16_52_07-150x150.jpg\" alt=\"\" width=\"150\" height=\"150\" \/><\/a><a href=\"http:\/\/grzegorzjaszczura.pl\/http:\/\/grzegorzjaszczura.pl\/wp-content\/uploads\/2022\/02\/Wybory-w-DG_-groza-smiercia-i-spaleniem-majatku-kandydatowi-PiS-na-prezydenta-oraz-jego-wspolpracownikom-Rolowana-Dabrowa-Google-Chrome-09.02.2022-16_52_22.jpg\"><img loading=\"lazy\" decoding=\"async\" class=\"alignnone size-thumbnail wp-image-59156\" src=\"http:\/\/grzegorzjaszczura.pl\/http:\/\/grzegorzjaszczura.pl\/wp-content\/uploads\/2022\/02\/Wybory-w-DG_-groza-smiercia-i-spaleniem-majatku-kandydatowi-PiS-na-prezydenta-oraz-jego-wspolpracownikom-Rolowana-Dabrowa-Google-Chrome-09.02.2022-16_52_22-150x150.jpg\" alt=\"\" width=\"150\" height=\"150\" \/><\/a>Pani II-iej Wiceprezydent wt\u00f3ruje Pani Przewodnicz\u0105ca Komisji Ochrony Zdrowia i Pomocy Spo\u0142ecznej <strong>K. St\u0119pie\u0144<\/strong> (<strong><span style=\"color: #ff0000;\">UW<\/span>, <span style=\"color: #ff0000;\">SLD<\/span>, <span style=\"color: #ff0000;\">Nowa Lewica<\/span><\/strong>) &#8211; jedna z bohaterek pozbycia si\u0119 przez Gmin\u0119 w 1996 r. <strong>MPGK<\/strong> na rzecz niemieckiej <strong>ALBY<\/strong> za praktycznie bezcen i (jak stwierdzi\u0142a \u00f3wczesna Komisja Rewizyjna Rady Miejskiej) niezgodnie z prawem. Zawsze w kontrze do mojej skromnej osoby. Cechuje j\u0105 stosowanie jako argumentu, prawie, \u017ce niesko\u0144czonego potoku s\u0142\u00f3w, z kt\u00f3rych jak to u skrajnej lewicy niewiele wynika, opr\u00f3cz tego, \u017ce <span style=\"color: #800080;\"><strong>PIS<\/strong><\/span> jest winien i \u017ce b\u0119dzie lepiej jak b\u0119dzie po ichniemu. Wg niej tylko jeden radny jest z\u0142y i przeszkadza osi\u0105gni\u0119ciu tej ich lewicowej utopii, zreszt\u0105 w dowolnym temacie. <strong>Tym radnym jestem ja. Mog\u0119 by\u0107 tylko dumny z tego powodu.<br \/>\n<\/strong><\/p>\n<p style=\"text-align: justify;\"><a href=\"http:\/\/grzegorzjaszczura.pl\/http:\/\/grzegorzjaszczura.pl\/wp-content\/uploads\/2022\/02\/Przechwytywanie-2.jpg\"><img loading=\"lazy\" decoding=\"async\" class=\"alignnone size-thumbnail wp-image-59147\" src=\"http:\/\/grzegorzjaszczura.pl\/http:\/\/grzegorzjaszczura.pl\/wp-content\/uploads\/2022\/02\/Przechwytywanie-2-150x150.jpg\" alt=\"\" width=\"150\" height=\"150\" \/><\/a>Pani <strong>Skarbnik Miasta<\/strong> nie tyle lubi chwali\u0107 Pana Prezydenta, co wg mnie sama lubi by\u0107 chwalona i tu znowu wszystko rozbija si\u0119 o mnie, bo ja jej nie chwal\u0119&#8230; Nawet pozwoli\u0142em sobie j\u0105 skrytykowa\u0107 za <a href=\"http:\/\/grzegorzjaszczura.pl\/?p=58669#more-58669\">&#8222;zgubione&#8221;<\/a> kilka milion\u00f3w w <strong>WPF-ie<\/strong> na lata 2022-2025 z przedsi\u0119wzi\u0119cia <em>&#8222;ZCO &#8211; realizacja I i II etapu&#8221;<\/em>. Chocia\u017c w\u0142a\u015bciwie to prezentuje to Pan Prezydent. Na proste wydawa\u0142oby si\u0119 pytanie o przeznaczone pieni\u0105dze na przedsi\u0119wzi\u0119cie <em>&#8222;ZCO &#8211; realizacja I i II etapu&#8221;<\/em>, w rozdzieleniu od pozosta\u0142ych wydatk\u00f3w na szpital <strong>ZCOSS<\/strong> im. S. Starkiewicza, na odpowied\u017a czeka\u0142em i czeka\u0142em. Wysz\u0142o, \u017ce w latach 2020-2021 przeznaczono z bud\u017cetu Gminy na ZCO-etap I i II:<span style=\"color: #ff0000;\"> <strong>0,00 z\u0142<\/strong><\/span> i mo\u017ce dlatego tak ci\u0119\u017cko mi by\u0142o wyegzekwowa\u0107 odpowied\u017a? Pieni\u0105dze mia\u0142y, jak zrozumia\u0142em Pani\u0105 Skarbnik na sesji grudniowej, powr\u00f3ci\u0107 do<strong> WPF<\/strong> po nowym roku, ale chwilowo ich tam nie wida\u0107. <a href=\"http:\/\/grzegorzjaszczura.pl\/?p=58949#more-58949\">Zobacz tak\u017ce.<\/a><\/p>\n<p style=\"text-align: justify;\"><a href=\"http:\/\/grzegorzjaszczura.pl\/http:\/\/grzegorzjaszczura.pl\/wp-content\/uploads\/2022\/02\/IMG_20220203_102050413_HDR.jpg\"><img loading=\"lazy\" decoding=\"async\" class=\"alignnone size-thumbnail wp-image-59177\" src=\"http:\/\/grzegorzjaszczura.pl\/http:\/\/grzegorzjaszczura.pl\/wp-content\/uploads\/2022\/02\/IMG_20220203_102050413_HDR-150x150.jpg\" alt=\"\" width=\"150\" height=\"150\" \/><\/a><span style=\"color: #ff0000;\">Platformiarze<\/span> klakieruj\u0105 Panu Prezydentowi, bo &#8222;rz\u0105dz\u0105&#8221; sobie w szpitalu i nie tylko (zreszt\u0105 lista gminnych &#8222;s\u0142oik\u00f3w miodu&#8221; w sp\u00f3\u0142kach prawa handlowego i instytucjach jest w D\u0105browie G\u00f3rniczej d\u0142uga), pilnuj\u0105c swoich i swoich bliskich synekur. A czas p\u0142ynie. Przed wyborami pewnie zmieni\u0105 polityk\u0119. Obecnie prezentuj\u0105 poziom przybud\u00f3wki <span style=\"color: #ff0000;\">SLD-Nowej Lewicy<\/span> w D\u0105browie G\u00f3rniczej, czyli <span style=\"color: #ff0000;\"><strong>TPDG<\/strong><\/span>. Kiedy\u015b byli chyba m\u0142odsi, energiczniejsi i mieli swoje zdanie? Ale to ju\u017c historia. <a href=\"http:\/\/grzegorzjaszczura.pl\/http:\/\/grzegorzjaszczura.pl\/wp-content\/uploads\/2022\/02\/kod-biuro-warwasa.jpg\"><img loading=\"lazy\" decoding=\"async\" class=\"alignnone size-thumbnail wp-image-59120\" src=\"http:\/\/grzegorzjaszczura.pl\/http:\/\/grzegorzjaszczura.pl\/wp-content\/uploads\/2022\/02\/kod-biuro-warwasa-150x150.jpg\" alt=\"\" width=\"150\" height=\"150\" \/><\/a><a href=\"http:\/\/grzegorzjaszczura.pl\/http:\/\/grzegorzjaszczura.pl\/wp-content\/uploads\/2022\/02\/Przechwytywanie.jpg\"><img loading=\"lazy\" decoding=\"async\" class=\"alignnone size-thumbnail wp-image-59141\" src=\"http:\/\/grzegorzjaszczura.pl\/http:\/\/grzegorzjaszczura.pl\/wp-content\/uploads\/2022\/02\/Przechwytywanie-150x150.jpg\" alt=\"\" width=\"150\" height=\"150\" \/><\/a>Najgorsze z punktu widzenia Polak\u00f3w to moim zdaniem to, \u017ce ta polityka bez programu (polityka <span style=\"color: #ff0000;\">antyPisu<\/span>) doprowadzi do przej\u0119cia przez nich w\u0142adzy w kraju. W <strong>D\u0105browie G.<\/strong> nie, poniewa\u017c tu w\u0142adza jest lewicy od 100. lat i nie widz\u0119 szans przy tym elektoracie jej zmiany.<\/p>\n<p style=\"text-align: justify;\"><a href=\"http:\/\/grzegorzjaszczura.pl\/http:\/\/grzegorzjaszczura.pl\/wp-content\/uploads\/2022\/02\/ruch-palikota.jpg\"><img loading=\"lazy\" decoding=\"async\" class=\"alignnone size-thumbnail wp-image-59122\" src=\"http:\/\/grzegorzjaszczura.pl\/http:\/\/grzegorzjaszczura.pl\/wp-content\/uploads\/2022\/02\/ruch-palikota-150x150.jpg\" alt=\"\" width=\"150\" height=\"150\" \/><\/a>Jeszcze o &#8222;prawej r\u0119ce&#8221; Pana Prezydenta (z politycznego punktu widzenia zreszt\u0105 lewej), czyli radnym <strong>K. Dybichu<\/strong> (<strong><span style=\"color: #ff0000;\">Ruch Palikota<\/span>, <span style=\"color: #ff0000;\">SLD<\/span>, <span style=\"color: #ff0000;\">Nowa Lewica<\/span><\/strong>), b\u0119d\u0105cy przyk\u0142adem wspania\u0142ej kariery, od podrz\u0119dnego urz\u0119dnika do dyrektora (z-cy) MOPS-u (u kolegi Pana Prezydenta <strong>\u0141. Komoniewskiego<\/strong> w B\u0119dzinie) W klaskaniu, je\u017celi kto\u015b ma takie zap\u0119dy i ch\u0119ci powinien z niego bra\u0107 przyk\u0142ad. Potok s\u0142\u00f3w zbli\u017cony do radnej <strong>K. St\u0119pie\u0144<\/strong>, wr\u0119cz niesko\u0144czony, ale merytoryki mo\u017cna szuka\u0107 i nie znale\u017a\u0107. <strong>Uwielbia mnie obra\u017ca\u0107 i pomawia\u0107.<\/strong> Nie mam poj\u0119cia dlaczego! (oczywi\u015bcie taki \u017cart). <a href=\"http:\/\/grzegorzjaszczura.pl\/http:\/\/grzegorzjaszczura.pl\/wp-content\/uploads\/2022\/02\/Wybory-w-DG_-groza-smiercia-i-spaleniem-majatku-kandydatowi-PiS-na-prezydenta-oraz-jego-wspolpracownikom-Rolowana-Dabrowa-Google-Chrome-09.02.2022-16_55_34.png\"><img loading=\"lazy\" decoding=\"async\" class=\"alignnone size-thumbnail wp-image-59158\" src=\"http:\/\/grzegorzjaszczura.pl\/http:\/\/grzegorzjaszczura.pl\/wp-content\/uploads\/2022\/02\/Wybory-w-DG_-groza-smiercia-i-spaleniem-majatku-kandydatowi-PiS-na-prezydenta-oraz-jego-wspolpracownikom-Rolowana-Dabrowa-Google-Chrome-09.02.2022-16_55_34-150x150.png\" alt=\"\" width=\"150\" height=\"150\" \/><\/a>Bardzo zas\u0142u\u017cony we wspieraniu Pana Prezydenta i oddany wg mnie od czas\u00f3w ostatnich wybor\u00f3w i afer zwi\u0105zanych tak\u017ce ze straszeniem, m.in. mnie \u015bmierci\u0105 i spaleniem przez jakiego\u015b lewaka, a mo\u017ce tylko mi si\u0119 tak wydaje. Prolewacka <a href=\"http:\/\/grzegorzjaszczura.pl\/?p=33076#more-33076\">Policja d\u0105browska<\/a> oczywi\u015bcie bezsilna, jak zawsze w tego typu wypadkach.<\/p>\n<p style=\"text-align: justify;\"><a href=\"http:\/\/grzegorzjaszczura.pl\/http:\/\/grzegorzjaszczura.pl\/wp-content\/uploads\/2022\/02\/Dybich-z-Walesa.jpg\"><img loading=\"lazy\" decoding=\"async\" class=\"alignnone size-thumbnail wp-image-59123\" src=\"http:\/\/grzegorzjaszczura.pl\/http:\/\/grzegorzjaszczura.pl\/wp-content\/uploads\/2022\/02\/Dybich-z-Walesa-150x150.jpg\" alt=\"\" width=\"150\" height=\"150\" \/><\/a>Radny<strong> K. Dybich<\/strong> ws\u0142awi\u0142 si\u0119 g\u0142osowaniem za k\u0142amstwami zawartymi w sprawozdaniu finansowym-informacji dodatkowej szpitala <strong>ZCOSS<\/strong> (wraz ze swoimi kole\u017cankami z Rady Spo\u0142ecznej), obci\u0105\u017caj\u0105cymi Rad\u0119 Miejsk\u0105 win\u0105 za &#8222;<em><strong>brak woli Podmiotu Tworz\u0105cego por\u0119czenia kredytu <\/strong><\/em><em>na restrukturyzacj\u0119 zad\u0142u\u017cenia oraz na doko\u0144czenie rozpocz\u0119tej inwestycji budowy o\u015brodka onkologicznego&#8221; <\/em>dla szpitala &#8211; gdy nic takiego nie mia\u0142o miejsca! Po mojej interwencji na komisji zmieniono wtedy tre\u015b\u0107 sprawozdania finansowego! (informacji dodatkowej). Zreszt\u0105 g\u0142osowa\u0142 tak wraz z kole\u017cankami z koalicji <strong><span style=\"color: #ff0000;\">SLD-PO-KO<\/span> <\/strong>radnymi <strong>K. St\u0119pie\u0144<\/strong> i <strong>M. Miczko.<\/strong> A ju\u017c jako radni musieli zag\u0142osowa\u0107 inaczej, wstyd. Zobacz koniecznie: <a href=\"http:\/\/grzegorzjaszczura.pl\/?p=49649#more-49649\">http:\/\/grzegorzjaszczura.pl\/?p=49649#more-49649<\/a>. <strong>To taka ciekawostka, jak oni reprezentuj\u0105 Podmiot Tworz\u0105cy w Radzie Spo\u0142ecznej szpitala.<\/strong> P\u00f3ki co Pan Prezydent ma pretensje jedynie do przedstawiciela Wojewody w Radzie Spo\u0142ecznej, czyli mnie, jakby nie maj\u0105c poj\u0119cia o kompetencjach cz\u0142onka Rady Spo\u0142ecznej zgodnie zreszt\u0105 z ustaw\u0105 o dzia\u0142alno\u015bci leczniczej. Dziwne braki w wiadomo\u015bciach, nazwa\u0142bym je wybi\u00f3rcze.<\/p>\n<p style=\"text-align: justify;\"><strong>Tak, ko\u0144cz\u0105c dzisiejszy odcinek. Niez\u0142ym klakierem dla Prezydenta jest te\u017c sam Pan Prezydent.<\/strong> Ale to normalne u w\u0142adzy.<\/p>\n<p style=\"text-align: justify;\"><strong>Co \u0142\u0105czy klakier\u00f3w?<\/strong> Oczywi\u015bcie pomijaj\u0105c, \u017ce to, co wynika z definicji, jest jeszcze jedno, nienawi\u015b\u0107 do mnie i do tego co m\u00f3wi\u0119 (to oczywi\u015bcie lokalnie). To taka miejscowa ich cecha. Chcieliby, \u017ceby komuna by\u0142a powszechna, stuprocentowa. Inne zdanie to mo\u017ce mie\u0107 tylko oszo\u0142om, pewnie te\u017c lewak faszysta czy tp. odmieniec; dziwne te\u017c, \u017ce komunista jest w porz\u0105dku. Widz\u0119 tu dok\u0142adne przeciwie\u0144stwo ich hase\u0142 z czarnych manifestacji czy te\u017c innych kolor\u00f3w, wg kt\u00f3rych ma by\u0107 wolno\u015b\u0107 i r\u00f3wno\u015b\u0107, etc. Przy okazji odpowiadam Panu radnemu <strong>R. Kazimirskiemu<\/strong>: II wojn\u0119 \u015bwiatow\u0105 wywo\u0142ali Niemcy, cz\u0142onkowie niemieckiej partii socjalistycznej (<span style=\"color: #ff0000;\"><strong>NSDAP<\/strong><\/span>). Czy socjali\u015bci s\u0105 nielewicowi, a mo\u017ce niemieccy socjali\u015bci byli nielewicowi? To ju\u017c niech ka\u017cdy sobie odpowie. Dzisiaj by\u0142o o lokalnych klakierach, a nie o wielkiej polityce.<\/p>\n<p style=\"text-align: justify;\">A, jeszcze jedno, pomin\u0105\u0142em klakier\u00f3w z <span style=\"color: #800080;\"><strong>PIS-u<\/strong><\/span>. Ale to nie zaj\u0105c.<\/p>\n","protected":false},"excerpt":{"rendered":"<p>Jest ich multum. Dlatego zastanawiam si\u0119 od kogo zacz\u0105\u0107? My\u015bl\u0119, \u017ce jednak w kontek\u015bcie ostatnich komisji i sesji na uwag\u0119 zas\u0142uguj\u0105 kobiety. Tylko \u017cebym przypadkiem nie zosta\u0142 oskar\u017cony przez lewactwo o jaki\u015b seksizm. Dla nich ka\u017cdy pow\u00f3d do tego jest pewnie dobry.<\/p>\n","protected":false},"author":2,"featured_media":0,"comment_status":"open","ping_status":"open","sticky":false,"template":"","format":"standard","meta":{"_monsterinsights_skip_tracking":false,"_monsterinsights_sitenote_active":false,"_monsterinsights_sitenote_note":"","_monsterinsights_sitenote_category":0,"footnotes":""},"categories":[3],"tags":[],"class_list":["post-59136","post","type-post","status-publish","format-standard","hentry","category-polityczne"],"_links":{"self":[{"href":"https:\/\/grzegorzjaszczura.pl\/index.php?rest_route=\/wp\/v2\/posts\/59136","targetHints":{"allow":["GET"]}}],"collection":[{"href":"https:\/\/grzegorzjaszczura.pl\/index.php?rest_route=\/wp\/v2\/posts"}],"about":[{"href":"https:\/\/grzegorzjaszczura.pl\/index.php?rest_route=\/wp\/v2\/types\/post"}],"author":[{"embeddable":true,"href":"https:\/\/grzegorzjaszczura.pl\/index.php?rest_route=\/wp\/v2\/users\/2"}],"replies":[{"embeddable":true,"href":"https:\/\/grzegorzjaszczura.pl\/index.php?rest_route=%2Fwp%2Fv2%2Fcomments&post=59136"}],"version-history":[{"count":36,"href":"https:\/\/grzegorzjaszczura.pl\/index.php?rest_route=\/wp\/v2\/posts\/59136\/revisions"}],"predecessor-version":[{"id":59206,"href":"https:\/\/grzegorzjaszczura.pl\/index.php?rest_route=\/wp\/v2\/posts\/59136\/revisions\/59206"}],"wp:attachment":[{"href":"https:\/\/grzegorzjaszczura.pl\/index.php?rest_route=%2Fwp%2Fv2%2Fmedia&parent=59136"}],"wp:term":[{"taxonomy":"category","embeddable":true,"href":"https:\/\/grzegorzjaszczura.pl\/index.php?rest_route=%2Fwp%2Fv2%2Fcategories&post=59136"},{"taxonomy":"post_tag","embeddable":true,"href":"https:\/\/grzegorzjaszczura.pl\/index.php?rest_route=%2Fwp%2Fv2%2Ftags&post=59136"}],"curies":[{"name":"wp","href":"https:\/\/api.w.org\/{rel}","templated":true}]}}