{"id":5940,"date":"2010-09-25T09:22:05","date_gmt":"2010-09-25T07:22:05","guid":{"rendered":"http:\/\/grzegorzjaszczura.pl\/?p=5940"},"modified":"2010-09-27T08:33:59","modified_gmt":"2010-09-27T06:33:59","slug":"lamanie-praw-mieszkancow-w-dabrowie-gorniczej","status":"publish","type":"post","link":"https:\/\/grzegorzjaszczura.pl\/?p=5940","title":{"rendered":"\u0142amanie praw mieszka\u0144c\u00f3w w D\u0105browie G\u00f3rniczej"},"content":{"rendered":"<p style=\"text-align: justify;\"><strong><a href=\"http:\/\/grzegorzjaszczura.pl\/http:\/\/grzegorzjaszczura.pl\/wp-content\/uploads\/2010\/09\/gabinet-przewodnicz\u0105cy-R.M..jpg\"><img loading=\"lazy\" decoding=\"async\" class=\"alignleft size-thumbnail wp-image-5975\" title=\"gabinet-przewodnicz\u0105cy R.M.\" src=\"http:\/\/grzegorzjaszczura.pl\/http:\/\/grzegorzjaszczura.pl\/wp-content\/uploads\/2010\/09\/gabinet-przewodnicz\u0105cy-R.M.-150x150.jpg\" alt=\"gabinet-przewodnicz\u0105cy R.M.\" width=\"150\" height=\"150\" \/><\/a>20 lat po restytucji Samorz\u0105dno\u015bci lokalnej, g\u0142\u00f3wnie jej <span style=\"color: #ff0000;\">lewicowi przedstawiciele <\/span>wychwalaj\u0105 swoje osi\u0105gni\u0119cia w tym zakresie, a jak by\u0142o i jest w rzeczywisto\u015bci w naszym mie\u015bcie przedstawi\u0142em w wyst\u0105pieniu na Sesji Nadzwyczajnej (26.05.2010 r.). Zobacz jeszcze raz: <a href=\"http:\/\/grzegorzjaszczura.pl\/?p=3503#more-3503\">http:\/\/grzegorzjaszczura.pl\/?p=3503#more-3503<\/a>. Szeroko rozpisa\u0142 si\u0119 o tym, w zwi\u0105zku z bie\u017c\u0105cymi wydarzeniami,<!--more--> tak\u017ce radny T. Pasek na swoim blogu. Przytocz\u0119 jego wywody, \u017ceby te\u017c pokaza\u0107, \u017ce nie jestem odosobniony w ocenie dzia\u0142a\u0144 w\u0142adz naszego miasta.<\/strong><\/p>\n<p style=\"text-align: justify;\"><em><span style=\"color: #0000ff;\"><a href=\"http:\/\/grzegorzjaszczura.pl\/http:\/\/grzegorzjaszczura.pl\/wp-content\/uploads\/2010\/09\/IMG_6577.jpg\"><img loading=\"lazy\" decoding=\"async\" class=\"alignleft size-thumbnail wp-image-5971\" title=\"IMG_6577\" src=\"http:\/\/grzegorzjaszczura.pl\/http:\/\/grzegorzjaszczura.pl\/wp-content\/uploads\/2010\/09\/IMG_6577-150x150.jpg\" alt=\"IMG_6577\" width=\"150\" height=\"150\" \/><\/a>&#8222;Nigdzie w Zag\u0142\u0119biu i nigdzie na \u015al\u0105sku, Rzecznik Praw Obywatelskich nie mia\u0142by tyle pracy, co w\u0142a\u015bnie tu&#8230; Chyba zaczn\u0119 lobbowa\u0107 na rzecz przeniesienia katowickiej delegatury Rzecznika Praw Obywatelskich do D\u0105browy G\u00f3rniczej&#8230; [&#8230;]<\/span><\/em><\/p>\n<p style=\"text-align: justify;\"><em><span style=\"color: #0000ff;\">Od kilku miesi\u0119cy, podczas sesji Rady Miejskiej, toczy si\u0119 b\u00f3j grupy  mieszka\u0144c\u00f3w o swobod\u0119 wyra\u017cania opinii na temat obecnych w\u0142adz miasta.  Najcz\u0119\u015bciej panowie sw\u00f3j os\u0105d manifestuj\u0105 na plakatach, kt\u00f3re mocuj\u0105 na  w\u0119dce.<\/span><\/em><\/p>\n<p style=\"text-align: justify;\"><em><span style=\"color: #0000ff;\"><a href=\"http:\/\/grzegorzjaszczura.pl\/http:\/\/grzegorzjaszczura.pl\/wp-content\/uploads\/2010\/09\/plakaty-2.jpg\"><img loading=\"lazy\" decoding=\"async\" class=\"alignleft size-thumbnail wp-image-5964\" title=\"plakaty (2)\" src=\"http:\/\/grzegorzjaszczura.pl\/http:\/\/grzegorzjaszczura.pl\/wp-content\/uploads\/2010\/09\/plakaty-2-150x150.jpg\" alt=\"plakaty (2)\" width=\"150\" height=\"150\" \/><\/a>Na jednej z sesji dosz\u0142o do skandalu. Szef d\u0105browskiej Stra\u017cy  Miejskiej (ubrany zreszt\u0105 po cywilnemu) nakaza\u0142 zwini\u0119cie plakatu, na  kt\u00f3rym nie by\u0142o nic, co mog\u0142oby obrazi\u0107 kogokolwiek. Ot, napis: &#8222;Miasto  pe\u0142ne tajemnic\u201d&#8230; Plakat nawi\u0105zywa\u0142 po prostu form\u0105 i tre\u015bci\u0105 do s\u0142ynnych billboard\u00f3w z  wizerunkiem prezydenta Zbigniewa Podrazy, za po\u015brednictwem kt\u00f3rych  zaprasza\u0142 mieszka\u0144c\u00f3w na spotkania.<\/span><\/em><\/p>\n<p style=\"text-align: justify;\"><em><span style=\"color: #0000ff;\">Szeroko na ten temat rozpisywa\u0142y si\u0119 media, bowiem na plakatach o  wiele wi\u0119cej by\u0142o samego prezydenta ni\u017c D\u0105browy G\u00f3rniczej, o kt\u00f3rej   rzekomo chcia\u0142 mieszka\u0144com opowiedzie\u0107. Dziwi mnie troch\u0119, \u017ce w\u0142a\u015bnie w momencie, gdy grupa mieszka\u0144c\u00f3w  rozwija\u0142a plakat, pani Agnieszce Pasternak, Przewodnicz\u0105cej Rady  Miejskiej pu\u015bci\u0142y nerwy. Dziwi mnie dlatego, \u017ce panowie swoje niezadowolenie manifestuj\u0105  podczas chyba ka\u017cdej sesji i wiele z ich plakat\u00f3w i napis\u00f3w mia\u0142o gorszy  wyd\u017awi\u0119k. Jak chocia\u017cby \u201eZagu\u0142a out\u201d czy \u201eZagu\u0142a z\u0142y polityk dla  D\u0105browy G\u00f3rniczej\u201d.<\/span><\/em><\/p>\n<p style=\"text-align: justify;\"><em><span style=\"color: #0000ff;\">No ale czara goryczy si\u0119 przela\u0142a akurat wtedy i nie by\u0142o ju\u017c ratunku dla plakat\u00f3w. W\u0142adzom pozosta\u0142 jeden tylko orzech do zgryzienia. Mianowicie, jak uzasadni\u0107 to, \u017ce zakazali czego\u015b, czego zakaza\u0107 nie mogli&#8230; Pani Pasternak podczas feralnej sesji wspomnia\u0142a co\u015b o jednolitym wystroju sali, kt\u00f3ry to wystr\u00f3j, rzekomo zak\u0142\u00f3ci\u0142 plakat.<\/span><\/em><\/p>\n<p style=\"text-align: justify;\"><em><span style=\"color: #0000ff;\">Potem (pewnie po g\u0142\u0119bszym namy\u015ble) si\u0119gn\u0119\u0142a po inny  argument&#8230; Haczyk! Jej zdaniem haczyk na w\u0119dce zagra\u017ca\u0142 bezpiecze\u0144stwu  os\u00f3b znajduj\u0105cych si\u0119 na sali.<\/span><\/em><\/p>\n<p style=\"text-align: justify;\"><em><span style=\"color: #0000ff;\">W ocenie mojej skromnej osoby, r\u00f3wnie niebezpieczny jest o\u0142\u00f3wek, a  nawet d\u0142ugopis, kt\u00f3ry czasem w r\u0119ce trzyma Pani Przewodnicz\u0105ca. A co  je\u015bli zn\u00f3w ponios\u0105 j\u0105 emocj\u0119, gestykulacja b\u0119dzie zbyt gwa\u0142towna?  Nieszcz\u0119\u015bcie gotowe!!!<\/span><\/em><\/p>\n<p style=\"text-align: justify;\"><em><span style=\"color: #0000ff;\"><a href=\"http:\/\/grzegorzjaszczura.pl\/http:\/\/grzegorzjaszczura.pl\/wp-content\/uploads\/2010\/09\/romanek-21.jpg\"><img loading=\"lazy\" decoding=\"async\" class=\"alignleft size-thumbnail wp-image-5966\" title=\"romanek (2)\" src=\"http:\/\/grzegorzjaszczura.pl\/http:\/\/grzegorzjaszczura.pl\/wp-content\/uploads\/2010\/09\/romanek-21-150x150.jpg\" alt=\"romanek (2)\" width=\"150\" height=\"150\" \/><\/a>Jedynym pozytywnym efektem tej przykrej sprawy, by\u0142 fakt, \u017ce  komendant Stra\u017cy Miejskiej zosta\u0142 zobligowany do pojawiania si\u0119 na sesji  w mundurze. Okaza\u0142o si\u0119 jednak, \u017ce zapa\u0142u starczy\u0142o mu na kr\u00f3tko. Po  wakacjach zn\u00f3w zobaczyli\u015bmy go w cywilnym ubraniu&#8230;<\/span><\/em><\/p>\n<p style=\"text-align: justify;\"><em><span style=\"color: #0000ff;\"><strong>W obronie mieszka\u0144c\u00f3w miasta stan\u0119\u0142a katowicka delegatura Rzecznika  Praw Obywatelskich.  RPO podkre\u015bla\u0142, \u017ce nie ma przepisu, kt\u00f3ry  zabrania\u0142by wnoszenia plakat\u00f3w na sesj\u0119, sama Pani Przewodnicz\u0105ca  zosta\u0142a za\u015b upomniana, by ze swoich uprawnie\u0144 korzysta\u0142a rozwa\u017cniej.<\/strong> Szczeg\u00f3\u0142owo na ten temat rozpisa\u0142 si\u0119 portal sosnowiec.info.pl. (<a href=\"http:\/\/www.sosnowiec.info.pl\/informacje\/dabrowa-gornicza\/rzecznik-praw-obywatelskich-staje-w-obronie-mieszkancow-dabrowy,1,4,17830\">http:\/\/www.sosnowiec.info.pl\/informacje\/dabrowa-gornicza\/rzecznik-praw-obywatelskich-staje-w-obronie-mieszkancow-dabrowy,1,4,17830<\/a>)<\/span><\/em><\/p>\n<p style=\"text-align: justify;\"><em><span style=\"color: #0000ff;\">O tym, \u017ce nerwowa atmosfera w magistracie si\u0119ga zenitu, a aktualna w\u0142adza ju\u017c nad niczym nie panuje wielokrotnie pisa\u0142em. Jednak ostatnio zdarzy\u0142 si\u0119 kolejny incydent, kt\u00f3ry nie do\u015b\u0107, \u017ce  \u015bwiadczy o kompletnym braku znajomo\u015bci prawa przez (jeszcze) rz\u0105dz\u0105cych,  to na dodatek jest kolejnym dowodem na to, jak bardzo prezydent i jego  gwardia marz\u0105 o tym, by mie\u0107 kontrol\u0119 nad wszystkim. Z mieszka\u0144cami  D\u0105browy G\u00f3rniczej na czele.<\/span><\/em><\/p>\n<p style=\"text-align: justify;\"><em><span style=\"color: #0000ff;\"><a href=\"http:\/\/grzegorzjaszczura.pl\/http:\/\/grzegorzjaszczura.pl\/wp-content\/uploads\/2010\/09\/2009.11.04-g\u0142osowanie-2-r\u0119ce-orpych.jpg\"><img loading=\"lazy\" decoding=\"async\" class=\"alignleft size-thumbnail wp-image-5978\" title=\"2009.11.04-g\u0142osowanie-2-r\u0119ce-orpych\" src=\"http:\/\/grzegorzjaszczura.pl\/http:\/\/grzegorzjaszczura.pl\/wp-content\/uploads\/2010\/09\/2009.11.04-g\u0142osowanie-2-r\u0119ce-orpych-150x150.jpg\" alt=\"2009.11.04-g\u0142osowanie-2-r\u0119ce-orpych\" width=\"150\" height=\"150\" \/><\/a>Ot\u00f3\u017c, do urz\u0119du uda\u0142 si\u0119 jeden z mieszka\u0144c\u00f3w naszego miasta. Znany  jest w\u015br\u00f3d bywalc\u00f3w sesji i niezbyt lubiany przez koalicyjnych  polityk\u00f3w. Pow\u00f3d tego jest prozaiczny. Pan ten zajmuje si\u0119  fotografowaniem m.in. sposobu g\u0142osowania  nad poszczeg\u00f3lnymi uchwa\u0142ami.<\/span><\/em><\/p>\n<p style=\"text-align: justify;\"><em><span style=\"color: #0000ff;\"><a href=\"http:\/\/grzegorzjaszczura.pl\/http:\/\/grzegorzjaszczura.pl\/wp-content\/uploads\/2010\/09\/20100414151.jpg\"><img loading=\"lazy\" decoding=\"async\" class=\"alignleft size-thumbnail wp-image-5968\" title=\"20100414151\" src=\"http:\/\/grzegorzjaszczura.pl\/http:\/\/grzegorzjaszczura.pl\/wp-content\/uploads\/2010\/09\/20100414151-150x150.jpg\" alt=\"20100414151\" width=\"150\" height=\"150\" \/><\/a>W Urz\u0119dzie Miejskim zjawi\u0142 si\u0119 oczywi\u015bcie z aparatem fotograficznym .  Tym razem jednak skierowa\u0142 go w stron\u0119 wci\u0105\u017c koczuj\u0105cych tam pa\u0144  salowych. Rzecz jasna &#8211; nie mia\u0142y nic przeciwko. Zbulwersowani tym faktem byli jednak ochroniarze i stanowczo  za\u017c\u0105dali zaprzestania robienia zdj\u0119\u0107. <strong>Zdezorientowany mieszkaniec, kt\u00f3ry  jeszcze kilka sekund wcze\u015bniej by\u0142 przekonany, \u017ce znajduje si\u0119 w  miejscu publicznym , a nie na prywatnym folwarku &#8211; opu\u015bci\u0142 magistrat.<\/strong><\/span><\/em><\/p>\n<p style=\"text-align: justify;\"><em><span style=\"color: #0000ff;\">Tymczasem okaza\u0142o si\u0119, \u017ce historia mia\u0142a ci\u0105g dalszy. Na jednym z  d\u0105browskich for\u00f3w internetowych ukaza\u0142 si\u0119 wpis zbulwersowanego  internauty, kt\u00f3ry by\u0142 \u015bwiadkiem ca\u0142ego zdarzenia. On r\u00f3wnie\u017c nie m\u00f3g\u0142 wyj\u015b\u0107 ze zdumienia, \u017ce w Urz\u0119dzie fotografowa\u0107  nie wolno.Ostatecznie po awanturze, dosta\u0142 na to zezwolenie, ale  &#8211; jak  relacjonuje \u2013 straci\u0142 ju\u017c na fotografowanie ochot\u0119.<\/span><\/em><\/p>\n<p style=\"text-align: justify;\"><em><span style=\"color: #0000ff;\">Plakaty \u2013 nie, zdj\u0119cia \u2013 nie&#8230; <strong>Mo\u017ce doczekamy jeszcze chwil, \u017ce  urz\u0119dnicy  za\u017c\u0105daj\u0105 ode mnie i np. od radnego Grzegorza Jaszczury, kt\u00f3ry  konsekwentnie punktuje ich od d\u0142u\u017cszego czasu, aby\u015bmy przed publikacj\u0105  naszych tekst\u00f3w przesy\u0142ali im je do akceptacji?<\/strong><\/span><\/em><\/p>\n<p style=\"text-align: justify;\"><em><span style=\"color: #0000ff;\"><strong>Swoj\u0105 drog\u0105 ciekawe czy to rozwi\u0105zanie ju\u017c nie funkcjonuje w stosunku do kilku dziennikarzy&#8230;?<br \/>\n<\/strong><\/span><\/em><\/p>\n<p style=\"text-align: justify;\"><em><span style=\"color: #0000ff;\"><strong>Smutne czasy nasta\u0142y w D\u0105browie G\u00f3rniczej. Na szcz\u0119\u015bcie przed nami jeszcze tylko dwa miesi\u0105ce.&#8221;<\/strong><\/span><\/em><\/p>\n<p style=\"text-align: justify;\"><strong><span style=\"color: #000000;\">Dla por\u00f3wnania mo\u017cesz przeczyta\u0107 m\u00f3j opis tej wspomnianej przez radnego T. Paska burzliwej i przynosz\u0105cej <\/span><span style=\"color: #0000ff;\"><span style=\"color: #000000;\"> wstyd wszystkim radnym, kt\u00f3rzy nie wstawili si\u0119 za przestrzeganiem praw cz\u0142owieka wobec Mieszka\u0144ca naszego Miasta, przez Przewodnicz\u0105cego Rady Miasta i ca\u0142y zarz\u0105d Rady Miasta: <\/span><\/span><\/strong><a href=\"http:\/\/grzegorzjaszczura.pl\/?p=1751#more-1751\">http:\/\/grzegorzjaszczura.pl\/?p=1751#more-1751<\/a>.<\/p>\n<p style=\"text-align: justify;\"><strong>Portal zag\u0142\u0119biowski sosnowiec.info tak\u017ce szeroko opisa\u0142 ostatnie dantejskie sceny w naszym Urz\u0119dzie Miasta: <\/strong><a href=\"http:\/\/www.sosnowiec.info.pl\/informacje\/dabrowa-gornicza\/dantejskie-sceny-w-dabrowskim-urzedzie-miejskim,1,4,18137\">http:\/\/www.sosnowiec.info.pl\/informacje\/dabrowa-gornicza\/dantejskie-sceny-w-dabrowskim-urzedzie-miejskim,1,4,18137<\/a>.<\/p>\n<p style=\"text-align: justify;\"><strong><a href=\"http:\/\/grzegorzjaszczura.pl\/http:\/\/grzegorzjaszczura.pl\/wp-content\/uploads\/2010\/09\/20100924696.jpg\"><img loading=\"lazy\" decoding=\"async\" class=\"alignleft size-thumbnail wp-image-5996\" title=\"20100924696\" src=\"http:\/\/grzegorzjaszczura.pl\/http:\/\/grzegorzjaszczura.pl\/wp-content\/uploads\/2010\/09\/20100924696-150x150.jpg\" alt=\"20100924696\" width=\"150\" height=\"150\" \/><\/a>Dodam od siebie, \u017ce mnie r\u00f3wnie\u017c dwoje ochroniarzy pilnuj\u0105cych podobno Gabinetu Pana Prezydenta Zb. Podrazy (<span style=\"color: #ff0000;\">Lewica SLD<\/span>) na IV (!!!) pi\u0119trze Urz\u0119du przed Paniami salowymi okupuj\u0105cymi budynek (konkretnie sal\u0119 418) pr\u00f3bowa\u0142o prawie, \u017ce zatrzyma\u0107, gdy zainteresowa\u0142em si\u0119 sytuacj\u0105. Gdy zapyta\u0142em, kogo pilnuj\u0105, poniewa\u017c Pana Prezydenta Zb. Podrazy nie by\u0142o w Magistracie, odpowiedziano mi, \u017ce w ka\u017cdej chwili Pan Prezydent mo\u017ce przyby\u0107 do gabinetu. Dodatkow\u0105 ciekawostk\u0105 jest fakt, \u017ce Pan Prezydent Zb. Podraza, by\u0142 przez ca\u0142y dzie\u0144 w Warszawie!!!<\/strong><\/p>\n","protected":false},"excerpt":{"rendered":"<p>20 lat po restytucji Samorz\u0105dno\u015bci lokalnej, g\u0142\u00f3wnie jej lewicowi przedstawiciele wychwalaj\u0105 swoje osi\u0105gni\u0119cia w tym zakresie, a jak by\u0142o i jest w rzeczywisto\u015bci w naszym mie\u015bcie przedstawi\u0142em w wyst\u0105pieniu na Sesji Nadzwyczajnej (26.05.2010 r.). Zobacz jeszcze raz: http:\/\/grzegorzjaszczura.pl\/?p=3503#more-3503. Szeroko rozpisa\u0142 si\u0119 o tym, w zwi\u0105zku z bie\u017c\u0105cymi wydarzeniami,<\/p>\n","protected":false},"author":2,"featured_media":0,"comment_status":"open","ping_status":"open","sticky":false,"template":"","format":"standard","meta":{"_monsterinsights_skip_tracking":false,"_monsterinsights_sitenote_active":false,"_monsterinsights_sitenote_note":"","_monsterinsights_sitenote_category":0,"footnotes":""},"categories":[3],"tags":[],"class_list":["post-5940","post","type-post","status-publish","format-standard","hentry","category-polityczne"],"_links":{"self":[{"href":"https:\/\/grzegorzjaszczura.pl\/index.php?rest_route=\/wp\/v2\/posts\/5940","targetHints":{"allow":["GET"]}}],"collection":[{"href":"https:\/\/grzegorzjaszczura.pl\/index.php?rest_route=\/wp\/v2\/posts"}],"about":[{"href":"https:\/\/grzegorzjaszczura.pl\/index.php?rest_route=\/wp\/v2\/types\/post"}],"author":[{"embeddable":true,"href":"https:\/\/grzegorzjaszczura.pl\/index.php?rest_route=\/wp\/v2\/users\/2"}],"replies":[{"embeddable":true,"href":"https:\/\/grzegorzjaszczura.pl\/index.php?rest_route=%2Fwp%2Fv2%2Fcomments&post=5940"}],"version-history":[{"count":46,"href":"https:\/\/grzegorzjaszczura.pl\/index.php?rest_route=\/wp\/v2\/posts\/5940\/revisions"}],"predecessor-version":[{"id":5997,"href":"https:\/\/grzegorzjaszczura.pl\/index.php?rest_route=\/wp\/v2\/posts\/5940\/revisions\/5997"}],"wp:attachment":[{"href":"https:\/\/grzegorzjaszczura.pl\/index.php?rest_route=%2Fwp%2Fv2%2Fmedia&parent=5940"}],"wp:term":[{"taxonomy":"category","embeddable":true,"href":"https:\/\/grzegorzjaszczura.pl\/index.php?rest_route=%2Fwp%2Fv2%2Fcategories&post=5940"},{"taxonomy":"post_tag","embeddable":true,"href":"https:\/\/grzegorzjaszczura.pl\/index.php?rest_route=%2Fwp%2Fv2%2Ftags&post=5940"}],"curies":[{"name":"wp","href":"https:\/\/api.w.org\/{rel}","templated":true}]}}