{"id":59596,"date":"2022-05-01T08:58:57","date_gmt":"2022-05-01T06:58:57","guid":{"rendered":"http:\/\/grzegorzjaszczura.pl\/?p=59596"},"modified":"2022-05-08T09:40:49","modified_gmt":"2022-05-08T07:40:49","slug":"czerwone-sztandary-czy-plachty-mordercow-cz-1","status":"publish","type":"post","link":"https:\/\/grzegorzjaszczura.pl\/?p=59596","title":{"rendered":"Czerwone sztandary czy p\u0142achty morderc\u00f3w? cz. 1"},"content":{"rendered":"<p style=\"text-align: justify;\"><a href=\"http:\/\/grzegorzjaszczura.pl\/http:\/\/grzegorzjaszczura.pl\/wp-content\/uploads\/2022\/03\/czerwone-sztandary-1.jpg\"><img loading=\"lazy\" decoding=\"async\" class=\"alignnone size-thumbnail wp-image-59614\" src=\"http:\/\/grzegorzjaszczura.pl\/http:\/\/grzegorzjaszczura.pl\/wp-content\/uploads\/2022\/03\/czerwone-sztandary-1-150x150.jpg\" alt=\"\" width=\"150\" height=\"150\" \/><\/a><strong>Dlaczego komunistyczny pomnik stoj\u0105cy przed socrealistycznym PKZ-em w D\u0105browie G\u00f3rniczej powinien zosta\u0107 usuni\u0119ty z przestrzeni publicznej D\u0105browy G\u00f3rniczej?<\/strong> Na to pytanie stara si\u0119 odpowiedzie\u0107 Pan <strong>J\u00f3zef Kowalski<\/strong> w artykule <em><strong>&#8222;Czerwone sztandary czy p\u0142achty morderc\u00f3w?&#8221;<\/strong><\/em>, b\u0119d\u0105cym jednym z rozdzia\u0142\u00f3w jego pracy <em><strong>CZAS NIENAWI\u015aCI<\/strong><\/em>. <strong>J. Kowalski<\/strong> jest wieloletnim dziennikarzem, pochodz\u0105cym z D\u0105browy<!--more--> G\u00f3rniczej. Jest tak\u017ce Prezesem <strong>Towarzystwa Pami\u0119ci Henryka Glassa &#8222;Chudego Wilka&#8221;<\/strong>.<\/p>\n<p style=\"text-align: justify;\">Dzisiaj cz\u0119\u015b\u0107 pierwsza artyku\u0142u.<\/p>\n<p style=\"text-align: justify;\"><span style=\"color: #000080;\">Na placu przed Pa\u0142acem Kultury w D\u0105browie G\u00f3rniczej stoi pomnik postawiony, jak g\u0142osi\u0142 napis <strong>\u201eBohaterom Czerwonych Sztandar\u00f3w\u201d<\/strong>. W dniu 1 maja 2006 roku przymocowano do tego pomnika now\u0105 tablic\u0119 z uzupe\u0142nieniem: <em>\u201eD\u0105browiakom \u2013 tw\u00f3rcom dziej\u00f3w walk o narodowe i spo\u0142eczne wyzwolenie\u201d<\/em>.<\/span><\/p>\n<p style=\"text-align: justify;\"><span style=\"color: #000080;\"><strong><u><a href=\"http:\/\/grzegorzjaszczura.pl\/http:\/\/grzegorzjaszczura.pl\/wp-content\/uploads\/2022\/04\/IMG_20220414_164830-2.jpg\"><img loading=\"lazy\" decoding=\"async\" class=\"alignnone size-thumbnail wp-image-59908\" src=\"http:\/\/grzegorzjaszczura.pl\/http:\/\/grzegorzjaszczura.pl\/wp-content\/uploads\/2022\/04\/IMG_20220414_164830-2-150x150.jpg\" alt=\"\" width=\"150\" height=\"150\" \/><\/a>Pomnik postawili komuni\u015bci komunistom,<\/u><\/strong><strong> pod koniec panowania Gomu\u0142ki, na jesieni 1970 roku.<\/strong> Za kt\u00f3rego to rz\u0105d\u00f3w, w roku 1964, III zjazd ZHP opowiedzia\u0142 si\u0119 za <span style=\"color: #ff0000;\"><em>\u201epog\u0142\u0119bieniem pracy ideowo-wychowawczej z dzie\u0107mi\u201d<\/em><\/span> oraz za <span style=\"color: #ff0000;\"><strong><em>\u201ewierno\u015bci\u0105 sprawie socjalizmu\u201d<\/em><\/strong><\/span>. W tym samym roku wytoczono proces Melchiorowi Wa\u0144kowiczowi skazuj\u0105c go na trzy lata wi\u0119zienia \u2013 na szcz\u0119\u015bcie tego wyroku nie odsiedzia\u0142. W maju 1967 roku VIII plenum KC PZPR uchwali\u0142o zadania dla szk\u00f3\u0142 i uczelni oraz zwi\u0119kszenie wp\u0142ywu partii na \u017cycie kulturalne; <strong>jest to r\u00f3wnie\u017c rok rozpocz\u0119cia, przez komunist\u00f3w, ataku na \u017byd\u00f3w<\/strong>. W marcu 1968 roku, w Sali Kongresowej, na spotkaniu z aktywem PZPR, <strong>Gomu\u0142ka<\/strong> pot\u0119pi\u0142 antyradzieckie prowokacje podczas przedstawie\u0144 \u201eDziad\u00f3w\u201d, <em>\u201eantysocjalistyczne\u201d<\/em> dzia\u0142ania <em>\u201ewrog\u00f3w Polski Ludowej\u201d<\/em> oraz oczerni\u0142 jednego z podw\u0142adnych \u201e\u0141upaszki\u201d, Paw\u0142a Jasienic\u0119. Przem\u00f3wienie to wywo\u0142a\u0142o oburzenie student\u00f3w i 21 marca rozpocz\u0105\u0142 si\u0119 strajk okupacyjny na Politechnice Warszawskiej, do kt\u00f3rego do\u0142\u0105czy\u0142 si\u0119 Uniwersytet Warszawski. Wydarzenia te sta\u0142y si\u0119 pretekstem do czystki antysemickiej w partii oraz urz\u0119dach jej podleg\u0142ych i dlatego Polsk\u0119 opu\u015bci\u0142o wiele tysi\u0119cy os\u00f3b pochodzenia \u017cydowskiego. \u017byd\u00f3w tych nie wyrzucili Polacy, jak to pr\u00f3buje obecnie Polakom wm\u00f3wi\u0107, salon i jej organ \u201eGazeta Wyborcza\u201d, gdy\u017c obywatele polscy nie mieli tu nic do gadania. W lipcu odby\u0142o si\u0119 XII plenum KC <strong>PZPR<\/strong>, na kt\u00f3rym skrytykowano Drug\u0105 Rzeczpospolit\u0105, broniono \u201edobrego imienia\u201d <strong>KPP<\/strong> oraz stwierdzono, \u017ce \u201enacjonalizm\u201d prowadzi do \u201eantyradziecko\u015bci\u201d. Kilka dni p\u00f3\u017aniej w Warszawie, spotkali si\u0119: Bre\u017cniew, Gomu\u0142ka, Ulbricht i \u017biwkow. Kt\u00f3rzy wystosowali ultimatum do Pragi, i \u2026 w nast\u0119pnym miesi\u0105cu napadli na Czech\u00f3w.<\/span><\/p>\n<p style=\"text-align: justify;\"><span style=\"color: #000080;\"><strong>I w takiej to atmosferze budowano \u00f3w pomnik. Ods\u0142oni\u0119to go w listopadzie 1970 roku, a w grudniu <span style=\"color: #ff0000;\">bohaterowie czerwonych sztandar\u00f3w<\/span> stali si\u0119 jeszcze bardziej bohaterscy, morduj\u0105c robotnik\u00f3w na wybrze\u017cu.<\/strong> Rok 1971 to pocz\u0105tek rz\u0105d\u00f3w Edwarda Gierka, podczas kt\u00f3rego panowania w ca\u0142ej Polsce przybywa pomnik\u00f3w czerwonych sztandar\u00f3w, przy okazji w D\u0105browie G\u00f3rniczej zlikwidowano kilka ulic, miedzy innymi Sobieskiego i Kr\u00f3lowej Jadwigi, a w ich miejsce powsta\u0142a jedna, w\u0142a\u015bnie Czerwonych Sztandar\u00f3w.<\/span><\/p>\n<p style=\"text-align: justify;\"><span style=\"color: #000080;\">Ulica to te\u017c pomnik. Zatem <strong>czerwone sztandary w D\u0105browie G\u00f3rniczej zosta\u0142y, przez komunist\u00f3w, uczczone dwoma pomnikami g\u0142\u00f3wnymi, nie licz\u0105c innych pomniejszych.<\/strong> I tu nasuwa si\u0119 pytanie, dlaczego postawiono te pomniki tw\u00f3rcom walk o narodowe wyzwolenie? Jako, \u017ce nacjonalizm prowadzi do antyradziecko\u015bci, kt\u00f3r\u0105 to antyradziecko\u015b\u0107 komuni\u015bci kojarz\u0105 z antysemityzmem, odpowied\u017a nasuwa si\u0119 tylko jedna: <strong>pomnik postawili antysemici antysemitom i jeszcze si\u0119 tym chwal\u0105, ale, \u017ce ci antysemici s\u0105 komunistami, to nic im nie zrobiono i nikt nie zamierza im nic robi\u0107<\/strong>. Dodatkow\u0105 ochron\u0105 s\u0105 s\u0142owa o spo\u0142ecznym wyzwoleniu, bo przecie\u017c ci w\u015bciekli kapitali\u015bci, faszy\u015bci (to o sanacji) i nacjonali\u015bci mordowali i uciskali ca\u0142e spo\u0142ecze\u0144stwo. Tote\u017c <strong>pomniki te nie zosta\u0142y po\u015bwi\u0119cone \u017bydom, kapitalistom, PPS-owi Pi\u0142sudskiego, narodowcom czy lewicy nie komunistycznej, gdy\u017c wszyscy ci w XIX oraz na pocz\u0105tku XX wieku d\u0105\u017cyli do niepodleg\u0142o\u015bci Polski, kt\u00f3rej to niepodleg\u0142o\u015bci, jak zobaczymy przeciwstawia\u0142y si\u0119 \u201eczerwone sztandary\u201d.<\/strong><\/span><\/p>\n<p style=\"text-align: justify;\"><span style=\"color: #000080;\"><a href=\"http:\/\/grzegorzjaszczura.pl\/http:\/\/grzegorzjaszczura.pl\/wp-content\/uploads\/2022\/03\/czerwone-sztandary-2.jpg\"><img loading=\"lazy\" decoding=\"async\" class=\"alignnone size-thumbnail wp-image-59615\" src=\"http:\/\/grzegorzjaszczura.pl\/http:\/\/grzegorzjaszczura.pl\/wp-content\/uploads\/2022\/03\/czerwone-sztandary-2-150x150.jpg\" alt=\"\" width=\"150\" height=\"150\" \/><\/a>Przodkowie <span style=\"color: #ff0000;\"><strong>PZPR-u<\/strong><\/span> i <span style=\"color: #ff0000;\"><strong>SLD<\/strong><\/span> na pewno nie d\u0105\u017cyli do niezale\u017cno\u015bci Polski, lecz do jej likwidacji i obalenia tych, kt\u00f3rzy d\u0105\u017cyli do jej pe\u0142nej niepodleg\u0142o\u015bci i j\u0105 wywalczyli. Przecie\u017c jednymi z tych, kt\u00f3rzy ufundowali t\u0119 now\u0105 tablic\u0119 s\u0105 cz\u0142onkowie reaktywowanej w D\u0105browie G\u00f3rniczej i zarejestrowanej w s\u0105dzie Komunistycznej Partii Polski (co na to art. 13 Konstytucji RP?).<\/span><\/p>\n<p style=\"text-align: justify;\"><span style=\"color: #000080;\">Czyimi spadkobiercami s\u0105<span style=\"color: #ff0000;\"> <strong>PZPR<\/strong><\/span>, <span style=\"color: #ff0000;\"><strong>SLD<\/strong><\/span> i dzisiejsza <span style=\"color: #ff0000;\"><strong>KPP<\/strong><\/span>, o kt\u00f3rych to przesz\u0142o\u015bci i ideologii ma\u0142o kto wie, a s\u0105 to przecie\u017c matka, c\u00f3rka i babka. Wszystkie maj\u0105ce korzenie w o\u015bwieceniu i XIX wieku, a nawet w Odrodzeniu. Nie b\u0119d\u0119 rozwodzi\u0142 si\u0119 w tej chwili nad histori\u0105 rewolucji francuskiej, tylko wspomn\u0119 o grupie rewolucjonist\u00f3w, kt\u00f3rzy w pa\u017adzierniku 1789 roku wprowadzili si\u0119 do budynku klasztornego \u015bwi\u0119tego Jakuba\u00a0 i od tego \u015bwi\u0119tego wzi\u0119\u0142a si\u0119 nazwa tej zgrai jakobini, a nast\u0119pnie klubu parlamentarnego, a kt\u00f3ra to, nota bene, dla \u015bwi\u0119tego jest wielka obraz\u0105. Po skasowaniu zakon\u00f3w w maju1791 roku klub ten przeni\u00f3s\u0142 si\u0119 do samego ko\u015bcio\u0142a, aby w 1792 roku przyj\u0105\u0107 oficjaln\u0105 nazw\u0119: Towarzystwo Jakobin\u00f3w Przyjaci\u00f3\u0142 Wolno\u015bci i R\u00f3wno\u015bci. Oni te\u017c rozpocz\u0119li przeciwko tyranom i dla wyzwolenia narod\u00f3w, wojny z s\u0105siadami; i oni rozpocz\u0119li pierwszy w historii ludzko\u015bci terror, morduj\u0105c wszystkich, kt\u00f3rzy mieli inne od nich zdanie. Ale podstaw\u0105 dzia\u0142ania <span style=\"color: #ff0000;\">SLD<\/span> i <span style=\"color: #ff0000;\">KPP<\/span>, do dnia dzisiejszego, \u201eManifest partii komunistycznej\u201d opublikowany w 1848 roku przez Karola Marksa i Fryderyka Engelsa, w kt\u00f3rego czwartym rozdziale mo\u017cna przeczyta\u0107: <span style=\"color: #ff0000;\"><em>\u201eKomuni\u015bci uwa\u017caj\u0105 za niegodne ukrywanie swych pogl\u0105d\u00f3w i zamiar\u00f3w. O\u015bwiadczaj\u0105 oni otwarcie, \u017ce cele ich mog\u0105 by\u0107 osi\u0105gni\u0119te jedynie przez obalenie przemoc\u0105 ca\u0142ego dotychczasowego ustroju spo\u0142ecznego\u201d<\/em><\/span>.<\/span><\/p>\n<p style=\"text-align: justify;\"><span style=\"color: #000080;\"><a href=\"http:\/\/grzegorzjaszczura.pl\/http:\/\/grzegorzjaszczura.pl\/wp-content\/uploads\/2022\/03\/20170316_135536.jpg\"><img loading=\"lazy\" decoding=\"async\" class=\"alignnone size-thumbnail wp-image-59630\" src=\"http:\/\/grzegorzjaszczura.pl\/http:\/\/grzegorzjaszczura.pl\/wp-content\/uploads\/2022\/03\/20170316_135536-150x150.jpg\" alt=\"\" width=\"150\" height=\"150\" \/><\/a>Przodkami <span style=\"color: #ff0000;\"><strong>KPP <\/strong><\/span>s\u0105 <span style=\"color: #ff0000;\"><strong>KPRP<\/strong><\/span>, <span style=\"color: #ff0000;\"><strong>SDKPiL<\/strong> <\/span>i <span style=\"color: #ff0000;\"><strong>\u201eProletariat\u201d<\/strong><\/span>. Tak zwany pierwszy <span style=\"color: #ff0000;\"><strong>\u201dProletariat\u201d<\/strong><\/span> zosta\u0142 za\u0142o\u017cony, na pocz\u0105tku lat osiemdziesi\u0105tych XIX wieku, przez Wary\u0144skiego, Mendelsona i D\u0142uskiego. W pi\u015bmie \u201eR\u00f3wno\u015b\u0107\u201d cz\u0142onkowie \u201eProletariatu\u201d stwierdzili: \u201eIdea socjalistyczna jest szersza i wi\u0119ksza od idei patriotyzmu\u201d. A w jedn\u0105 z rocznic powstania listopadowego, w Genewie, przyw\u00f3dcy \u201eProletariatu\u201d ko\u0144czyli przem\u00f3wienia okrzykiem <span style=\"color: #ff0000;\"><em>\u201ePrecz z patriotyzmem! Niech \u017cyje internacjona\u0142!\u201d<\/em><\/span>. Po upadku \u201eProletariatu\u201d powsta\u0142a antypolska i terrorystyczna organizacja Socjaldemokracja Kr\u00f3lestwa Polskiego i Litwy, SDKPiL, kt\u00f3rej program zak\u0142ada\u0142 wcielenie Kr\u00f3lestwa Polskiego do Rosji, jako \u017ce poj\u0119cie Polski, pa\u0144stwa polskiego jest tylko prze\u017cytkiem przedkapitalistycznej epoki i ruch socjalistyczny winien raz na zawsze wyrzec si\u0119 mrzonek o odbudowie Polski, gdy\u017c musi si\u0119 zachowa\u0107 jedno\u015b\u0107 i niepodleg\u0142o\u015b\u0107 imperium rosyjskiego\u201d.<\/span><\/p>\n<p style=\"text-align: justify;\"><span style=\"color: #000080;\">Szefem <strong><span style=\"color: #ff0000;\">SDKPiL<\/span><\/strong> by\u0142 Feliks Dzier\u017cy\u0144ski, tw\u00f3rca i do ko\u0144ca \u017cycia kierownik, powo\u0142anego przez Lenina 20 grudnia 1917 roku, policyjnego aparatu terroru, jakim by\u0142a WCzKa. Z cz\u0142onk\u00f3w <span style=\"color: #ff0000;\">SDKPiL<\/span> oraz PPS-Lewicy powsta\u0142a Komunistyczna Partia Robotnik\u00f3w Polski, kt\u00f3ra w \u201eNowym Przegl\u0105dzie\u201d, z grudnia 1923 roku pisa\u0142a: <em><span style=\"color: #ff0000;\">\u201e\u2026Albowiem trzeba to powiedzie\u0107 dzi\u015b z moc\u0105 wi\u0119ksz\u0105, ni\u017c kiedykolwiek: droga do rewolucji proletariackiej prowadzi przez trupa kierownictwa socjalistycznego. Nie mo\u017ce by\u0107 i nie b\u0119dzie rewolucji, dop\u00f3ki dzisiejsze partie socjalistyczne nie b\u0119d\u0105 wyrzucone poza obr\u0119b klasy robotniczej, dop\u00f3ki ich parali\u017cuj\u0105ce, zab\u00f3jcze wp\u0142ywy nie zostan\u0105 zniszczone, dop\u00f3ki olbrzymia wi\u0119kszo\u015b\u0107 klasy robotniczej nie skupi si\u0119 pod sztandarami bezwzgl\u0119dnej walki, to jest \u2013 komunizmu\u201d<\/span><\/em>.<\/span><\/p>\n<p style=\"text-align: justify;\"><span style=\"color: #000080;\"><strong><a href=\"http:\/\/grzegorzjaszczura.pl\/http:\/\/grzegorzjaszczura.pl\/wp-content\/uploads\/2022\/04\/20150515_152902.jpg\"><img loading=\"lazy\" decoding=\"async\" class=\"alignnone size-thumbnail wp-image-59910\" src=\"http:\/\/grzegorzjaszczura.pl\/http:\/\/grzegorzjaszczura.pl\/wp-content\/uploads\/2022\/04\/20150515_152902-150x150.jpg\" alt=\"\" width=\"150\" height=\"150\" \/><\/a>Powy\u017csze teksty pokazuj\u0105, kt\u00f3rym czerwonym sztandarom zosta\u0142 ten pomnik postawiony,<\/strong> bo z czerwonymi sztandarami chodzili te\u017c cz\u0142onkowie PPS-u, ale \u017ce oni jednocze\u015bnie walczyli o niepodleg\u0142o\u015b\u0107 Polski, to nie im go postawiono. Pomnik postawi\u0142a spadkobierczyni <span style=\"color: #ff0000;\"><strong>KPP<\/strong><\/span>, <span style=\"color: #ff0000;\"><strong>PZPR<\/strong><\/span>, a ostatni\u0105 tablic\u0119 zawiesi\u0142 <span style=\"color: #ff0000;\"><strong>SLD<\/strong><\/span> i reaktywowana <span style=\"color: #ff0000;\"><strong>KPP<\/strong><\/span>. I jako \u017ce uchwa\u0142a KPRP o PPS m\u00f3wi: <span style=\"color: #ff0000;\"><em>\u201eWalka z ideologi\u0105 PPS w ruchu robotniczym, demaskowanie jej imperialistycznego i kontrrewolucyjnego charakteru stanowi\u0107 winny jedno z najpilniejszych zada\u0144 politycznych partii\u2026\u201d<\/em><\/span>. Dlatego czerwonymi sztandarami nie mog\u0105 by\u0107 r\u00f3wnie\u017c jakiekolwiek lewicowe ugrupowania niepodleg\u0142o\u015bciowe, gdy\u017c KPRP otwarcie m\u00f3wi\u0142a, \u017ce: <span style=\"color: #ff0000;\"><em>\u201eProletariat polski odrzuca wszelkie has\u0142a polityczne jak: autonomia, usamodzielnienie, samookre\u015blenie\u201d<\/em><\/span>. Tak, wi\u0119c partia ta wyrzek\u0142a si\u0119 nie tylko niepodleg\u0142o\u015bci, ale nawet takiej autonomii, jak\u0105 mia\u0142a Kongres\u00f3wka.<\/span><\/p>\n<p style=\"text-align: justify;\"><span style=\"color: #000080;\"><strong><a href=\"http:\/\/grzegorzjaszczura.pl\/http:\/\/grzegorzjaszczura.pl\/wp-content\/uploads\/2022\/03\/czerwone-sztandary-3.jpg\"><img loading=\"lazy\" decoding=\"async\" class=\"alignnone size-thumbnail wp-image-59616\" src=\"http:\/\/grzegorzjaszczura.pl\/http:\/\/grzegorzjaszczura.pl\/wp-content\/uploads\/2022\/03\/czerwone-sztandary-3-150x150.jpg\" alt=\"\" width=\"150\" height=\"150\" \/><\/a>Program KPRP za\u015b m\u00f3wi:<\/strong><\/span><\/p>\n<p style=\"text-align: justify;\"><span style=\"color: #ff0000;\"><em>\u201e<strong>Po pierwsze<\/strong>, nale\u017cy zapobiec wyzwoleniu dzielnicy pruskiej tj. \u015al\u0105ska, Pozna\u0144skiego i Pomorza, gdy\u017c os\u0142abi to Niemcy, w kt\u00f3rych zatriumfuje rewolucja bolszewicka.<\/em><\/span><\/p>\n<p style=\"text-align: justify;\"><span style=\"color: #ff0000;\"><strong><em>Po drugie<\/em><\/strong><em>, nale\u017cy przez opanowanie Rad Delegat\u00f3w Robotniczych wytworzy\u0107 konkurencyjny dla rz\u0105du polskiego o\u015brodek w\u0142adzy rewolucyjnej, kt\u00f3ry by z Kongres\u00f3wki i ewentualnie Galicji Zachodniej stworzy\u0142 jedn\u0105 z Republik Rad, w\u0142\u0105czon\u0105 do Rosyjskiej Federacyjnej Republiki Socjalistycznej Rad.<\/em><\/span><\/p>\n<p style=\"text-align: justify;\"><span style=\"color: #000080;\"><span style=\"color: #ff0000;\"><strong><em>Po trzecie<\/em><\/strong><em>, dop\u00f3ki ten postulat nie zostanie urzeczywistniony, nale\u017cy pog\u0142\u0119bi\u0107 w kraju stan wrzenia i nie\u0142adu, przeciwstawiaj\u0105c si\u0119 wszystkiemu, co prowadzi do poprawy warunk\u00f3w bytu wym\u0119czonej przez wojn\u0119 ludno\u015bci. (\u2026) Nale\u017cy przeciwstawi\u0107 si\u0119 tworzeniu wojska polskiego, gdy\u017c utrudni ono zwyci\u0119stwo si\u0142 rewolucyjnych w Niemczech i b\u0119dzie przeszkod\u0105 dla <strong>Armii Czerwonej<\/strong> w wyzwalaniu (\u2026) oraz w zadaniu ugruntowania w\u0142adzy sowieckiej w Polsce\u201d<\/em><\/span>.<\/span><\/p>\n<p style=\"text-align: justify;\"><span style=\"color: #000080;\"><strong>Komunistyczna Partia Robotnicza Polski<\/strong> powsta\u0142a 16 grudnia 1918 roku, ale rodow\u00f3d tej partii si\u0119ga 18 listopada1918 roku, kiedy zacz\u0105\u0142 si\u0119 <span style=\"color: #ff0000;\"><em>\u201eczerwony marsz na zach\u00f3d\u201d<\/em><\/span>. Tego dnia z rozkazu Lenina podj\u0119to operacj\u0119 \u201eWis\u0142a\u201d, kt\u00f3rej celem by\u0142 podb\u00f3j Polski. Na prze\u0142omie listopada i grudnia zapad\u0142a w Moskwie decyzja nakazuj\u0105ca komunistom polskim ods\u0142oni\u0119cia przy\u0142bicy i wyst\u0105pienie z programem likwidacji, dopiero co zdobytej, niepodleg\u0142o\u015bci Polski na rzecz przy\u0142\u0105czenia si\u0119 do federacji sowieckiej. Decyzja ta doprowadzi\u0142a do Kongresu Zjednoczeniowego ugrupowa\u0144 skrajnie lewicowych i powo\u0142ania <span style=\"color: #ff0000;\">KPRP<\/span>. Wcze\u015bniej, bo 10 grudnia, bolszewicy zdobywaj\u0105 Mi\u0144sk i powo\u0142uj\u0105 Rad\u0119 Rewolucyjno-Wojskow\u0105 Polski. Wojna rozpocz\u0119ta przez bolszewik\u00f3w i mimo pomocy Komunistycznej Partii Polski \u2013 dywersja, organizowanie strajk\u00f3w, mi\u0119dzy innymi w <strong>Zag\u0142\u0119biu D\u0105browskim<\/strong> \u2013 ko\u0144czy si\u0119 ich kl\u0119skami w sierpniu i wrze\u015bniu, pod Warszaw\u0105 i nad Niemnem. Kl\u0119ski poniesione przez bolszewik\u00f3w nie zako\u0144czy\u0142y walki. <strong>Dla komunist\u00f3w polskich zaczyna si\u0119 nowy okres; na rozkaz moskiewskiej centrali rozpoczynaj\u0105 wojn\u0119 terrorystyczn\u0105.<\/strong><\/span><\/p>\n<p style=\"text-align: right;\"><strong>cdn.<\/strong><\/p>\n","protected":false},"excerpt":{"rendered":"<p>Dlaczego komunistyczny pomnik stoj\u0105cy przed socrealistycznym PKZ-em w D\u0105browie G\u00f3rniczej powinien zosta\u0107 usuni\u0119ty z przestrzeni publicznej D\u0105browy G\u00f3rniczej? Na to pytanie stara si\u0119 odpowiedzie\u0107 Pan J\u00f3zef Kowalski w artykule &#8222;Czerwone sztandary czy p\u0142achty morderc\u00f3w?&#8221;, b\u0119d\u0105cym jednym z rozdzia\u0142\u00f3w jego pracy CZAS NIENAWI\u015aCI. J. Kowalski jest wieloletnim dziennikarzem, pochodz\u0105cym z D\u0105browy<\/p>\n","protected":false},"author":2,"featured_media":0,"comment_status":"open","ping_status":"open","sticky":false,"template":"","format":"standard","meta":{"_monsterinsights_skip_tracking":false,"_monsterinsights_sitenote_active":false,"_monsterinsights_sitenote_note":"","_monsterinsights_sitenote_category":0,"footnotes":""},"categories":[3],"tags":[],"class_list":["post-59596","post","type-post","status-publish","format-standard","hentry","category-polityczne"],"_links":{"self":[{"href":"https:\/\/grzegorzjaszczura.pl\/index.php?rest_route=\/wp\/v2\/posts\/59596","targetHints":{"allow":["GET"]}}],"collection":[{"href":"https:\/\/grzegorzjaszczura.pl\/index.php?rest_route=\/wp\/v2\/posts"}],"about":[{"href":"https:\/\/grzegorzjaszczura.pl\/index.php?rest_route=\/wp\/v2\/types\/post"}],"author":[{"embeddable":true,"href":"https:\/\/grzegorzjaszczura.pl\/index.php?rest_route=\/wp\/v2\/users\/2"}],"replies":[{"embeddable":true,"href":"https:\/\/grzegorzjaszczura.pl\/index.php?rest_route=%2Fwp%2Fv2%2Fcomments&post=59596"}],"version-history":[{"count":18,"href":"https:\/\/grzegorzjaszczura.pl\/index.php?rest_route=\/wp\/v2\/posts\/59596\/revisions"}],"predecessor-version":[{"id":59987,"href":"https:\/\/grzegorzjaszczura.pl\/index.php?rest_route=\/wp\/v2\/posts\/59596\/revisions\/59987"}],"wp:attachment":[{"href":"https:\/\/grzegorzjaszczura.pl\/index.php?rest_route=%2Fwp%2Fv2%2Fmedia&parent=59596"}],"wp:term":[{"taxonomy":"category","embeddable":true,"href":"https:\/\/grzegorzjaszczura.pl\/index.php?rest_route=%2Fwp%2Fv2%2Fcategories&post=59596"},{"taxonomy":"post_tag","embeddable":true,"href":"https:\/\/grzegorzjaszczura.pl\/index.php?rest_route=%2Fwp%2Fv2%2Ftags&post=59596"}],"curies":[{"name":"wp","href":"https:\/\/api.w.org\/{rel}","templated":true}]}}