{"id":5993,"date":"2010-09-28T21:04:18","date_gmt":"2010-09-28T19:04:18","guid":{"rendered":"http:\/\/grzegorzjaszczura.pl\/?p=5993"},"modified":"2010-09-29T09:31:51","modified_gmt":"2010-09-29T07:31:51","slug":"list-otwarty-w-obronie-praw-mieszkancow-dabrowy-gorniczej","status":"publish","type":"post","link":"https:\/\/grzegorzjaszczura.pl\/?p=5993","title":{"rendered":"List otwarty w obronie praw mieszka\u0144c\u00f3w D\u0105browy G\u00f3rniczej"},"content":{"rendered":"<p style=\"text-align: justify;\"><strong><a href=\"http:\/\/grzegorzjaszczura.pl\/http:\/\/grzegorzjaszczura.pl\/wp-content\/uploads\/2010\/09\/IMG_3662-sesja-spieprzaj-komuchu.jpg\"><img loading=\"lazy\" decoding=\"async\" class=\"alignleft size-thumbnail wp-image-5999\" title=\"IMG_3662 sesja-spieprzaj- komuchu\" src=\"http:\/\/grzegorzjaszczura.pl\/http:\/\/grzegorzjaszczura.pl\/wp-content\/uploads\/2010\/09\/IMG_3662-sesja-spieprzaj-komuchu-150x150.jpg\" alt=\"IMG_3662 sesja-spieprzaj- komuchu\" width=\"150\" height=\"150\" \/><\/a>Adresat: Przewodnicz\u0105cy Rady Miasta w D\u0105browie G\u00f3rniczej Pani Agnieszka Pasternak<\/strong><\/p>\n<p style=\"text-align: justify;\"><span style=\"color: #0000ff;\"><strong>W pi\u015bmie otrzymanym od Pani,<\/strong> jako Przewodnicz\u0105cego Rady Miasta w D\u0105browie G\u00f3rniczej, datowanym 18.03.2010 r. <strong>ustosunkowuje si\u0119 Pani<\/strong> Przewodnicz\u0105ca <strong>do naszej interpelacji<\/strong> skierowanej do Pana Prezydenta Miasta, <strong>dotycz\u0105cej nieuzasadnionej interwencji <!--more-->zar\u00f3wno Pani Przewodnicz\u0105cej jak i Stra\u017cy Miejskiej na sesji<\/strong> w dniu 27.01.2010 r., w stosunku do mieszka\u0144c\u00f3w naszego miasta. W\u0142a\u015bnie wynikiem braku podstaw do interwencji, by\u0142a w\/w interpelacja.<\/span><\/p>\n<p style=\"text-align: justify;\"><span style=\"color: #0000ff;\"><strong>W odpowiedzi, Pani Przewodnicz\u0105ca \u0142\u0105czy zaj\u015bcia do jakich dochodzi\u0142o na sesjach Rady Miasta, z nieuzasadnion\u0105 interwencj\u0105 do jakiej dosz\u0142o na sesji w dniu 27.01.2010 r.<\/strong> Wprowadza Pani Przewodnicz\u0105ca w zupe\u0142nie nieuprawniony i nieuzasadniony spos\u00f3b odpowiedzialno\u015b\u0107 zbiorow\u0105 w kontek\u015bcie sesji w dniu 27.01.2010 r. Sugeruje Pani w odpowiedzi, \u017ce do\u015bwiadczy\u0142a zachowania na <strong><em>&#8222;granicy chamstwa&#8221;<\/em>,<\/strong> a tak\u017ce, \u017ce <strong><em>&#8222;radny wykonuj\u0105cy sw\u00f3j mandat korzysta z ochrony funkcjonariusza publicznego i obra\u017canie go nie mie\u015bci sie w kanonach demokracji, dlatego nie b\u0119d\u0119 tolerowa\u0107 zachowa\u0144 uw\u0142aczaj\u0105cych zar\u00f3wno radnym jak i obradom Rady Miejskiej.&#8221;<\/em><\/strong><\/span><\/p>\n<p style=\"text-align: justify;\"><span style=\"color: #0000ff;\">Jest to zupe\u0142nie rozbie\u017cne z sytuacj\u0105, z jak\u0105 mieli\u015bmy do czynienia na sesji w dniu 27.01.2010 r. Cytujemy fragment naszej interpelacji:<\/span><\/p>\n<p style=\"text-align: justify;\"><span style=\"color: #0000ff;\"><strong><em>&#8222;Prosimy o wyja\u015bnienia i wskazanie podstawy prawnej dla dzia\u0142a\u0144 Przewodnicz\u0105cego Rady Miejskiej i funkcjonariuszy Stra\u017cy Miejskiej, w tym Komendanta Stra\u017cy na sesji w dniu 27.01.2010 r.<\/em><\/strong><\/span><\/p>\n<p style=\"text-align: justify;\"><span style=\"color: #0000ff;\"><strong><em>W tej dacie dosz\u0142o do zdarzenia polegaj\u0105cego na przerwaniu obrad Rady Miasta i niezrozumia\u0142ej dla nas interwencji Stra\u017cy Miejskiej, polegaj\u0105cej na usuni\u0119ciu plakatu, przyniesionego przez mieszka\u0144c\u00f3w naszego miasta [&#8230;]. Plakat nie zawiera\u0142 tre\u015bci obra\u017aliwych, a mieszka\u0144cy w najmniejszym stopniu nie zak\u0142\u00f3cali s\u0142ownie, czy w inny spos\u00f3b obrad Rady Miasta.&#8221;<\/em><\/strong><\/span><\/p>\n<p style=\"text-align: justify;\"><span style=\"color: #0000ff;\"><em> <\/em><\/span><\/p>\n<p style=\"text-align: justify;\"><span style=\"color: #0000ff;\">Stwierdzenie Pani Przewodnicz\u0105cej, \u017ce: <strong><em>&#8222;Zakaz eksponowania swoich pogl\u0105d\u00f3w podczas sesji Rady Miejskiej, nie jest naruszeniem demokratycznych zasad Pa\u0144stwa Prawa.&#8221;<\/em>,<\/strong> stawia nas wyra\u017anie na przeciwnych biegunach sceny \u00a0politycznej, wraz z rozumieniem podstawowych zasad demokracji. Niewystarczaj\u0105cym wyt\u0142umaczeniem jest przynale\u017cno\u015b\u0107 Pani do Klubu Radnych Lewicy SLD.<\/span><\/p>\n<p style=\"text-align: justify;\"><span style=\"color: #0000ff;\">Powy\u017csze potwierdza, ca\u0142kowity brak w odpowiedzi Pani Przewodnicz\u0105cej odniesienia si\u0119 do podniesionych przez nas warto\u015bci, mianowicie:<\/span><\/p>\n<p style=\"text-align: justify;\"><span style=\"color: #0000ff;\"><strong><em>&#8222;Prawo wyg\u0142aszania i prezentowania swoich pogl\u0105d\u00f3w stanowi fundament demokratycznego pa\u0144stwa prawnego i ma swoje \u017ar\u00f3d\u0142a zar\u00f3wno w prawie wewn\u0119trznym, w szczeg\u00f3lno\u015bci w Konstytucji Rzeczpospolitej Polskiej jak i w prawie europejskim, np. w Europejskiej Konwencji Praw Cz\u0142owieka i Podstawowych Wolno\u015bci, czy Mi\u0119dzynarodowym Pakcie Praw Obywatelskich i Politycznych.<\/em><\/strong><\/span><\/p>\n<p style=\"text-align: justify;\"><span style=\"color: #0000ff;\"><strong><em>Konstytucja Rzeczypospolitej Polskiej gwarantuje ka\u017cdemu obywatelowi wolno\u015b\u0107 wypowiedzi. Oznacza to, \u017ce ka\u017cdy z nas ma prawo do wyra\u017cania swoich pogl\u0105d\u00f3w oraz pozyskiwania i rozpowszechniania uzyskanych informacji. <\/em><\/strong><\/span><\/p>\n<p style=\"text-align: justify;\"><span style=\"color: #0000ff;\"><strong><em>Wolno\u015b\u0107 wypowiedzi gwarantuje zakaz cenzury \u015brodk\u00f3w spo\u0142ecznego przekazu oraz koncesjonowanie prasy. Ka\u017cde demokratyczne pa\u0144stwo gwarantuje swoim obywatelom wolno\u015b\u0107 s\u0142owa.&#8221;<\/em><\/strong><\/span><\/p>\n<p style=\"text-align: justify;\"><span style=\"color: #0000ff;\">Te, oczywiste dla nas prawdy demokracji, znalaz\u0142y potwierdzenie w pi\u015bmie, jakie Pani, jako Przewodnicz\u0105cy Rady Miasta otrzyma\u0142a z Biura Rzecznika Praw Obywatelskich, Zak\u0142ad Terenowy w Katowicach, sygnowanym przez Pani\u0105 dr Aleksandr\u0119 Wentkowsk\u0105 (pismo Nr BRM.0704-7\/10, z dn. 16.06.2010 r.). Mianowicie przyk\u0142adowo cytujemy:<\/span><\/p>\n<p style=\"text-align: justify;\"><span style=\"color: #0000ff;\"><strong><em>&#8222;Zgodnie z art. 3 ust. 1 pkt 3 ustawy z dnia 6 wrze\u015bnia 2001 r. o dost\u0119pie do informacji publicznej (Dz. U. Nr 112, poz. 1198 ze zm.) prawo do informacji publicznej obejmuje uprawnienia do dost\u0119pu do posiedze\u0144 kolegialnych organ\u00f3w w\u0142adzy publicznej pochodz\u0105cych z powszechnych wybor\u00f3w. Zgodnie z art. 18 ust. 1 tej ustawy posiedzenia kolegialnych organ\u00f3w w\u0142adzy publicznej pochodz\u0105cych z powszechnych wybor\u00f3w s\u0105 jawne i dost\u0119pne.&#8221;<\/em><\/strong><\/span><\/p>\n<p style=\"text-align: justify;\"><span style=\"color: #0000ff;\">i dalej:<\/span><\/p>\n<p style=\"text-align: justify;\"><span style=\"color: #0000ff;\"><strong><em>&#8222;\u017baden przepis prawa nie ogranicza mo\u017cliwo\u015bci wnoszenia plakat\u00f3w [&#8230;]<\/em><\/strong><\/span><\/p>\n<p style=\"text-align: justify;\"><span style=\"color: #0000ff;\"><strong><em>Nale\u017cy bowiem pami\u0119ta\u0107, \u017ce w sytuacjach takich ingeruje si\u0119 w konstytucyjne prawo do uzyskiwania informacji o dzia\u0142alno\u015bci organ\u00f3w w\u0142adzy publicznej (art. 61 ust. 2 Konstytucji RP)&#8221;.<\/em><\/strong><\/span><\/p>\n<p style=\"text-align: justify;\"><span style=\"color: #0000ff;\">W kontek\u015bcie zaistnia\u0142ej sytuacji na sesji w dniu 27.01.2010 r. nale\u017cy podkre\u015bli\u0107, \u017ce na sesji w dniu 31.03.2010 r., w kt\u00f3rej uczestniczyli m.in. pracownicy zak\u0142adu &#8222;Ponar &#8211; Defum&#8221; z D\u0105browy G\u00f3rniczej wniesiono du\u017ce transparenty oraz drewnian\u0105 trumn\u0119. Nie stosuj\u0105c podobnych represji w stosunku do nich, Pani Przewodnicz\u0105ca doprowadzi\u0142a do ca\u0142kiem ju\u017c niezrozumia\u0142ego dla nas nier\u00f3wnego traktowania obywateli naszego Miasta. Wed\u0142ug nas okres, kiedy stosowano tak\u0105 segregacj\u0119 obywateli wobec prawa odszed\u0142 ju\u017c do lamusa historii!<\/span><\/p>\n<p style=\"text-align: justify;\"><span style=\"color: #0000ff;\"><strong><em> <\/em><\/strong><\/span><\/p>\n<p style=\"text-align: justify;\"><span style=\"color: #0000ff;\"><strong>Maj\u0105c powy\u017csze na uwadze wzywamy Pani\u0105 Przewodnicz\u0105c\u0105 Rady Miasta, do podania si\u0119 do dymisji z pe\u0142nionej funkcji Przewodnicz\u0105cego Rady Miasta w D\u0105browie G\u00f3rniczej<em> <\/em>oraz do przeproszenia mieszka\u0144c\u00f3w naszego Miasta za z\u0142amanie ich konstytucyjnych praw obywatelskich. <\/strong><\/span><\/p>\n<p style=\"text-align: justify;\"><span style=\"color: #0000ff;\"><strong> <\/strong><\/span><\/p>\n<p style=\"text-align: right;\"><span style=\"color: #000000;\"><strong>Grzegorz Jaszczura<\/strong><\/span><\/p>\n<p style=\"text-align: right;\"><span style=\"color: #000000;\"><strong>Tomasz Pasek<\/strong><\/span><\/p>\n<p style=\"text-align: right;\"><span style=\"color: #000000;\"><strong>Halina G\u0142owacka<\/strong><\/span><\/p>\n<p style=\"text-align: justify;\"><span style=\"color: #000000;\"><strong>Tre\u015b\u0107 naszej interpelacji przeczytasz we wpisie: <\/strong><\/span><a href=\"http:\/\/grzegorzjaszczura.pl\/?p=1751#more-1751\">http:\/\/grzegorzjaszczura.pl\/?p=1751#more-1751<\/a>.<\/p>\n","protected":false},"excerpt":{"rendered":"<p>Adresat: Przewodnicz\u0105cy Rady Miasta w D\u0105browie G\u00f3rniczej Pani Agnieszka Pasternak W pi\u015bmie otrzymanym od Pani, jako Przewodnicz\u0105cego Rady Miasta w D\u0105browie G\u00f3rniczej, datowanym 18.03.2010 r. ustosunkowuje si\u0119 Pani Przewodnicz\u0105ca do naszej interpelacji skierowanej do Pana Prezydenta Miasta, dotycz\u0105cej nieuzasadnionej interwencji<\/p>\n","protected":false},"author":2,"featured_media":0,"comment_status":"open","ping_status":"open","sticky":false,"template":"","format":"standard","meta":{"_monsterinsights_skip_tracking":false,"_monsterinsights_sitenote_active":false,"_monsterinsights_sitenote_note":"","_monsterinsights_sitenote_category":0,"footnotes":""},"categories":[3],"tags":[],"class_list":["post-5993","post","type-post","status-publish","format-standard","hentry","category-polityczne"],"_links":{"self":[{"href":"https:\/\/grzegorzjaszczura.pl\/index.php?rest_route=\/wp\/v2\/posts\/5993","targetHints":{"allow":["GET"]}}],"collection":[{"href":"https:\/\/grzegorzjaszczura.pl\/index.php?rest_route=\/wp\/v2\/posts"}],"about":[{"href":"https:\/\/grzegorzjaszczura.pl\/index.php?rest_route=\/wp\/v2\/types\/post"}],"author":[{"embeddable":true,"href":"https:\/\/grzegorzjaszczura.pl\/index.php?rest_route=\/wp\/v2\/users\/2"}],"replies":[{"embeddable":true,"href":"https:\/\/grzegorzjaszczura.pl\/index.php?rest_route=%2Fwp%2Fv2%2Fcomments&post=5993"}],"version-history":[{"count":22,"href":"https:\/\/grzegorzjaszczura.pl\/index.php?rest_route=\/wp\/v2\/posts\/5993\/revisions"}],"predecessor-version":[{"id":6019,"href":"https:\/\/grzegorzjaszczura.pl\/index.php?rest_route=\/wp\/v2\/posts\/5993\/revisions\/6019"}],"wp:attachment":[{"href":"https:\/\/grzegorzjaszczura.pl\/index.php?rest_route=%2Fwp%2Fv2%2Fmedia&parent=5993"}],"wp:term":[{"taxonomy":"category","embeddable":true,"href":"https:\/\/grzegorzjaszczura.pl\/index.php?rest_route=%2Fwp%2Fv2%2Fcategories&post=5993"},{"taxonomy":"post_tag","embeddable":true,"href":"https:\/\/grzegorzjaszczura.pl\/index.php?rest_route=%2Fwp%2Fv2%2Ftags&post=5993"}],"curies":[{"name":"wp","href":"https:\/\/api.w.org\/{rel}","templated":true}]}}