{"id":62092,"date":"2022-12-09T11:40:32","date_gmt":"2022-12-09T10:40:32","guid":{"rendered":"http:\/\/grzegorzjaszczura.pl\/?p=62092"},"modified":"2022-12-09T11:40:32","modified_gmt":"2022-12-09T10:40:32","slug":"podziekowania-dla-prawicowych-mieszkancow-d-g","status":"publish","type":"post","link":"https:\/\/grzegorzjaszczura.pl\/?p=62092","title":{"rendered":"Podzi\u0119kowania dla Prawicowych Mieszka\u0144c\u00f3w D.G."},"content":{"rendered":"<p style=\"text-align: justify;\"><a href=\"http:\/\/grzegorzjaszczura.pl\/http:\/\/grzegorzjaszczura.pl\/wp-content\/uploads\/2022\/12\/IMG_20221209_112905950-1.jpg\"><img loading=\"lazy\" decoding=\"async\" class=\"alignnone size-thumbnail wp-image-62122\" src=\"http:\/\/grzegorzjaszczura.pl\/http:\/\/grzegorzjaszczura.pl\/wp-content\/uploads\/2022\/12\/IMG_20221209_112905950-1-150x150.jpg\" alt=\"\" width=\"150\" height=\"150\" \/><\/a>Serdecznie dzi\u0119kuj\u0119 wszystkim <strong>Prawym Mieszka\u0144com D\u0105browy G\u00f3rniczej<\/strong> za wyr\u00f3\u017cnienie, jakie otrzyma\u0142em wczoraj (<strong>08.12.2022 r.<\/strong>) podczas spotkania w klubie Villa Moda. Jest to statuetka, na kt\u00f3rej widnieje napis:<\/p>\n<p style=\"text-align: center;\"><span style=\"color: #000080;\"><strong>&#8222;DZI\u0118KUJEMY<\/strong><\/span><\/p>\n<p style=\"text-align: center;\"><span style=\"color: #000080;\"><strong> za wytrwa\u0142o\u015b\u0107 i trud w\u0142o\u017cony<\/strong><\/span><\/p>\n<p style=\"text-align: center;\"><span style=\"color: #000080;\"><strong> w likwidacj\u0119 symboli systemu komunistycznego<\/strong><\/span><\/p>\n<p style=\"text-align: center;\"><span style=\"color: #000080;\"><strong> w D\u0105browie G\u00f3rniczej<\/strong><\/span><!--more--><\/p>\n<p style=\"text-align: center;\"><span style=\"color: #000080;\"><strong>Prawicowi Mieszka\u0144cy D\u0105browy G\u00f3rniczej&#8221;<\/strong><\/span><\/p>\n<p style=\"text-align: justify;\"><a href=\"http:\/\/grzegorzjaszczura.pl\/http:\/\/grzegorzjaszczura.pl\/wp-content\/uploads\/2022\/12\/IMG_20221208_185207501.jpg\"><img loading=\"lazy\" decoding=\"async\" class=\"alignnone size-thumbnail wp-image-62110\" src=\"http:\/\/grzegorzjaszczura.pl\/http:\/\/grzegorzjaszczura.pl\/wp-content\/uploads\/2022\/12\/IMG_20221208_185207501-150x150.jpg\" alt=\"\" width=\"150\" height=\"150\" \/><\/a>Wyr\u00f3\u017cnienie wr\u0119czyli mi po autorskim spotkaniu z Panem dr. <strong>Piotrem Uwija\u0142\u0105<\/strong>, po\u015bwi\u0119conym jego ksi\u0105\u017cce <strong>&#8222;Walczy\u0107 ale czym?<\/strong>, Pose\u0142 <strong><span style=\"color: #008000;\">Ziemi Zag\u0142\u0119biowskiej <\/span>Robert Warwas<\/strong> i Przewodnicz\u0105cy Klubu Gazety Polskiej <strong>J\u00f3zef Kowalski<\/strong>.<\/p>\n<p style=\"text-align: justify;\"><a href=\"http:\/\/grzegorzjaszczura.pl\/http:\/\/grzegorzjaszczura.pl\/wp-content\/uploads\/2022\/12\/IMG_20221208_185232016.jpg\"><img loading=\"lazy\" decoding=\"async\" class=\"alignnone size-thumbnail wp-image-62111\" src=\"http:\/\/grzegorzjaszczura.pl\/http:\/\/grzegorzjaszczura.pl\/wp-content\/uploads\/2022\/12\/IMG_20221208_185232016-150x150.jpg\" alt=\"\" width=\"150\" height=\"150\" \/><\/a>W kr\u00f3tkim wyst\u0105pieniu podkre\u015bli\u0142em, \u017ce jest to dla mnie du\u017ce i symboliczne wyr\u00f3\u017cnienie. Podzi\u0119kowa\u0142em wszystkim, kt\u00f3rzy w tym kilkudziesi\u0119cioletnim dzia\u0142aniu wspierali mnie: Panu <strong>Tomaszowi Sk\u00f3rze<\/strong> Prezesowi oddzia\u0142u <strong>KNP<\/strong> (wcze\u015bnie UPR), Panu <strong>Janowi Kurczkowi<\/strong> Przewodnicz\u0105cemu <strong>NSZZ &#8222;Solidarno\u015b\u0107&#8221;<\/strong> Pracownik\u00f3w O\u015bwiaty w D\u0105browie G\u00f3rniczej, Pos\u0142om <strong>RP<\/strong> z D\u0105browy G\u00f3rniczej, tj. Panu <strong>Jackowi Ko\u015bcielniakowi<\/strong> i Panu <strong>Robertowi Warwasowi<\/strong>, Pos\u0142owi <span style=\"color: #008000;\"><strong>Ziemi Zag\u0142\u0119biowskiej<\/strong><\/span> Panu <strong>Waldemarowi Andzelowi<\/strong>, Panom: <strong>Zygmuntowi Miernikowi<\/strong> i <strong>J\u00f3zefowi<\/strong> <strong>Kowalskiemu<\/strong>, a tak\u017ce wszystkim <strong>Prawym Mieszka\u0144com Naszego Miasta<\/strong>.<\/p>\n<p style=\"text-align: justify;\"><a href=\"http:\/\/grzegorzjaszczura.pl\/http:\/\/grzegorzjaszczura.pl\/wp-content\/uploads\/2022\/12\/Koscielniak-2.jpg\"><img loading=\"lazy\" decoding=\"async\" class=\"alignnone size-thumbnail wp-image-62112\" src=\"http:\/\/grzegorzjaszczura.pl\/http:\/\/grzegorzjaszczura.pl\/wp-content\/uploads\/2022\/12\/Koscielniak-2-150x150.jpg\" alt=\"\" width=\"150\" height=\"150\" \/><\/a><strong>Zadedykowa\u0142em wyr\u00f3\u017cnienie<\/strong> mojemu \u015ap. Dziadkowi <strong>Ignacemu Ko\u015bcielniakowi<\/strong>, kt\u00f3ry co warto podkre\u015bli\u0107 walczy\u0142 w kontek\u015bcie tematyki spotkania, z sowieckimi komunistami w wojnie w 1920 r., uczestniczy\u0142 tak\u017ce w Powstaniach \u015al\u0105skich, jako Zag\u0142\u0119biak (rodzina pochodzi\u0142a z Antoniowa). Zosta\u0142 odznaczony, zobacz zreszt\u0105: <a href=\"http:\/\/grzegorzjaszczura.pl\/?p=9291#more-9291\">http:\/\/grzegorzjaszczura.pl\/?p=9291#more-9291<\/a>. R\u00f3wnie\u017c po agresji sowieckiej w 1939 r. znalaz\u0142 si\u0119 po stronie sowieckiej, poniewa\u017c jego poci\u0105g (by\u0142 kolejarzem) zosta\u0142 zarekwirowany i pieszo, nocami wraca\u0142 do domu w <strong>Ma\u0142ych Strzemieszycach<\/strong>, gdzie dotar\u0142 na pocz\u0105tku stycznia 1940 r., unikaj\u0105c wysy\u0142ki na sowiecki Sybir.<\/p>\n<p style=\"text-align: justify;\"><strong><a href=\"http:\/\/grzegorzjaszczura.pl\/http:\/\/grzegorzjaszczura.pl\/wp-content\/uploads\/2022\/12\/IMG_20221208_185318089.jpg\"><img loading=\"lazy\" decoding=\"async\" class=\"alignnone size-thumbnail wp-image-62107\" src=\"http:\/\/grzegorzjaszczura.pl\/http:\/\/grzegorzjaszczura.pl\/wp-content\/uploads\/2022\/12\/IMG_20221208_185318089-150x150.jpg\" alt=\"\" width=\"150\" height=\"150\" \/><\/a>Jeszcze raz dzi\u0119kuj\u0119 Prawicowym Mieszka\u0144com D\u0105browy G\u00f3rniczej za zauwa\u017cenie tych wieloletnich moich dzia\u0142a\u0144.<\/strong><\/p>\n<p><strong>Zobacz m.in.:<\/strong><\/p>\n<p><a href=\"http:\/\/grzegorzjaszczura.pl\/?p=3680#more-3680\"><em><strong>d\u0105browskie pomniki ha\u0144by<\/strong><\/em><\/a>,<\/p>\n<p><a href=\"http:\/\/grzegorzjaszczura.pl\/?p=59500#more-59500\"><em><strong>ZWYCI\u0118STWO! &#8211; pomniki sowieckie won!<\/strong><\/em><\/a>,<\/p>\n<p><a href=\"http:\/\/grzegorzjaszczura.pl\/?p=59275#more-59275\"><em><strong>pomniki sowieckie &#8211; paszo\u0142 won<\/strong><\/em><\/a>,<\/p>\n<p><a href=\"http:\/\/grzegorzjaszczura.pl\/?p=59563#more-59563\"><em><strong>pomniki sowieckie &#8211; interpelacja c.d.<\/strong><\/em><\/a>,<\/p>\n<p><a href=\"http:\/\/grzegorzjaszczura.pl\/?p=29977#more-29977\"><em><strong>Pomniki sowieckie out &#8211; sesja 02.12.2014 r.<\/strong><\/em><\/a>.<\/p>\n<p><a href=\"http:\/\/grzegorzjaszczura.pl\/http:\/\/grzegorzjaszczura.pl\/wp-content\/uploads\/2022\/12\/andzel-2022.03.28-podziekowanie.jpg\"><img loading=\"lazy\" decoding=\"async\" class=\"alignnone size-thumbnail wp-image-62116\" src=\"http:\/\/grzegorzjaszczura.pl\/http:\/\/grzegorzjaszczura.pl\/wp-content\/uploads\/2022\/12\/andzel-2022.03.28-podziekowanie-150x150.jpg\" alt=\"\" width=\"150\" height=\"150\" \/><\/a><a href=\"http:\/\/grzegorzjaszczura.pl\/http:\/\/grzegorzjaszczura.pl\/wp-content\/uploads\/2022\/12\/IMG_20221208_185632630.jpg\"><img loading=\"lazy\" decoding=\"async\" class=\"alignnone size-thumbnail wp-image-62125\" src=\"http:\/\/grzegorzjaszczura.pl\/http:\/\/grzegorzjaszczura.pl\/wp-content\/uploads\/2022\/12\/IMG_20221208_185632630-150x150.jpg\" alt=\"\" width=\"150\" height=\"150\" \/><\/a><\/p>\n","protected":false},"excerpt":{"rendered":"<p>Serdecznie dzi\u0119kuj\u0119 wszystkim Prawym Mieszka\u0144com D\u0105browy G\u00f3rniczej za wyr\u00f3\u017cnienie, jakie otrzyma\u0142em wczoraj (08.12.2022 r.) podczas spotkania w klubie Villa Moda. Jest to statuetka, na kt\u00f3rej widnieje napis: &#8222;DZI\u0118KUJEMY za wytrwa\u0142o\u015b\u0107 i trud w\u0142o\u017cony w likwidacj\u0119 symboli systemu komunistycznego w D\u0105browie G\u00f3rniczej<\/p>\n","protected":false},"author":2,"featured_media":0,"comment_status":"open","ping_status":"open","sticky":false,"template":"","format":"standard","meta":{"_monsterinsights_skip_tracking":false,"_monsterinsights_sitenote_active":false,"_monsterinsights_sitenote_note":"","_monsterinsights_sitenote_category":0,"footnotes":""},"categories":[3],"tags":[],"class_list":["post-62092","post","type-post","status-publish","format-standard","hentry","category-polityczne"],"_links":{"self":[{"href":"https:\/\/grzegorzjaszczura.pl\/index.php?rest_route=\/wp\/v2\/posts\/62092","targetHints":{"allow":["GET"]}}],"collection":[{"href":"https:\/\/grzegorzjaszczura.pl\/index.php?rest_route=\/wp\/v2\/posts"}],"about":[{"href":"https:\/\/grzegorzjaszczura.pl\/index.php?rest_route=\/wp\/v2\/types\/post"}],"author":[{"embeddable":true,"href":"https:\/\/grzegorzjaszczura.pl\/index.php?rest_route=\/wp\/v2\/users\/2"}],"replies":[{"embeddable":true,"href":"https:\/\/grzegorzjaszczura.pl\/index.php?rest_route=%2Fwp%2Fv2%2Fcomments&post=62092"}],"version-history":[{"count":24,"href":"https:\/\/grzegorzjaszczura.pl\/index.php?rest_route=\/wp\/v2\/posts\/62092\/revisions"}],"predecessor-version":[{"id":62126,"href":"https:\/\/grzegorzjaszczura.pl\/index.php?rest_route=\/wp\/v2\/posts\/62092\/revisions\/62126"}],"wp:attachment":[{"href":"https:\/\/grzegorzjaszczura.pl\/index.php?rest_route=%2Fwp%2Fv2%2Fmedia&parent=62092"}],"wp:term":[{"taxonomy":"category","embeddable":true,"href":"https:\/\/grzegorzjaszczura.pl\/index.php?rest_route=%2Fwp%2Fv2%2Fcategories&post=62092"},{"taxonomy":"post_tag","embeddable":true,"href":"https:\/\/grzegorzjaszczura.pl\/index.php?rest_route=%2Fwp%2Fv2%2Ftags&post=62092"}],"curies":[{"name":"wp","href":"https:\/\/api.w.org\/{rel}","templated":true}]}}