{"id":62760,"date":"2023-03-06T10:03:23","date_gmt":"2023-03-06T09:03:23","guid":{"rendered":"http:\/\/grzegorzjaszczura.pl\/?p=62760"},"modified":"2023-03-06T10:03:23","modified_gmt":"2023-03-06T09:03:23","slug":"bronislaw-knothe-posel-z-zaglebia","status":"publish","type":"post","link":"https:\/\/grzegorzjaszczura.pl\/?p=62760","title":{"rendered":"Bronis\u0142aw Knothe &#8211; pose\u0142 z Zag\u0142\u0119bia"},"content":{"rendered":"<p style=\"text-align: justify;\"><a href=\"http:\/\/grzegorzjaszczura.pl\/http:\/\/grzegorzjaszczura.pl\/wp-content\/uploads\/2023\/03\/IMG_20230303_171235421.jpg\"><img loading=\"lazy\" decoding=\"async\" class=\"alignnone size-thumbnail wp-image-62806\" src=\"http:\/\/grzegorzjaszczura.pl\/http:\/\/grzegorzjaszczura.pl\/wp-content\/uploads\/2023\/03\/IMG_20230303_171235421-150x150.jpg\" alt=\"\" width=\"150\" height=\"150\" \/><\/a>Bardzo ciekawy wyk\u0142ad dr. <strong>Tomasza Forto\u0144skiego<\/strong> mia\u0142 miejsce w dniu 3. marca (pi\u0105tek) 2023 r. o godzinie 16.00 w<strong> Akademii WSB<\/strong> w D\u0105browie G\u00f3rniczej przy ul. Cieplaka 1c (sala Audytorium D). Po\u015bwi\u0119cony by\u0142 Pos\u0142owi na sejm RP I kadencji z <span style=\"color: #008000;\"><strong>Zag\u0142\u0119bia D\u0105browskiego<\/strong> <\/span>(konkretnie wtedy z okr\u0119gu b\u0119dzi\u0144skiego), Panu <strong>Bronis\u0142awowi Knothe<\/strong>, wybranemu pos\u0142em w 1922 r.<\/p>\n<p style=\"text-align: justify;\">Wyk\u0142ad zatytu\u0142owany: <em><strong>Bronis\u0142aw Knothe &#8211; pose\u0142 z Zag\u0142\u0119bia<\/strong><\/em>, dzi\u0119ki uprzejmo\u015bci<!--more--> JM Rektor <strong>Zdzis\u0142awie Dacko-Pikiewicz<\/strong> z <strong>Akademii WSB<\/strong> w D\u0105browie G\u00f3rniczej zorganizowa\u0142a <span style=\"color: #008000;\"><strong>Fundacja Nowe Zag\u0142\u0119bie<\/strong><\/span>, wraz z <strong>Klubem Gazety Polskiej<\/strong> im. Henryka Glassa &#8222;Chudego Wilka&#8221;. Spotkanie odbywa\u0142o si\u0119 pod patronatem Pos\u0142a na Sejm RP Pana <strong>Roberta Warwasa<\/strong>.<\/p>\n<p style=\"text-align: justify;\"><a href=\"http:\/\/grzegorzjaszczura.pl\/http:\/\/grzegorzjaszczura.pl\/wp-content\/uploads\/2023\/03\/IMG_20230303_161434563.jpg\"><img loading=\"lazy\" decoding=\"async\" class=\"alignnone size-thumbnail wp-image-62831\" src=\"http:\/\/grzegorzjaszczura.pl\/http:\/\/grzegorzjaszczura.pl\/wp-content\/uploads\/2023\/03\/IMG_20230303_161434563-150x150.jpg\" alt=\"\" width=\"150\" height=\"150\" \/><\/a>Na blogu opisywa\u0142em ju\u017c wsp\u00f3lnie z dr. <strong>T. Forto\u0144skim<\/strong> t\u0119 znamienit\u0105 posta\u0107, a historycznie niedocenion\u0105, jak\u0105 niew\u0105tpliwie by\u0142 <strong>B. Knothe<\/strong>. <strong>Zobacz:<\/strong> <a href=\"http:\/\/grzegorzjaszczura.pl\/?p=53716#more-53716\"><em><strong>Bronis\u0142aw Knothe &#8211; pose\u0142 z Zag\u0142\u0119bia D\u0105browskiego<\/strong><\/em><\/a>. Ale kilka zda\u0144 na jego temat musz\u0119 zamie\u015bci\u0107 tak\u017ce teraz.<\/p>\n<p style=\"text-align: justify;\"><strong><a href=\"http:\/\/grzegorzjaszczura.pl\/http:\/\/grzegorzjaszczura.pl\/wp-content\/uploads\/2023\/03\/IMG_20230303_163008382.jpg\"><img loading=\"lazy\" decoding=\"async\" class=\"alignnone size-thumbnail wp-image-62830\" src=\"http:\/\/grzegorzjaszczura.pl\/http:\/\/grzegorzjaszczura.pl\/wp-content\/uploads\/2023\/03\/IMG_20230303_163008382-150x150.jpg\" alt=\"\" width=\"150\" height=\"150\" \/><\/a>Bronis\u0142aw Knothe<\/strong> \u2013 nauczyciel, spo\u0142ecznik oraz dzia\u0142acz polityczny I po\u0142owy XX wieku. Po uko\u0144czeniu Uniwersytetu Jagiello\u0144skiego by\u0142 nauczycielem w Skierniewicach oraz w \u0141odzi. W tym drugim mie\u015bcie sp\u0119dzi\u0142 lata wielkiej wojny, gdzie rozwin\u0105\u0142 zakrojon\u0105 na szerok\u0105 skal\u0119 dzia\u0142alno\u015b\u0107 spo\u0142eczn\u0105. Kontynuowa\u0142 j\u0105 z powodzeniem w <span style=\"color: #008000;\"><strong>Zag\u0142\u0119biu D\u0105browskim<\/strong><\/span>, do kt\u00f3rego przeni\u00f3s\u0142 si\u0119 na sta\u0142e jesieni\u0105 1918 roku. Od pocz\u0105tku zaanga\u017cowa\u0142 si\u0119 tak\u017ce w \u017cycie polityczne tej cz\u0119\u015bci Zachodniej Ma\u0142opolski. Zwie\u0144czeniem aktywno\u015bci publicznej <strong>B. Knothe<\/strong> na terenie okr\u0119gu b\u0119dzi\u0144skiego by\u0142 wyb\u00f3r na pos\u0142a w listopadzie 1922 roku. Nic dziwnego, gdy\u017c by\u0142 wtedy jedn\u0105 z najbardziej rozpoznawalnych os\u00f3b w Zag\u0142\u0119biu. O tym, w jaki spos\u00f3b sta\u0142 si\u0119 miejscowym ,,celebryt\u0105\u2019\u2019 w zaledwie cztery lata mo\u017cecie Pa\u0144stwo przeczyta\u0107 w kolejnych artyku\u0142ach <strong>dr. Tomasza Forto\u0144skiego<\/strong>. Jeden z nich znajduje si\u0119 pod tym linkiem \u2013 <a href=\"http:\/\/www.polona.pl\/item\/bronislaw-knothe-1881-1950-nauczyciel-spolecznik-polityk,MTIzMzQ2MTk1\/0\/#info:metadata\">www.polona.pl\/item\/bronislaw-knothe-1881-1950-nauczyciel-spolecznik-polityk,MTIzMzQ2MTk1\/0\/#info:metadata.<\/a><\/p>\n<p style=\"text-align: justify;\"><strong>B. Knothe<\/strong> by\u0142 cz\u0142owiekiem, kt\u00f3ry w chwili zagro\u017cenia niepodleg\u0142o\u015bci Rzeczypospolitej w 1920 roku, stan\u0105\u0142 czynnie w jej obronie. Rekonstrukcja dzia\u0142alno\u015bci publicznej <strong>B. Knothe<\/strong> na terenie <span style=\"color: #008000;\"><strong>Zag\u0142\u0119bia D\u0105browskiego<\/strong><\/span>, jak i ca\u0142ej formacji politycznej, kt\u00f3r\u0105 reprezentowa\u0142, rzuca zupe\u0142nie nowe \u015bwiat\u0142o na przesz\u0142o\u015b\u0107 tej cz\u0119\u015bci <strong>Zachodniej Ma\u0142opolski<\/strong>. Funkcjonowa\u0142 tutaj centroprawicowy ob\u00f3z polityczny, kt\u00f3ry jeszcze w czasach zabor\u00f3w i dalej &#8211; w pierwszych latach odrodzonej RP &#8211; cieszy\u0142 si\u0119 ugruntowanymi wp\u0142ywami.<\/p>\n<p style=\"text-align: justify;\"><a href=\"http:\/\/grzegorzjaszczura.pl\/http:\/\/grzegorzjaszczura.pl\/wp-content\/uploads\/2023\/03\/IMG_20230303_154826752.jpg\"><img loading=\"lazy\" decoding=\"async\" class=\"alignnone size-thumbnail wp-image-62842\" src=\"http:\/\/grzegorzjaszczura.pl\/http:\/\/grzegorzjaszczura.pl\/wp-content\/uploads\/2023\/03\/IMG_20230303_154826752-150x150.jpg\" alt=\"\" width=\"150\" height=\"150\" \/><\/a>Poniewa\u017c tematyka ta nie doczeka\u0142a si\u0119 szerszego przedstawienia w Polsce, <span style=\"color: #008000;\"><strong>Fundacja Nowe Zag\u0142\u0119bie<\/strong><\/span> podejmuje dzia\u0142ania maj\u0105ce na celu wydane biografii Bronis\u0142awa Knothe. Dr <strong>T. Forto\u0144ski<\/strong> przeprowadzi\u0142 szerokie badania historyczne, kt\u00f3rych zwie\u0144czeniem by\u0142oby wydanie wspomnianej biografii. Oparcie biografii na odnalezionych w archiwum rodzinnym r\u0119kopisach pozwoli\u0142o z kolei przybli\u017cy\u0107 realia okupacji niemieckiej z perspektywy zarz\u0105dcy maj\u0105tku ziemskiego, kt\u00f3rym pod koniec \u017cycia by\u0142 <strong>Boles\u0142aw Knothe<\/strong>.<\/p>\n<p style=\"text-align: justify;\">Publikacja ta przywr\u00f3ci\u0142aby pami\u0119\u0107 o zas\u0142u\u017conych dzia\u0142aczach szeroko poj\u0119tego obozu centroprawicowego, kt\u00f3rzy za spraw\u0105 <span style=\"color: #ff0000;\">PRL-u<\/span> zostali wymazani ze zbiorowej pami\u0119ci. Przyczyni\u0142oby si\u0119 to do weryfikacji poj\u0119cia tzw. ,,Czerwonego Zag\u0142\u0119bia\u2019\u2019, jak\u017ce szkodliwego dla naszego regionu. By\u0142aby tak\u017ce przys\u0142owiowym kamieniem w\u0119gielnym, kt\u00f3ry zapocz\u0105tkuje rzeteln\u0105 dyskusj\u0119 nad przesz\u0142o\u015bci\u0105 <span style=\"color: #008000;\"><strong>Zag\u0142\u0119bia D\u0105browskiego<\/strong><\/span>.<\/p>\n<p style=\"text-align: justify;\"><strong>Jej owoc by\u0142by niezwykle cenny \u2013 b\u0119dzie nim prawda historyczna!<\/strong><\/p>\n<p style=\"text-align: justify;\"><strong><a href=\"http:\/\/grzegorzjaszczura.pl\/http:\/\/grzegorzjaszczura.pl\/wp-content\/uploads\/2023\/03\/Po-1-7-2023-4.jpg\"><img loading=\"lazy\" decoding=\"async\" class=\"alignnone size-thumbnail wp-image-62833\" src=\"http:\/\/grzegorzjaszczura.pl\/http:\/\/grzegorzjaszczura.pl\/wp-content\/uploads\/2023\/03\/Po-1-7-2023-4-150x150.jpg\" alt=\"\" width=\"150\" height=\"150\" \/><\/a>Prosimy o wsparcie inicjatywy wp\u0142atami na rachunek bankowy<\/strong> <strong>Fundacji Nowe Zag\u0142\u0119bie<\/strong>:<\/p>\n<p style=\"text-align: justify;\">PKO BP Oddzia\u0142 D\u0105browa G\u00f3rnicza<\/p>\n<p style=\"text-align: justify;\">Nr konta: <strong>67 1020 2498 0000 8102 0718 3280.<\/strong><\/p>\n<p style=\"text-align: justify;\"><span style=\"color: #0000ff;\"><strong>Ps<\/strong> <\/span>W tej sytuacji postaram si\u0119 w najbli\u017cszym czasie zamie\u015bci\u0107 wpis o ww. fundacji.<\/p>\n<p><a href=\"http:\/\/grzegorzjaszczura.pl\/http:\/\/grzegorzjaszczura.pl\/wp-content\/uploads\/2023\/03\/331685094_168370332646720_5933757674711991191_n.jpg\"><img loading=\"lazy\" decoding=\"async\" class=\"alignnone size-thumbnail wp-image-62835\" src=\"http:\/\/grzegorzjaszczura.pl\/http:\/\/grzegorzjaszczura.pl\/wp-content\/uploads\/2023\/03\/331685094_168370332646720_5933757674711991191_n-150x150.jpg\" alt=\"\" width=\"150\" height=\"150\" \/><\/a><a href=\"http:\/\/grzegorzjaszczura.pl\/http:\/\/grzegorzjaszczura.pl\/wp-content\/uploads\/2023\/03\/334443031_910650806846382_4806888320602729333_n.jpg\"><img loading=\"lazy\" decoding=\"async\" class=\"alignnone size-thumbnail wp-image-62836\" src=\"http:\/\/grzegorzjaszczura.pl\/http:\/\/grzegorzjaszczura.pl\/wp-content\/uploads\/2023\/03\/334443031_910650806846382_4806888320602729333_n-150x150.jpg\" alt=\"\" width=\"150\" height=\"150\" \/><\/a><a href=\"http:\/\/grzegorzjaszczura.pl\/http:\/\/grzegorzjaszczura.pl\/wp-content\/uploads\/2023\/03\/IMG_20230303_155354706.jpg\"><img loading=\"lazy\" decoding=\"async\" class=\"alignnone size-thumbnail wp-image-62837\" src=\"http:\/\/grzegorzjaszczura.pl\/http:\/\/grzegorzjaszczura.pl\/wp-content\/uploads\/2023\/03\/IMG_20230303_155354706-150x150.jpg\" alt=\"\" width=\"150\" height=\"150\" \/><\/a><a href=\"http:\/\/grzegorzjaszczura.pl\/http:\/\/grzegorzjaszczura.pl\/wp-content\/uploads\/2023\/03\/331691625_748328906665199_2959789578796438705_n.jpg\"><img loading=\"lazy\" decoding=\"async\" class=\"alignnone size-thumbnail wp-image-62838\" src=\"http:\/\/grzegorzjaszczura.pl\/http:\/\/grzegorzjaszczura.pl\/wp-content\/uploads\/2023\/03\/331691625_748328906665199_2959789578796438705_n-150x150.jpg\" alt=\"\" width=\"150\" height=\"150\" \/><\/a><a href=\"http:\/\/grzegorzjaszczura.pl\/http:\/\/grzegorzjaszczura.pl\/wp-content\/uploads\/2023\/03\/IMG_20230303_153736400.jpg\"><img loading=\"lazy\" decoding=\"async\" class=\"alignnone size-thumbnail wp-image-62839\" src=\"http:\/\/grzegorzjaszczura.pl\/http:\/\/grzegorzjaszczura.pl\/wp-content\/uploads\/2023\/03\/IMG_20230303_153736400-150x150.jpg\" alt=\"\" width=\"150\" height=\"150\" \/><\/a><a href=\"http:\/\/grzegorzjaszczura.pl\/http:\/\/grzegorzjaszczura.pl\/wp-content\/uploads\/2023\/03\/IMG_20230303_164758115.jpg\"><img loading=\"lazy\" decoding=\"async\" class=\"alignnone size-thumbnail wp-image-62840\" src=\"http:\/\/grzegorzjaszczura.pl\/http:\/\/grzegorzjaszczura.pl\/wp-content\/uploads\/2023\/03\/IMG_20230303_164758115-150x150.jpg\" alt=\"\" width=\"150\" height=\"150\" \/><\/a><\/p>\n","protected":false},"excerpt":{"rendered":"<p>Bardzo ciekawy wyk\u0142ad dr. Tomasza Forto\u0144skiego mia\u0142 miejsce w dniu 3. marca (pi\u0105tek) 2023 r. o godzinie 16.00 w Akademii WSB w D\u0105browie G\u00f3rniczej przy ul. Cieplaka 1c (sala Audytorium D). Po\u015bwi\u0119cony by\u0142 Pos\u0142owi na sejm RP I kadencji z Zag\u0142\u0119bia D\u0105browskiego (konkretnie wtedy z okr\u0119gu b\u0119dzi\u0144skiego), Panu Bronis\u0142awowi Knothe, wybranemu pos\u0142em w 1922 r. [&hellip;]<\/p>\n","protected":false},"author":2,"featured_media":0,"comment_status":"open","ping_status":"open","sticky":false,"template":"","format":"standard","meta":{"_monsterinsights_skip_tracking":false,"_monsterinsights_sitenote_active":false,"_monsterinsights_sitenote_note":"","_monsterinsights_sitenote_category":0,"footnotes":""},"categories":[3],"tags":[],"class_list":["post-62760","post","type-post","status-publish","format-standard","hentry","category-polityczne"],"_links":{"self":[{"href":"https:\/\/grzegorzjaszczura.pl\/index.php?rest_route=\/wp\/v2\/posts\/62760","targetHints":{"allow":["GET"]}}],"collection":[{"href":"https:\/\/grzegorzjaszczura.pl\/index.php?rest_route=\/wp\/v2\/posts"}],"about":[{"href":"https:\/\/grzegorzjaszczura.pl\/index.php?rest_route=\/wp\/v2\/types\/post"}],"author":[{"embeddable":true,"href":"https:\/\/grzegorzjaszczura.pl\/index.php?rest_route=\/wp\/v2\/users\/2"}],"replies":[{"embeddable":true,"href":"https:\/\/grzegorzjaszczura.pl\/index.php?rest_route=%2Fwp%2Fv2%2Fcomments&post=62760"}],"version-history":[{"count":31,"href":"https:\/\/grzegorzjaszczura.pl\/index.php?rest_route=\/wp\/v2\/posts\/62760\/revisions"}],"predecessor-version":[{"id":62844,"href":"https:\/\/grzegorzjaszczura.pl\/index.php?rest_route=\/wp\/v2\/posts\/62760\/revisions\/62844"}],"wp:attachment":[{"href":"https:\/\/grzegorzjaszczura.pl\/index.php?rest_route=%2Fwp%2Fv2%2Fmedia&parent=62760"}],"wp:term":[{"taxonomy":"category","embeddable":true,"href":"https:\/\/grzegorzjaszczura.pl\/index.php?rest_route=%2Fwp%2Fv2%2Fcategories&post=62760"},{"taxonomy":"post_tag","embeddable":true,"href":"https:\/\/grzegorzjaszczura.pl\/index.php?rest_route=%2Fwp%2Fv2%2Ftags&post=62760"}],"curies":[{"name":"wp","href":"https:\/\/api.w.org\/{rel}","templated":true}]}}