{"id":62934,"date":"2023-05-07T10:12:09","date_gmt":"2023-05-07T08:12:09","guid":{"rendered":"http:\/\/grzegorzjaszczura.pl\/?p=62934"},"modified":"2023-05-07T11:36:20","modified_gmt":"2023-05-07T09:36:20","slug":"z-historii-przedblogowej","status":"publish","type":"post","link":"https:\/\/grzegorzjaszczura.pl\/?p=62934","title":{"rendered":"z historii przedblogowej"},"content":{"rendered":"<p style=\"text-align: justify;\"><a href=\"http:\/\/grzegorzjaszczura.pl\/http:\/\/grzegorzjaszczura.pl\/wp-content\/uploads\/2023\/05\/Przechwytywanie-1.jpg\"><img loading=\"lazy\" decoding=\"async\" class=\"alignnone size-thumbnail wp-image-63457\" src=\"http:\/\/grzegorzjaszczura.pl\/http:\/\/grzegorzjaszczura.pl\/wp-content\/uploads\/2023\/05\/Przechwytywanie-1-150x150.jpg\" alt=\"\" width=\"150\" height=\"150\" \/><\/a>Zaczn\u0119 od historii bloga. Pierwszy wpis na moim blogu mia\u0142 miejsce <strong>7 maja 2009 r.<\/strong>, czyli <strong>14 lat temu<\/strong>. Od tego czasu niepokoi\u0142em <span style=\"color: #000080;\"><strong>Szanownych Czytelnik\u00f3w<\/strong><\/span> <strong>1400<\/strong> razy. Komentarzy puszczonych po mojej redakcyjnej cenzurze ukaza\u0142o si\u0119 przesz\u0142o <strong>7600<\/strong> sztuk, pomijam lewackie i skrajnie lewackie, obra\u017caj\u0105ce mnie, katolik\u00f3w, Polak\u00f3w, kt\u00f3re si\u0119 nie ukaza\u0142y.<!--more--><\/p>\n<p style=\"text-align: justify;\"><a href=\"http:\/\/grzegorzjaszczura.pl\/http:\/\/grzegorzjaszczura.pl\/wp-content\/uploads\/2023\/03\/informator-maj-2003-1.jpg\"><img loading=\"lazy\" decoding=\"async\" class=\"alignnone size-thumbnail wp-image-62947\" src=\"http:\/\/grzegorzjaszczura.pl\/http:\/\/grzegorzjaszczura.pl\/wp-content\/uploads\/2023\/03\/informator-maj-2003-1-150x150.jpg\" alt=\"\" width=\"150\" height=\"150\" \/><\/a>Ale nie o tym chcia\u0142em dzisiaj pisa\u0107. Dok\u0142adnie 20 lat temu ukaza\u0142 si\u0119 pierwszy numer biuletynu nazwanego <span style=\"color: #000080;\"><em><strong>Informator Prawicowy<\/strong><\/em><\/span>. By\u0142 on wtedy reakcj\u0105 na lewack\u0105 nachaln\u0105 propagand\u0119, zwi\u0105zan\u0105 z referendum na temat przyst\u0105pienia Polski do tzw. <span style=\"color: #ff0000;\"><strong>Unii Europejskiej<\/strong><\/span>. Niestety nie uda\u0142o si\u0119 zapobiec aneksji Polski przez <span style=\"color: #ff0000;\">lewactwo unioeuropejskie<\/span>. <strong>Bardzo szybko okaza\u0142o si\u0119, \u017ce z nasz\u0105 suwerenno\u015bci\u0105 nie jest tak dobrze, jak g\u0142osili to lewacy.<\/strong> Osobi\u015bcie by\u0142em pewny, \u017ce tak b\u0119dzie, bo <strong>celem komuny nigdy nie b\u0119dzie wolno\u015b\u0107 jednostki!<\/strong> I tak jest. A teraz wydaje si\u0119, \u017ce ich celem by\u0142o stworzenie kolejnego o\u015brodka korupcyjnego, a &#8222;przewa\u0142y&#8221; s\u0105 pewnie niepor\u00f3wnywalnie wi\u0119ksze od tych z poszczeg\u00f3lnych kraj\u00f3w (\u0142ap\u00f3wki te\u017c wi\u0119ksze). Przy okazji mo\u017cna szerzy\u0107 lewack\u0105, antyludzk\u0105 czasami propagand\u0119.<\/p>\n<p style=\"text-align: justify;\">Artyku\u0142 redakcyjny z tego pierwszego numeru za chwil\u0119. A redakcj\u0119 stanowili wtedy, k&#8217;woli historycznej \u015bcis\u0142o\u015bci: <strong>Jan Kurczek<\/strong>, <strong>Grzegorz Kwiecie\u0144<\/strong>, <strong>Tomasz Sk\u00f3ra<\/strong>, <strong>Jacek Wychowaniec<\/strong> i <strong>ja<\/strong>.<\/p>\n<p style=\"text-align: justify;\"><span style=\"color: #000080;\"><strong>Korzenie \u201eUnii Europejskiej\u201d<\/strong><\/span><\/p>\n<p style=\"text-align: justify;\"><span style=\"color: #000080;\">Kiedy Joanna Szczepkowska og\u0142asza\u0142a upadek komunizmu (socjalizmu), <strong>my\u015bla\u0142em, jak inni<\/strong>, \u017ce wreszcie b\u0119dziemy mieszka\u0107 i \u017cy\u0107 normalnie w wolnym kraju, z dala od upior\u00f3w tzw. rewolucji pa\u017adziernikowej. Jak\u017ce si\u0119 jednak myli\u0142em! To co nie uda\u0142o si\u0119 Leninowi, Stalinowi, mo\u017ce uda\u0107 si\u0119 socjalistom z Europy Zachodniej. Chodzi mi o zbudowanie unii socjalistycznych republik, zwanych w skr\u00f3cie <span style=\"color: #ff0000;\">Uni\u0105 Europejsk\u0105<\/span>. Dlaczego tak twierdz\u0119? Przytocz\u0119 opini\u0119 na temat akcesu z <span style=\"color: #ff0000;\">Uni\u0105 Europejsk\u0105<\/span> dysydenta rosyjskiego W\u0142odzimierza Bukowskiego., kt\u00f3ry doskonale pozna\u0142 na w\u0142asnej sk\u00f3rze wprowadzenie tzw. systemu sprawiedliwo\u015bci spo\u0142ecznej, jak r\u00f3wnie\u017c kraje Europy Zachodniej, mieszkaj\u0105c tam przez dwadzie\u015bcia lat po wyp\u0119dzeniu ze Zwi\u0105zku Sowieckiego:<\/span><\/p>\n<p style=\"text-align: justify;\"><em><span style=\"color: #000080;\">\u201e[\u2026] Pod koniec lat osiemdziesi\u0105tych system sowiecki by\u0142 w g\u0142\u0119bokim kryzysie, o czym przyw\u00f3dcy sowieccy doskonale wiedzieli. Przyw\u00f3dcy socjalistyczni z Zachodu tak\u017ce przewidywali wyst\u0105pienie takiego kryzysu i byli \u015bwiadomi tego, \u017ce ewentualne za\u0142amanie si\u0119 systemu sowieckiego doprowadzi\u0107 mo\u017ce do ich w\u0142asnej kl\u0119ski. Tak wi\u0119c pomi\u0119dzy stron\u0105 sowieck\u0105, a socjalistami zachodnimi dosz\u0142o do wsp\u00f3\u0142pracy, do stworzenia wsp\u00f3lnego planu i w ten spos\u00f3b obie strony mog\u0142y przetrwa\u0107\u2026 .<\/span><\/em><\/p>\n<p style=\"text-align: justify;\"><em><span style=\"color: #000080;\">Plan ten zak\u0142ada\u0142, \u017ce z jednej strony <span style=\"color: #ff0000;\">Zwi\u0105zek Sowiecki<\/span> powinien nieco z\u0142agodnie\u0107, z drugiej strony kraje zachodnie powinny sta\u0107 si\u0119 bardziej socjalistyczne. W ko\u0144cu dwa \u015bwiaty powinny spotka\u0107 si\u0119 gdzie\u015b w \u015brodku. To by\u0142o marzenie lewicy europejskiej\u2026<\/span><\/em><\/p>\n<p style=\"text-align: justify;\"><em><span style=\"color: #000080;\">Przyw\u00f3dcy socjalistyczni na Zachodzie postanowili wprowadzi\u0107 taki stan w \u017cycie. Ze strony zachodniej polega\u0142o to na przyj\u0119ciu przez kraje socjalistyczne projektu jedno\u015bci europejskiej\u2026<\/span><\/em><\/p>\n<p style=\"text-align: justify;\"><em><span style=\"color: #000080;\">Zamiast wolnego rynku, zamiast wolnego przep\u0142ywu towar\u00f3w i us\u0142ug Europa mia\u0142a si\u0119 sta\u0107 jednolitym pa\u0144stwem federalnym. Budowa struktur post\u0119powa\u0142a, ale w 1992 roku <span style=\"color: #ff0000;\">Zwi\u0105zek Sowiecki<\/span> przesta\u0142 istnie\u0107. I nagle lewica zosta\u0142a jakby tylko z zachodni\u0105 cz\u0119\u015bci\u0105 tego wsp\u00f3lnego europejskiego domu i w poczuciu niepewno\u015bci. Zamiast zatrzyma\u0107 post\u0119p tego projektu postanowi\u0142a go kontynuowa\u0107. Oczywi\u015bcie dlatego, \u017ce zorientowa\u0142a si\u0119, i\u017c dzi\u0119ki temu b\u0119dzie mog\u0142a utrzyma\u0107 si\u0119 u w\u0142adzy.<\/span><\/em><\/p>\n<p style=\"text-align: justify;\"><em><span style=\"color: #000080;\">[\u2026] Oczywi\u015bcie <strong><span style=\"color: #ff0000;\">Unia Europejska<\/span> jak dotychczas nie posun\u0119\u0142a si\u0119 do militarnej okupacji<\/strong>, natomiast wszystkie inne zastosowane u zarania Zwi\u0105zku Sowieckiego metody ju\u017c by\u0142y stosowane.<\/span><\/em><\/p>\n<p style=\"text-align: justify;\"><em><span style=\"color: #000080;\">Stosuje si\u0119 niesamowicie siln\u0105 propagand\u0119, kt\u00f3ra przypomina mi propagand\u0119 sowieck\u0105. Ca\u0142kiem niedawno, gdy w Irlandii powtarzano referendum w sprawie traktatu nicejskiego, ca\u0142y kraj zosta\u0142 zalepiony lansowanymi przez <span style=\"color: #ff0000;\">Uni\u0119 Europejsk\u0105<\/span> plakatami, na kt\u00f3rych by\u0142o napisane, \u017ce je\u015bli nie wybierzecie <span style=\"color: #ff0000;\">Unii Europejskiej<\/span>, b\u0119dziecie mieli g\u0142\u00f3d i n\u0119dz\u0119.\u201d<\/span><\/em><\/p>\n<p style=\"text-align: justify;\"><span style=\"color: #000080;\"><a href=\"http:\/\/grzegorzjaszczura.pl\/http:\/\/grzegorzjaszczura.pl\/wp-content\/uploads\/2023\/04\/IMG_20220608_183358991.jpg\"><img loading=\"lazy\" decoding=\"async\" class=\"alignnone size-thumbnail wp-image-63409\" src=\"http:\/\/grzegorzjaszczura.pl\/http:\/\/grzegorzjaszczura.pl\/wp-content\/uploads\/2023\/04\/IMG_20220608_183358991-150x150.jpg\" alt=\"\" width=\"150\" height=\"150\" \/><\/a>Ale <strong>jestem dobrej my\u015bli<\/strong>, Szwajcarzy ju\u017c pi\u0119\u0107 razy powiedzieli \u201dnie\u201d Unii Europejskiej, my <strong>powiedzmy po raz pierwszy<\/strong>.<\/span><\/p>\n<p style=\"text-align: justify;\">Niestety nachalna lewacka propaganda dokona\u0142a spustoszenia u Polak\u00f3w i &#8222;budujemy&#8221; t\u0119 <span style=\"color: #ff0000;\">neokomun\u0119<\/span>. Ciekawe jak d\u0142ugo? <span style=\"color: #000080;\"><em><strong>Informator Prawicowy<\/strong><\/em><\/span> ukazywa\u0142 si\u0119 przez kilka lat. <a href=\"http:\/\/grzegorzjaszczura.pl\/http:\/\/grzegorzjaszczura.pl\/wp-content\/uploads\/2023\/05\/informator-sierpien-2008-1.jpg\"><img loading=\"lazy\" decoding=\"async\" class=\"alignnone size-thumbnail wp-image-63444\" src=\"http:\/\/grzegorzjaszczura.pl\/http:\/\/grzegorzjaszczura.pl\/wp-content\/uploads\/2023\/05\/informator-sierpien-2008-1-150x150.jpg\" alt=\"\" width=\"150\" height=\"150\" \/><\/a>W sumie ukaza\u0142o si\u0119 19 numer\u00f3w (do 08.2008 r.). W tym chyba ostatnim numerze zaj\u0119li\u015bmy si\u0119 <strong>Centrum Administracji<\/strong> w D\u0105browie G\u00f3rniczej. Konkretnie chodzi\u0142o o uniewa\u017cnienie &#8222;Kontraktu na projekt, budow\u0119 i eksploatacj\u0119 Centrum Administracyjnego&#8221; &#8211; budynku dla urz\u0119dnik\u00f3w w naszym mie\u015bcie (foto obok).<\/p>\n<p style=\"text-align: justify;\">A p\u00f3\u017aniej jak wspomnia\u0142em na pocz\u0105tku uruchomi\u0142em informacyjnego bloga, kt\u00f3rego w tym momencie <span style=\"color: #000080;\"><strong>Szanowny Czytelniku<\/strong><\/span> przegl\u0105dasz!<\/p>\n","protected":false},"excerpt":{"rendered":"<p>Zaczn\u0119 od historii bloga. Pierwszy wpis na moim blogu mia\u0142 miejsce 7 maja 2009 r., czyli 14 lat temu. Od tego czasu niepokoi\u0142em Szanownych Czytelnik\u00f3w 1400 razy. Komentarzy puszczonych po mojej redakcyjnej cenzurze ukaza\u0142o si\u0119 przesz\u0142o 7600 sztuk, pomijam lewackie i skrajnie lewackie, obra\u017caj\u0105ce mnie, katolik\u00f3w, Polak\u00f3w, kt\u00f3re si\u0119 nie ukaza\u0142y.<\/p>\n","protected":false},"author":2,"featured_media":0,"comment_status":"open","ping_status":"open","sticky":false,"template":"","format":"standard","meta":{"_monsterinsights_skip_tracking":false,"_monsterinsights_sitenote_active":false,"_monsterinsights_sitenote_note":"","_monsterinsights_sitenote_category":0,"footnotes":""},"categories":[3],"tags":[],"class_list":["post-62934","post","type-post","status-publish","format-standard","hentry","category-polityczne"],"_links":{"self":[{"href":"https:\/\/grzegorzjaszczura.pl\/index.php?rest_route=\/wp\/v2\/posts\/62934","targetHints":{"allow":["GET"]}}],"collection":[{"href":"https:\/\/grzegorzjaszczura.pl\/index.php?rest_route=\/wp\/v2\/posts"}],"about":[{"href":"https:\/\/grzegorzjaszczura.pl\/index.php?rest_route=\/wp\/v2\/types\/post"}],"author":[{"embeddable":true,"href":"https:\/\/grzegorzjaszczura.pl\/index.php?rest_route=\/wp\/v2\/users\/2"}],"replies":[{"embeddable":true,"href":"https:\/\/grzegorzjaszczura.pl\/index.php?rest_route=%2Fwp%2Fv2%2Fcomments&post=62934"}],"version-history":[{"count":41,"href":"https:\/\/grzegorzjaszczura.pl\/index.php?rest_route=\/wp\/v2\/posts\/62934\/revisions"}],"predecessor-version":[{"id":63458,"href":"https:\/\/grzegorzjaszczura.pl\/index.php?rest_route=\/wp\/v2\/posts\/62934\/revisions\/63458"}],"wp:attachment":[{"href":"https:\/\/grzegorzjaszczura.pl\/index.php?rest_route=%2Fwp%2Fv2%2Fmedia&parent=62934"}],"wp:term":[{"taxonomy":"category","embeddable":true,"href":"https:\/\/grzegorzjaszczura.pl\/index.php?rest_route=%2Fwp%2Fv2%2Fcategories&post=62934"},{"taxonomy":"post_tag","embeddable":true,"href":"https:\/\/grzegorzjaszczura.pl\/index.php?rest_route=%2Fwp%2Fv2%2Ftags&post=62934"}],"curies":[{"name":"wp","href":"https:\/\/api.w.org\/{rel}","templated":true}]}}