{"id":6313,"date":"2010-10-12T21:50:39","date_gmt":"2010-10-12T19:50:39","guid":{"rendered":"http:\/\/grzegorzjaszczura.pl\/?p=6313"},"modified":"2010-10-12T21:50:39","modified_gmt":"2010-10-12T19:50:39","slug":"krzysztof-stachowicz-kandyduje-bo","status":"publish","type":"post","link":"https:\/\/grzegorzjaszczura.pl\/?p=6313","title":{"rendered":"Krzysztof Stachowicz &#8211; kandyduj\u0119 bo:"},"content":{"rendered":"<p style=\"text-align: justify;\"><span style=\"color: #0000ff;\"><strong><a href=\"http:\/\/grzegorzjaszczura.pl\/http:\/\/grzegorzjaszczura.pl\/wp-content\/uploads\/2010\/10\/DSC_0154.JPG\"><img loading=\"lazy\" decoding=\"async\" class=\"alignleft size-thumbnail wp-image-6321\" title=\"DSC_0154\" src=\"http:\/\/grzegorzjaszczura.pl\/http:\/\/grzegorzjaszczura.pl\/wp-content\/uploads\/2010\/10\/DSC_0154-150x150.jpg\" alt=\"DSC_0154\" width=\"150\" height=\"150\" \/><\/a>Kampania wyborcza do samorz\u0105du wystartowa\u0142a. Kandydatem na Prezydenta Miasta, kt\u00f3rego popieram jest Pan Krzysztof Stachowicz (<span style=\"color: #ff6600;\">PO<\/span>). Odpowied\u017a dlaczego?, jest bardzo prosta<\/strong><\/span><span style=\"color: #0000ff;\"><strong>: stary lewicowy uk\u0142ad betonowy, kt\u00f3ry <\/strong><\/span><span style=\"color: #0000ff;\"><strong>rz\u0105dzi <\/strong><\/span><span style=\"color: #0000ff;\"><strong>w naszym<\/strong><\/span> <strong><span style=\"color: #0000ff;\">mie\u015bcie nale\u017cy zmieni\u0107. Nikogo, kto cho\u0107 troch\u0119 przygl\u0105da\u0142 si\u0119 moim poczynaniom<!--more--> jako radnego w ostatniej kadencji nie zdziwi\u0105 moje dzia\u0142ania zmierzaj\u0105ce\u00a0 w tym\u00a0 kierunku. <\/span><\/strong><\/p>\n<p style=\"text-align: justify;\"><strong><span style=\"color: #0000ff;\">A cele Pana Krzysztofa Stachowicza najbardziej z tym koreluj\u0105 i wsp\u00f3\u0142graj\u0105. Postaram si\u0119 zreszt\u0105 w kilku wpisach je przedstawi\u0107:<\/span><\/strong><\/p>\n<p style=\"text-align: justify;\"><span style=\"color: #ff6600;\"><strong>&#8222;Kandyduj\u0119 poniewa\u017c \u017cyj\u0119 tutaj. I nie chc\u0119 st\u0105d nigdzie wyje\u017cd\u017ca\u0107. Chc\u0119 by nasze miasto by\u0142o najpi\u0119kniejszym miastem w Polsce. Miastem przyjaznym dla jego mieszka\u0144c\u00f3w i odwiedzaj\u0105cych nas turyst\u00f3w. Aby Ci, kt\u00f3rzy chc\u0105 zainwestowa\u0107 otrzymali niezb\u0119dn\u0105 pomoc. Bo miejsca pracy s\u0105 podstaw\u0105 rozwoju i stabilno\u015bci naszych rodzin.&#8221;<\/strong><\/span><\/p>\n<p style=\"text-align: justify;\"><span style=\"color: #0000ff;\"><strong>Bardzo podobnie rozumowa\u0142em wyst\u0119puj\u0105c wielokrotnie na forum Rady Miasta z krytyk\u0105 zad\u0142u\u017cania naszej Gminy na rozbujane inwestycje proponowane przez lewicowego Prezydenta Pana Zb. Podraz\u0119 (<span style=\"color: #ff0000;\">Lewica SLD<\/span>). Zreszt\u0105 inwestycje, kt\u00f3re przez prawie 4 lata istniej\u0105 g\u0142\u00f3wnie na papierze, a nie w rzeczywisto\u015bci. Jak mo\u017ce by\u0107 inaczej, gdy miasto wykupuje weksle <em>in blanco<\/em> na 30 milion\u00f3w z\u0142otych za prywatn\u0105 firm\u0119 Nemo-Wodny \u015awiat, cho\u0107 s\u0105 ekspertyzy prawne, podwa\u017caj\u0105ce konieczno\u015b\u0107 tego wykupu. Zobacz dok\u0142adniejszy opis: <\/strong><a href=\"http:\/\/grzegorzjaszczura.pl\/?p=4695#more-4695\">http:\/\/grzegorzjaszczura.pl\/?p=4695#more-4695 <\/a><strong>lub kilka innych, np. <\/strong><\/span><a href=\"http:\/\/grzegorzjaszczura.pl\/?p=1892#more-1892\">http:\/\/grzegorzjaszczura.pl\/?p=1892#more-1892<\/a><span style=\"color: #0000ff;\"><strong>.<\/strong><strong> <\/strong><\/span><\/p>\n<p style=\"text-align: justify;\"><span style=\"color: #0000ff;\"><strong>Jak mo\u017ce by\u0107 inaczej, gdy przez ca\u0142\u0105 kadencj\u0119\u00a0 jedyn\u0105 propozycj\u0105 sfinansowania tych inwestycji proponowan\u0105 przez Pana Prezydenta (<span style=\"color: #ff0000;\">Lewica SLD<\/span>) s\u0105 obligacje komunalne, kt\u00f3re rzutem na ta\u015bm\u0119 s\u0105 zamienione na 250 milion\u00f3w z\u0142otych kredytu w Banku (EBI). Pan Prezydent Zb. Podraza, czy wspieraj\u0105cy jego dzia\u0142ania pan Pe\u0142nomocnik R. Ko\u0107ma (<span style=\"color: #ff0000;\">Lewica SLD<\/span>) nie widz\u0105 innego sposobu dzia\u0142ania, jak wieloletnie zad\u0142u\u017cenie wszystkich mieszka\u0144c\u00f3w. Staje si\u0119 wr\u0119cz anegdotyczne stwierdzenie, \u017ce dzieci Pana Pe\u0142nomocnika Pana Prezydenta chc\u0105 sp\u0142aca\u0107 d\u0142ugi zaci\u0105gni\u0119te przez swojego ojca, a moje dzieci, gdy w przysz\u0142o\u015bci zarobi\u0105 pieni\u0105dze, chc\u0105 mie\u0107 mo\u017cliwo\u015b\u0107 decyzji jak je wyda\u0107!<\/strong><\/span><\/p>\n<p style=\"text-align: justify;\"><span style=\"color: #ff6600;\"><strong><span style=\"color: #000000;\"><span style=\"color: #0000ff;\">Ja te\u017c nie chc\u0119 wyje\u017cd\u017ca\u0107 z D\u0105browy G\u00f3rniczej. Ponadto podobnie jak Krzysztof Stachowicz (<span style=\"color: #ff6600;\">PO<\/span>) chcia\u0142bym stworzy\u0107 takie mo\u017cliwo\u015bci rozwoju naszego Miasta, aby tak\u017ce moje dzieci nie musia\u0142y wyje\u017cd\u017ca\u0107, do jak to okre\u015bli\u0142em kiedy\u015b na sesji Rady Miasta nie tylko Irlandii, czy Anglii, ale nawet Islandii (bo co im nied\u0142ugo pozostanie?).<\/span><br \/>\n<\/span><\/strong><\/span><\/p>\n","protected":false},"excerpt":{"rendered":"<p>Kampania wyborcza do samorz\u0105du wystartowa\u0142a. Kandydatem na Prezydenta Miasta, kt\u00f3rego popieram jest Pan Krzysztof Stachowicz (PO). Odpowied\u017a dlaczego?, jest bardzo prosta: stary lewicowy uk\u0142ad betonowy, kt\u00f3ry rz\u0105dzi w naszym mie\u015bcie nale\u017cy zmieni\u0107. Nikogo, kto cho\u0107 troch\u0119 przygl\u0105da\u0142 si\u0119 moim poczynaniom<\/p>\n","protected":false},"author":2,"featured_media":0,"comment_status":"open","ping_status":"open","sticky":false,"template":"","format":"standard","meta":{"_monsterinsights_skip_tracking":false,"_monsterinsights_sitenote_active":false,"_monsterinsights_sitenote_note":"","_monsterinsights_sitenote_category":0,"footnotes":""},"categories":[3],"tags":[],"class_list":["post-6313","post","type-post","status-publish","format-standard","hentry","category-polityczne"],"_links":{"self":[{"href":"https:\/\/grzegorzjaszczura.pl\/index.php?rest_route=\/wp\/v2\/posts\/6313","targetHints":{"allow":["GET"]}}],"collection":[{"href":"https:\/\/grzegorzjaszczura.pl\/index.php?rest_route=\/wp\/v2\/posts"}],"about":[{"href":"https:\/\/grzegorzjaszczura.pl\/index.php?rest_route=\/wp\/v2\/types\/post"}],"author":[{"embeddable":true,"href":"https:\/\/grzegorzjaszczura.pl\/index.php?rest_route=\/wp\/v2\/users\/2"}],"replies":[{"embeddable":true,"href":"https:\/\/grzegorzjaszczura.pl\/index.php?rest_route=%2Fwp%2Fv2%2Fcomments&post=6313"}],"version-history":[{"count":28,"href":"https:\/\/grzegorzjaszczura.pl\/index.php?rest_route=\/wp\/v2\/posts\/6313\/revisions"}],"predecessor-version":[{"id":6384,"href":"https:\/\/grzegorzjaszczura.pl\/index.php?rest_route=\/wp\/v2\/posts\/6313\/revisions\/6384"}],"wp:attachment":[{"href":"https:\/\/grzegorzjaszczura.pl\/index.php?rest_route=%2Fwp%2Fv2%2Fmedia&parent=6313"}],"wp:term":[{"taxonomy":"category","embeddable":true,"href":"https:\/\/grzegorzjaszczura.pl\/index.php?rest_route=%2Fwp%2Fv2%2Fcategories&post=6313"},{"taxonomy":"post_tag","embeddable":true,"href":"https:\/\/grzegorzjaszczura.pl\/index.php?rest_route=%2Fwp%2Fv2%2Ftags&post=6313"}],"curies":[{"name":"wp","href":"https:\/\/api.w.org\/{rel}","templated":true}]}}