{"id":6325,"date":"2010-10-17T17:12:06","date_gmt":"2010-10-17T15:12:06","guid":{"rendered":"http:\/\/grzegorzjaszczura.pl\/?p=6325"},"modified":"2010-10-23T13:40:18","modified_gmt":"2010-10-23T11:40:18","slug":"krzysztof-stachowicz-kandyduje-bo-cz-2","status":"publish","type":"post","link":"https:\/\/grzegorzjaszczura.pl\/?p=6325","title":{"rendered":"Krzysztof Stachowicz &#8211; kandyduj\u0119 bo (cz. 2):"},"content":{"rendered":"<p style=\"text-align: justify;\"><span style=\"color: #0000ff;\"><strong><a href=\"http:\/\/grzegorzjaszczura.pl\/http:\/\/grzegorzjaszczura.pl\/wp-content\/uploads\/2010\/10\/20100906607.jpg\"><img loading=\"lazy\" decoding=\"async\" class=\"alignleft size-thumbnail wp-image-6339\" title=\"20100906607\" src=\"http:\/\/grzegorzjaszczura.pl\/http:\/\/grzegorzjaszczura.pl\/wp-content\/uploads\/2010\/10\/20100906607-150x150.jpg\" alt=\"20100906607\" width=\"150\" height=\"150\" \/><\/a>W drugim odcinku \u015bwi\u0119te s\u0142owa Kandydata na Prezydenta Krzysztofa Stachowicza (<span style=\"color: #ff6600;\">PO<\/span>) uzasadniaj\u0105ce konieczno\u015b\u0107 zmian, o kt\u00f3rych wspomina\u0142em kr\u00f3tko we wpisie:<a href=\"http:\/\/grzegorzjaszczura.pl\/?p=6313#more-6313\"> <\/a><\/strong><\/span><a href=\"http:\/\/grzegorzjaszczura.pl\/?p=6313#more-6313\">http:\/\/grzegorzjaszczura.pl\/?p=6313#more-6313<\/a><span style=\"color: #0000ff;\"><strong>. Oto jego uzasadnienie:<br \/>\n<\/strong><\/span><\/p>\n<p style=\"text-align: justify;\"><span style=\"color: #ff6600;\"><strong>Tymczasem 4 ostatnie lata rz\u0105d\u00f3w Prezydenta Podrazy i jego koleg\u00f3w z SLD, <!--more-->to niestety czas zmarnowanych szans i okazji. Prezydent Podraza obiecywa\u0142 sprawny urz\u0105d, a tymczasem mamy bizantyjsk\u0105 twierdz\u0119, na kt\u00f3r\u0105 wydano miliony z naszych podatk\u00f3w. Jest to najdro\u017cszy urz\u0105d i najdro\u017csza administracja w naszym wojew\u00f3dztwie. Zad\u0142u\u017cone s\u0105 instytucje miejskie, sp\u00f3\u0142ki, ca\u0142e miasto. D\u0105browa mia\u0142a by\u0107 bezpieczna, czysta i przyjazna. Jako mieszka\u0144cy mamy tylko d\u0142ugi, za kt\u00f3re przyjdzie nam p\u0142aci\u0107. Z wielkich plan\u00f3w zosta\u0142y tylko te poprawiaj\u0105ce \u017cycie urz\u0119dnik\u00f3w i koleg\u00f3w z polityczno-biznesowego uk\u0142adu.<\/strong><\/span><\/p>\n<p style=\"text-align: justify;\"><span style=\"color: #ff6600;\"><strong> Mam odwag\u0119 powiedzie\u0107 <span style=\"text-decoration: underline;\">\u201eDOS\u0106!\u201d<\/span>. Kandyduje by odsun\u0105\u0107 od w\u0142adzy uk\u0142ad kolesi\u00f3w z SLD \u00a0tzn.\u00a0 Niezatapialny uk\u0142ad towarzysko-biznesowy, kt\u00f3ry trz\u0119sie urz\u0119dem miasta od lat. Marnowali nasze szanse w PRL, marnuj\u0105 w wolnej Polsce.<\/strong><\/span><\/p>\n<p style=\"text-align: justify;\"><span style=\"color: #ff6600;\"><strong><span style=\"color: #0000ff;\">A\u017c strach pomy\u015ble\u0107, co by\u0142oby, gdyby Kontrakt na projekt, budow\u0119 i eksploatacj\u0119 tzw. Centrum Administracji nie zosta\u0142by prawomocnym wyrokiem S\u0105du uznany za niewa\u017cny. Zobacz: <\/span><\/strong><\/span><a href=\"http:\/\/grzegorzjaszczura.pl\/?p=167#more-167\">http:\/\/grzegorzjaszczura.pl\/?p=167#more-167<\/a><strong><span style=\"color: #0000ff;\">.<\/span><\/strong> <span style=\"color: #ff6600;\"><strong><span style=\"color: #0000ff;\">Przecie\u017c dzi\u0119ki temu zaoszcz\u0119dzili\u015bmy jako Gmina (mieszka\u0144cy) kilkadziesi\u0105t milion\u00f3w z\u0142otych (a mo\u017ce i wi\u0119cej!). Pomijam ju\u017c fakt wybudowania budynk\u00f3w dla Prokuratury Rejonowej i S\u0105du Rejonowego z naszych pieni\u0119dzy, a nie z funduszy Ministerstwa Sprawiedliwo\u015bci.<\/span><\/strong><\/span><\/p>\n<p style=\"text-align: justify;\"><span style=\"color: #0000ff;\"><strong>Dlaczego przetarg na gospodarowanie odpadami komunalnymi wraz z utrzymaniem czysto\u015bci w mie\u015bcie  zostaje przeprowadzony w spos\u00f3b, kt\u00f3ry nawet w obecnym uk\u0142adzie  politycznym podwa\u017cy\u0142a Komisja Rewizyjna, nota bene zajmuj\u0105ca si\u0119 tym na  m\u00f3j wniosek? Zobacz:<a href=\"http:\/\/grzegorzjaszczura.pl\/?p=496#more-496\"> <\/a><\/strong><\/span><a href=\"http:\/\/grzegorzjaszczura.pl\/?p=496#more-496\">http:\/\/grzegorzjaszczura.pl\/?p=496#more-496<\/a> <span style=\"color: #0000ff;\"><strong>oraz<\/strong><\/span> <a href=\"http:\/\/grzegorzjaszczura.pl\/?p=567#more-567\">http:\/\/grzegorzjaszczura.pl\/?p=567#more-567<\/a><span style=\"color: #0000ff;\"><strong>. <\/strong><span style=\"color: #000000;\">Nasuwa mi si\u0119 taki &#8222;pomys\u0142&#8221; w zwi\u0105zku ze strajkiem (protestem) Pa\u0144 salowych i NSZZ &#8222;Solidarno\u015b\u0107&#8221;, \u017ce gdyby Pan p.o. Dyrektora Szpitala wstawi\u0142 warunek przetargowy (w SIWZ), dla oferent\u00f3w, konieczno\u015bci posiadania bazy transportowo-logistycznej w odleg\u0142o\u015bci do 25 kilometr\u00f3w od Placu Wolno\u015bci 1 (tak by\u0142o przy gospodarowaniu odpadami komunalnymi!!!), to firmy z Krakowa nie mog\u0142yby uczestniczy\u0107 w nim i wygra\u0142aby jaka\u015b miejscowa firma. W rezultacie Paniom salowym nie grozi\u0142aby prawdopodobnie alternatywa skierowania do prac sprz\u0105tania na obiekcie w Krakowie! Jest to pewnie jeden z powod\u00f3w, nie przyj\u0119cie przez nie, warunk\u00f3w pracy firmy Sp\u00f3\u0142dzielnia Inwalid\u00f3w &#8222;Naprz\u00f3d&#8221; z Krakowa.<\/span><strong><br \/>\n<\/strong><\/span><\/p>\n<p style=\"text-align: justify;\"><strong><span style=\"color: #0000ff;\">\u015amiesznie, a jednocze\u015bnie gro\u017anie, by\u0142o tak\u017ce z bratkami, zob.:<\/span><\/strong> <a href=\"http:\/\/grzegorzjaszczura.pl\/?p=3364#more-3364 \">http:\/\/grzegorzjaszczura.pl\/?p=3364#more-3364<\/a><span style=\"color: #0000ff;\"><strong><a href=\"http:\/\/grzegorzjaszczura.pl\/?p=3364#more-3364 \"> <\/a>oraz <\/strong><\/span><a href=\"http:\/\/grzegorzjaszczura.pl\/?p=4065#more-4065\">http:\/\/grzegorzjaszczura.pl\/?p=4065#more-4065<\/a><span style=\"color: #0000ff;\"><strong>. Oskar\u017cenie mieszka\u0144c\u00f3w D\u0105browy G\u00f3rniczej o zabranie bratk\u00f3w do mieszka\u0144 i to jeszcze w zim\u0119(!), to dow\u00f3d jak jeste\u015bmy traktowani, jako mieszka\u0144cy, przez <span style=\"color: #ff0000;\">Lewic\u0119<\/span> rz\u0105dz\u0105c\u0105 w naszym mie\u015bcie!<\/strong><\/span><\/p>\n<p style=\"text-align: justify;\"><span style=\"color: #0000ff;\"><strong>A\u017c strach pomy\u015ble\u0107, co by\u0142oby, gdyby w zwi\u0105zku z kryzysem pad\u0142y dwa najwi\u0119ksze zak\u0142ady pracy w naszym mie\u015bcie, czyli Huta Arcelor Mittal i Koksownia &#8222;Przyja\u017a\u0144&#8221;. Podnosi\u0142em <em>nota bene<\/em> ten problem na jednej z sesji, przy okazji podwy\u017cszania podatk\u00f3w od nieruchomo\u015bci, w tym od przedsi\u0119biorc\u00f3w, przez <span style=\"color: #ff0000;\">lewicow\u0105 koalicj\u0119<\/span> Pana Prezydenta Zb. Podrazy.<\/strong><\/span><\/p>\n<p style=\"text-align: justify;\"><span style=\"color: #0000ff;\"><strong>Co do koszt\u00f3w administracji i ewentualnego ich zmniejszenia, to te\u017c Pan Prezydent Zb. Podraza (<span style=\"color: #ff0000;\">Lewica SLD<\/span>), nie zrobi\u0142 dok\u0142adnie nic w tym kierunku. Tak\u017ce wszyscy radni lewicowi, tzn. koalicji <span style=\"color: #ff0000;\">Lewica SLD, SDPL<\/span> oraz <span style=\"color: #ff0000;\">TPD <span style=\"color: #0000ff;\">i<\/span> SIO<\/span>, oraz cz\u0142onkowie partii <span style=\"color: #ff0000;\">PIS<\/span>, <span style=\"text-decoration: underline;\">co chcia\u0142em przypomnie\u0107<\/span>, byli przeciwko projektowi uchwa\u0142y o zmniejszeniu diet wszystkim radnym o 50%. <span style=\"text-decoration: underline;\">By\u0142em <em>nota bene <\/em>g\u0142\u00f3wnym autorem tej uchwa\u0142y! <\/span>Za zmniejszeniem diet zag\u0142osowali tylko radni: <span style=\"color: #008000;\">Tomasz Sk\u00f3ra, Tomasz Pasek, Krzysztof Tamborek<\/span> i ja (<span style=\"color: #008000;\">Grzegorz Jaszczura<\/span>). Zobacz:<a href=\"http:\/\/grzegorzjaszczura.pl\/?p=17#more-17\"> <\/a><\/strong><\/span><a href=\"http:\/\/grzegorzjaszczura.pl\/?p=17#more-17\">http:\/\/grzegorzjaszczura.pl\/?p=17#more-17<\/a>.<\/p>\n<p style=\"text-align: justify;\"><a href=\"http:\/\/grzegorzjaszczura.pl\/http:\/\/grzegorzjaszczura.pl\/wp-content\/uploads\/2010\/10\/diet-przeciw.jpg\"><img loading=\"lazy\" decoding=\"async\" class=\"alignleft size-thumbnail wp-image-6404\" title=\"diet-przeciw\" src=\"http:\/\/grzegorzjaszczura.pl\/http:\/\/grzegorzjaszczura.pl\/wp-content\/uploads\/2010\/10\/diet-przeciw-150x150.jpg\" alt=\"diet-przeciw\" width=\"150\" height=\"150\" \/><\/a><a href=\"http:\/\/grzegorzjaszczura.pl\/http:\/\/grzegorzjaszczura.pl\/wp-content\/uploads\/2010\/10\/diety-za.jpg\"><img loading=\"lazy\" decoding=\"async\" class=\"alignleft size-thumbnail wp-image-6405\" title=\"diety-za\" src=\"http:\/\/grzegorzjaszczura.pl\/http:\/\/grzegorzjaszczura.pl\/wp-content\/uploads\/2010\/10\/diety-za-150x150.jpg\" alt=\"diety-za\" width=\"150\" height=\"150\" \/><\/a><span style=\"color: #0000ff;\"><strong>Przeciw obni\u017ceniu diet: wi\u0119kszo\u015b\u0107 radnych.<\/strong><\/span><\/p>\n<p style=\"text-align: justify;\"><span style=\"color: #0000ff;\"><strong> Za obni\u017ceniem: tylko 4 radnych. <\/strong><\/span><\/p>\n<p style=\"text-align: justify;\"><span style=\"color: #0000ff;\"><strong>Wyborco!, miej powy\u017csze na uwadze przy najbli\u017cszym g\u0142osowaniu 21 listopada, czyli najbli\u017cszych wyborach samorz\u0105dowych!<br \/>\n<\/strong><\/span><\/p>\n<p style=\"text-align: justify;\"><span style=\"color: #ff6600;\"><strong><span style=\"color: #0000ff;\"><br \/>\n<\/span><\/strong><\/span><\/p>\n<p style=\"text-align: justify;\"><span style=\"color: #0000ff;\"><strong><br \/>\n<\/strong><\/span><\/p>\n<p style=\"text-align: justify;\">\n","protected":false},"excerpt":{"rendered":"<p>W drugim odcinku \u015bwi\u0119te s\u0142owa Kandydata na Prezydenta Krzysztofa Stachowicza (PO) uzasadniaj\u0105ce konieczno\u015b\u0107 zmian, o kt\u00f3rych wspomina\u0142em kr\u00f3tko we wpisie: http:\/\/grzegorzjaszczura.pl\/?p=6313#more-6313. Oto jego uzasadnienie: Tymczasem 4 ostatnie lata rz\u0105d\u00f3w Prezydenta Podrazy i jego koleg\u00f3w z SLD,<\/p>\n","protected":false},"author":2,"featured_media":0,"comment_status":"open","ping_status":"open","sticky":false,"template":"","format":"standard","meta":{"_monsterinsights_skip_tracking":false,"_monsterinsights_sitenote_active":false,"_monsterinsights_sitenote_note":"","_monsterinsights_sitenote_category":0,"footnotes":""},"categories":[3],"tags":[],"class_list":["post-6325","post","type-post","status-publish","format-standard","hentry","category-polityczne"],"_links":{"self":[{"href":"https:\/\/grzegorzjaszczura.pl\/index.php?rest_route=\/wp\/v2\/posts\/6325","targetHints":{"allow":["GET"]}}],"collection":[{"href":"https:\/\/grzegorzjaszczura.pl\/index.php?rest_route=\/wp\/v2\/posts"}],"about":[{"href":"https:\/\/grzegorzjaszczura.pl\/index.php?rest_route=\/wp\/v2\/types\/post"}],"author":[{"embeddable":true,"href":"https:\/\/grzegorzjaszczura.pl\/index.php?rest_route=\/wp\/v2\/users\/2"}],"replies":[{"embeddable":true,"href":"https:\/\/grzegorzjaszczura.pl\/index.php?rest_route=%2Fwp%2Fv2%2Fcomments&post=6325"}],"version-history":[{"count":56,"href":"https:\/\/grzegorzjaszczura.pl\/index.php?rest_route=\/wp\/v2\/posts\/6325\/revisions"}],"predecessor-version":[{"id":6563,"href":"https:\/\/grzegorzjaszczura.pl\/index.php?rest_route=\/wp\/v2\/posts\/6325\/revisions\/6563"}],"wp:attachment":[{"href":"https:\/\/grzegorzjaszczura.pl\/index.php?rest_route=%2Fwp%2Fv2%2Fmedia&parent=6325"}],"wp:term":[{"taxonomy":"category","embeddable":true,"href":"https:\/\/grzegorzjaszczura.pl\/index.php?rest_route=%2Fwp%2Fv2%2Fcategories&post=6325"},{"taxonomy":"post_tag","embeddable":true,"href":"https:\/\/grzegorzjaszczura.pl\/index.php?rest_route=%2Fwp%2Fv2%2Ftags&post=6325"}],"curies":[{"name":"wp","href":"https:\/\/api.w.org\/{rel}","templated":true}]}}