{"id":6361,"date":"2010-10-26T14:06:30","date_gmt":"2010-10-26T12:06:30","guid":{"rendered":"http:\/\/grzegorzjaszczura.pl\/?p=6361"},"modified":"2010-10-26T21:09:31","modified_gmt":"2010-10-26T19:09:31","slug":"krzysztof-stachowicz-kandyduje-bo-cz-3","status":"publish","type":"post","link":"https:\/\/grzegorzjaszczura.pl\/?p=6361","title":{"rendered":"Krzysztof Stachowicz &#8211; kandyduj\u0119 bo: (cz. 3)"},"content":{"rendered":"<p style=\"text-align: justify;\"><span style=\"color: #ff6600;\"><strong><a href=\"http:\/\/grzegorzjaszczura.pl\/http:\/\/grzegorzjaszczura.pl\/wp-content\/uploads\/2010\/10\/IMG_4149-TTKG-01.jpg\"><img loading=\"lazy\" decoding=\"async\" class=\"alignleft size-thumbnail wp-image-6365\" title=\"IMG_4149 TTKG 01\" src=\"http:\/\/grzegorzjaszczura.pl\/http:\/\/grzegorzjaszczura.pl\/wp-content\/uploads\/2010\/10\/IMG_4149-TTKG-01-150x150.jpg\" alt=\"IMG_4149 TTKG 01\" width=\"150\" height=\"150\" \/><\/a><span style=\"color: #0000ff;\">Kontynuuj\u0105c prezentacj\u0119 cel\u00f3w Kandydata na Prezydenta Krzysztofa Stachowicza chcia\u0142bym dzisiaj zwr\u00f3ci\u0107 uwag\u0119 na to, co w 100 procentach jest zgodne z moimi przekonaniami i celami:<\/span> Do\u015b\u0107 wysokich op\u0142at i podatk\u00f3w, kt\u00f3re drenuj\u0105 kieszenie mieszka\u0144c\u00f3w. Mia\u0142y p\u00f3j\u015b\u0107 na inwestycje, a trafiaj\u0105 najcz\u0119\u015bciej<!--more--> do kieszeni koleg\u00f3w.\u00a0 Pora zlikwidowa\u0107 op\u0142aty adiacenckie, obni\u017cy\u0107 ceny wody, energii elektrycznej, a tak\u017ce wywozu \u015bmieci. To mo\u017cna i trzeba zrobi\u0107. Zlikwidowanie marnotrawienia publicznych pieni\u0119dzy to klucz do obni\u017cki p\u0142aconych przez obywateli D\u0105browy podatk\u00f3w i op\u0142at!<\/strong><\/span><\/p>\n<p style=\"text-align: justify;\"><span style=\"color: #ff6600;\"><strong><span style=\"color: #0000ff;\">W\u0142a\u015bciwie ca\u0142e 4 lata obecnej kadencji samorz\u0105du i mojego w nim uczestnictwa, to dok\u0142adnie dzia\u0142ania zmierzaj\u0105ce w powy\u017cszym kierunku i koreluj\u0105ce z nim! Zawsze w g\u0142osowaniach by\u0142em przeciwko podwy\u017cszaniu podatk\u00f3w lokalnych, w szczeg\u00f3lno\u015bci od nieruchomo\u015bci, w tym tak\u017ce od przedsi\u0119biorc\u00f3w, a r\u00f3wnie\u017c od \u015brodk\u00f3w transportu (te przecie\u017c wp\u0142ywaj\u0105 bezpo\u015brednio na ceny przewo\u017conych towar\u00f3w i ich konkurencyjno\u015b\u0107). Protestowa\u0142em przeciwko podwy\u017ckom cen wody i odprowadzania \u015bciek\u00f3w,\u00a0 notorycznie wprowadzanych przez PWiK sp. z o.o. &#8211; sp\u00f3\u0142k\u0119 z kapita\u0142em niemieckim! i koniecznie trzeba doda\u0107, \u017ce notorycznie popieranych przez koalicj\u0119 propodrazowskich radnych, mam na my\u015bli <span style=\"color: #ff0000;\">SLD<\/span>, <span style=\"color: #ff0000;\">SDPL<\/span>, <span style=\"color: #ff0000;\">Towarzystwo Przyjaci\u00f3\u0142 D\u0105browy<\/span>, niejakie<span style=\"color: #ff0000;\"> SIO (<span style=\"color: #0000ff;\">obecnie <\/span>BPDG)<\/span>). <\/span><\/strong><\/span><\/p>\n<p style=\"text-align: justify;\"><span style=\"color: #ff6600;\"><strong><span style=\"color: #0000ff;\">Protestowa\u0142em zawsze przeciwko promowanym przez Prezydenta Zb. Podraz\u0119 (<span style=\"color: #ff0000;\">Lewica SLD<\/span>) op\u0142atom adiacenckim. Postulowa\u0142em te\u017c ich obni\u017cenie, do kt\u00f3rego dosz\u0142o, gdy<span style=\"color: #ff0000;\"> Lewica<\/span> u\u015bwiadomi\u0142a sobie w ko\u0144cu jak wielkie to s\u0105 obci\u0105\u017cenia nie tylko dla mieszka\u0144c\u00f3w, lecz tak\u017ce dla niej!<\/span><\/strong><\/span><\/p>\n<p style=\"text-align: justify;\">Przytocz\u0119 obszerny fragment mojego wyst\u0105pienia przeciwko op\u0142atom adiacenckim z sesji, kt\u00f3ra odby\u0142a si\u0119 28.05.2008 r.:<\/p>\n<p style=\"text-align: justify;\"><span style=\"color: #0000ff;\"><em>\u201e1. <span style=\"text-decoration: underline;\">brak obowi\u0105zku uchwalania tej op\u0142aty. <\/span>Gminy  o\u015bcienne w wi\u0119kszo\u015bci nie przyst\u0119puj\u0105 do pobierania op\u0142aty adiacenckiej  mimo jej uchwalenia i to z r\u00f3\u017cnych powod\u00f3w. Miasto Czelad\u017a odrzuci\u0142o  tak\u0105 uchwa\u0142\u0119. Dodatkowo chcia\u0142em podkre\u015bli\u0107, \u017ce nie ma sankcji <strong>za nie uchwalenie<\/strong> przez Rad\u0119 Miasta tej uchwa\u0142y. Nigdzie w ustawie nie jest napisane, \u017ce Rada Miasta \u201emusi ustali\u0107\u201d op\u0142at\u0119 adiacenck\u0105.<\/em><\/span><\/p>\n<p style=\"text-align: justify;\"><span style=\"color: #0000ff;\"><em>Wyw\u00f3d  prawny w za\u0142\u0105czonym przez Pana Prezydenta uzasadnieniu do projektu  uchwa\u0142y, implikuj\u0105cy z braku uchwalenia tych op\u0142at przez Rad\u0119 Gminy  obej\u015bcie przepis\u00f3w konstytucyjnych oraz ustawy o gosp. nieruchomo\u015bciami  jest wg mnie intelektualnym nadu\u017cyciem ze strony Pana Prezydenta.  Kompletnie nie bierze pod uwag\u0119 wyroku Naczelnego S\u0105du Administracyjnego  z dn. 13.12.1994 r. o braku obowi\u0105zku ustalania rozpatrywanych op\u0142at.<\/em><\/span><\/p>\n<p style=\"text-align: justify;\"><span style=\"color: #0000ff;\"><em>2. <span style=\"text-decoration: underline;\">ustawowym zadaniem Gminy<\/span> jest zapewnienie w\u0142a\u015bciwej gospodarki wodno-\u015bciekowej w Gminie i cho\u0107by  wybudowanie dr\u00f3g dojazdowych dla mieszka\u0144c\u00f3w Gminy z podatk\u00f3w. \u017b\u0105danie  kolejnej op\u0142aty na ten sam cel, jest jakby powt\u00f3rnym opodatkowaniem  mieszka\u0144c\u00f3w na wykonywanie przez Gmin\u0119 inwestycji w infrastruktur\u0119  techniczn\u0105. <\/em><\/span><\/p>\n<p style=\"text-align: justify;\"><span style=\"color: #0000ff;\"><em>3. w\u0142a\u015bciwie jedynymi, kt\u00f3rzy zarabiaj\u0105 na wprowadzeniu tej op\u0142aty to <span style=\"text-decoration: underline;\">rzeczoznawcy maj\u0105tkowi<\/span>; koszty ich bada\u0144 i oblicze\u0144 b\u0119d\u0105 cz\u0119sto wy\u017csze od wp\u0142ywu do Gminy z op\u0142aty.<\/em><\/span><\/p>\n<p style=\"text-align: justify;\"><span style=\"color: #0000ff;\"><em>4. <span style=\"text-decoration: underline;\">ilo\u015b\u0107 w\u0142a\u015bcicieli<\/span> wraz z Rodzinami stanowi znacznie ponad 50 % mieszka\u0144c\u00f3w, co spowoduje,  \u017ce ten kolejny parapodatek obejmie wi\u0119kszo\u015b\u0107 mieszka\u0144c\u00f3w miasta. Jest  to wi\u0119c kolejny przyk\u0142ad drenowania kieszeni podatnik\u00f3w- mieszka\u0144c\u00f3w. <\/em><\/span><\/p>\n<p style=\"text-align: justify;\"><span style=\"color: #0000ff;\"><em>5. <span style=\"text-decoration: underline;\">przy podziale dzia\u0142ki \u2013 nieruchomo\u015bci<\/span> nale\u017cy przecie\u017c tak\u017ce zaznaczy\u0107, \u017ce w\u0142a\u015bciciel, za kt\u00f3rego pieni\u0105dze  nast\u0119puje podzia\u0142 nieruchomo\u015bci zostaje w wyniku takiej uchwa\u0142y zmuszony  do odprowadzenia op\u0142aty adiacenckiej, a Gmina jeszcze dodatkowo wyda  pieni\u0105dze na rzeczoznawc\u0119 maj\u0105tkowego. <strong>Absurd.<\/strong> <\/em><\/span><\/p>\n<p style=\"text-align: justify;\"><span style=\"color: #0000ff;\"><em>6. chcia\u0142em zauwa\u017cy\u0107, \u017ce <span style=\"text-decoration: underline;\">ju\u017c istniej\u0105ca biurokracja i przepisy<\/span> powoduje, \u017ce organa gminy \u017ale i nieprawid\u0142owo wykonuj\u0105 cz\u0119\u015b\u0107 swoich  zada\u0144. Przyk\u0142adowo przegl\u0105daj\u0105c wyst\u0105pienie pokontrolne RIO z dn.  01.06.2007 r. zauwa\u017cy\u0142em kilkadziesi\u0105t \u017ale umorzonych zaleg\u0142o\u015bci  podatkowych oraz odsetek za zw\u0142ok\u0119, przyjmowanie z\u0142ych operat\u00f3w  szacunkowych wyceny nieruchomo\u015bci, brak dzia\u0142a\u0144 przy dochodzeniu  nale\u017cno\u015bci z tytu\u0142u kar umownych. Podaj\u0119 te przyk\u0142ady, \u017ceby podkre\u015bli\u0107,  \u017ce dodatkowe czynno\u015bci zwi\u0105zane z egzekwowaniem akurat op\u0142at  adiacenckich b\u0119dzie wymaga\u0142o <strong>dodatkowych nak\u0142ad\u00f3w na kolejne etaty urz\u0119dnicze<\/strong> i nie s\u0105dz\u0119, \u017ce b\u0119dzie w pe\u0142ni prawid\u0142owo wykonywane.<\/em><\/span><\/p>\n<p style=\"text-align: justify;\"><span style=\"color: #0000ff;\"><em>7.  na sesji styczniowej 14 Radnych (czyli wi\u0119kszo\u015b\u0107 bezwzgl\u0119dna) by\u0142o za  zdj\u0119ciem tej uchwa\u0142y z porz\u0105dku obrad, (5 si\u0119 wstrzyma\u0142o od g\u0142osu). Mam  nadziej\u0119, \u017ce nie zmienili zdania przez te kilka miesi\u0119cy, bo argument\u00f3w  za uchwaleniem tego kolejnego obci\u0105\u017cenia dla naszych mieszka\u0144c\u00f3w nie  przyby\u0142o. A oszcz\u0119dno\u015bci, kt\u00f3re mo\u017cna by wprowadzi\u0107 w gospodarowaniu  etatami w administracji mog\u0105 spokojnie zniwelowa\u0107, t\u0119 tzw. strat\u0119  g\u0142oszon\u0105 przez Pani\u0105 Skarbnik. Podnosili\u015bmy ten problem przy  procedowaniu absolutorium dla Pana Prezydenta.<\/em><\/span><\/p>\n<p style=\"text-align: justify;\"><span style=\"color: #0000ff;\"><em><strong>Reasumuj\u0105c  poza biurokratycznym i socjalistycznym uporem obci\u0105\u017cania mieszka\u0144c\u00f3w  naszego miasta kolejnym parapodatkiem, czy op\u0142at\u0105, nie widz\u0119 korzy\u015bci z  uchwalenia tej uchwa\u0142y.<\/strong>\u201d <\/em><\/span><\/p>\n<p style=\"text-align: justify;\"><span style=\"color: #ff6600;\"><strong><span style=\"color: #0000ff;\">Zobacz szczeg\u00f3\u0142owo: <\/span><\/strong><\/span><a href=\"http:\/\/grzegorzjaszczura.pl\/?p=531#more-531\">http:\/\/grzegorzjaszczura.pl\/?p=531#more-531<\/a>.<\/p>\n","protected":false},"excerpt":{"rendered":"<p>Kontynuuj\u0105c prezentacj\u0119 cel\u00f3w Kandydata na Prezydenta Krzysztofa Stachowicza chcia\u0142bym dzisiaj zwr\u00f3ci\u0107 uwag\u0119 na to, co w 100 procentach jest zgodne z moimi przekonaniami i celami: Do\u015b\u0107 wysokich op\u0142at i podatk\u00f3w, kt\u00f3re drenuj\u0105 kieszenie mieszka\u0144c\u00f3w. Mia\u0142y p\u00f3j\u015b\u0107 na inwestycje, a trafiaj\u0105 najcz\u0119\u015bciej<\/p>\n","protected":false},"author":2,"featured_media":0,"comment_status":"open","ping_status":"open","sticky":false,"template":"","format":"standard","meta":{"_monsterinsights_skip_tracking":false,"_monsterinsights_sitenote_active":false,"_monsterinsights_sitenote_note":"","_monsterinsights_sitenote_category":0,"footnotes":""},"categories":[3],"tags":[],"class_list":["post-6361","post","type-post","status-publish","format-standard","hentry","category-polityczne"],"_links":{"self":[{"href":"https:\/\/grzegorzjaszczura.pl\/index.php?rest_route=\/wp\/v2\/posts\/6361","targetHints":{"allow":["GET"]}}],"collection":[{"href":"https:\/\/grzegorzjaszczura.pl\/index.php?rest_route=\/wp\/v2\/posts"}],"about":[{"href":"https:\/\/grzegorzjaszczura.pl\/index.php?rest_route=\/wp\/v2\/types\/post"}],"author":[{"embeddable":true,"href":"https:\/\/grzegorzjaszczura.pl\/index.php?rest_route=\/wp\/v2\/users\/2"}],"replies":[{"embeddable":true,"href":"https:\/\/grzegorzjaszczura.pl\/index.php?rest_route=%2Fwp%2Fv2%2Fcomments&post=6361"}],"version-history":[{"count":39,"href":"https:\/\/grzegorzjaszczura.pl\/index.php?rest_route=\/wp\/v2\/posts\/6361\/revisions"}],"predecessor-version":[{"id":6592,"href":"https:\/\/grzegorzjaszczura.pl\/index.php?rest_route=\/wp\/v2\/posts\/6361\/revisions\/6592"}],"wp:attachment":[{"href":"https:\/\/grzegorzjaszczura.pl\/index.php?rest_route=%2Fwp%2Fv2%2Fmedia&parent=6361"}],"wp:term":[{"taxonomy":"category","embeddable":true,"href":"https:\/\/grzegorzjaszczura.pl\/index.php?rest_route=%2Fwp%2Fv2%2Fcategories&post=6361"},{"taxonomy":"post_tag","embeddable":true,"href":"https:\/\/grzegorzjaszczura.pl\/index.php?rest_route=%2Fwp%2Fv2%2Ftags&post=6361"}],"curies":[{"name":"wp","href":"https:\/\/api.w.org\/{rel}","templated":true}]}}