{"id":63922,"date":"2023-07-06T08:08:01","date_gmt":"2023-07-06T06:08:01","guid":{"rendered":"http:\/\/grzegorzjaszczura.pl\/?p=63922"},"modified":"2023-07-06T13:27:13","modified_gmt":"2023-07-06T11:27:13","slug":"ciekawostki-sesja-21-06-2023-r","status":"publish","type":"post","link":"https:\/\/grzegorzjaszczura.pl\/?p=63922","title":{"rendered":"ciekawostki &#8211; sesja 21.06.2023 r."},"content":{"rendered":"<p style=\"text-align: justify;\"><strong><a href=\"http:\/\/grzegorzjaszczura.pl\/http:\/\/grzegorzjaszczura.pl\/wp-content\/uploads\/2023\/07\/Przechwytywanie-3.jpg\"><img loading=\"lazy\" decoding=\"async\" class=\"alignnone size-thumbnail wp-image-64045\" src=\"http:\/\/grzegorzjaszczura.pl\/http:\/\/grzegorzjaszczura.pl\/wp-content\/uploads\/2023\/07\/Przechwytywanie-3-150x150.jpg\" alt=\"\" width=\"150\" height=\"150\" \/><\/a>Okres, tzw. og\u00f3rkowy si\u0119 zacz\u0105\u0142.<\/strong> Troch\u0119 jestem sp\u00f3\u017aniony, ale jeszcze chcia\u0142bym <span style=\"color: #000080;\"><strong>Szanownym Czytelnikom<\/strong><\/span> przekaza\u0107 kilka informacji z sesji <strong>Rady Miejskiej D.G.<\/strong>, kt\u00f3ra odby\u0142a si\u0119 w dniu <a href=\"http:\/\/grzegorzjaszczura.pl\/?p=63783#more-63783\"><strong>21.06.2023 r.<\/strong><\/a> Trwa\u0142a ona 5,5 godziny i jak ju\u017c wspomina\u0142em <strong>troch\u0119 si\u0119 dzia\u0142o<\/strong>, a sprzyja temu obecnie <strong>miecz Damoklesa<\/strong> rozpo\u015bcieraj\u0105cy si\u0119 nad niekt\u00f3rymi radnymi. Stali si\u0119 dziwnie gadatliwi i znaj\u0105cy si\u0119 na tematach, o kt\u00f3re trudne by\u0142oby na podstawie<!--more--> ich wieloletniego milczenia podejrzewa\u0107.<\/p>\n<p style=\"text-align: justify;\"><a href=\"http:\/\/grzegorzjaszczura.pl\/http:\/\/grzegorzjaszczura.pl\/wp-content\/uploads\/2023\/06\/druk-446-SAN-1.jpg\"><img loading=\"lazy\" decoding=\"async\" class=\"alignnone size-thumbnail wp-image-63959\" src=\"http:\/\/grzegorzjaszczura.pl\/http:\/\/grzegorzjaszczura.pl\/wp-content\/uploads\/2023\/06\/druk-446-SAN-1-150x150.jpg\" alt=\"\" width=\"150\" height=\"150\" \/><\/a><a href=\"http:\/\/grzegorzjaszczura.pl\/http:\/\/grzegorzjaszczura.pl\/wp-content\/uploads\/2023\/06\/druk-446-SAN-2.jpg\"><img loading=\"lazy\" decoding=\"async\" class=\"alignnone size-thumbnail wp-image-63960\" src=\"http:\/\/grzegorzjaszczura.pl\/http:\/\/grzegorzjaszczura.pl\/wp-content\/uploads\/2023\/06\/druk-446-SAN-2-150x150.jpg\" alt=\"\" width=\"150\" height=\"150\" \/><\/a><a href=\"http:\/\/grzegorzjaszczura.pl\/http:\/\/grzegorzjaszczura.pl\/wp-content\/uploads\/2023\/06\/druk-446-SAN-3.jpg\"><img loading=\"lazy\" decoding=\"async\" class=\"alignnone size-thumbnail wp-image-63962\" src=\"http:\/\/grzegorzjaszczura.pl\/http:\/\/grzegorzjaszczura.pl\/wp-content\/uploads\/2023\/06\/druk-446-SAN-3-150x150.jpg\" alt=\"\" width=\"150\" height=\"150\" \/><\/a>Przy porz\u0105dku obrad, jak rzadko, usuwano i pr\u00f3bowano usuwa\u0107 projekty uchwa\u0142. Abstrahuj\u0105c od kredytu z <strong>EBI<\/strong> (<a href=\"http:\/\/grzegorzjaszczura.pl\/?p=63783#more-63783\"><strong>zobacz<\/strong><\/a>), zdj\u0119to projekt uchwa\u0142y w sprawie okre\u015blenia zasad i kryteri\u00f3w wynajmowania lokali mieszkalnych lub budynk\u00f3w mieszkalnych jednorodzinnych przez osob\u0119 fizyczn\u0105 z zasobu <strong>spo\u0142ecznej agencji najmu<\/strong> (<strong>SAN<\/strong>). Nast\u0105pi\u0142o to jednog\u0142o\u015bnie (<strong>24.<\/strong> radnych <strong>za<\/strong> zdj\u0119ciem). To ca\u0142e szcz\u0119\u015bcie, bo by\u0142a ona dosy\u0107 kontrowersyjna, napiszmy to elegancko, albowiem Polacy zostali potraktowani w tym projekcie znacz\u0105co gorzej od obywateli Ukrainy.<\/p>\n<p style=\"text-align: justify;\"><a href=\"http:\/\/grzegorzjaszczura.pl\/http:\/\/grzegorzjaszczura.pl\/wp-content\/uploads\/2023\/06\/IMG_20230621_104017045.jpg\"><img loading=\"lazy\" decoding=\"async\" class=\"alignnone size-thumbnail wp-image-63929\" src=\"http:\/\/grzegorzjaszczura.pl\/http:\/\/grzegorzjaszczura.pl\/wp-content\/uploads\/2023\/06\/IMG_20230621_104017045-150x150.jpg\" alt=\"\" width=\"150\" height=\"150\" \/><\/a><strong>16.<\/strong> g\u0142osami <strong>za<\/strong> (skrajnej lewicy <span style=\"color: #ff0000;\">POKO-NL-cz\u0119\u015b\u0107 quasiniezale\u017cnych<\/span>), przy <strong>8.<\/strong> g\u0142osach <strong>przeciw<\/strong> (<span style=\"color: #800080;\">PIS<\/span>, cz\u0119\u015b\u0107 quasiniezale\u017cnych) zdj\u0119to projekt uchwa\u0142y w sprawie przyj\u0119cia stanowiska w sprawie obrony dobrego imienia Papie\u017ca <strong>Jana Paw\u0142a II<\/strong>. Niestety pami\u0119tam, \u017ce ju\u017c przy przysi\u0119dze radnych i braku odniesienia si\u0119 do Boga u lewak\u00f3w mo\u017cna by\u0142o przewidzie\u0107 jakie jest \u015brodowisko, kt\u00f3re wybrali mieszka\u0144cy miasta do <strong>Rady Miejskiej<\/strong>.<\/p>\n<p style=\"text-align: justify;\">W punkcie dotycz\u0105cym sprawozdania z dzia\u0142alno\u015bci Prezydenta Miasta za okres 01.04.2023 r. &#8211; 31.05.2023 r., pozwoli\u0142em sobie zabra\u0107 g\u0142os w sprawie Zarz\u0105dzenia Nr 3338.2023 z dnia 19.05.2023 r., w kt\u00f3rym to Pan Prezydent powo\u0142a\u0142 do Rady Nadzorczej <strong>Alby MPGK Sp. z o.o.<\/strong> m.in. <strong>B. Matylewicza<\/strong> (<span style=\"color: #ff0000;\">Lewica<\/span>) w miejsce <strong>H. Zagu\u0142y<\/strong>. Doczeka\u0142em si\u0119 w ko\u0144cu tej zmiany, bo z siedzenia Pana <strong>H. Zagu\u0142y<\/strong> (<span style=\"color: #ff0000;\">PZPR<span style=\"color: #000000;\">,<\/span> UW<span style=\"color: #000000;\">,<\/span> KLD<span style=\"color: #000000;\">,<\/span> PO<span style=\"color: #000000;\">,<\/span> SIO<span style=\"color: #000000;\">,<\/span> PO<\/span>) w Radzie Nadzorczej <strong>Alby MPGK<\/strong> wg mnie nic nie wynika\u0142o dla Miasta! Twierdz\u0119 tak po odpowiedziach Pana Prezydenta <strong>M. Bazylaka<\/strong> na moje interpelacje w temacie d\u0105browskiej <strong>Alby MPGK<\/strong>. Po prostu Pan Prezydent nic nie wie o sp\u00f3\u0142ce, w kt\u00f3rej mamy<strong> 49%<\/strong> udzia\u0142\u00f3w! Zobacz: <a href=\"http:\/\/grzegorzjaszczura.pl\/?p=63641#more-63641\"><em><strong>Gmina a Alba MPGK &#8211; 1<\/strong><\/em><\/a>, <a href=\"http:\/\/grzegorzjaszczura.pl\/?p=63712#more-63712\"><em><strong>Gmina a Alba MPGK &#8211; 2<\/strong><\/em><\/a>. <a href=\"http:\/\/grzegorzjaszczura.pl\/http:\/\/grzegorzjaszczura.pl\/wp-content\/uploads\/2023\/06\/1997-1-150x150-1.jpg\"><img loading=\"lazy\" decoding=\"async\" class=\"alignnone size-full wp-image-63936\" src=\"http:\/\/grzegorzjaszczura.pl\/http:\/\/grzegorzjaszczura.pl\/wp-content\/uploads\/2023\/06\/1997-1-150x150-1.jpg\" alt=\"\" width=\"150\" height=\"150\" \/><\/a>Pan, zreszt\u0105 by\u0142y Prezydent, <strong>H. Zagu\u0142a<\/strong>, by\u0142y Prezes <strong>Alby Polska<\/strong> uczestniczy\u0142 przy prywatyzacji d\u0105browskiego <strong>MPGK<\/strong>. Jak ona wygl\u0105da\u0142a mo\u017cna si\u0119 troch\u0119 dowiedzie\u0107 z protoko\u0142u <strong>Komisji Rewizyjnej<\/strong>. Jest tam napisane przyk\u0142adowo:<span style=\"color: #ff0000;\"> &#8222;<strong>Mo\u017cna domniemywa\u0107<i>, <\/i>\u017ce Pan radny H. Zagu\u0142a <\/strong><span style=\"color: #000000;\">(<\/span>PZPR<span style=\"color: #000000;\">,<\/span> UW<span style=\"color: #000000;\">,<\/span> KLD<span style=\"color: #000000;\">,<\/span> PO<span style=\"color: #000000;\">,<\/span> SIO<span style=\"color: #000000;\">,<\/span> PO <span style=\"color: #000000;\">\u2013 przyp. m\u00f3j)<\/span><\/span><strong><span style=\"color: #ff0000;\">, jako Prezydent Miasta dzia\u0142a\u0142 \u015bwiadomie na niekorzy\u015b\u0107 gminy.&#8221;<\/span><\/strong>. Ale na domniemywaniu si\u0119 sko\u0144czy\u0142o.<strong><br \/>\n<\/strong><\/p>\n<p>Czy dalej we wnioskach <strong>Komisji Rewizyjnej<\/strong>:<\/p>\n<p style=\"text-align: justify;\"><em><span style=\"color: #ff0000;\"><a href=\"http:\/\/grzegorzjaszczura.pl\/http:\/\/grzegorzjaszczura.pl\/wp-content\/uploads\/2023\/06\/1997-6-150x150-1.jpg\"><img loading=\"lazy\" decoding=\"async\" class=\"alignnone size-full wp-image-63935\" src=\"http:\/\/grzegorzjaszczura.pl\/http:\/\/grzegorzjaszczura.pl\/wp-content\/uploads\/2023\/06\/1997-6-150x150-1.jpg\" alt=\"\" width=\"150\" height=\"150\" \/><\/a>4. Zobowi\u0105za\u0107 Zarz\u0105d Miasta, aby przedstawiciele gminy w Zgromadzeniu Wsp\u00f3lnik\u00f3w dokonali odwo\u0142ania ze sk\u0142adu Rady Nadzorczej Pani\u0105 <strong>St\u0119pie\u0144 Krystyn\u0119<\/strong> i <strong>umocowania przedstawiciela gminy posiadaj\u0105cego odpowiednie kwalifikacje.<\/strong><\/span><\/em><\/p>\n<p style=\"text-align: justify;\">Protok\u00f3\u0142 podpisa\u0142 za <strong>Komisj\u0119 Rewizyjn\u0105<\/strong> jej Przewodnicz\u0105cy Pan mgr <strong>J\u00f3zef \u0141apot<\/strong>.<\/p>\n<p style=\"text-align: justify;\">Zobacz ca\u0142o\u015b\u0107: <a href=\"http:\/\/grzegorzjaszczura.pl\/?p=33891#more-33891\"><em><strong>Komisja Rewizyjna drzewiej<\/strong><\/em><\/a>.<\/p>\n<p style=\"text-align: justify;\">W powy\u017cszym kontek\u015bcie wyrazi\u0142em zdziwienie, \u017ce Pan Prezydent <strong>M. Bazylak<\/strong> wypowiada si\u0119 tak pozytywnie o prywatyzacji <strong>MPGK<\/strong>. Zdecydowanie powinien zapozna\u0107 si\u0119 z protoko\u0142em \u00f3wczesnej <strong>Komisji Rewizyjnej<\/strong>.<\/p>\n<p style=\"text-align: justify;\"><a href=\"http:\/\/grzegorzjaszczura.pl\/http:\/\/grzegorzjaszczura.pl\/wp-content\/uploads\/2023\/07\/Przechwytywanie-2.jpg\"><img loading=\"lazy\" decoding=\"async\" class=\"alignnone size-thumbnail wp-image-64046\" src=\"http:\/\/grzegorzjaszczura.pl\/http:\/\/grzegorzjaszczura.pl\/wp-content\/uploads\/2023\/07\/Przechwytywanie-2-150x150.jpg\" alt=\"\" width=\"150\" height=\"150\" \/><\/a>W konsekwencji mamy ci\u0105g\u0142e podwy\u017cki cen za segregacj\u0119 \u015bmieci, a <strong>Alba MPGK<\/strong> monopolizuje coraz to nowe obszary us\u0142ug dla Gminy D\u0105browa G\u00f3rnicza. Oby Pan <strong>B. Matylewicz<\/strong> (<span style=\"color: #ff0000;\">Lewica<\/span>) znalaz\u0142 czas na zaj\u0119cie si\u0119 przejrzeniem koszt\u00f3w Alby, jej inwestycjami, itp. Negocjacje cen powinny wygl\u0105da\u0107 wg mnie troch\u0119 inaczej, a <strong>nadrz\u0119dnym celem powinny by\u0107 racje Mieszka\u0144c\u00f3w Naszego Miasta!<\/strong> Zasugerowa\u0142em tak\u017ce, \u017ce Pan Prezydent powinien p\u00f3j\u015b\u0107 za ciosem i podj\u0105\u0107 rozmowy z Niemcami o umieszczeniu cz\u0142owieka Gminy w Zarz\u0105dzie sp\u00f3\u0142ki!<\/p>\n<p><strong>Jeszcze informacja fundamentalna w tych rozwa\u017caniach:<\/strong><\/p>\n<p style=\"text-align: justify;\">Gmina D\u0105browa G\u00f3rnicza posiada <span style=\"color: #ff0000;\"><strong>48,92%<\/strong> <\/span>udzia\u0142\u00f3w w sp\u00f3\u0142ce <strong>Alba MPGK Sp. z o.o. <\/strong>W<span class=\"x193iq5w xeuugli x13faqbe x1vvkbs x1xmvt09 x1lliihq x1s928wv xhkezso x1gmr53x x1cpjm7i x1fgarty x1943h6x xudqn12 x3x7a5m x6prxxf xvq8zen xo1l8bm xzsf02u\" dir=\"auto\" lang=\"pl-PL\"> firmie Alba MPGK Sp. z o.o. wi\u0119kszo\u015b\u0107, bo <strong>51,08%<\/strong> ma <strong>Alba Polska Sp. z o.o.<\/strong> Ale w <strong>Albie Polska Sp. z o.o.<\/strong> <strong>100%<\/strong> udzia\u0142\u00f3w<\/span> <span class=\"x193iq5w xeuugli x13faqbe x1vvkbs x1xmvt09 x1lliihq x1s928wv xhkezso x1gmr53x x1cpjm7i x1fgarty x1943h6x xudqn12 x3x7a5m x6prxxf xvq8zen xo1l8bm xzsf02u\" dir=\"auto\" lang=\"pl-PL\">(46700 szt.) ma <strong>Alba CEE Holding GMBH<\/strong>,<\/span><span class=\"x193iq5w xeuugli x13faqbe x1vvkbs x1xmvt09 x1lliihq x1s928wv xhkezso x1gmr53x x1cpjm7i x1fgarty x1943h6x xudqn12 x3x7a5m x6prxxf xvq8zen xo1l8bm xzsf02u\" dir=\"auto\" lang=\"pl-PL\"> czyli to ta firma ma decyduj\u0105cy g\u0142os w <strong>Albie MPGK<\/strong>.<\/span><\/p>\n<p style=\"text-align: justify;\"><strong><a href=\"http:\/\/grzegorzjaszczura.pl\/http:\/\/grzegorzjaszczura.pl\/wp-content\/uploads\/2023\/06\/druk-453-szpital-pozyczka-1.jpg\"><img loading=\"lazy\" decoding=\"async\" class=\"alignnone size-thumbnail wp-image-63947\" src=\"http:\/\/grzegorzjaszczura.pl\/http:\/\/grzegorzjaszczura.pl\/wp-content\/uploads\/2023\/06\/druk-453-szpital-pozyczka-1-150x150.jpg\" alt=\"\" width=\"150\" height=\"150\" \/><\/a><a href=\"http:\/\/grzegorzjaszczura.pl\/http:\/\/grzegorzjaszczura.pl\/wp-content\/uploads\/2023\/06\/druk-453-szpital-pozyczka-2.jpg\"><img loading=\"lazy\" decoding=\"async\" class=\"alignnone size-thumbnail wp-image-63948\" src=\"http:\/\/grzegorzjaszczura.pl\/http:\/\/grzegorzjaszczura.pl\/wp-content\/uploads\/2023\/06\/druk-453-szpital-pozyczka-2-150x150.jpg\" alt=\"\" width=\"150\" height=\"150\" \/><\/a>Co jeszcze z ciekawostek sesyjnych?<\/strong> Opr\u00f3cz przyjmowania sprawozdania finansowego szpitala <strong>ZCOSS<\/strong> za 2022 r. (<a href=\"http:\/\/grzegorzjaszczura.pl\/?p=63856#more-63856\"><strong>zobacz<\/strong><\/a>), dosz\u0142o tak\u017ce do umorzenia nale\u017cno\u015bci pieni\u0119\u017cnej przypadaj\u0105cej Gminie D\u0105browa G\u00f3rnicza od <strong>ZCOSS<\/strong> im. S. Starkiewicza z tytu\u0142u po\u017cyczki udzielonej z bud\u017cetu miasta. Chodzi\u0142o o kwot\u0119 <strong>5,3 mln z\u0142<\/strong>. Niestety, jak pisze w uzasadnieniu do uchwa\u0142y: <span style=\"color: #ff0000;\">&#8222;Konieczno\u015b\u0107 sp\u0142aty przedmiotowej po\u017cyczki spowodowa\u0142aby utrat\u0119 p\u0142ynno\u015bci finansowej Szpitala.&#8221;<\/span>. Tu <strong>24.<\/strong> radnych by\u0142o <strong>za<\/strong> (radny <strong>K. Dybich<\/strong> (<strong><span style=\"color: #ff0000;\">RP<\/span><\/strong>, <strong><span style=\"color: #ff0000;\">NL<\/span><\/strong>) nieobecny). Oczywi\u015bcie w tym wypadku, aby przed\u0142u\u017cy\u0107 \u017cycie szpitalowi nale\u017ca\u0142o by\u0107 za. Poniewa\u017c <strong>5,3 mln z\u0142<\/strong> by\u0142o w bud\u017cecie zapisane jako przych\u00f3d pozostanie on jako przych\u00f3d niezrealizowany.<\/p>\n<p style=\"text-align: justify;\"><strong>W temacie szpitala Pan Prezydent M. Bazylak (skrajna<span style=\"color: #ff0000;\"> lewica bezpartyjna<\/span>) ujawni\u0142 si\u0119, jako zdecydowany przeciwnik kredytu dla szpitala.<\/strong> To by\u0107 mo\u017ce t\u0142umaczy takie traktowanie szpitala miejskiego w tej kadencji przez przedstawiciela lewicy. Ale jak <em>se<\/em> Mieszka\u0144cy wybrali tak b\u0119d\u0105 si\u0119 leczy\u0107\/lecz\u0105 si\u0119.<\/p>\n<p style=\"text-align: justify;\"><a href=\"http:\/\/grzegorzjaszczura.pl\/http:\/\/grzegorzjaszczura.pl\/wp-content\/uploads\/2023\/06\/IMG_20230621_134243001.jpg\"><img loading=\"lazy\" decoding=\"async\" class=\"alignnone size-thumbnail wp-image-63951\" src=\"http:\/\/grzegorzjaszczura.pl\/http:\/\/grzegorzjaszczura.pl\/wp-content\/uploads\/2023\/06\/IMG_20230621_134243001-150x150.jpg\" alt=\"\" width=\"150\" height=\"150\" \/><\/a>Przy okazji uchwa\u0142y w sprawie &#8222;Miejscowego planu zagospodarowania przestrzennego miasta D\u0105browa G\u00f3rnicza dla obszaru \u015ar\u00f3dmie\u015bcia-cz\u0119\u015b\u0107 B (etap I)&#8221; (druk 456) dosz\u0142o do odrzucenia uchwa\u0142y <strong>22<\/strong> g\u0142osami <strong>przeciw<\/strong>, przy <strong>1 wstrzymuj\u0105cym si\u0119<\/strong> (<strong>A. Borowicz<\/strong>). Wi\u0105za\u0142o si\u0119 to z brakiem zabezpieczenia przed budow\u0105 na obiektach m.in. o\u015bwiatowych, wielorodzinnych konstrukcji anten. Na sali by\u0142 nawet ma\u0142y protest mieszka\u0144c\u00f3w przeciwko rozprzestrzenianiu <strong>5G<\/strong>.<\/p>\n<p style=\"text-align: justify;\"><a href=\"http:\/\/grzegorzjaszczura.pl\/http:\/\/grzegorzjaszczura.pl\/wp-content\/uploads\/2023\/06\/IMG_20230621_143400207.jpg\"><img loading=\"lazy\" decoding=\"async\" class=\"alignnone size-thumbnail wp-image-63955\" src=\"http:\/\/grzegorzjaszczura.pl\/http:\/\/grzegorzjaszczura.pl\/wp-content\/uploads\/2023\/06\/IMG_20230621_143400207-150x150.jpg\" alt=\"\" width=\"150\" height=\"150\" \/><\/a>Na koniec wspomn\u0119, \u017ce by\u0142y zg\u0142oszone tak\u017ce 3 wyst\u0105pienia mieszka\u0144c\u00f3w. Wyst\u0105pi\u0142y jednak tylko dwie Panie. Pani <strong>Monika S\u0119kowska<\/strong> ju\u017c drugi raz apelowa\u0142a o pomoc w remoncie kamienicy przy ul. Sienkiewicza 13, wydaj\u0105c katastrofaln\u0105 ocen\u0119 pracy II Z-cy Prezydenta Pani <strong>B. Borowiec<\/strong>, dyrektorowi zak\u0142adu bud\u017cetowego MZBM Panu <strong>P. J\u0119drusikowi<\/strong>, ju\u017c nie pisz\u0105c o radnych, g\u0142\u00f3wnie <span style=\"color: #ff0000;\">skrajnej lewicy<\/span> Panu\/i <strong>K. Dybichowi<\/strong>, <strong>K. St\u0119pie\u0144<\/strong>, <strong>R. Kazimirskiemu<\/strong> czy <strong>P. Cha\u0142udzie<\/strong>. Zreszt\u0105 trudno z ni\u0105 si\u0119 nie zgodzi\u0107.<\/p>\n<p style=\"text-align: justify;\"><a href=\"http:\/\/grzegorzjaszczura.pl\/http:\/\/grzegorzjaszczura.pl\/wp-content\/uploads\/2023\/06\/IMG_20230621_150434455.jpg\"><img loading=\"lazy\" decoding=\"async\" class=\"alignnone size-thumbnail wp-image-63956\" src=\"http:\/\/grzegorzjaszczura.pl\/http:\/\/grzegorzjaszczura.pl\/wp-content\/uploads\/2023\/06\/IMG_20230621_150434455-150x150.jpg\" alt=\"\" width=\"150\" height=\"150\" \/><\/a>Pani <strong>Ewa Paradzi\u0144ska<\/strong> przedstawi\u0142a problem olbrzymich op\u0142at za \u015bmieci, jakie serwuje nam Pan Prezydent i sp\u00f3\u0142ka <strong>Alba MPGK<\/strong>, w kt\u00f3rej Mieszka\u0144cy poprzez Gmin\u0119 maj\u0105 prawie <strong>49%<\/strong> udzia\u0142\u00f3w! Przyk\u0142adowo zwr\u00f3ci\u0142a uwag\u0119 na niewsp\u00f3\u0142miernie wysokie koszty w stosunku do usytuowania Lip\u00f3wki II, w por\u00f3wnaniu do analogicznych op\u0142at w Olkuszu.<\/p>\n<p><strong>Zobacz tak\u017ce:<\/strong><\/p>\n<p><a href=\"http:\/\/grzegorzjaszczura.pl\/?p=63856#more-63856\"><em><strong>Sprawozdanie finansowe ZCOSS za 2022 r.<\/strong><\/em><\/a>,<\/p>\n<p><a href=\"http:\/\/grzegorzjaszczura.pl\/?p=63783#more-63783\"><em><strong>kredyt EBI &#8211; sesja 21.06.2023 r.<\/strong><\/em><\/a><\/p>\n","protected":false},"excerpt":{"rendered":"<p>Okres, tzw. og\u00f3rkowy si\u0119 zacz\u0105\u0142. Troch\u0119 jestem sp\u00f3\u017aniony, ale jeszcze chcia\u0142bym Szanownym Czytelnikom przekaza\u0107 kilka informacji z sesji Rady Miejskiej D.G., kt\u00f3ra odby\u0142a si\u0119 w dniu 21.06.2023 r. Trwa\u0142a ona 5,5 godziny i jak ju\u017c wspomina\u0142em troch\u0119 si\u0119 dzia\u0142o, a sprzyja temu obecnie miecz Damoklesa rozpo\u015bcieraj\u0105cy si\u0119 nad niekt\u00f3rymi radnymi. Stali si\u0119 dziwnie gadatliwi i [&hellip;]<\/p>\n","protected":false},"author":2,"featured_media":0,"comment_status":"open","ping_status":"open","sticky":false,"template":"","format":"standard","meta":{"_monsterinsights_skip_tracking":false,"_monsterinsights_sitenote_active":false,"_monsterinsights_sitenote_note":"","_monsterinsights_sitenote_category":0,"footnotes":""},"categories":[5],"tags":[],"class_list":["post-63922","post","type-post","status-publish","format-standard","hentry","category-rada-miejska-dabrowa-gornicza"],"_links":{"self":[{"href":"https:\/\/grzegorzjaszczura.pl\/index.php?rest_route=\/wp\/v2\/posts\/63922","targetHints":{"allow":["GET"]}}],"collection":[{"href":"https:\/\/grzegorzjaszczura.pl\/index.php?rest_route=\/wp\/v2\/posts"}],"about":[{"href":"https:\/\/grzegorzjaszczura.pl\/index.php?rest_route=\/wp\/v2\/types\/post"}],"author":[{"embeddable":true,"href":"https:\/\/grzegorzjaszczura.pl\/index.php?rest_route=\/wp\/v2\/users\/2"}],"replies":[{"embeddable":true,"href":"https:\/\/grzegorzjaszczura.pl\/index.php?rest_route=%2Fwp%2Fv2%2Fcomments&post=63922"}],"version-history":[{"count":56,"href":"https:\/\/grzegorzjaszczura.pl\/index.php?rest_route=\/wp\/v2\/posts\/63922\/revisions"}],"predecessor-version":[{"id":64066,"href":"https:\/\/grzegorzjaszczura.pl\/index.php?rest_route=\/wp\/v2\/posts\/63922\/revisions\/64066"}],"wp:attachment":[{"href":"https:\/\/grzegorzjaszczura.pl\/index.php?rest_route=%2Fwp%2Fv2%2Fmedia&parent=63922"}],"wp:term":[{"taxonomy":"category","embeddable":true,"href":"https:\/\/grzegorzjaszczura.pl\/index.php?rest_route=%2Fwp%2Fv2%2Fcategories&post=63922"},{"taxonomy":"post_tag","embeddable":true,"href":"https:\/\/grzegorzjaszczura.pl\/index.php?rest_route=%2Fwp%2Fv2%2Ftags&post=63922"}],"curies":[{"name":"wp","href":"https:\/\/api.w.org\/{rel}","templated":true}]}}