{"id":6475,"date":"2010-10-19T13:35:39","date_gmt":"2010-10-19T11:35:39","guid":{"rendered":"http:\/\/grzegorzjaszczura.pl\/?p=6475"},"modified":"2010-10-19T13:35:39","modified_gmt":"2010-10-19T11:35:39","slug":"czy-wierzyc-podrazie","status":"publish","type":"post","link":"https:\/\/grzegorzjaszczura.pl\/?p=6475","title":{"rendered":"Czy wierzy\u0107 Podrazie?"},"content":{"rendered":"<p style=\"text-align: justify;\"><span style=\"color: #ff0000;\"><a href=\"http:\/\/grzegorzjaszczura.pl\/http:\/\/grzegorzjaszczura.pl\/wp-content\/uploads\/2010\/10\/20100924697.jpg\"><img loading=\"lazy\" decoding=\"async\" class=\"alignleft size-thumbnail wp-image-6487\" title=\"20100924697\" src=\"http:\/\/grzegorzjaszczura.pl\/http:\/\/grzegorzjaszczura.pl\/wp-content\/uploads\/2010\/10\/20100924697-150x150.jpg\" alt=\"20100924697\" width=\"150\" height=\"150\" \/><\/a>Zielona<\/span> kampania Kandydata na Prezydenta Zb. Podrazy (<span style=\"color: #ff0000;\">Lewica SLD<\/span>) podobno si\u0119 rozpocz\u0119\u0142a. Niejasno\u015bci z ni\u0105 zwi\u0105zane opisa\u0142 na swojej stronie internetowej radny T. Pasek. Opis jest dla postronnego obserwatora zadziwiaj\u0105cy. Te\u017c by\u0142em zdziwiony, ale jak us\u0142ysza\u0142em wczoraj nawet w Telewizji Katowice, o kt\u00f3rej trudno powiedzie\u0107 \u017ceby nie by\u0142a<span style=\"color: #ff0000;\"> prolewicowa<!--more--> <\/span>(wg mnie jest po prostu<span style=\"color: #ff0000;\"> lewicowa<\/span>), \u017ce faktycznie Pan Kandydat na Prezydenta Zb. Podraza (<span style=\"color: #ff0000;\">Lewica SLD<\/span>) &#8222;zaw\u0142aszczy\u0142&#8221; sobie kilka nie swoich s\u0142up\u00f3w (przez pewien czas), to warto dok\u0142adniej przeczyta\u0107 opis.<\/p>\n<p style=\"text-align: justify;\"><span style=\"color: #0000ff;\">&#8222;Kampania Zbigniewa Podrazy ruszy\u0142a z kopyta. Zainaugurowano j\u0105 w  Pa\u0142acu Kultury Zag\u0142\u0119bia, a nast\u0119pnie przeniesiono na ulice D\u0105browy  G\u00f3rniczej i do internetu. Szkoda tylko, \u017ce \u2013 jak do tej pory \u2013 jest to  jedno pasmo zgrzyt\u00f3w i kompromitacji. Wielka feta w PKZ by\u0142a oczywi\u015bcie oficjalnym rozpocz\u0119ciem kampanii,  kt\u00f3ra toczy si\u0119 ju\u017c od dawna. Dziwnym trafem, im bli\u017cej wybor\u00f3w, tym  \u017cwawiej posuwaj\u0105 si\u0119 niemrawe dot\u0105d remonty i mno\u017c\u0105 si\u0119 imprezy, b\u0119d\u0105ce  doskona\u0142\u0105 okazj\u0105 do lansowania si\u0119 d\u0105browskiego gospodarza.<\/span><\/p>\n<p style=\"text-align: justify;\"><span style=\"color: #0000ff;\">Jak przysta\u0142o na profesjonalne dzia\u0142ania promocyjne; wszystkie  materia\u0142y, ulotki, og\u0142oszenia, strony internetowe spi\u0119te s\u0105 jedn\u0105 szat\u0105  graficzn\u0105, jedn\u0105 kolorystyk\u0105, jedn\u0105 czcionk\u0105 itp. No i \u015bwietnie. Problem  tylko polega na tym, \u017ce trudno znale\u017a\u0107 r\u00f3\u017cnic\u0119 mi\u0119dzy bilbordem  prezentuj\u0105cym Zbigniewa Podraz\u0119 jako kandydata na prezydenta, a  informacj\u0105 o miejskich wydarzeniach, finansowanych za publiczne  pieni\u0105dze. Co wi\u0119cej, na tych materia\u0142ach, mo\u017cna zobaczy\u0107  charakterystyczny li\u015b\u0107 d\u0119bu i has\u0142o kampanii wyborczej \u2013 Uwierzmy w  D\u0105brow\u0119!<\/span><\/p>\n<p style=\"text-align: justify;\"><span style=\"color: #0000ff;\">Przeci\u0119tny mieszkaniec miasta nie ma zatem poj\u0119cia czy dosta\u0142 do  r\u0119ki ulotk\u0119 wyborcz\u0105, czy informacj\u0119 z Urz\u0119du Miejskiego! Nie inaczej  wygl\u0105da\u0142y materia\u0142y promuj\u0105ce, wspominany ju\u017c przeze mnie koncert Majki  Je\u017cowskiej, a wi\u0119c imprez\u0119 skierowan\u0105 do dzieci i ich opiekun\u00f3w. Co dla  mnie zakrawa ju\u017c, co najmniej, na skandal!<\/span><\/p>\n<p style=\"text-align: justify;\"><span style=\"color: #0000ff;\">Zreszt\u0105 wspomina\u0142em ju\u017c o tym, w kontek\u015bcie dyskryminowania nas przez dyrekcj\u0119 miejskich przedszkoli: (<a href=\"http:\/\/tomaszpasek.pl\/wiadomosci-80-kierowco_zwolnij_podsumowanie.html\">http:\/\/tomaszpasek.pl\/wiadomosci-80-kierowco_zwolnij_podsumowanie.html<\/a> ).<\/span><\/p>\n<p style=\"text-align: justify;\"><span style=\"color: #0000ff;\">W ostatnim numerze Przegl\u0105du D\u0105browskiego tak\u017ce znalaz\u0142o si\u0119 miejsce  na wzmiank\u0119 o inauguracji prezydenckiej kampanii. Zmie\u015bci\u0142o si\u0119 nawet  zdj\u0119cie i&#8230;.adres strony internetowej.<\/span><\/p>\n<p style=\"text-align: justify;\"><span style=\"color: #0000ff;\">Rozumiem wi\u0119c, \u017ce ka\u017cdy z pozosta\u0142ych kandydat\u00f3w na prezydenta  D\u0105browy G\u00f3rniczej, mo\u017ce stan\u0105\u0107 w progu redakcji PD, domagaj\u0105c si\u0119  kr\u00f3tkiej notatki z jego kampanii, ze zdj\u0119ciem i informacj\u0105 o adresie  internetowym, gdzie mo\u017cna doczyta\u0107 o szczeg\u00f3\u0142ach?  Dodam tylko, \u017ce  notatki o kampanii Zb. Podrazy nie znalaz\u0142em w dziale : og\u0142oszenia  p\u0142atne&#8230;Mam nadziej\u0119, \u017ce pozostali kandydaci zostan\u0105 potraktowani na  podobnych zasadach.<\/span><\/p>\n<p style=\"text-align: justify;\"><span style=\"color: #0000ff;\">W prezydenck\u0105 kampani\u0119 zaanga\u017cowa\u0142 si\u0119 nawet MZBM. Z fasady dawnego  kina ARS znikn\u0119li dotychczasowi reklamodawcy, robi\u0105c miejsce na  imponuj\u0105cych rozmiar\u00f3w plakat mi\u0142o\u015bciwie nam panuj\u0105cego&#8230;Dosz\u0142y nas  s\u0142uchy, \u017ce w\u0142a\u015bciciele reklam, kt\u00f3re dotychczas tam wisia\u0142y dostali  wypowiedzenie od MZBM na okres 3 miesi\u0119cy. Reklamy b\u0119d\u0105 mog\u0142y tam wr\u00f3ci\u0107  dopiero po wyborach. Je\u015bli za\u015b reklamodawcy nie zgadzaj\u0105 si\u0119 na ten  warunek, \u0142aski nie robi\u0105 i mog\u0105 sobie poszuka\u0107 innego miejsca. Pytanie  zatem czy w\u0142a\u015bciciel(e?) wyborczego plakatu wyr\u00f3wna trzymiesi\u0119czne  straty MZBM-u z tytu\u0142u utraty dotychczasowy dochod\u00f3w?<\/span><\/p>\n<p style=\"text-align: justify;\"><span style=\"color: #0000ff;\">Kolejna sprawa to s\u0142upy reklamowe nale\u017c\u0105ce do jednej z firm. Jak si\u0119  dowiedzieli\u015bmy wyborczy wizerunek Zbigniewa Podrazy zawis\u0142 na nich, bez  koniecznej umowy i zgody w\u0142a\u015bcicieli. Prezydent chyba z przyzwyczajanie  nawet nie pomy\u015bla\u0142, aby o zgod\u0119 zapyta\u0107. Wiadomo, chce tam zawisn\u0105\u0107 to  zawi\u015bnie. Chcia\u0142 na ARSie? \u2013 wisi na ARSie, chcia\u0142 w PD? \u2013 jest notka w  PD. Komu przysz\u0142oby do g\u0142owy pyta\u0107 o zgod\u0119 w\u0142a\u015bcicieli s\u0142up\u00f3w. Stoj\u0105 na  terenie D\u0105browy? Stoj\u0105! To znaczy, \u017ce prezydent mo\u017ce si\u0119 tam powiesi\u0107.  Jest przecie\u017c prezydentem!<\/span><\/p>\n<p style=\"text-align: justify;\"><span style=\"color: #0000ff;\">Dziwne, \u017ce ta pokr\u0119tna logika nie znalaz\u0142a zastosowania, gdy  prokuratura szuka\u0142a w\u0142a\u015bcicieli k\u0142adki nad torami po nieszcz\u0119\u015bliwym  wypadki w Strzemieszycach. Wtedy prezydent nie czu\u0142 si\u0119 w  najmniejszym (cho\u0107by symbolicznym nawet) stopniu odpowiedzialny za obiekt  po\u0142o\u017cony na terenie miasta. <strong>Tomasz Pasek<\/strong>&#8222;<\/span><\/p>\n<p style=\"text-align: justify;\"><span style=\"color: #0000ff;\"><span style=\"color: #000000;\">Przyznaj\u0105 Pa\u0144stwo, \u017ce interesuj\u0105ce w\u0105tpliwo\u015bci i informacje. <\/span><\/span><\/p>\n<p style=\"text-align: justify;\"><span style=\"color: #0000ff;\"><span style=\"color: #000000;\">Otrzyma\u0142em tak\u017ce jaki\u015b list &#8211; ulotk\u0119 (?) od Kandydata na Prezydenta, w przysz\u0142ej kadencji Samorz\u0105du, Pana Zb. Podrazy (<span style=\"color: #ff0000;\">Lewica SLD<\/span>), nota bene firmowany przez <span style=\"color: #ff0000;\">Komitet<\/span><\/span><\/span><span style=\"color: #0000ff;\"><span style=\"color: #000000;\"><span style=\"color: #ff0000;\"> Wyborczy SLD<\/span>, pisany na <span style=\"color: #ff0000;\">zielono<\/span>!? Co\u015b te kolory mi si\u0119 pomyli\u0142y, albo im. \u017beby\u015bmy nie zachorowali na rozdwojenie ja\u017ani.<\/span><\/span><\/p>\n<p style=\"text-align: justify;\"><span style=\"color: #0000ff;\"><span style=\"color: #000000;\">Boj\u0119 si\u0119 te\u017c o urz\u0119dnika miejskiego, kt\u00f3ry na sosnowiec.info t\u0142umaczy Kandydata na Prezydenta Zb. Podraz\u0119, w\u0142a\u015bciwie nie istotne z czego t\u0142umaczy, istotne, \u017ce robi to chyba nie na urlopie? <\/span><\/span>Zacytuj\u0119: <span style=\"color: #ff0000;\">&#8222;W\u0105tpliwo\u015bci rozwiewa Wydzia\u0142 Strategii, Promocji i\u00a0Komunikacji  Spo\u0142ecznej w\u00a0d\u0105browskim Urz\u0119dzie Miejskim. Jak si\u0119 okazuje w\u00a0swojej  kampanii wyborczej obecny prezydent pos\u0142uguje si\u0119 trzema has\u0142ami ( \u201eTu  s\u0105 nasze korzenie\u201d, \u201eTu si\u0119 rozwijamy\u201d, \u201eTu rosn\u0105 emocje\u201d).  &#8211; Has\u0142o  \u201eUwierzmy w\u00a0D\u0105brow\u0119&#8221; wraz z\u00a0charakterystycznym li\u015bciem d\u0119bu, to jeden  z\u00a0motyw\u00f3w u\u017cywanych w\u00a0promocji miasta. Nie jest znakiem zastrze\u017conym,  jest do pobrania ze strony internetowej miasta i\u00a0jako taki mo\u017ce by\u0107  wykorzystywany przez ka\u017cdego, kto uto\u017csamia si\u0119 z\u00a0pozytywnymi zmianami  w\u00a0D\u0105browie G\u00f3rniczej i\u00a0dostrzega jej potencja\u0142 \u2013 wyja\u015bnia <strong>B. M.<\/strong> z\u00a0WSPiKS.<\/span><span style=\"color: #0000ff;\"><span style=\"color: #000000;\">&#8221; Wi\u0119cej: <\/span><\/span><a href=\"http:\/\/www.sosnowiec.info.pl\/informacje\/informacje\/dabrowa-gornicza\/uwierzmy-w-podraze,1,4,18292\">http:\/\/www.sosnowiec.info.pl\/informacje\/informacje\/dabrowa-gornicza\/uwierzmy-w-podraze,1,4,18292<\/a>.<\/p>\n<p style=\"text-align: justify;\"><span style=\"color: #0000ff;\"><span style=\"color: #000000;\"> Czy Pan Prezydent Zb. Podraza startuje w wyborach jako Kandydat Urz\u0119du Miasta (?), czy jak na <span style=\"color: #ff0000;\">zielono<\/span> jest podpisane na jego ulotce, \u017ce jest to <span style=\"color: #ff0000;\">Komitet Wyborczy SLD<\/span>? S\u0142\u00f3w B.M. z WSPiKS te\u017c<em> nota bene<\/em> nie rozumiem, bo je\u017celi znak<span style=\"color: #ff0000;\"> &#8222;Uwierzmy w D\u0105brow\u0119&#8221;<\/span> nie jest zastrze\u017cony, <strong>to wolno go pobra\u0107 ka\u017cdemu<\/strong>, a nie tylko temu co widzi pozytywne zmiany i dostrzega potencja\u0142!!!<br \/>\n<\/span><\/span><\/p>\n<p style=\"text-align: justify;\">\n","protected":false},"excerpt":{"rendered":"<p>Zielona kampania Kandydata na Prezydenta Zb. Podrazy (Lewica SLD) podobno si\u0119 rozpocz\u0119\u0142a. Niejasno\u015bci z ni\u0105 zwi\u0105zane opisa\u0142 na swojej stronie internetowej radny T. Pasek. Opis jest dla postronnego obserwatora zadziwiaj\u0105cy. Te\u017c by\u0142em zdziwiony, ale jak us\u0142ysza\u0142em wczoraj nawet w Telewizji Katowice, o kt\u00f3rej trudno powiedzie\u0107 \u017ceby nie by\u0142a prolewicowa<\/p>\n","protected":false},"author":2,"featured_media":0,"comment_status":"open","ping_status":"open","sticky":false,"template":"","format":"standard","meta":{"_monsterinsights_skip_tracking":false,"_monsterinsights_sitenote_active":false,"_monsterinsights_sitenote_note":"","_monsterinsights_sitenote_category":0,"footnotes":""},"categories":[3],"tags":[],"class_list":["post-6475","post","type-post","status-publish","format-standard","hentry","category-polityczne"],"_links":{"self":[{"href":"https:\/\/grzegorzjaszczura.pl\/index.php?rest_route=\/wp\/v2\/posts\/6475","targetHints":{"allow":["GET"]}}],"collection":[{"href":"https:\/\/grzegorzjaszczura.pl\/index.php?rest_route=\/wp\/v2\/posts"}],"about":[{"href":"https:\/\/grzegorzjaszczura.pl\/index.php?rest_route=\/wp\/v2\/types\/post"}],"author":[{"embeddable":true,"href":"https:\/\/grzegorzjaszczura.pl\/index.php?rest_route=\/wp\/v2\/users\/2"}],"replies":[{"embeddable":true,"href":"https:\/\/grzegorzjaszczura.pl\/index.php?rest_route=%2Fwp%2Fv2%2Fcomments&post=6475"}],"version-history":[{"count":28,"href":"https:\/\/grzegorzjaszczura.pl\/index.php?rest_route=\/wp\/v2\/posts\/6475\/revisions"}],"predecessor-version":[{"id":6504,"href":"https:\/\/grzegorzjaszczura.pl\/index.php?rest_route=\/wp\/v2\/posts\/6475\/revisions\/6504"}],"wp:attachment":[{"href":"https:\/\/grzegorzjaszczura.pl\/index.php?rest_route=%2Fwp%2Fv2%2Fmedia&parent=6475"}],"wp:term":[{"taxonomy":"category","embeddable":true,"href":"https:\/\/grzegorzjaszczura.pl\/index.php?rest_route=%2Fwp%2Fv2%2Fcategories&post=6475"},{"taxonomy":"post_tag","embeddable":true,"href":"https:\/\/grzegorzjaszczura.pl\/index.php?rest_route=%2Fwp%2Fv2%2Ftags&post=6475"}],"curies":[{"name":"wp","href":"https:\/\/api.w.org\/{rel}","templated":true}]}}