{"id":65011,"date":"2023-10-17T11:38:09","date_gmt":"2023-10-17T09:38:09","guid":{"rendered":"http:\/\/grzegorzjaszczura.pl\/?p=65011"},"modified":"2023-10-20T09:17:03","modified_gmt":"2023-10-20T07:17:03","slug":"dlaczego-pis-przegral-w-zaglebiu-dabrowskim","status":"publish","type":"post","link":"https:\/\/grzegorzjaszczura.pl\/?p=65011","title":{"rendered":"Dlaczego PIS przegra\u0142 w Zag\u0142\u0119biu D\u0105browskim?"},"content":{"rendered":"<p style=\"text-align: justify;\"><a href=\"http:\/\/grzegorzjaszczura.pl\/http:\/\/grzegorzjaszczura.pl\/wp-content\/uploads\/2023\/10\/IMG_20230918_093739146.jpg\"><img loading=\"lazy\" decoding=\"async\" class=\"alignnone size-thumbnail wp-image-65045\" src=\"http:\/\/grzegorzjaszczura.pl\/http:\/\/grzegorzjaszczura.pl\/wp-content\/uploads\/2023\/10\/IMG_20230918_093739146-150x150.jpg\" alt=\"\" width=\"150\" height=\"150\" \/><\/a>Dlaczego <span style=\"color: #800080;\"><strong>PIS<\/strong> <\/span>przegra\u0142 wybory w <span style=\"color: #008000;\"><strong>Zag\u0142\u0119biu D\u0105browskim<\/strong><\/span>? (dla jasno\u015bci zaj\u0105\u0142 drugie miejsce po <span style=\"color: #ff0000;\">Platformie Obywatelskiej<\/span>). Powod\u00f3w jest pewnie wiele. W Polsce by\u0142o z tym r\u00f3\u017cnie. Ale chcia\u0142bym zaj\u0105\u0107 si\u0119 <em>stricte<\/em> okr\u0119giem nr 32 (czyli mo\u017cna by napisa\u0107, \u017ce <span style=\"color: #008000;\"><strong>Zag\u0142\u0119biem D\u0105browskim<\/strong><\/span>). Oczywi\u015bcie mo\u017cna t\u0119 pora\u017ck\u0119 zrzuci\u0107 (jak zawsze to robiono w <span style=\"color: #800080;\">PIS<\/span>) na czerwone, postkomunistyczne <span style=\"color: #008000;\"><strong>Zag\u0142\u0119bie<\/strong><\/span> i ludzi przyzwyczajonych do socjalu ponad stan,<!--more--> ale to nie wszystko i na oko powinno da\u0107 przeciwny efekt, czyli poparcie.<\/p>\n<p style=\"text-align: justify;\">Co do liczb, to spadek procentowy g\u0142os\u00f3w na <span style=\"color: #800080;\"><strong>PIS<\/strong>, <\/span>w por\u00f3wnaniu do 2019 r. to a\u017c <span style=\"color: #ff0000;\"><strong>20%<\/strong><\/span>! (z 37,13% poparcia w 2019 r. na 29,74% poparcia w 2023 r.), liczbowo to wygl\u0105da nast\u0119puj\u0105co: spadek z 124553 g\u0142os\u00f3w na 114519 g\u0142os\u00f3w (przy czym obecnie w 2023 r. by\u0142a znacz\u0105co wi\u0119ksza frekwencja).<\/p>\n<p style=\"text-align: justify;\"><a href=\"http:\/\/grzegorzjaszczura.pl\/http:\/\/grzegorzjaszczura.pl\/wp-content\/uploads\/2023\/10\/legitymacia-1-rotated.jpg\"><img loading=\"lazy\" decoding=\"async\" class=\"alignnone size-thumbnail wp-image-65114\" src=\"http:\/\/grzegorzjaszczura.pl\/http:\/\/grzegorzjaszczura.pl\/wp-content\/uploads\/2023\/10\/legitymacia-1-150x150.jpg\" alt=\"\" width=\"150\" height=\"150\" \/><\/a>Tak si\u0119 sk\u0142ada, \u017ce jako antykomunista i antysocjalista wspiera\u0142em wszystkie formacje podpisuj\u0105ce si\u0119 pod tymi has\u0142ami od zawsze, jeszcze za <span style=\"color: #ff0000;\">komunist\u00f3w sowieckich<\/span>. Abstrahuj\u0105c od <strong>PC<\/strong>, <strong>KPN<\/strong>, <strong>UPR<\/strong>, <strong>ROP<\/strong> czy <strong>KNP<\/strong>, by\u0142em przecie\u017c pierwszym kandydatem z listy <span style=\"color: #800080;\"><strong>PIS<\/strong><\/span> z D\u0105browy G\u00f3rniczej startuj\u0105cym z tej listy do Sejmu <strong>RP<\/strong>, <em>nota bene<\/em> jeszcze w <strong>2001 roku<\/strong>. <a href=\"http:\/\/grzegorzjaszczura.pl\/http:\/\/grzegorzjaszczura.pl\/wp-content\/uploads\/2023\/10\/ulotka-a5.jpg\"><img loading=\"lazy\" decoding=\"async\" class=\"alignnone size-thumbnail wp-image-65018\" src=\"http:\/\/grzegorzjaszczura.pl\/http:\/\/grzegorzjaszczura.pl\/wp-content\/uploads\/2023\/10\/ulotka-a5-150x150.jpg\" alt=\"\" width=\"150\" height=\"150\" \/><\/a>Zreszt\u0105 zgodzi\u0142em si\u0119 na start na pro\u015bby \u00f3wczesnych dzia\u0142aczy <span style=\"color: #800080;\">PIS<\/span>. Na li\u015bcie ze mn\u0105 byli wtedy te\u017c tzw. dzia\u0142acze <strong>PC<\/strong>, kt\u00f3rzy obecnie otwieraj\u0105 co wybory list\u0119 <span style=\"color: #800080;\"><strong>PIS<\/strong><\/span>, czyli Pani <strong>E. Malik<\/strong> i Pan <strong>W. Andzel<\/strong>. I pomi\u0144my \u00f3wczesnego &#8222;absolwenta&#8221; Fundacji im. S. Batorego (za\u0142o\u017conej przecie\u017c przez G. Sorosa) <strong>W. Andzela<\/strong>. Ale tzw. jedynka <span style=\"color: #800080;\"><strong>PIS<\/strong> <\/span>w najwi\u0119kszym stopniu przyczyni\u0142a si\u0119 do obecnego stanu <span style=\"color: #800080;\"><strong>PIS<\/strong><\/span> w okr\u0119gu nr 32. Stanu wg mnie bardzo z\u0142ego. Pomijaj\u0105c znowu jej dzia\u0142ania od <strong>2005 roku<\/strong> (gdy jednak uda\u0142o si\u0119 jej wej\u015b\u0107 do Parlamentu), zmierzaj\u0105ce do pozostawienia tego\u017c okr\u0119gu komunistom, postkomunistom i neokomunistom. Wspomn\u0119 nie tylko o odst\u0105pieniu od rozliczenia tzw. z\u0142odziejskiej prywatyzacji polskich hut, ale tak\u017ce o &#8222;eliminowaniu&#8221; os\u00f3b, kt\u00f3re nie chcia\u0142y si\u0119 podporz\u0105dkowa\u0107 polityce &#8222;uk\u0142adu&#8221; z komunistami w <span style=\"color: #008000;\"><strong>Zag\u0142\u0119biu D\u0105browskim<\/strong><\/span>. To oczywi\u015bcie moje zdanie, ale przy pora\u017ckach dobrze jest zastanowi\u0107 si\u0119 nad przyczynami, cho\u0107by po to, aby wyci\u0105gn\u0105\u0107 wnioski na przysz\u0142o\u015b\u0107.<\/p>\n<p style=\"text-align: justify;\"><a href=\"http:\/\/grzegorzjaszczura.pl\/http:\/\/grzegorzjaszczura.pl\/wp-content\/uploads\/2023\/10\/Przechwytywanie.jpg\"><img loading=\"lazy\" decoding=\"async\" class=\"alignnone size-thumbnail wp-image-65044\" src=\"http:\/\/grzegorzjaszczura.pl\/http:\/\/grzegorzjaszczura.pl\/wp-content\/uploads\/2023\/10\/Przechwytywanie-150x150.jpg\" alt=\"\" width=\"150\" height=\"150\" \/><\/a>Na forum Sejmu Pani Pose\u0142 raczej wzorem pracoholika nie by\u0142a, \u017ceby nie napisa\u0107 gorzej. Mam takie wra\u017cenie, \u017ce do\u0142y z okr\u0119gu nr 32 to widzia\u0142y i te\u017c bior\u0105c przyk\u0142ad z tego niewiele robi\u0142y. \u015arednio 5 wyst\u0105pie\u0144 na rok na sali sejmowej, to ogon w\u015br\u00f3d Pos\u0142\u00f3w. A <span style=\"color: #ff0000;\">lewica<\/span> rz\u0105dz\u0105ca w <strong><span style=\"color: #008000;\">Zag\u0142\u0119biu<\/span><\/strong> na <span style=\"color: #800080;\"><strong>PIS<\/strong>ie<\/span> nie pozostawia\u0142a suchej nitki, zar\u00f3wno na sesjach jak i komisjach Rady Miejskiej. Poruszy\u0142em na nich wiele &#8222;\u015bliskich&#8221; temat\u00f3w dla rz\u0105dz\u0105cych w D\u0105browie G\u00f3rniczej. <strong>Nigdy, ale to nigdy, nie otrzyma\u0142em z moimi wsp\u00f3\u0142pracownikami jakiejkolwiek pomocy ze strony Pani Pose\u0142!!!<\/strong> To wiele m\u00f3wi! Zobacz przyk\u0142adowo: <a href=\"http:\/\/grzegorzjaszczura.pl\/?p=57586#more-57586\"><em><strong>pismo do Pose\u0142 E. Malik<\/strong><\/em><\/a>.<\/p>\n<p style=\"text-align: justify;\">Przygl\u0105daj\u0105c si\u0119 sesjom Rady Miejskiej D\u0105browy G\u00f3rniczej, to radni <span style=\"color: #800080;\"><strong>PIS<\/strong><\/span> wyst\u0119powali w podobnym stylu jak Pani Pose\u0142 na forum Sejmu RP, czyli sporadycznie. Radny <strong>Z. Pi\u0105tek<\/strong> (<span style=\"color: #800080;\"><strong>PIS<\/strong><\/span>), kt\u00f3ry na wi\u0119kszo\u015bci sesji Rady Miejskiej nie zabra\u0142 g\u0142osu znalaz\u0142 si\u0119 na li\u015bcie <span style=\"color: #800080;\"><strong>PISu<\/strong><\/span> do Sejmu ponownie i otrzyma\u0142 1229 g\u0142os\u00f3w (o 399 mniej ni\u017c w 2019 r.).<\/p>\n<p style=\"text-align: justify;\">W bie\u017c\u0105cym rozdaniu ingerowa\u0142a w uk\u0142ad listy do Sejmu, wg mnie os\u0142abiaj\u0105c j\u0105. Takie informacje docieraj\u0105 do oburzonych tym faktem <span style=\"color: #800080;\">PISowc\u00f3w<\/span>. Jak mo\u017cna by\u0142o wyrzuci\u0107 z listy kobiet\u0119, po to by wstawi\u0107 radnego <span style=\"color: #800080;\"><strong>PIS<\/strong> <\/span>Pana <strong>J. Reszke<\/strong>, kt\u00f3ry sympatyk\u00f3w <span style=\"color: #800080;\"><strong>PIS<\/strong><\/span>owi nie przysporzy\u0142 (przedostatnie miejsce pod wzgl\u0119dem zdobytych g\u0142os\u00f3w na li\u015bcie <span style=\"color: #800080;\"><strong>PIS<\/strong><\/span>!, zaledwie 666 g\u0142os\u00f3w). Na dodatek sta\u0142o si\u0119 tak, mimo tego, \u017ce \u0142ama\u0142 wielokrotnie dyscyplin\u0119 klubow\u0105 w trakcie g\u0142osowa\u0144 w Radzie Miejskiej D\u0105browy G\u00f3rniczej. Zreszt\u0105 zg\u0142asza\u0142em te uwagi do w\u0142adz <span style=\"color: #800080;\"><strong>PIS<\/strong> <\/span>i to w\u0142adz wszystkich szczebli: powiatowych, okr\u0119gowych, wojew\u00f3dzkich czy krajowych. Niestety wszyscy nabrali wody w usta, <strong>wspieraj\u0105c t\u0119 niesubordynacj\u0119 radnego<\/strong> i nawet j\u0105 w ten spos\u00f3b nagradzaj\u0105c. Za to w innych okr\u0119gach, np. chyba we Wroc\u0142awiu\/Legnicy radnych wyrzucano z klubu <span style=\"color: #800080;\"><strong>PISu<\/strong> <\/span>za \u0142amanie dyscypliny, a tu nagroda i awans na list\u0119 <span style=\"color: #800080;\"><strong>PIS<\/strong> <\/span>do Sejmu!<\/p>\n<p style=\"text-align: justify;\"><a href=\"http:\/\/grzegorzjaszczura.pl\/http:\/\/grzegorzjaszczura.pl\/wp-content\/uploads\/2023\/10\/368678461_6467469316673129_1435074480827889061_n.jpg\"><img loading=\"lazy\" decoding=\"async\" class=\"alignnone size-thumbnail wp-image-65042\" src=\"http:\/\/grzegorzjaszczura.pl\/http:\/\/grzegorzjaszczura.pl\/wp-content\/uploads\/2023\/10\/368678461_6467469316673129_1435074480827889061_n-150x150.jpg\" alt=\"\" width=\"150\" height=\"150\" \/><\/a>Sko\u0144czy\u0142o si\u0119 to fatalnie dla <span style=\"color: #800080;\"><strong>PISu<\/strong><\/span>. Kto za to odpowiada. Podpowiadam Panu prezesowi <strong>J. Kaczy\u0144skiemu<\/strong>: odpowiada za to kierownik, czyli w okr\u0119gu nr 32 Pani Pose\u0142 <strong>E. Malik<\/strong>! (foto z internetu). W liczbach to wygl\u0105da tak, \u017ce Pani Pose\u0142 <strong>E. Malik<\/strong> otrzyma\u0142a o <strong>7275 g\u0142os\u00f3w mniej<\/strong> ni\u017c w 2019 r. (mimo o czym ju\u017c wspomina\u0142em zwi\u0119kszonej frekwencji!). Co gorsza startuj\u0105c z pierwszego miejsca dosta\u0142a mniej g\u0142os\u00f3w od startuj\u0105cego z ostatniego miejsca na li\u015bcie <span style=\"color: #ff0000;\"><strong>NL<\/strong><\/span> Pana <strong>\u0141. Litewki<\/strong>!<\/p>\n<p style=\"text-align: justify;\"><span style=\"color: #0000ff;\"><strong>Ps<\/strong><\/span> Konsekwencj\u0105 powy\u017cszych dzia\u0142a\u0144 jest utrata jednego pos\u0142a z <span style=\"color: #800080;\"><strong>PIS<\/strong><\/span> w okr\u0119gu wyborczym do Sejmu nr <strong>32<\/strong>!<\/p>\n","protected":false},"excerpt":{"rendered":"<p>Dlaczego PIS przegra\u0142 wybory w Zag\u0142\u0119biu D\u0105browskim? (dla jasno\u015bci zaj\u0105\u0142 drugie miejsce po Platformie Obywatelskiej). Powod\u00f3w jest pewnie wiele. W Polsce by\u0142o z tym r\u00f3\u017cnie. Ale chcia\u0142bym zaj\u0105\u0107 si\u0119 stricte okr\u0119giem nr 32 (czyli mo\u017cna by napisa\u0107, \u017ce Zag\u0142\u0119biem D\u0105browskim). Oczywi\u015bcie mo\u017cna t\u0119 pora\u017ck\u0119 zrzuci\u0107 (jak zawsze to robiono w PIS) na czerwone, postkomunistyczne Zag\u0142\u0119bie [&hellip;]<\/p>\n","protected":false},"author":2,"featured_media":0,"comment_status":"open","ping_status":"open","sticky":false,"template":"","format":"standard","meta":{"_monsterinsights_skip_tracking":false,"_monsterinsights_sitenote_active":false,"_monsterinsights_sitenote_note":"","_monsterinsights_sitenote_category":0,"footnotes":""},"categories":[3],"tags":[],"class_list":["post-65011","post","type-post","status-publish","format-standard","hentry","category-polityczne"],"_links":{"self":[{"href":"https:\/\/grzegorzjaszczura.pl\/index.php?rest_route=\/wp\/v2\/posts\/65011","targetHints":{"allow":["GET"]}}],"collection":[{"href":"https:\/\/grzegorzjaszczura.pl\/index.php?rest_route=\/wp\/v2\/posts"}],"about":[{"href":"https:\/\/grzegorzjaszczura.pl\/index.php?rest_route=\/wp\/v2\/types\/post"}],"author":[{"embeddable":true,"href":"https:\/\/grzegorzjaszczura.pl\/index.php?rest_route=\/wp\/v2\/users\/2"}],"replies":[{"embeddable":true,"href":"https:\/\/grzegorzjaszczura.pl\/index.php?rest_route=%2Fwp%2Fv2%2Fcomments&post=65011"}],"version-history":[{"count":56,"href":"https:\/\/grzegorzjaszczura.pl\/index.php?rest_route=\/wp\/v2\/posts\/65011\/revisions"}],"predecessor-version":[{"id":65128,"href":"https:\/\/grzegorzjaszczura.pl\/index.php?rest_route=\/wp\/v2\/posts\/65011\/revisions\/65128"}],"wp:attachment":[{"href":"https:\/\/grzegorzjaszczura.pl\/index.php?rest_route=%2Fwp%2Fv2%2Fmedia&parent=65011"}],"wp:term":[{"taxonomy":"category","embeddable":true,"href":"https:\/\/grzegorzjaszczura.pl\/index.php?rest_route=%2Fwp%2Fv2%2Fcategories&post=65011"},{"taxonomy":"post_tag","embeddable":true,"href":"https:\/\/grzegorzjaszczura.pl\/index.php?rest_route=%2Fwp%2Fv2%2Ftags&post=65011"}],"curies":[{"name":"wp","href":"https:\/\/api.w.org\/{rel}","templated":true}]}}