{"id":6513,"date":"2010-10-22T19:47:22","date_gmt":"2010-10-22T17:47:22","guid":{"rendered":"http:\/\/grzegorzjaszczura.pl\/?p=6513"},"modified":"2010-10-22T19:47:22","modified_gmt":"2010-10-22T17:47:22","slug":"jaroslaw-gowin-w-dabrowie-g","status":"publish","type":"post","link":"https:\/\/grzegorzjaszczura.pl\/?p=6513","title":{"rendered":"Jaros\u0142aw Gowin w D\u0105browie G."},"content":{"rendered":"<p style=\"text-align: justify;\"><span style=\"color: #0000ff;\"><strong><a href=\"http:\/\/grzegorzjaszczura.pl\/http:\/\/grzegorzjaszczura.pl\/wp-content\/uploads\/2010\/10\/DSC_8274.jpg\"><img loading=\"lazy\" decoding=\"async\" class=\"alignleft size-thumbnail wp-image-6518\" title=\"DSC_8274\" src=\"http:\/\/grzegorzjaszczura.pl\/http:\/\/grzegorzjaszczura.pl\/wp-content\/uploads\/2010\/10\/DSC_8274-150x150.jpg\" alt=\"DSC_8274\" width=\"150\" height=\"150\" \/><\/a>Oficjalne rozpocz\u0119cie kampanii wyborczej Krzysztofa Stachowicza (<span style=\"color: #ff6600;\">PO<\/span>) nast\u0105pi\u0142o z udzia\u0142em konserwatywno-wolno\u015bciowego pos\u0142a z Krakowa Jaros\u0142awa Gowina (<span style=\"color: #ff6600;\">PO<\/span>) w Wy\u017cszej Szkole Biznesu. Mam nadziej\u0119, \u017ce z tym konserwatyzmem i wolno\u015bciowcem nie przesadzi\u0142em, ale w trakcie kr\u00f3tkiego wyk\u0142adu\u00a0 J. Gowin nie omieszka\u0142 podkre\u015bli\u0107<!--more--> potrzeby budowania i realizowania w praktyce wolnego rynku czy wy\u017cszo\u015bci przedsi\u0119biorc\u00f3w nad\u00a0 &#8230; (podejrzewam, \u017ce chodzi\u0142o mu urz\u0119dnikami i biurokratami). \u017beby nikogo nie urazi\u0107 to musz\u0119 napisa\u0107, \u017ce obecny by\u0142 tak\u017ce senator Zb. Szaleniec, Pani Barbara\u00a0 Dolniak, Katarzyna Stachowicz (\u017cona Kandydata na Prezydenta naszego miasta) oraz kandydaci <span style=\"color: #ff6600;\">PO<\/span> w wyborach samorz\u0105dowych. Warto zauwa\u017cy\u0107, \u017ce sala by\u0142a pe\u0142na m\u0142odzie\u017cy. Poniewa\u017c\u00a0 oddzielnie opisuj\u0119 zalety programu wyborczego Kandydata na Prezydenta K. Stachowicza, to tym razem opis zaczerpn\u0119 ze strony radnego T. Paska<\/strong> <strong>(<span style=\"color: #ff6600;\">PO<\/span>):<\/strong><\/span><\/p>\n<p style=\"text-align: justify;\"><span style=\"color: #ff6600;\"><strong><em>&#8222;[&#8230;] Nie ukrywali\u015bmy, mianowicie, celu spotkania. Nie by\u0142o to kolejne  przeci\u0119cie wst\u0119gi, wbicie \u0142opaty, czy szkolny jubileusz, na kt\u00f3rym  pr\u0119\u017cyliby\u015bmy si\u0119 z u\u015bmiechem przed kamerami i obiektywami, udaj\u0105c \u017ce nie  jest to absolutnie wyborcza kampania. Otwarcie m\u00f3wili\u015bmy zgromadzonym  t\u0142umnie m\u0142odym ludziom, \u017ce potrzebujemy ich by wygra\u0107 te wybory. I \u017ce  oni potrzebuje nas, by \u2013 jak powiedzia\u0142 Krzysztof Stachowicz, kandydat  na Prezydenta D\u0105browy G\u00f3rniczej &#8211; \u201emiasto by\u0142o normalne, chodniki  proste, a ulice D\u0105browy nie wyludnia\u0142y si\u0119 po godz.20.00\u201d.<\/em><\/strong><\/span><\/p>\n<p style=\"text-align: justify;\"><span style=\"color: #ff6600;\"><strong><em><a href=\"http:\/\/grzegorzjaszczura.pl\/http:\/\/grzegorzjaszczura.pl\/wp-content\/uploads\/2010\/10\/DSC_82671.jpg\"><img loading=\"lazy\" decoding=\"async\" class=\"alignleft size-thumbnail wp-image-6519\" title=\"DSC_8267\" src=\"http:\/\/grzegorzjaszczura.pl\/http:\/\/grzegorzjaszczura.pl\/wp-content\/uploads\/2010\/10\/DSC_82671-150x150.jpg\" alt=\"DSC_8267\" width=\"150\" height=\"150\" \/><\/a>Pose\u0142 Jaros\u0142aw Gowin powiedzia\u0142 wczoraj bardzo wa\u017cn\u0105 rzecz.  Mianowicie, \u017ce politycy wywodz\u0105cy si\u0119 ze \u015brodowisk biznesowych potrafi\u0105  zarz\u0105dza\u0107 swoimi firmami, wi\u0119c b\u0119d\u0105 tak\u017ce potrafili zarz\u0105dza\u0107 miastem.  Ile\u017c to razy osobi\u015bcie nawo\u0142ywa\u0142em do my\u015blenia biznesowego, zw\u0142aszcza  podczas podejmowania decyzji inwestycyjnych? Polityka w tym wypadku  prowadzi jedynie na manowce. Politycy &#8211;  biznesmeni, politycy &#8211;  przedsi\u0119biorcy nie chc\u0105 dla siebie, swoich koleg\u00f3w i ich rodzin,  ciep\u0142ych posadek w samorz\u0105dowych instytucjach. Miejsca pracy dla siebie i  innych na co dzie\u0144 tworz\u0105 przecie\u017c sami.<\/em><\/strong><\/span><\/p>\n<p style=\"text-align: justify;\"><span style=\"color: #ff6600;\"><strong><em>Tu bardziej chodzi o czynne uczestnictwo w kreowaniu rzeczywisto\u015bci i  nowe wyzwania. Jak powiedzia\u0142 w WSB Krzysztof Stachowicz \u201e nie chcemy  by\u0107 trybikiem w maszynie, czy jedynie narz\u0119dziem do g\u0142osowania\u201d, ale  chcemy mie\u0107 wp\u0142yw na kszta\u0142towanie naszego otoczenia, naszych podw\u00f3rek,  naszych blok\u00f3w, Naszego Miasta.<\/em><\/strong><\/span><\/p>\n<p style=\"text-align: justify;\"><span style=\"color: #ff6600;\"><strong><em>A je\u015bli mowa o biznesie to mowa tak\u017ce o pieni\u0105dzach&#8230;Nasz kandydat  na Prezydenta Miasta zadeklarowa\u0142, \u017ce jest got\u00f3w zmniejszy\u0107 swoj\u0105  prezydenck\u0105 pensj\u0119 o 30 procent. Radni Platformy Obywatelskiej w\u00f3wczas  tak\u017ce &#8211; dla przyk\u0142adu \u2013 zmniejsz\u0105 swoje diety.  Wszystko dlatego, \u017ceby  pokaza\u0107, \u017ce nasze nawo\u0142ywania sprzed kilku miesi\u0119cy nie by\u0142y pustymi  frazesami. Przypomn\u0119, \u017ce wraz  Grzegorzem Jaszczur\u0105 i Tomaszem Sk\u00f3r\u0105  pr\u00f3bowali\u015bmy bezskutecznie przekona\u0107 innych radnych do zmniejszenia diet  o po\u0142ow\u0119. Nasza argumentacja trafi\u0142a chyba tylko do Krzysztofa  Tamborka, kt\u00f3ry g\u0142osowa\u0142 za naszym projektem uchwa\u0142y. Pozosta\u0142a cz\u0119\u015b\u0107  Rady Miejskiej nawet nie chcia\u0142a o obni\u017cce s\u0142ysze\u0107.&#8221;<\/em><\/strong><\/span><\/p>\n<p style=\"text-align: justify;\"><span style=\"color: #ff6600;\"><strong><em><a href=\"http:\/\/grzegorzjaszczura.pl\/http:\/\/grzegorzjaszczura.pl\/wp-content\/uploads\/2010\/10\/DSC_8192.jpg\"><img loading=\"lazy\" decoding=\"async\" class=\"alignleft size-thumbnail wp-image-6520\" title=\"DSC_8192\" src=\"http:\/\/grzegorzjaszczura.pl\/http:\/\/grzegorzjaszczura.pl\/wp-content\/uploads\/2010\/10\/DSC_8192-150x150.jpg\" alt=\"DSC_8192\" width=\"150\" height=\"150\" \/><\/a><a href=\"http:\/\/grzegorzjaszczura.pl\/http:\/\/grzegorzjaszczura.pl\/wp-content\/uploads\/2010\/10\/DSC_8209.jpg\"><img loading=\"lazy\" decoding=\"async\" class=\"alignleft size-thumbnail wp-image-6521\" title=\"DSC_8209\" src=\"http:\/\/grzegorzjaszczura.pl\/http:\/\/grzegorzjaszczura.pl\/wp-content\/uploads\/2010\/10\/DSC_8209-150x150.jpg\" alt=\"DSC_8209\" width=\"150\" height=\"150\" \/><\/a><a href=\"http:\/\/grzegorzjaszczura.pl\/http:\/\/grzegorzjaszczura.pl\/wp-content\/uploads\/2010\/10\/DSC_8198.jpg\"><img loading=\"lazy\" decoding=\"async\" class=\"alignleft size-thumbnail wp-image-6522\" title=\"DSC_8198\" src=\"http:\/\/grzegorzjaszczura.pl\/http:\/\/grzegorzjaszczura.pl\/wp-content\/uploads\/2010\/10\/DSC_8198-150x150.jpg\" alt=\"DSC_8198\" width=\"150\" height=\"150\" \/><\/a><a href=\"http:\/\/grzegorzjaszczura.pl\/http:\/\/grzegorzjaszczura.pl\/wp-content\/uploads\/2010\/10\/DSC_8252.jpg\"><img loading=\"lazy\" decoding=\"async\" class=\"alignleft size-thumbnail wp-image-6528\" title=\"DSC_8252\" src=\"http:\/\/grzegorzjaszczura.pl\/http:\/\/grzegorzjaszczura.pl\/wp-content\/uploads\/2010\/10\/DSC_8252-150x150.jpg\" alt=\"DSC_8252\" width=\"150\" height=\"150\" \/><\/a><br \/>\n<\/em><\/strong><\/span><\/p>\n","protected":false},"excerpt":{"rendered":"<p>Oficjalne rozpocz\u0119cie kampanii wyborczej Krzysztofa Stachowicza (PO) nast\u0105pi\u0142o z udzia\u0142em konserwatywno-wolno\u015bciowego pos\u0142a z Krakowa Jaros\u0142awa Gowina (PO) w Wy\u017cszej Szkole Biznesu. Mam nadziej\u0119, \u017ce z tym konserwatyzmem i wolno\u015bciowcem nie przesadzi\u0142em, ale w trakcie kr\u00f3tkiego wyk\u0142adu\u00a0 J. Gowin nie omieszka\u0142 podkre\u015bli\u0107<\/p>\n","protected":false},"author":2,"featured_media":0,"comment_status":"open","ping_status":"open","sticky":false,"template":"","format":"standard","meta":{"_monsterinsights_skip_tracking":false,"_monsterinsights_sitenote_active":false,"_monsterinsights_sitenote_note":"","_monsterinsights_sitenote_category":0,"footnotes":""},"categories":[3],"tags":[],"class_list":["post-6513","post","type-post","status-publish","format-standard","hentry","category-polityczne"],"_links":{"self":[{"href":"https:\/\/grzegorzjaszczura.pl\/index.php?rest_route=\/wp\/v2\/posts\/6513","targetHints":{"allow":["GET"]}}],"collection":[{"href":"https:\/\/grzegorzjaszczura.pl\/index.php?rest_route=\/wp\/v2\/posts"}],"about":[{"href":"https:\/\/grzegorzjaszczura.pl\/index.php?rest_route=\/wp\/v2\/types\/post"}],"author":[{"embeddable":true,"href":"https:\/\/grzegorzjaszczura.pl\/index.php?rest_route=\/wp\/v2\/users\/2"}],"replies":[{"embeddable":true,"href":"https:\/\/grzegorzjaszczura.pl\/index.php?rest_route=%2Fwp%2Fv2%2Fcomments&post=6513"}],"version-history":[{"count":25,"href":"https:\/\/grzegorzjaszczura.pl\/index.php?rest_route=\/wp\/v2\/posts\/6513\/revisions"}],"predecessor-version":[{"id":6546,"href":"https:\/\/grzegorzjaszczura.pl\/index.php?rest_route=\/wp\/v2\/posts\/6513\/revisions\/6546"}],"wp:attachment":[{"href":"https:\/\/grzegorzjaszczura.pl\/index.php?rest_route=%2Fwp%2Fv2%2Fmedia&parent=6513"}],"wp:term":[{"taxonomy":"category","embeddable":true,"href":"https:\/\/grzegorzjaszczura.pl\/index.php?rest_route=%2Fwp%2Fv2%2Fcategories&post=6513"},{"taxonomy":"post_tag","embeddable":true,"href":"https:\/\/grzegorzjaszczura.pl\/index.php?rest_route=%2Fwp%2Fv2%2Ftags&post=6513"}],"curies":[{"name":"wp","href":"https:\/\/api.w.org\/{rel}","templated":true}]}}