{"id":66617,"date":"2024-04-05T09:30:35","date_gmt":"2024-04-05T07:30:35","guid":{"rendered":"https:\/\/grzegorzjaszczura.pl\/?p=66617"},"modified":"2024-04-05T09:44:54","modified_gmt":"2024-04-05T07:44:54","slug":"grzegorz-na-prezydenta","status":"publish","type":"post","link":"https:\/\/grzegorzjaszczura.pl\/?p=66617","title":{"rendered":"Grzegorz na Prezydenta"},"content":{"rendered":"<p style=\"text-align: justify;\"><a href=\"http:\/\/grzegorzjaszczura.pl\/http:\/\/grzegorzjaszczura.pl\/wp-content\/uploads\/2024\/03\/SKMBT_C20324031111420-rotated.jpg\"><img loading=\"lazy\" decoding=\"async\" class=\"alignnone size-thumbnail wp-image-66622\" src=\"http:\/\/grzegorzjaszczura.pl\/http:\/\/grzegorzjaszczura.pl\/wp-content\/uploads\/2024\/03\/SKMBT_C20324031111420-150x150.jpg\" alt=\"\" width=\"150\" height=\"150\" \/><\/a>Prosz\u0119 <strong>Mieszka\u0144c\u00f3w D\u0105browy G\u00f3rniczej<\/strong>, kt\u00f3rym moje idee i program s\u0105 bliskie, o g\u0142os w wyborach samorz\u0105dowych w dniu 7 kwietnia tr. <strong>Kandyduj\u0119 na Prezydenta Miasta w wyborach samorz\u0105dowych w dniu 07.04 2024 r.<\/strong><\/p>\n<p style=\"text-align: justify;\">Jednocze\u015bnie zach\u0119cam do g\u0142osowania na <strong>Komitet Wyborczy Wyborc\u00f3w D\u0105browa 2030 \u2013 Koalicja D\u0105browskiej Prawicy. <span style=\"color: #ff0000;\">LISTA NR 19.<\/span> Tam tak\u017ce w okr\u0119gu nr 2 kandyduj\u0119 do Rady Miejskiej D\u0105browy G\u00f3rniczej.<\/strong><!--more--><\/p>\n<p style=\"text-align: justify;\">Przedstawi\u0142em si\u0119 we wpisie: <a href=\"https:\/\/grzegorzjaszczura.pl\/?p=66587#more-66587\"><em><strong>Kandydat na Prezydenta D\u0105browy G\u00f3rniczej<\/strong><\/em><\/a>.<\/p>\n<p style=\"text-align: justify;\">M\u00f3j autorski program przedstawi\u0142em tutaj: <a href=\"https:\/\/grzegorzjaszczura.pl\/?p=66608#more-66608\"><em><strong>Program Na Sz\u00f3stk\u0119<\/strong><\/em><\/a>.<\/p>\n<p style=\"text-align: justify;\">Program\u00a0 KWW D\u0105browa 20230 &#8211; Koalicja D\u0105browskiej Prawicy mo\u017cesz pozna\u0107 <span style=\"color: #000080;\"><strong>Szanowny Czytelniku<\/strong><\/span> tutaj: <a href=\"https:\/\/grzegorzjaszczura.pl\/?p=66646#more-66646\"><em><strong>KWW D\u0105browa 20230 &#8211; Koalicja D\u0105browskiej Prawicy<\/strong><\/em><\/a>.<\/p>\n<p style=\"text-align: justify;\">Kandydaci tego komitetu do <strong>Rady Miejskiej D\u0105browy G\u00f3rniczej<\/strong> s\u0105 przedstawieni tutaj: <a href=\"https:\/\/grzegorzjaszczura.pl\/?p=66790#more-66790\"><em><strong>KWW D\u0105browa 2030 &#8211; kandydaci<\/strong><\/em><\/a>.<\/p>\n<p style=\"text-align: justify;\">Zobacz tak\u017ce: <a href=\"https:\/\/grzegorzjaszczura.pl\/?p=66633#more-66633\"><em><strong>Porozumienie z &#8222;Solidarno\u015bci\u0105&#8217;80&#8221; i &#8222;Solidarno\u015bci\u0105&#8221;<\/strong><\/em><\/a>.<\/p>\n<p style=\"text-align: justify;\">Link do strony\u00a0<strong>Komitetu Wyborczego Wyborc\u00f3w D\u0105browa 2030 &#8211; Koalicja D\u0105browskiej Prawicy: <a href=\"https:\/\/dabrowa2030.pl\/\"><em>https:\/\/dabrowa2030.pl\/<\/em><\/a>.<\/strong><\/p>\n<p style=\"text-align: justify;\">Zobacz tak\u017ce:\u00a0<em><a href=\"https:\/\/jaszczuranaprezydenta.pl\/\"><strong>https:\/\/jaszczuranaprezydenta.pl\/<\/strong><\/a><\/em>.<strong>\u00a0<\/strong><\/p>\n<p style=\"text-align: justify;\"><a href=\"http:\/\/grzegorzjaszczura.pl\/http:\/\/grzegorzjaszczura.pl\/wp-content\/uploads\/2024\/03\/2-2.jpg\"><img loading=\"lazy\" decoding=\"async\" class=\"alignnone size-thumbnail wp-image-66590\" src=\"http:\/\/grzegorzjaszczura.pl\/http:\/\/grzegorzjaszczura.pl\/wp-content\/uploads\/2024\/03\/2-2-150x150.jpg\" alt=\"\" width=\"150\" height=\"150\" \/><\/a>Dlaczego kandyduj\u0119 (z wypowiedzi dla &#8222;Dziennika Zachodniego&#8221;):<\/p>\n<p style=\"text-align: justify;\"><span style=\"color: #000080;\"><strong>&#8222;Z dzia\u0142alno\u015bci\u0105 samorz\u0105dow\u0105 jestem zwi\u0105zany od 2006 roku, kiedy zosta\u0142em radnym Rady Miejskiej D\u0105browy G\u00f3rniczej. Po wieloletnich do\u015bwiadczeniach uwa\u017cam, \u017ce jestem w stanie lepiej, oszcz\u0119dniej, a z dobrymi efektami, zarz\u0105dza\u0107 mieniem gminy i pieni\u0119dzmi mieszka\u0144c\u00f3w D\u0105browy G\u00f3rniczej. Zawsze podstawowym celem i fundamentem moich dzia\u0142a\u0144 by\u0142a walka z marnotrawieniem pieni\u0119dzy podatnik\u00f3w. Uwa\u017cam, \u017ce mo\u017cna wi\u0119cej za mniej. <\/strong><\/span><\/p>\n<p style=\"text-align: justify;\"><span style=\"color: #000080;\"><strong><a href=\"http:\/\/grzegorzjaszczura.pl\/http:\/\/grzegorzjaszczura.pl\/wp-content\/uploads\/2024\/04\/Jaszczura-przod.jpg\"><img loading=\"lazy\" decoding=\"async\" class=\"alignnone size-thumbnail wp-image-66825\" src=\"http:\/\/grzegorzjaszczura.pl\/http:\/\/grzegorzjaszczura.pl\/wp-content\/uploads\/2024\/04\/Jaszczura-przod-150x150.jpg\" alt=\"\" width=\"150\" height=\"150\" \/><\/a><a href=\"http:\/\/grzegorzjaszczura.pl\/http:\/\/grzegorzjaszczura.pl\/wp-content\/uploads\/2024\/04\/Jaszczura-tyl.jpg\"><img loading=\"lazy\" decoding=\"async\" class=\"alignnone size-thumbnail wp-image-66826\" src=\"http:\/\/grzegorzjaszczura.pl\/http:\/\/grzegorzjaszczura.pl\/wp-content\/uploads\/2024\/04\/Jaszczura-tyl-150x150.jpg\" alt=\"\" width=\"150\" height=\"150\" \/><\/a>Realizacja mojego programu, a tak\u017ce programu KWW D\u0105browa 2030, doprowadzi w ci\u0105gu 6-10 lat do rozwoju D\u0105browy G\u00f3rniczej bez dalszego jej zad\u0142u\u017cania, a wr\u0119cz ze sp\u0142at\u0105 gigantycznego ju\u017c d\u0142ugu, si\u0119gaj\u0105cego p\u00f3\u0142 miliarda z\u0142otych. Nale\u017cy uruchomi\u0107 maj\u0105tek trwa\u0142y gminy i zaprosi\u0107 do wsp\u00f3\u0142pracy na korzystnych warunkach kapita\u0142 prywatny. D\u0105browa G\u00f3rnicza stanie si\u0119 miastem nowoczesnym i przyjaznym dla mieszka\u0144c\u00f3w oraz przedsi\u0119biorc\u00f3w, przyci\u0105gnie nowe firmy i nowych obywateli, zainteresowanych prac\u0105 i \u017cyciem w mie\u015bcie. Miasto b\u0119dzie sprzyja\u0107 realizacji ich potrzeb i ambicji, a w\u0142adze miasta b\u0119d\u0105 partnerem we wsp\u00f3lnym gospodarowaniu. <\/strong><\/span><\/p>\n<p style=\"text-align: justify;\"><span style=\"color: #000080;\"><strong>A trzeba podkre\u015bli\u0107, \u017ce mamy, jako miasto, do tego potencja\u0142 i warunki! <\/strong><\/span><\/p>\n<p style=\"text-align: justify;\"><span style=\"color: #000080;\"><strong>Jestem przeciwny lokalizacji i budowy w mie\u015bcie elektrowni atomowej.&#8221;<\/strong> <\/span><\/p>\n<p style=\"text-align: justify;\"><span style=\"color: #999999;\"><a href=\"http:\/\/grzegorzjaszczura.pl\/http:\/\/grzegorzjaszczura.pl\/wp-content\/uploads\/2024\/04\/Jaszczura-13.jpg\"><img loading=\"lazy\" decoding=\"async\" class=\"alignnone size-thumbnail wp-image-66863\" src=\"http:\/\/grzegorzjaszczura.pl\/http:\/\/grzegorzjaszczura.pl\/wp-content\/uploads\/2024\/04\/Jaszczura-13-150x150.jpg\" alt=\"\" width=\"150\" height=\"150\" \/><\/a><a href=\"http:\/\/grzegorzjaszczura.pl\/http:\/\/grzegorzjaszczura.pl\/wp-content\/uploads\/2024\/04\/Jaszczura-5.jpg\"><img loading=\"lazy\" decoding=\"async\" class=\"alignnone size-thumbnail wp-image-66864\" src=\"http:\/\/grzegorzjaszczura.pl\/http:\/\/grzegorzjaszczura.pl\/wp-content\/uploads\/2024\/04\/Jaszczura-5-150x150.jpg\" alt=\"\" width=\"150\" height=\"150\" \/><\/a><a href=\"http:\/\/grzegorzjaszczura.pl\/http:\/\/grzegorzjaszczura.pl\/wp-content\/uploads\/2024\/04\/Jaszczura-6.jpg\"><img loading=\"lazy\" decoding=\"async\" class=\"alignnone size-thumbnail wp-image-66865\" src=\"http:\/\/grzegorzjaszczura.pl\/http:\/\/grzegorzjaszczura.pl\/wp-content\/uploads\/2024\/04\/Jaszczura-6-150x150.jpg\" alt=\"\" width=\"150\" height=\"150\" \/><\/a><a href=\"http:\/\/grzegorzjaszczura.pl\/http:\/\/grzegorzjaszczura.pl\/wp-content\/uploads\/2024\/04\/Jaszczura-4.jpg\"><img loading=\"lazy\" decoding=\"async\" class=\"alignnone size-thumbnail wp-image-66866\" src=\"http:\/\/grzegorzjaszczura.pl\/http:\/\/grzegorzjaszczura.pl\/wp-content\/uploads\/2024\/04\/Jaszczura-4-150x150.jpg\" alt=\"\" width=\"150\" height=\"150\" \/><\/a><a href=\"http:\/\/grzegorzjaszczura.pl\/http:\/\/grzegorzjaszczura.pl\/wp-content\/uploads\/2024\/04\/Jaszczura-3.jpg\"><img loading=\"lazy\" decoding=\"async\" class=\"alignnone size-thumbnail wp-image-66867\" src=\"http:\/\/grzegorzjaszczura.pl\/http:\/\/grzegorzjaszczura.pl\/wp-content\/uploads\/2024\/04\/Jaszczura-3-150x150.jpg\" alt=\"\" width=\"150\" height=\"150\" \/><\/a><a href=\"http:\/\/grzegorzjaszczura.pl\/http:\/\/grzegorzjaszczura.pl\/wp-content\/uploads\/2024\/04\/Jaszczura-14.jpg\"><img loading=\"lazy\" decoding=\"async\" class=\"alignnone size-thumbnail wp-image-66868\" src=\"http:\/\/grzegorzjaszczura.pl\/http:\/\/grzegorzjaszczura.pl\/wp-content\/uploads\/2024\/04\/Jaszczura-14-150x150.jpg\" alt=\"\" width=\"150\" height=\"150\" \/><\/a>Materia\u0142 wyborczy KWW D\u0105browa 2030 &#8211; Koalicja D\u0105browskiej Prawicy.<\/span><\/p>\n","protected":false},"excerpt":{"rendered":"<p>Prosz\u0119 Mieszka\u0144c\u00f3w D\u0105browy G\u00f3rniczej, kt\u00f3rym moje idee i program s\u0105 bliskie, o g\u0142os w wyborach samorz\u0105dowych w dniu 7 kwietnia tr. Kandyduj\u0119 na Prezydenta Miasta w wyborach samorz\u0105dowych w dniu 07.04 2024 r. Jednocze\u015bnie zach\u0119cam do g\u0142osowania na Komitet Wyborczy Wyborc\u00f3w D\u0105browa 2030 \u2013 Koalicja D\u0105browskiej Prawicy. LISTA NR 19. Tam tak\u017ce w okr\u0119gu nr [&hellip;]<\/p>\n","protected":false},"author":2,"featured_media":0,"comment_status":"open","ping_status":"open","sticky":false,"template":"","format":"standard","meta":{"_monsterinsights_skip_tracking":false,"_monsterinsights_sitenote_active":false,"_monsterinsights_sitenote_note":"","_monsterinsights_sitenote_category":0,"footnotes":""},"categories":[3],"tags":[],"class_list":["post-66617","post","type-post","status-publish","format-standard","hentry","category-polityczne"],"_links":{"self":[{"href":"https:\/\/grzegorzjaszczura.pl\/index.php?rest_route=\/wp\/v2\/posts\/66617","targetHints":{"allow":["GET"]}}],"collection":[{"href":"https:\/\/grzegorzjaszczura.pl\/index.php?rest_route=\/wp\/v2\/posts"}],"about":[{"href":"https:\/\/grzegorzjaszczura.pl\/index.php?rest_route=\/wp\/v2\/types\/post"}],"author":[{"embeddable":true,"href":"https:\/\/grzegorzjaszczura.pl\/index.php?rest_route=\/wp\/v2\/users\/2"}],"replies":[{"embeddable":true,"href":"https:\/\/grzegorzjaszczura.pl\/index.php?rest_route=%2Fwp%2Fv2%2Fcomments&post=66617"}],"version-history":[{"count":21,"href":"https:\/\/grzegorzjaszczura.pl\/index.php?rest_route=\/wp\/v2\/posts\/66617\/revisions"}],"predecessor-version":[{"id":66873,"href":"https:\/\/grzegorzjaszczura.pl\/index.php?rest_route=\/wp\/v2\/posts\/66617\/revisions\/66873"}],"wp:attachment":[{"href":"https:\/\/grzegorzjaszczura.pl\/index.php?rest_route=%2Fwp%2Fv2%2Fmedia&parent=66617"}],"wp:term":[{"taxonomy":"category","embeddable":true,"href":"https:\/\/grzegorzjaszczura.pl\/index.php?rest_route=%2Fwp%2Fv2%2Fcategories&post=66617"},{"taxonomy":"post_tag","embeddable":true,"href":"https:\/\/grzegorzjaszczura.pl\/index.php?rest_route=%2Fwp%2Fv2%2Ftags&post=66617"}],"curies":[{"name":"wp","href":"https:\/\/api.w.org\/{rel}","templated":true}]}}