{"id":66646,"date":"2024-03-26T07:38:45","date_gmt":"2024-03-26T06:38:45","guid":{"rendered":"https:\/\/grzegorzjaszczura.pl\/?p=66646"},"modified":"2024-03-26T07:48:12","modified_gmt":"2024-03-26T06:48:12","slug":"kww-dabrowa-2030-koalicja-dabrowskiej-prawicy","status":"publish","type":"post","link":"https:\/\/grzegorzjaszczura.pl\/?p=66646","title":{"rendered":"KWW D\u0105browa 2030 &#8211; Koalicja D\u0105browskiej Prawicy"},"content":{"rendered":"<p style=\"text-align: justify;\"><a href=\"http:\/\/grzegorzjaszczura.pl\/http:\/\/grzegorzjaszczura.pl\/wp-content\/uploads\/2024\/03\/koalicja-przod.jpg\"><img loading=\"lazy\" decoding=\"async\" class=\"alignnone size-thumbnail wp-image-66698\" src=\"http:\/\/grzegorzjaszczura.pl\/http:\/\/grzegorzjaszczura.pl\/wp-content\/uploads\/2024\/03\/koalicja-przod-150x150.jpg\" alt=\"\" width=\"150\" height=\"150\" \/><\/a>Dzisiaj przedstawi\u0119 program <strong>Komitetu Wyborczego Wyborc\u00f3w D\u0105browa 2030 \u2013 Koalicja D\u0105browskiej Prawicy. <span style=\"color: #ff0000;\">LISTA NR 19.<\/span> Jest to, jak <span style=\"color: #000080;\">Szanowni Czytelnicy<\/span> wiedz\u0105 Komitet, kt\u00f3ry desygnowa\u0142 mnie na kandydata na Prezydenta Miasta w wyborach samorz\u0105dowych. Zreszt\u0105 uwa\u017cam, \u017ce m\u00f3j <a href=\"https:\/\/grzegorzjaszczura.pl\/?p=66608#more-66608\">autorski program<\/a> koreluje w szerokim zakresie z programem KWW D\u0105browa 2030 &#8211; Koalicja D\u0105browskiej Prawicy.<br \/>\n<\/strong><!--more--><\/p>\n<p style=\"text-align: justify;\"><span style=\"color: #000080;\"><strong>Kongres Nowej Prawicy<\/strong><strong> i <span style=\"color: #ff0000;\">Polska Jest Jedna <\/span><\/strong>powo\u0142a\u0142y wsp\u00f3lny <strong>Komitet Wyborczy Wyborc\u00f3w D\u0105browa 2030 \u2013 Koalicja D\u0105browskiej Prawicy.<\/strong><\/span><\/p>\n<p style=\"text-align: justify;\"><span style=\"color: #000080;\"><a href=\"http:\/\/grzegorzjaszczura.pl\/http:\/\/grzegorzjaszczura.pl\/wp-content\/uploads\/2024\/03\/koalicja-program.jpg\"><img loading=\"lazy\" decoding=\"async\" class=\"alignnone size-thumbnail wp-image-66696\" src=\"http:\/\/grzegorzjaszczura.pl\/http:\/\/grzegorzjaszczura.pl\/wp-content\/uploads\/2024\/03\/koalicja-program-150x150.jpg\" alt=\"\" width=\"150\" height=\"150\" \/><\/a>Prezentujemy program, kt\u00f3ry doprowadzi w ci\u0105gu 6-10 lat do rozwoju <strong>D\u0105browy G\u00f3rniczej<\/strong> z w\u0142asnych \u015brodk\u00f3w, bez dalszego zad\u0142u\u017cania Gminy, a wr\u0119cz ze sp\u0142at\u0105 gigantycznego ju\u017c d\u0142ugu si\u0119gaj\u0105cego ponad p\u00f3\u0142 miliarda z\u0142otych. Trzeba tylko \u015bmia\u0142o uruchomi\u0107 kapita\u0142 Gminy i zaprosi\u0107 do wsp\u00f3\u0142pracy na korzystnych warunkach kapita\u0142 prywatny.<\/span><\/p>\n<p style=\"text-align: justify;\"><span style=\"color: #ff0000;\"><strong>D\u0105browa G\u00f3rnicza<\/strong> <strong>stanie si\u0119 miastem nowoczesnym i przyjaznym dla mieszka\u0144c\u00f3w oraz przedsi\u0119biorc\u00f3w;<\/strong> przyci\u0105gnie do siebie nowe firmy i nowych obywateli zainteresowanych prac\u0105 i \u017cyciem w mie\u015bcie, kt\u00f3re b\u0119dzie sprzyja\u0107 realizacji ich potrzeb i ambicji, a w\u0142adze miasta b\u0119d\u0105 partnerem we wsp\u00f3lnym gospodarowaniu.<\/span><\/p>\n<p style=\"text-align: center;\"><span style=\"color: #000080;\"><strong>NASZ PROGRAM TO KONKRET, NIE OG\u00d3LNIKI!<\/strong><\/span><\/p>\n<p><strong><span style=\"color: #ff0000;\"><em><a href=\"http:\/\/grzegorzjaszczura.pl\/http:\/\/grzegorzjaszczura.pl\/wp-content\/uploads\/2024\/03\/atom_stop-e1707998709497.jpg\"><img loading=\"lazy\" decoding=\"async\" class=\"alignnone size-thumbnail wp-image-66794\" src=\"http:\/\/grzegorzjaszczura.pl\/http:\/\/grzegorzjaszczura.pl\/wp-content\/uploads\/2024\/03\/atom_stop-e1707998709497-150x150.jpg\" alt=\"\" width=\"150\" height=\"150\" \/><\/a>Absolutny sprzeciw wobec plan\u00f3w budowy w mie\u015bcie elektrowni atomowej!<\/em><\/span><\/strong><\/p>\n<p style=\"text-align: justify;\"><span style=\"color: #ff0000;\"><strong><em>NIKT O TYM NIE M\u00d3WI!<\/em><\/strong><\/span><\/p>\n<p style=\"text-align: justify;\"><span style=\"color: #ff0000;\"><em>A tymczasem Rz\u0105d Polski podj\u0105\u0142 ju\u017c decyzj\u0119 lokalizacyjn\u0105 elektrowni atomowej wskazuj\u0105c na <strong>D\u0105brow\u0119 G\u00f3rnicz\u0105<\/strong>, nie zwa\u017caj\u0105c na potencjalne zagro\u017cenia. Zamiast usytuowa\u0107 tego typu ryzykowne przedsi\u0119wzi\u0119cie (vide katastrofa promieniotw\u00f3rcza w Czarnobylu i Fukushimie) na terenach odleg\u0142ych od centr\u00f3w miast, to planuje je na obszarze g\u0119sto zaludnionym, na obrze\u017cach G\u00d3RNO\u015aL\u0104SKIEGO OKR\u0118GU PRZEMYS\u0141OWEGO, w \u015brodku 110-tysi\u0119cznego miasta, obok 190-tys. Sosnowca i 90-tys. Jaworzna, <strong><u>nara\u017caj\u0105c prawie p\u00f3\u0142 miliona ludzi na ewentualne bezpo\u015brednie konsekwencje awarii nuklearne<\/u>j!<\/strong><\/em><\/span><\/p>\n<p style=\"text-align: justify;\"><span style=\"color: #ff0000;\"><strong><em>Czysta energia &#8211; ale dla mieszka\u0144c\u00f3w \u015bmiertelne niebezpiecze\u0144stwo! <\/em><\/strong><em>Nale\u017cy tak\u017ce podkre\u015bli\u0107, \u017ce jest to obecnie najdro\u017csza technologia wytwarzania energii elektrycznej z paliwa, kt\u00f3rego w Polsce nie ma.<\/em><\/span><\/p>\n<p style=\"text-align: justify;\"><span style=\"color: #000080;\"><strong>&#8211; Zakaz dalszego zad\u0142u\u017cania Miasta<\/strong> (aktualnie ok. 260 mln z\u0142 plus d\u0142ug szpitala ponad 300 mln z\u0142)<\/span><\/p>\n<p style=\"text-align: justify;\"><span style=\"color: #000080;\"><strong>&#8211;<\/strong> Wieloletnie <strong>ulgi w podatku od nieruchomo\u015bci<\/strong> dla nowych inwestor\u00f3w firmowych i indywidualnych pod warunkiem inwestycji w ci\u0105gu 3 lat<\/span><\/p>\n<p style=\"text-align: justify;\"><span style=\"color: #000080;\"><strong>&#8211; Likwidacja MZBM<\/strong> i prywatyzacja mieszka\u0144 komunalnych dla obecnych najemc\u00f3w wg preferencyjnych stawek,<\/span><\/p>\n<p style=\"text-align: justify;\"><span style=\"color: #000080;\"><strong><a href=\"http:\/\/grzegorzjaszczura.pl\/http:\/\/grzegorzjaszczura.pl\/wp-content\/uploads\/2024\/03\/osadnictwo-e1708031622618.jpg\"><img loading=\"lazy\" decoding=\"async\" class=\"alignnone size-thumbnail wp-image-66798\" src=\"http:\/\/grzegorzjaszczura.pl\/http:\/\/grzegorzjaszczura.pl\/wp-content\/uploads\/2024\/03\/osadnictwo-e1708031622618-150x150.jpg\" alt=\"\" width=\"150\" height=\"150\" \/><\/a>&#8211;<\/strong> Wyprzeda\u017c jak najwi\u0119kszej ilo\u015bci grunt\u00f3w do zabudowy na cele mieszkalne i inwestycyjne &#8211; po preferencyjnych cenach<\/span><\/p>\n<p style=\"text-align: justify;\"><span style=\"color: #000080;\"><strong>&#8211;<\/strong> Mo\u017cliwie maksymalna <strong>obni\u017cka podatk\u00f3w i op\u0142at gminnych<\/strong>,<strong> zaprzestanie pobierania op\u0142at adiacenckich<\/strong><\/span><\/p>\n<p style=\"text-align: justify;\"><span style=\"color: #000080;\"><strong>&#8211;<\/strong> Zakaz nowych obci\u0105\u017ce\u0144 Mieszka\u0144c\u00f3w, na przyk\u0142ad p\u0142atnych stref parkowania<\/span><\/p>\n<p style=\"text-align: justify;\"><span style=\"color: #000080;\"><strong><a href=\"http:\/\/grzegorzjaszczura.pl\/http:\/\/grzegorzjaszczura.pl\/wp-content\/uploads\/2024\/03\/D-55-koniec-strefy-czystego-transportu.jpg\"><img loading=\"lazy\" decoding=\"async\" class=\"alignnone size-thumbnail wp-image-66797\" src=\"http:\/\/grzegorzjaszczura.pl\/http:\/\/grzegorzjaszczura.pl\/wp-content\/uploads\/2024\/03\/D-55-koniec-strefy-czystego-transportu-150x150.jpg\" alt=\"\" width=\"150\" height=\"150\" \/><\/a>&#8211;<\/strong> Absolutny <strong>sprzeciw wobec stref czystego transportu<\/strong><\/span><\/p>\n<p style=\"text-align: justify;\"><span style=\"color: #000080;\"><strong>&#8211;<\/strong> Zwi\u0119kszenie ilo\u015bci po\u0142\u0105cze\u0144 transportowych dzielnic peryferyjnych z centrum Miasta<\/span><\/p>\n<p style=\"text-align: justify;\"><span style=\"color: #000080;\"><strong>&#8211;<\/strong> Ograniczenie do zera udzia\u0142u Miasta w dzia\u0142alno\u015bci gospodarczej &#8211; <strong>sprzeda\u017c przedsi\u0119biorstw komunalnych i udzia\u0142\u00f3w<\/strong> w innych sp\u00f3\u0142kach<\/span><\/p>\n<p style=\"text-align: justify;\"><span style=\"color: #000080;\"><strong>&#8211;<\/strong> Realizacja zada\u0144 gminy w obszarze opieki socjalnej i edukacyjnej przez podmioty niepubliczne<\/span><\/p>\n<p style=\"text-align: justify;\"><strong><span style=\"color: #000080;\">&#8211; Likwidacja Stra\u017cy Miejskiej<\/span><\/strong><\/p>\n<p style=\"text-align: justify;\"><span style=\"color: #000080;\"><strong>&#8211;<\/strong> Ochrona i restauracja zabytk\u00f3w miejskich<\/span><\/p>\n<p style=\"text-align: justify;\"><span style=\"color: #000080;\"><strong>&#8211;<\/strong> Powi\u0119kszenie teren\u00f3w przeznaczonych na cmentarze wyznaniowe<\/span><\/p>\n<p style=\"text-align: justify;\"><a href=\"http:\/\/grzegorzjaszczura.pl\/http:\/\/grzegorzjaszczura.pl\/wp-content\/uploads\/2024\/03\/okreg-2.jpg\"><img loading=\"lazy\" decoding=\"async\" class=\"alignnone size-thumbnail wp-image-66788\" src=\"http:\/\/grzegorzjaszczura.pl\/http:\/\/grzegorzjaszczura.pl\/wp-content\/uploads\/2024\/03\/okreg-2-150x150.jpg\" alt=\"\" width=\"150\" height=\"150\" \/><\/a>Link do strony\u00a0<strong>Komitetu Wyborczego Wyborc\u00f3w D\u0105browa 2030 Koalicja D\u0105browskiej Prawicy:\u00a0<a href=\"https:\/\/dabrowa2030.pl\/\"><em>https:\/\/dabrowa2030.pl\/<\/em><\/a>.<\/strong><\/p>\n<p>Zobacz tak\u017ce:\u00a0<em><a href=\"https:\/\/jaszczuranaprezydenta.pl\/\"><strong>https:\/\/jaszczuranaprezydenta.pl\/<\/strong><\/a><\/em>.<\/p>\n<p style=\"text-align: justify;\"><a href=\"http:\/\/grzegorzjaszczura.pl\/http:\/\/grzegorzjaszczura.pl\/wp-content\/uploads\/2024\/03\/2-2.jpg\"><img loading=\"lazy\" decoding=\"async\" class=\"alignnone size-thumbnail wp-image-66590\" src=\"http:\/\/grzegorzjaszczura.pl\/http:\/\/grzegorzjaszczura.pl\/wp-content\/uploads\/2024\/03\/2-2-150x150.jpg\" alt=\"\" width=\"150\" height=\"150\" \/><\/a>Prosimy <strong>Mieszka\u0144c\u00f3w D\u0105browy G\u00f3rniczej<\/strong>, dla kt\u00f3rych nasze idee s\u0105 bliskie, o g\u0142os w wyborach samorz\u0105dowych w dniu 7 kwietnia tr. <span style=\"color: #ff0000;\"><strong>LISTA NR 19!<\/strong><\/span><\/p>\n<p style=\"text-align: justify;\"><span style=\"color: #999999;\">Materia\u0142 wyborczy KWW D\u0105browa 2030 &#8211; Koalicja D\u0105browskiej Prawicy.<\/span><\/p>\n","protected":false},"excerpt":{"rendered":"<p>Dzisiaj przedstawi\u0119 program Komitetu Wyborczego Wyborc\u00f3w D\u0105browa 2030 \u2013 Koalicja D\u0105browskiej Prawicy. LISTA NR 19. Jest to, jak Szanowni Czytelnicy wiedz\u0105 Komitet, kt\u00f3ry desygnowa\u0142 mnie na kandydata na Prezydenta Miasta w wyborach samorz\u0105dowych. Zreszt\u0105 uwa\u017cam, \u017ce m\u00f3j autorski program koreluje w szerokim zakresie z programem KWW D\u0105browa 2030 &#8211; Koalicja D\u0105browskiej Prawicy.<\/p>\n","protected":false},"author":2,"featured_media":0,"comment_status":"open","ping_status":"open","sticky":false,"template":"","format":"standard","meta":{"_monsterinsights_skip_tracking":false,"_monsterinsights_sitenote_active":false,"_monsterinsights_sitenote_note":"","_monsterinsights_sitenote_category":0,"footnotes":""},"categories":[3],"tags":[],"class_list":["post-66646","post","type-post","status-publish","format-standard","hentry","category-polityczne"],"_links":{"self":[{"href":"https:\/\/grzegorzjaszczura.pl\/index.php?rest_route=\/wp\/v2\/posts\/66646","targetHints":{"allow":["GET"]}}],"collection":[{"href":"https:\/\/grzegorzjaszczura.pl\/index.php?rest_route=\/wp\/v2\/posts"}],"about":[{"href":"https:\/\/grzegorzjaszczura.pl\/index.php?rest_route=\/wp\/v2\/types\/post"}],"author":[{"embeddable":true,"href":"https:\/\/grzegorzjaszczura.pl\/index.php?rest_route=\/wp\/v2\/users\/2"}],"replies":[{"embeddable":true,"href":"https:\/\/grzegorzjaszczura.pl\/index.php?rest_route=%2Fwp%2Fv2%2Fcomments&post=66646"}],"version-history":[{"count":26,"href":"https:\/\/grzegorzjaszczura.pl\/index.php?rest_route=\/wp\/v2\/posts\/66646\/revisions"}],"predecessor-version":[{"id":66818,"href":"https:\/\/grzegorzjaszczura.pl\/index.php?rest_route=\/wp\/v2\/posts\/66646\/revisions\/66818"}],"wp:attachment":[{"href":"https:\/\/grzegorzjaszczura.pl\/index.php?rest_route=%2Fwp%2Fv2%2Fmedia&parent=66646"}],"wp:term":[{"taxonomy":"category","embeddable":true,"href":"https:\/\/grzegorzjaszczura.pl\/index.php?rest_route=%2Fwp%2Fv2%2Fcategories&post=66646"},{"taxonomy":"post_tag","embeddable":true,"href":"https:\/\/grzegorzjaszczura.pl\/index.php?rest_route=%2Fwp%2Fv2%2Ftags&post=66646"}],"curies":[{"name":"wp","href":"https:\/\/api.w.org\/{rel}","templated":true}]}}