{"id":66790,"date":"2024-04-02T07:54:14","date_gmt":"2024-04-02T05:54:14","guid":{"rendered":"https:\/\/grzegorzjaszczura.pl\/?p=66790"},"modified":"2024-04-02T07:54:14","modified_gmt":"2024-04-02T05:54:14","slug":"kww-dabrowa-2030-kandydaci","status":"publish","type":"post","link":"https:\/\/grzegorzjaszczura.pl\/?p=66790","title":{"rendered":"KWW D\u0105browa 2030 &#8211; kandydaci"},"content":{"rendered":"<p style=\"text-align: justify;\"><a href=\"http:\/\/grzegorzjaszczura.pl\/http:\/\/grzegorzjaszczura.pl\/wp-content\/uploads\/2024\/03\/BANER-ALL-LOGO-2048x1181-1.jpg\"><img loading=\"lazy\" decoding=\"async\" class=\"alignnone size-thumbnail wp-image-66800\" src=\"http:\/\/grzegorzjaszczura.pl\/http:\/\/grzegorzjaszczura.pl\/wp-content\/uploads\/2024\/03\/BANER-ALL-LOGO-2048x1181-1-150x150.jpg\" alt=\"\" width=\"150\" height=\"150\" \/><\/a><strong>Komitet Wyborczy Wyborc\u00f3w D\u0105browa 2030 Koalicja D\u0105browskiej Prawicy<\/strong>, kt\u00f3rego program przedstawi\u0142em we wpisie na blogu jeszcze przed <strong>\u015awi\u0119tami Wielkiej Nocy<\/strong>, jak ju\u017c wspomina\u0142em <strong>desygnowa\u0142 mnie na kandydata na Prezydenta D\u0105browy G\u00f3rniczej<\/strong>. O tym pisa\u0142em we wpisie: <a href=\"https:\/\/grzegorzjaszczura.pl\/?p=66587#more-66587\"><em><strong>Kandydat na Prezydenta D\u0105browy G\u00f3rniczej<\/strong><\/em><\/a>.<\/p>\n<p style=\"text-align: justify;\"><strong>KWW<\/strong> <strong>D\u0105browa 2030 Koalicja D\u0105browskiej Prawicy <\/strong>wystawi\u0142 r\u00f3wnie\u017c <strong>kandydat\u00f3w na radnych Rady Miejskiej we wszystkich okr\u0119gach. <span style=\"color: #ff0000;\">LISTA NR 19.<\/span><br \/>\n<\/strong><!--more--><\/p>\n<p style=\"text-align: justify;\"><strong>Dzisiaj przedstawi\u0119 w\u0142a\u015bnie listy kandydat\u00f3w na radnych.<\/strong><\/p>\n<p><a href=\"http:\/\/grzegorzjaszczura.pl\/http:\/\/grzegorzjaszczura.pl\/wp-content\/uploads\/2024\/03\/okreg-1.jpg\"><img loading=\"lazy\" decoding=\"async\" class=\"alignnone size-thumbnail wp-image-66802\" src=\"http:\/\/grzegorzjaszczura.pl\/http:\/\/grzegorzjaszczura.pl\/wp-content\/uploads\/2024\/03\/okreg-1-150x150.jpg\" alt=\"\" width=\"150\" height=\"150\" \/><\/a><strong>Okr\u0119g 1<\/strong><\/p>\n<p style=\"text-align: justify;\">1. <strong>Tomasz Sk\u00f3ra<\/strong>, menad\u017cer, 62 lata<\/p>\n<p style=\"text-align: justify;\">2. <strong>Czes\u0142aw Bigaj<\/strong>, in\u017cynier, 70 lat<\/p>\n<p style=\"text-align: justify;\">3. <strong>Danuta \u0141u\u015b<\/strong>, pedagog, 60 lat<\/p>\n<p style=\"text-align: justify;\">4. <strong>Ma\u0142gorzata Ka\u0144toch<\/strong>, piel\u0119gniarka, 49 lat<\/p>\n<p style=\"text-align: justify;\">5. <strong>Mariusz B\u0142aszczyk<\/strong>, magazynier, 52 lata.<\/p>\n<p><strong><a href=\"http:\/\/grzegorzjaszczura.pl\/http:\/\/grzegorzjaszczura.pl\/wp-content\/uploads\/2024\/03\/okreg-2.jpg\"><img loading=\"lazy\" decoding=\"async\" class=\"alignnone size-thumbnail wp-image-66788\" src=\"http:\/\/grzegorzjaszczura.pl\/http:\/\/grzegorzjaszczura.pl\/wp-content\/uploads\/2024\/03\/okreg-2-150x150.jpg\" alt=\"\" width=\"150\" height=\"150\" \/><\/a>Okr\u0119g 2<\/strong><\/p>\n<p style=\"text-align: justify;\">1. <strong>Grzegorz Jaszczura<\/strong>, przedsi\u0119biorca, magister in\u017cynier budownictwa, 65 lat<\/p>\n<p style=\"text-align: justify;\">2. <strong>Dariusz Sk\u00f3ra<\/strong>, handlowiec, 60 lat<\/p>\n<p style=\"text-align: justify;\">3. <strong>Oliwia Pietraga<\/strong>, s\u0142uchacz studium medycznego, 19 lat<\/p>\n<p style=\"text-align: justify;\">4. <strong>Iwona Pucha\u0142a<\/strong>, piel\u0119gniarka, 51 lat<\/p>\n<p style=\"text-align: justify;\">5. <strong>Ma\u0142gorzata Forto\u0144ska<\/strong>, logistyk, 56 lat<\/p>\n<p style=\"text-align: justify;\">6. <strong>Jacek Gaj<\/strong>, pracownik budowlany, 42 lata.<\/p>\n<p><a href=\"http:\/\/grzegorzjaszczura.pl\/http:\/\/grzegorzjaszczura.pl\/wp-content\/uploads\/2024\/03\/okreg-3.jpg\"><img loading=\"lazy\" decoding=\"async\" class=\"alignnone size-thumbnail wp-image-66803\" src=\"http:\/\/grzegorzjaszczura.pl\/http:\/\/grzegorzjaszczura.pl\/wp-content\/uploads\/2024\/03\/okreg-3-150x150.jpg\" alt=\"\" width=\"150\" height=\"150\" \/><\/a><strong>Okr\u0119g 3<\/strong><\/p>\n<p style=\"text-align: justify;\">1. <strong>Jan Pietrag<\/strong>a, ekonomista, 52 lata<\/p>\n<p style=\"text-align: justify;\">2. <strong>W\u0142odzimierz Dobrek<\/strong>, przedsi\u0119biorca, 60 lat<\/p>\n<p style=\"text-align: justify;\">3. <strong>Agnieszka Suma<\/strong>, menad\u017cer, 49 lat<\/p>\n<p style=\"text-align: justify;\">4. <strong>Jolanta Majchrowska<\/strong>, pedagog, 60 lat<\/p>\n<p style=\"text-align: justify;\">5. <strong>Ewa Toborek<\/strong>, ksi\u0119gowa, 43 lata<\/p>\n<p style=\"text-align: justify;\">6. <strong>Izabela Ka\u0144toc<\/strong>h, ksi\u0119gowa, 25 lat<\/p>\n<p style=\"text-align: justify;\">7. <strong>Pawe\u0142 Gacek<\/strong>, elektromonter, 35 lat.<\/p>\n<p><a href=\"http:\/\/grzegorzjaszczura.pl\/http:\/\/grzegorzjaszczura.pl\/wp-content\/uploads\/2024\/03\/okreg-4.jpg\"><img loading=\"lazy\" decoding=\"async\" class=\"alignnone size-thumbnail wp-image-66804\" src=\"http:\/\/grzegorzjaszczura.pl\/http:\/\/grzegorzjaszczura.pl\/wp-content\/uploads\/2024\/03\/okreg-4-150x150.jpg\" alt=\"\" width=\"150\" height=\"150\" \/><\/a><strong>Okr\u0119g 4<\/strong><\/p>\n<p style=\"text-align: justify;\">1. dr <strong>Tomasz Forto\u0144ski<\/strong>, nauczyciel historii, 33 lata<\/p>\n<p style=\"text-align: justify;\">2. <strong>Pawe\u0142 Knapczyk<\/strong>, mgr informatyki, elektronik samochodowy, 45 lat<\/p>\n<p style=\"text-align: justify;\">3. <strong>Piotr Ka\u0144toch<\/strong>, mechanik samochodowy, 55 lat<\/p>\n<p style=\"text-align: justify;\">4. <strong>Bernarda Michalik<\/strong>, energomechanik, 53 lata<\/p>\n<p style=\"text-align: justify;\">5. <strong>Aneta Nowak<\/strong>, piel\u0119gniarka, 52 lata<\/p>\n<p style=\"text-align: justify;\">6. <strong>Marianna Sk\u00f3ra<\/strong>, emerytka, 85 lat<\/p>\n<p style=\"text-align: justify;\">7. <strong>Ewa Jaszczura<\/strong>, ekonomista, 60 lat.<\/p>\n<p style=\"text-align: justify;\"><a href=\"http:\/\/grzegorzjaszczura.pl\/http:\/\/grzegorzjaszczura.pl\/wp-content\/uploads\/2024\/04\/koalicja-przod.jpg\"><img loading=\"lazy\" decoding=\"async\" class=\"alignnone size-thumbnail wp-image-66823\" src=\"http:\/\/grzegorzjaszczura.pl\/http:\/\/grzegorzjaszczura.pl\/wp-content\/uploads\/2024\/04\/koalicja-przod-150x150.jpg\" alt=\"\" width=\"150\" height=\"150\" \/><\/a>Link do strony\u00a0<strong>Komitetu Wyborczego Wyborc\u00f3w D\u0105browa 2030 Koalicja D\u0105browskiej Prawicy:\u00a0<a href=\"https:\/\/dabrowa2030.pl\/\"><em>https:\/\/dabrowa2030.pl\/<\/em><\/a>. Przypominam <span style=\"color: #ff0000;\">LISTA NR 19<\/span>.<br \/>\n<\/strong><\/p>\n<p><strong><a href=\"http:\/\/grzegorzjaszczura.pl\/http:\/\/grzegorzjaszczura.pl\/wp-content\/uploads\/2024\/04\/Jaszczura-przod.jpg\"><img loading=\"lazy\" decoding=\"async\" class=\"alignnone size-thumbnail wp-image-66825\" src=\"http:\/\/grzegorzjaszczura.pl\/http:\/\/grzegorzjaszczura.pl\/wp-content\/uploads\/2024\/04\/Jaszczura-przod-150x150.jpg\" alt=\"\" width=\"150\" height=\"150\" \/><\/a><a href=\"http:\/\/grzegorzjaszczura.pl\/http:\/\/grzegorzjaszczura.pl\/wp-content\/uploads\/2024\/04\/Jaszczura-tyl.jpg\"><img loading=\"lazy\" decoding=\"async\" class=\"alignnone size-thumbnail wp-image-66826\" src=\"http:\/\/grzegorzjaszczura.pl\/http:\/\/grzegorzjaszczura.pl\/wp-content\/uploads\/2024\/04\/Jaszczura-tyl-150x150.jpg\" alt=\"\" width=\"150\" height=\"150\" \/><\/a>Zobacz tak\u017ce:<\/strong><\/p>\n<p><a href=\"https:\/\/jaszczuranaprezydenta.pl\/\"><strong><em>jaszczuranaprezydenta.pl<\/em><\/strong><\/a>.<\/p>\n<p style=\"text-align: justify;\"><span style=\"color: #808080;\">Materia\u0142 wyborczy KWW D\u0105browa 2030 \u2013 Koalicja D\u0105browskiej Prawicy.<\/span><\/p>\n","protected":false},"excerpt":{"rendered":"<p>Komitet Wyborczy Wyborc\u00f3w D\u0105browa 2030 Koalicja D\u0105browskiej Prawicy, kt\u00f3rego program przedstawi\u0142em we wpisie na blogu jeszcze przed \u015awi\u0119tami Wielkiej Nocy, jak ju\u017c wspomina\u0142em desygnowa\u0142 mnie na kandydata na Prezydenta D\u0105browy G\u00f3rniczej. O tym pisa\u0142em we wpisie: Kandydat na Prezydenta D\u0105browy G\u00f3rniczej. KWW D\u0105browa 2030 Koalicja D\u0105browskiej Prawicy wystawi\u0142 r\u00f3wnie\u017c kandydat\u00f3w na radnych Rady Miejskiej we [&hellip;]<\/p>\n","protected":false},"author":2,"featured_media":0,"comment_status":"open","ping_status":"open","sticky":false,"template":"","format":"standard","meta":{"_monsterinsights_skip_tracking":false,"_monsterinsights_sitenote_active":false,"_monsterinsights_sitenote_note":"","_monsterinsights_sitenote_category":0,"footnotes":""},"categories":[3],"tags":[],"class_list":["post-66790","post","type-post","status-publish","format-standard","hentry","category-polityczne"],"_links":{"self":[{"href":"https:\/\/grzegorzjaszczura.pl\/index.php?rest_route=\/wp\/v2\/posts\/66790","targetHints":{"allow":["GET"]}}],"collection":[{"href":"https:\/\/grzegorzjaszczura.pl\/index.php?rest_route=\/wp\/v2\/posts"}],"about":[{"href":"https:\/\/grzegorzjaszczura.pl\/index.php?rest_route=\/wp\/v2\/types\/post"}],"author":[{"embeddable":true,"href":"https:\/\/grzegorzjaszczura.pl\/index.php?rest_route=\/wp\/v2\/users\/2"}],"replies":[{"embeddable":true,"href":"https:\/\/grzegorzjaszczura.pl\/index.php?rest_route=%2Fwp%2Fv2%2Fcomments&post=66790"}],"version-history":[{"count":15,"href":"https:\/\/grzegorzjaszczura.pl\/index.php?rest_route=\/wp\/v2\/posts\/66790\/revisions"}],"predecessor-version":[{"id":66827,"href":"https:\/\/grzegorzjaszczura.pl\/index.php?rest_route=\/wp\/v2\/posts\/66790\/revisions\/66827"}],"wp:attachment":[{"href":"https:\/\/grzegorzjaszczura.pl\/index.php?rest_route=%2Fwp%2Fv2%2Fmedia&parent=66790"}],"wp:term":[{"taxonomy":"category","embeddable":true,"href":"https:\/\/grzegorzjaszczura.pl\/index.php?rest_route=%2Fwp%2Fv2%2Fcategories&post=66790"},{"taxonomy":"post_tag","embeddable":true,"href":"https:\/\/grzegorzjaszczura.pl\/index.php?rest_route=%2Fwp%2Fv2%2Ftags&post=66790"}],"curies":[{"name":"wp","href":"https:\/\/api.w.org\/{rel}","templated":true}]}}