{"id":67245,"date":"2024-05-22T06:33:51","date_gmt":"2024-05-22T04:33:51","guid":{"rendered":"https:\/\/grzegorzjaszczura.pl\/?p=67245"},"modified":"2024-05-22T08:08:19","modified_gmt":"2024-05-22T06:08:19","slug":"kw-polexit-lista-nr-4","status":"publish","type":"post","link":"https:\/\/grzegorzjaszczura.pl\/?p=67245","title":{"rendered":"KW POLEXIT &#8211; LISTA NR 4"},"content":{"rendered":"<p style=\"text-align: justify;\"><a href=\"http:\/\/grzegorzjaszczura.pl\/http:\/\/grzegorzjaszczura.pl\/wp-content\/uploads\/2024\/05\/9879724188932112665.jpg\"><img loading=\"lazy\" decoding=\"async\" class=\"alignnone size-thumbnail wp-image-67340\" src=\"http:\/\/grzegorzjaszczura.pl\/http:\/\/grzegorzjaszczura.pl\/wp-content\/uploads\/2024\/05\/9879724188932112665-150x150.jpg\" alt=\"\" width=\"150\" height=\"150\" \/><\/a>Zbli\u017caj\u0105 si\u0119 kolejne wybory, tym razem do tzw.<span style=\"color: #ff0000;\"> Unii Europejskiej<\/span>, a konkretnie do <span style=\"color: #ff0000;\">Parlamentu Europejskiego<\/span>. &#8222;Klika&#8221; rz\u0105dz\u0105ca \u015bwiatem musi przecie\u017c udowodni\u0107, \u017ce demokratycznie rz\u0105dzimy si\u0119 tak, \u017ceby by\u0142oby wszystkim lepiej. Z tym, \u017ce uwa\u017cam, \u017ce raczej wychodzi to wi\u0119kszo\u015bci na gorsze, poza w\u0142a\u015bnie tymi rz\u0105dz\u0105cymi. Wydaje si\u0119 to absurdalne, ale tak jest! Przynajmniej ja tak uwa\u017cam. Chcia\u0142bym przedstawi\u0107 dzisiaj kierunek i cel dzia\u0142a\u0144 Komitetu Wyborczego, kt\u00f3ry popieram. Jest to <strong>Komitet Wyborczy Polexit<\/strong>. Komitet ten zosta\u0142 zarejestrowany w ca\u0142ym<!--more--> naszym kraju. Co nale\u017cy podkre\u015bli\u0107, jako jedyna partia obok tych finansowanych z publicznych pieni\u0119dzy. Podobno tzw. media, kt\u00f3re pluj\u0105 wzajemnie na siebie i oskar\u017caj\u0105 o k\u0142amstwa, nie zauwa\u017caj\u0105 jednego, \u017ce istnieje komitet zarejestrowany w ca\u0142ym kraju o nazwie <strong>POLEXIT<\/strong>. Dziwne rozumienie demokracji!, ale takie one w\u0142a\u015bnie zak\u0142amane i s\u0142u\u017calcze s\u0105.<\/p>\n<p style=\"text-align: justify;\">Trzeba te\u017c napisa\u0107, \u017ce <strong>POLEXIT<\/strong> to ruch \u0142\u0105cz\u0105cy wielu bezpartyjnych, kt\u00f3rzy przestali wierzy\u0107, \u017ce lewicow\u0105, <strong><span style=\"color: #ff0000;\">neomarksistowsk\u0105<\/span> <span style=\"color: #ff0000;\">Uni\u0119 E.<\/span><\/strong> da si\u0119 zmieni\u0107. <strong>Tylko Polska suwerenna, w kt\u00f3rej sami zdecydujemy jak chcemy \u017cy\u0107 i pracowa\u0107 pozwoli na dalszy rozw\u00f3j i dobrobyt!<\/strong><\/p>\n<div dir=\"auto\" style=\"text-align: justify;\"><strong>Odrzu\u0107my dyktat Niemiec i Francji.<\/strong><\/div>\n<div dir=\"auto\" style=\"text-align: justify;\"><strong>Odzyskajmy niepodleg\u0142o\u015b\u0107!<\/strong><\/div>\n<div dir=\"auto\" style=\"text-align: justify;\"><span style=\"color: #008000;\">Celem jest Unia Europejska taka, jak\u0105 zaplanowali Ojcowie Za\u0142o\u017cyciele (strefa wolnego handlu oraz przep\u0142ywu ludzi, a nie panowanie nad pa\u0144stwami i w\u0142adza biurokracji). Je\u015bli obecna Unia si\u0119 nie zmieni, to wraz z innymi europejskimi pa\u0144stwami stw\u00f3rzmy now\u0105. <strong>Na silnej Polsce w Europie zale\u017cy tylko nam samym &#8211; Polakom.<\/strong> <strong>Dlatego Niemcy czy Francja narzucaj\u0105 nam dzisiaj takie prawa, kt\u00f3re spowalniaj\u0105 rozw\u00f3j Polski<\/strong> (np. op\u0142aty od emisji CO2, powoduj\u0105ce wzrost cen pr\u0105du w kraju). Robi\u0105 to z obawy o wzrost pot\u0119gi Polski na arenie mi\u0119dzynarodowej, kt\u00f3ry zagrozi ich interesom. Jeste\u015bmy du\u017cym pa\u0144stwem w sercu Europy, ze wspania\u0142\u0105 histori\u0105, kultur\u0105 i tradycj\u0105 walk o niepodleg\u0142o\u015b\u0107.<\/span><\/div>\n<div class=\"card-body text-center\">\n<p style=\"text-align: justify;\"><span style=\"color: #008000;\"><strong><a href=\"http:\/\/grzegorzjaszczura.pl\/http:\/\/grzegorzjaszczura.pl\/wp-content\/uploads\/2024\/05\/baner-1-rotated.jpg\"><img loading=\"lazy\" decoding=\"async\" class=\"alignnone size-thumbnail wp-image-67469\" src=\"http:\/\/grzegorzjaszczura.pl\/http:\/\/grzegorzjaszczura.pl\/wp-content\/uploads\/2024\/05\/baner-1-150x150.jpg\" alt=\"\" width=\"150\" height=\"150\" \/><\/a>POLEXIT<\/strong> zwraca si\u0119 z przes\u0142aniem do os\u00f3b, kt\u00f3rym le\u017cy na sercu dobro Rzeczpospolitej, kt\u00f3re wybra\u0142y Polsk\u0119 jako swoj\u0105 Ojczyzn\u0119 i spogl\u0105daj\u0105 dalej ni\u017c inni Polacy, zaczadzeni telewizyjn\u0105 ultralewack\u0105 propagand\u0105. Je\u015bli i Ty widzisz b\u0142\u0119dn\u0105 drog\u0119, po kt\u00f3rej od wielu lat st\u0105pa Polska i <span style=\"color: #ff0000;\">Unia Europejska<\/span>, do\u0142\u0105cz do PolEXITu i poprzyj go w wyborach. <strong>Polska zas\u0142uguje na wi\u0119cej wolno\u015bci i odpowiedzialno\u015bci.<\/strong><\/span><\/p>\n<p><strong>Obud\u017amy Polsk\u0119, obud\u017amy Europ\u0119 &#8211; zanim b\u0119dzie za p\u00f3\u017ano!!!<\/strong><\/p>\n<\/div>\n<p style=\"text-align: justify;\"><span style=\"color: #000080;\"><a href=\"http:\/\/grzegorzjaszczura.pl\/http:\/\/grzegorzjaszczura.pl\/wp-content\/uploads\/2024\/05\/Screenshot-2024-05-14-at-07-20-04-KOMITET-WYBORCZY-POLEXIT-w-wyborach-do-Parlamentu-Europejskiego-w-2024-r.png\"><img loading=\"lazy\" decoding=\"async\" class=\"alignnone size-thumbnail wp-image-67419\" src=\"http:\/\/grzegorzjaszczura.pl\/http:\/\/grzegorzjaszczura.pl\/wp-content\/uploads\/2024\/05\/Screenshot-2024-05-14-at-07-20-04-KOMITET-WYBORCZY-POLEXIT-w-wyborach-do-Parlamentu-Europejskiego-w-2024-r-150x150.png\" alt=\"\" width=\"150\" height=\"150\" \/><\/a>W okr\u0119gu wyborczym nr <strong>11<\/strong>, obejmuj\u0105cym nasze wojew\u00f3dztwo (mam na my\u015bli wojew\u00f3dztwo w Polsce) lista kandydat\u00f3w przedstawia si\u0119 nast\u0119puj\u0105co:<\/span><\/p>\n<p><span style=\"color: #000080;\"><strong>1. Tomasz Sk\u00f3ra<\/strong><\/span><\/p>\n<p><span style=\"color: #000080;\">2. Edmund Szwed<\/span><\/p>\n<p><span style=\"color: #000080;\">3. Tomasz Forto\u0144ski<\/span><\/p>\n<p><span style=\"color: #000080;\"><strong>4. Grzegorz Jaszczura<\/strong><\/span><\/p>\n<p><span style=\"color: #000080;\">5. Ma\u0142gorzata \u0141ubina<\/span><\/p>\n<p><span style=\"color: #000080;\">6. Dariusz Kmiotek<\/span><\/p>\n<p><span style=\"color: #000080;\">7. Ma\u0142gorzata Wo\u017aniak<\/span><\/p>\n<p><span style=\"color: #000080;\">8. Witold Zabiega\u0142a<\/span><\/p>\n<p><span style=\"color: #000080;\">9. Emilia Musialik<\/span><\/p>\n<p><span style=\"color: #000080;\">10. Iwona W\u0142odarczyk-Korzeniec.<\/span><\/p>\n<p style=\"text-align: justify;\"><span style=\"color: #0000ff;\"><strong>Ps<\/strong> <\/span>Zobacz tak\u017ce: <a href=\"https:\/\/grzegorzjaszczura.pl\/?p=66924#more-66924\"><em><strong>Dwadzie\u015bcia lat w unii<\/strong><\/em><\/a>.<\/p>\n<p><span style=\"color: #999999;\">Materia\u0142 wyborczy KW POLEXIT.<\/span><\/p>\n","protected":false},"excerpt":{"rendered":"<p>Zbli\u017caj\u0105 si\u0119 kolejne wybory, tym razem do tzw. Unii Europejskiej, a konkretnie do Parlamentu Europejskiego. &#8222;Klika&#8221; rz\u0105dz\u0105ca \u015bwiatem musi przecie\u017c udowodni\u0107, \u017ce demokratycznie rz\u0105dzimy si\u0119 tak, \u017ceby by\u0142oby wszystkim lepiej. Z tym, \u017ce uwa\u017cam, \u017ce raczej wychodzi to wi\u0119kszo\u015bci na gorsze, poza w\u0142a\u015bnie tymi rz\u0105dz\u0105cymi. Wydaje si\u0119 to absurdalne, ale tak jest! Przynajmniej ja tak [&hellip;]<\/p>\n","protected":false},"author":2,"featured_media":0,"comment_status":"open","ping_status":"open","sticky":false,"template":"","format":"standard","meta":{"_monsterinsights_skip_tracking":false,"_monsterinsights_sitenote_active":false,"_monsterinsights_sitenote_note":"","_monsterinsights_sitenote_category":0,"footnotes":""},"categories":[3],"tags":[],"class_list":["post-67245","post","type-post","status-publish","format-standard","hentry","category-polityczne"],"_links":{"self":[{"href":"https:\/\/grzegorzjaszczura.pl\/index.php?rest_route=\/wp\/v2\/posts\/67245","targetHints":{"allow":["GET"]}}],"collection":[{"href":"https:\/\/grzegorzjaszczura.pl\/index.php?rest_route=\/wp\/v2\/posts"}],"about":[{"href":"https:\/\/grzegorzjaszczura.pl\/index.php?rest_route=\/wp\/v2\/types\/post"}],"author":[{"embeddable":true,"href":"https:\/\/grzegorzjaszczura.pl\/index.php?rest_route=\/wp\/v2\/users\/2"}],"replies":[{"embeddable":true,"href":"https:\/\/grzegorzjaszczura.pl\/index.php?rest_route=%2Fwp%2Fv2%2Fcomments&post=67245"}],"version-history":[{"count":49,"href":"https:\/\/grzegorzjaszczura.pl\/index.php?rest_route=\/wp\/v2\/posts\/67245\/revisions"}],"predecessor-version":[{"id":67481,"href":"https:\/\/grzegorzjaszczura.pl\/index.php?rest_route=\/wp\/v2\/posts\/67245\/revisions\/67481"}],"wp:attachment":[{"href":"https:\/\/grzegorzjaszczura.pl\/index.php?rest_route=%2Fwp%2Fv2%2Fmedia&parent=67245"}],"wp:term":[{"taxonomy":"category","embeddable":true,"href":"https:\/\/grzegorzjaszczura.pl\/index.php?rest_route=%2Fwp%2Fv2%2Fcategories&post=67245"},{"taxonomy":"post_tag","embeddable":true,"href":"https:\/\/grzegorzjaszczura.pl\/index.php?rest_route=%2Fwp%2Fv2%2Ftags&post=67245"}],"curies":[{"name":"wp","href":"https:\/\/api.w.org\/{rel}","templated":true}]}}