{"id":6728,"date":"2010-10-31T18:39:35","date_gmt":"2010-10-31T16:39:35","guid":{"rendered":"http:\/\/grzegorzjaszczura.pl\/?p=6728"},"modified":"2010-10-31T18:39:35","modified_gmt":"2010-10-31T16:39:35","slug":"dlaczego-zb-podraza-unika-debaty","status":"publish","type":"post","link":"https:\/\/grzegorzjaszczura.pl\/?p=6728","title":{"rendered":"Dlaczego Zb. Podraza unika debaty?"},"content":{"rendered":"<p style=\"text-align: justify;\">Zacz\u0119\u0142y do mnie dociera\u0107 informacje, \u017ce kandydat na prezydenta w przysz\u0142ej kadencji samorz\u0105du Zb. Podraza (<span style=\"color: #ff0000;\">SLD<\/span>) unika debaty z kontrkandydatami, w szczeg\u00f3lno\u015bci z kandydatem <span style=\"color: #ff6600;\">PO <\/span>K. Stachowiczem. Ma\u0142o takich informacji w mediach opanowanych przez <span style=\"color: #ff0000;\">Lewic\u0119<\/span>. Szcz\u0119\u015bliwie jednak\u017ce nie da\u0142em si\u0119<!--more--> opanowa\u0107 <span style=\"color: #ff0000;\">Lewicy<span style=\"color: #000000;\">, tak\u017ce<\/span> <\/span>przez ostatnie 4 lata kadencji samorz\u0105du i b\u0119dziecie mogli <strong><span style=\"color: #0000ff;\">Drodzy Czytelnicy<\/span><\/strong> przeczyta\u0107 te informacje i wyrobi\u0107 swoje zdanie w temacie.<\/p>\n<p style=\"text-align: justify;\"><strong>Przyk\u0142adowo na niezale\u017cnym od <span style=\"color: #ff0000;\">lewicy<\/span> portalu dg.pl mo\u017cesz przeczyta\u0107:<\/strong><\/p>\n<p style=\"text-align: justify;\">&#8222;Zbigniew Podraza otrzyma\u0142 zaproszenie do  prezydenckiej debaty organizowanej przez Komitet Wyborczy <span style=\"color: #ff6600;\">Platformy  Obywatelskiej<\/span>.\u00a0 Do debaty mia\u0142oby doj\u015b\u0107 9 listopada w Audytorium Maximum  w Wy\u017cszej Szkole Biznesu. udzia\u0142 w niej mieli wzi\u0105\u0107 tylko dwaj  kandydaci: Zbigniew Podraza (<span style=\"color: #ff0000;\">SLD<\/span>) i Krzysztof Stachowicz (<span style=\"color: #ff6600;\">PO<\/span>) &#8211; <strong>&#8222;dwaj kandydaci z najwi\u0119kszym poparciem spo\u0142ecznym&#8221; <\/strong>&#8211; jak\u00a0 napisano w zaproszeniu. I w\u0142a\u015bnie ten fragment sta\u0142 si\u0119 g\u0142\u00f3wnym powodem dla kt\u00f3rego prezydent zaproszenia nie przyj\u0105\u0142.<strong> <\/strong><\/p>\n<p style=\"text-align: justify;\"><strong>&#8222;Nie przedstawi\u0142 Pan jakichkolwiek miarodajnych bada\u0144 dotycz\u0105cych  preferencji wyborczych mieszka\u0144c\u00f3w D\u0105browy G\u00f3rniczej, a w\u00a0 swojej  dotychczasowej dzia\u0142alno\u015bci w \u017caden spos\u00f3b nie wykaza\u0142 si\u0119 inicjatywami  ani dzia\u0142aniami, kt\u00f3re przemawia\u0142yby za\u00a0\u00a0 stwierdzeniem, \u017ce, jak si\u0119 Pan  wyrazi\u0142, jest Pan jednym z \u201edw\u00f3ch kandydat\u00f3w z najwi\u0119kszym poparciem  spo\u0142ecznym\u201d. Osobi\u015bcie\u00a0 uwa\u017cam, \u017ce do czasu rozstrzygni\u0119cia wyborczego,  kt\u00f3re nast\u0105pi 21 listopada 2010 roku, ka\u017cdy z kandydat\u00f3w na urz\u0105d  Prezydenta\u00a0 D\u0105browy G\u00f3rniczej ma takie same prawa do prezentowania  w\u0142asnych opinii i plan\u00f3w dotycz\u0105cych przysz\u0142o\u015bci naszego miasta&#8221; &#8211;\u00a0  ripostuje <\/strong>Podraza. &#8222;Drugim powodem, dla  kt\u00f3rego nie przyjm\u0119 pa\u0144skiego zaproszenia jest brak zrozumienia przez  Pana, czym w istocie jest uczciwa\u00a0 i rzetelna debata. Bo nie do\u015b\u0107, \u017ce  zaprasza mnie Pan, uzurpuj\u0105c sobie miano kandydata obdarzonego  najwi\u0119kszym poparciem\u00a0\u00a0 spo\u0142ecznym, to jeszcze zaprasza mnie Pan na  debat\u0119 organizowan\u0105 i prowadzon\u0105 przez Komitet Wyborczy <span style=\"color: #ff6600;\">Platformy  Obywatelskiej <\/span>w\u00a0 D\u0105browie G\u00f3rniczej, nie pr\u00f3buj\u0105c nawet \u2013 wzorem  wszystkich bez ma\u0142a tekst\u00f3w w wydawnictwie \u201eCa\u0142a Prawda o D\u0105browie\u201d \u2013\u00a0  zachowa\u0107 pozor\u00f3w obiektywizmu&#8221; &#8211; pisze w odpowiedzi Podraza, apeluj\u0105c do  Stachowicza &#8222;o wi\u0119cej skromno\u015bci i zaniechanie\u00a0 dzia\u0142a\u0144, kt\u00f3re nie maj\u0105  nic wsp\u00f3lnego z rzetelnym politycznym sporem&#8221;.<\/p>\n<h3 style=\"text-align: justify;\"><strong> <\/strong><\/p>\n<p>O komentarz poprosili\u015bmy <strong>Krzysztofa Stachowicza<\/strong>.  &#8222;Dwa tygodnie temu jako Przewodnicz\u0105cy <span style=\"color: #ff6600;\">Platformy Obywatelskiej <\/span>w  D\u0105browie G\u00f3rniczej skierowa\u0142em pismo do Przewodnicz\u0105cego\u00a0 <span style=\"color: #ff0000;\">Sojuszu Lewicy  Demokratycznej <\/span>Zbigniewa Podrazy, w kt\u00f3rym zaprosi\u0142em Go do debaty  dotycz\u0105cej przysz\u0142o\u015bci naszego miasta.\u00a0 Uwa\u017cam \u017ce obecny prezydent  reprezentuj\u0105cy\u00a0 <span style=\"color: #ff0000;\">SLD<\/span>,\u00a0 a tak\u017ce\u00a0 szef <span style=\"color: #ff6600;\">PO <\/span>w D\u0105browie G\u00f3rniczej, to w ko\u0144cu  ugrupowania, kt\u00f3re\u00a0 posiadaj\u0105 najwi\u0119ksze notowania w naszym mie\u015bcie  (odsy\u0142am do wynik\u00f3w Platformy, ponad 45% odnotowanych przez PKW w  ostatnich\u00a0 miesi\u0105cach) powinni si\u0119 publicznie spotka\u0107 i zaprezentowa\u0107  swoje stanowiska. Uwa\u017cam, \u017ce Wy\u017csza Szko\u0142a Biznesu w D\u0105browie\u00a0 G\u00f3rniczej  to odpowiednie i niezale\u017cne miejsce, a czas 9 listopad pozwala obu  sztabom ustali\u0107 obszary debaty, charakter i\u00a0 wszystkie niezb\u0119dne  elementy tak, oby debata by\u0142a obiektywna.\u00a0 Zwracam uwag\u0119, \u017ce nie  postawili\u015bmy \u017cadnych warunk\u00f3w dotycz\u0105cych jej przebiegu\u00a0 i oddali\u015bmy si\u0119  do dyspozycji. Po pierwsze &#8211; by nie przestraszy\u0107 kandydata <span style=\"color: #ff0000;\">SLD <\/span>pana  Podraz\u0119, a\u00a0 po drugie jeste\u015bmy przekonani, \u017ce debata jest potrzebna dla  dobra mieszka\u0144c\u00f3w i transparentno\u015bci zjawisk, kt\u00f3re s\u0105 wok\u00f3\u0142 Urz\u0119du  Miejskiego i dotycz\u0105 nas wszystkich&#8221; &#8211; powiedzia\u0142 nam Stachowicz.<\/p>\n<p>Kandydat <span style=\"color: #ff6600;\">PO<\/span> na prezydenta miasta doda\u0142, \u017ce wci\u0105\u017c ma nadziej\u0119, \u017ce  prezydent zmieni zdanie:\u00a0 &#8222;Dzisiaj od Pa\u0144stwa redakcji tj.\u00a0 portalu\u00a0  DG.PL dowiedzia\u0142em si\u0119, \u017ce <span style=\"color: #ff0000;\">Sojusz Lewicy Demokratycznej <\/span>oraz jej  przedstawiciel Zbigniew Podraza waha si\u0119 przyj\u0105\u0107\u00a0 zaproszenie od  <span style=\"color: #ff6600;\">Platformy Obywatelskiej<\/span>. Zatem przekazuje do publicznej wiadomo\u015bci  informacj\u0119 o\u00a0 zaproszeniu pana Podrazy do debaty. Pozostaje w skromnej  nadziei, \u017ce publiczne zaproszenie nie zostanie po raz drugi odrzucone. W  temacie wszystkich\u00a0 innych debat pozostaje otwarty&#8221;.<\/p>\n<p style=\"text-align: justify;\">Zapytali\u015bmy Stachowicza r\u00f3wnie\u017c o to, czy we\u017amie udzia\u0142 <strong>w debacie, kt\u00f3ra ma si\u0119 odby\u0107 4 listopada<\/strong>,  a kt\u00f3r\u0105\u00a0 organizuje <span style=\"color: #ff0000;\">Stowarzyszenie Civitas<\/span> w ramach og\u00f3lnopolskiej  akcji \u201eMasz g\u0142os, masz wyb\u00f3r\u201d prowadzonej przez Fundacj\u0119 Batorego.\u00a0\u00a0  Sw\u00f3j udzia\u0142 w tej debacie potwierdzi\u0142 Zbigniew Podraza. Kandydat <span style=\"color: #ff6600;\">PO<\/span> na  prezydencki urz\u0105d w naszym mie\u015bcie przekaza\u0142 nam, \u017ce r\u00f3wnie\u017c b\u0119dzie w  niej uczestniczy\u0142: &#8222;Zamierzam wzi\u0105\u0107 w niej udzia\u0142.\u00a0 Nie wyobra\u017cam  sobie, \u017ceby unika\u0107 jakichkolwiek debat o przysz\u0142o\u015bci miasta&#8221;.<\/p>\n<p style=\"text-align: justify;\"><strong><span style=\"color: #0000ff;\"><em>A propos<\/em> ostatni sonda\u017c na jaki natrafi\u0142em na onecie wskazuje jak w Polsce popiera si\u0119<\/span> <span style=\"color: #ff0000;\">SLD<\/span><span style=\"color: #0000ff;\">, czyli <span style=\"color: #ff0000;\">lewicowe<\/span> ugrupowanie Kandydata Zb. Podrazy:<\/span><\/strong><\/p>\n<p><span style=\"color: #800080;\"><em>&#8222;P<\/em><em>oparcie dla <span style=\"color: #ff6600;\">PO<\/span> w ci\u0105gu ostatnich dw\u00f3ch tygodni wzros\u0142o o 3 punkty  proc. i wynosi 50     proc. PiS r\u00f3wnie\u017c zyskuje. Na parti\u0119 Jaros\u0142awa  Kaczy\u0144skiego zamierza     g\u0142osowa\u0107 35 proc. badanych, o 3 pkt proc. wi\u0119cej  ni\u017c w ostatnim     sonda\u017cu.<\/em><\/span><span style=\"color: #800080;\"><em>Najwi\u0119cej straci\u0142 <span style=\"color: #ff0000;\">SLD<\/span>. Na <span style=\"color: #ff0000;\">lewic\u0119<\/span> zamierza g\u0142osowa\u0107 zaledwie <span style=\"color: #ff0000;\">8 proc.  badanych<\/span>, czyli o 3 pkt proc. mniej ni\u017c w poprzednim badaniu.&#8221;<\/em><\/span><\/p>\n<p><span style=\"color: #800080;\"><span style=\"color: #000000;\">Mo\u017ce w przynale\u017cno\u015bci partyjnej tkwi strach kandydata na prezydenta Zb. Podrazy (<span style=\"color: #ff0000;\">SLD<\/span>) do debat, w kt\u00f3rych podaje si\u0119 przynale\u017cno\u015b\u0107 partyjn\u0105 kandydat\u00f3w? <span style=\"color: #ff0000;\">To by t\u0142umaczy\u0142o zielon\u0105 kampani\u0119 plakatowo-bilbordow\u0105\u00a0 tego Kandydata z Sojuszu Lewicy Demokratycznej.<\/span><\/span><\/span><\/p>\n<p><span style=\"color: #800080;\"><span style=\"color: #000000;\"><span style=\"color: #ff0000;\"><span style=\"color: #0000ff;\">Poniewa\u017c wyja\u015bniaj\u0105c przy okazji moje w\u0105tpliwo\u015bci zawarte we wpisie: <\/span><\/span><\/span><\/span><a href=\"http:\/\/grzegorzjaszczura.pl\/?p=6475#more-6475\">http:\/\/grzegorzjaszczura.pl\/?p=6475#more-6475<\/a><span style=\"color: #800080;\"><span style=\"color: #000000;\"><span style=\"color: #ff0000;\"><span style=\"color: #0000ff;\"> <\/span><span style=\"color: #0000ff;\">, gdzie zastanawiam si\u0119 na koniec wpisu, czyim kandydatem na prezydenta jest pan Zb. Podraza: Urz\u0119du Miasta czy <span style=\"color: #ff0000;\">Sojuszu Lewicy Demokratycznej <\/span>jednoznacznie nale\u017cy stwierdzi\u0107, \u017ce <span style=\"text-decoration: underline;\"><span style=\"color: #ff0000;\">Sojuszu Lewicy Demokratycznej<\/span><\/span>!<\/span><br \/>\n<\/span><\/span><\/span><\/h3>\n","protected":false},"excerpt":{"rendered":"<p>Zacz\u0119\u0142y do mnie dociera\u0107 informacje, \u017ce kandydat na prezydenta w przysz\u0142ej kadencji samorz\u0105du Zb. Podraza (SLD) unika debaty z kontrkandydatami, w szczeg\u00f3lno\u015bci z kandydatem PO K. Stachowiczem. Ma\u0142o takich informacji w mediach opanowanych przez Lewic\u0119. Szcz\u0119\u015bliwie jednak\u017ce nie da\u0142em si\u0119<\/p>\n","protected":false},"author":2,"featured_media":0,"comment_status":"open","ping_status":"open","sticky":false,"template":"","format":"standard","meta":{"_monsterinsights_skip_tracking":false,"_monsterinsights_sitenote_active":false,"_monsterinsights_sitenote_note":"","_monsterinsights_sitenote_category":0,"footnotes":""},"categories":[3],"tags":[],"class_list":["post-6728","post","type-post","status-publish","format-standard","hentry","category-polityczne"],"_links":{"self":[{"href":"https:\/\/grzegorzjaszczura.pl\/index.php?rest_route=\/wp\/v2\/posts\/6728","targetHints":{"allow":["GET"]}}],"collection":[{"href":"https:\/\/grzegorzjaszczura.pl\/index.php?rest_route=\/wp\/v2\/posts"}],"about":[{"href":"https:\/\/grzegorzjaszczura.pl\/index.php?rest_route=\/wp\/v2\/types\/post"}],"author":[{"embeddable":true,"href":"https:\/\/grzegorzjaszczura.pl\/index.php?rest_route=\/wp\/v2\/users\/2"}],"replies":[{"embeddable":true,"href":"https:\/\/grzegorzjaszczura.pl\/index.php?rest_route=%2Fwp%2Fv2%2Fcomments&post=6728"}],"version-history":[{"count":23,"href":"https:\/\/grzegorzjaszczura.pl\/index.php?rest_route=\/wp\/v2\/posts\/6728\/revisions"}],"predecessor-version":[{"id":6752,"href":"https:\/\/grzegorzjaszczura.pl\/index.php?rest_route=\/wp\/v2\/posts\/6728\/revisions\/6752"}],"wp:attachment":[{"href":"https:\/\/grzegorzjaszczura.pl\/index.php?rest_route=%2Fwp%2Fv2%2Fmedia&parent=6728"}],"wp:term":[{"taxonomy":"category","embeddable":true,"href":"https:\/\/grzegorzjaszczura.pl\/index.php?rest_route=%2Fwp%2Fv2%2Fcategories&post=6728"},{"taxonomy":"post_tag","embeddable":true,"href":"https:\/\/grzegorzjaszczura.pl\/index.php?rest_route=%2Fwp%2Fv2%2Ftags&post=6728"}],"curies":[{"name":"wp","href":"https:\/\/api.w.org\/{rel}","templated":true}]}}