{"id":67592,"date":"2024-06-11T07:55:04","date_gmt":"2024-06-11T05:55:04","guid":{"rendered":"https:\/\/grzegorzjaszczura.pl\/?p=67592"},"modified":"2024-09-16T08:29:19","modified_gmt":"2024-09-16T06:29:19","slug":"kompromitacja-posel-e-malik","status":"publish","type":"post","link":"https:\/\/grzegorzjaszczura.pl\/?p=67592","title":{"rendered":"Kompromitacja pose\u0142 E. Malik"},"content":{"rendered":"<p style=\"text-align: justify;\"><a href=\"http:\/\/grzegorzjaszczura.pl\/http:\/\/grzegorzjaszczura.pl\/wp-content\/uploads\/2024\/06\/IMG_20240607_163249746.jpg\"><img loading=\"lazy\" decoding=\"async\" class=\"alignnone size-thumbnail wp-image-67719\" src=\"http:\/\/grzegorzjaszczura.pl\/http:\/\/grzegorzjaszczura.pl\/wp-content\/uploads\/2024\/06\/IMG_20240607_163249746-150x150.jpg\" alt=\"\" width=\"150\" height=\"150\" \/><\/a>Ju\u017c kilka razy zwraca\u0142em uwag\u0119 w moich wpisach, na skrajnie z\u0142\u0105 polityk\u0119 prowadzon\u0105 przez tzw. szefa\/kierownika struktur partii <strong><span style=\"color: #ff0000;\">PIS<\/span><\/strong> w <span style=\"color: #008000;\"><strong>Zag\u0142\u0119biu D\u0105browskim<\/strong><\/span> (okr\u0119gu nr 32), czyli Pani\u0105 <strong>E. Malik<\/strong>. Mo\u017ce na ko\u0144cu ode\u015bl\u0119 do odpowiednich link\u00f3w. Chocia\u017c ten ostatni podam teraz: <a href=\"https:\/\/grzegorzjaszczura.pl\/?p=66394#more-66394\"><em><strong>Kiedy Pose\u0142 E. Malik poda si\u0119 do dymisji?<\/strong><\/em><\/a>. Dwadzie\u015bcia kilka lat i kompletny brak sukces\u00f3w <span style=\"color: #ff0000;\"><strong>PISu<\/strong><\/span> w przejmowaniu w\u0142adzy w skrajnie lewicowym\/komunistycznym w ko\u0144cu rejonie,<!--more--> jakim jest <span style=\"color: #008000;\"><strong>Zag\u0142\u0119bie D\u0105browskie<\/strong><\/span>. Na logik\u0119 powinno by\u0107 odwrotnie z ultrasocjalnymi has\u0142ami <strong><span style=\"color: #ff0000;\">PISu<\/span><\/strong>, w\u015br\u00f3d nastawionych na darmow\u0105 konsumpcj\u0119 d\u00f3br przyjezdnych tu z ca\u0142ej Polski ludzi jeszcze w czasie gierkowskiego &#8222;dobrobytu&#8221;.<\/p>\n<p style=\"text-align: justify;\"><a href=\"http:\/\/grzegorzjaszczura.pl\/http:\/\/grzegorzjaszczura.pl\/wp-content\/uploads\/2024\/06\/368313285_6472488259504568_3320591328416920374_n.jpg\"><img loading=\"lazy\" decoding=\"async\" class=\"alignnone size-thumbnail wp-image-67733\" src=\"http:\/\/grzegorzjaszczura.pl\/http:\/\/grzegorzjaszczura.pl\/wp-content\/uploads\/2024\/06\/368313285_6472488259504568_3320591328416920374_n-150x150.jpg\" alt=\"\" width=\"150\" height=\"150\" \/><\/a>Nie do\u015b\u0107, \u017ce o przej\u0119ciu w\u0142adzy w <span style=\"color: #008000;\"><strong>Zag\u0142\u0119biu D\u0105browskim<\/strong><\/span> nie ma mowy, to na przestrzeni ostatnich licznych wybor\u00f3w tzw. demokratycznych trac\u0105 poparcie i ilo\u015b\u0107 np. pos\u0142\u00f3w (\u017ceby si\u0119 nie pomyli\u0107 i nie pomin\u0105\u0107 &#8222;p&#8221;), o senatorach to ju\u017c zapomniano i jest to pewnie wstydliwy problem! Niestety uwik\u0142anie w uk\u0142ady powoduje, \u017ce tak si\u0119 dzieje, bo nie widz\u0119 innego wyt\u0142umaczenia. <strong>Czy by\u0142y jakie\u015b dzia\u0142ania pos\u0142\u00f3w z okr\u0119gu nr 32 w celu o\u015bmieszenia &#8222;wpadek&#8221; rz\u0105dz\u0105cej tu postkomunistycznej lewicy (partyjnej czy parapartyjnej)?<\/strong> Nie przypominam sobie, no mo\u017ce poza moimi wysi\u0142kami i jeszcze kilku uczciwych zwolennik\u00f3w <strong><span style=\"color: #ff0000;\">PISu<\/span><\/strong>. Ale zawsze kierownik <span style=\"color: #ff0000;\"><strong>PIS<\/strong><\/span> robi\u0142 wszystko, aby usun\u0105\u0107 niepokornych cz\u0142onk\u00f3w, kt\u00f3rzy akurat trzymali si\u0119 programu partii <span style=\"color: #ff0000;\"><strong>PIS<\/strong><\/span> (<a href=\"https:\/\/grzegorzjaszczura.pl\/?p=66394#more-66394\">pisa\u0142em ju\u017c<\/a> kiedy\u015b o tym, rzucaj\u0105c przyk\u0142adami). Zreszt\u0105 programowi ka\u017cdej partii przy\u015bwieca jeden cel &#8211; przej\u0105\u0107 w\u0142adz\u0119 i zmieni\u0107 wszystko co z\u0142e, a wykonywane przez teoretycznie konkurencyjn\u0105 parti\u0119 (w przypadku <span style=\"color: #ff0000;\"><strong>POPisu<\/strong><\/span> s\u0142owo &#8222;teoretycznie&#8221; jest tutaj kluczowe). Tu nigdy o tym w obszarze lokalnych dzia\u0142a\u0144 ze strony kierownictwa <span style=\"color: #ff0000;\"><strong>PISu<\/strong><\/span> nie s\u0142ysza\u0142em!!! <strong>Dziwni mali ludzie<\/strong>, mali w sensie cel\u00f3w dzia\u0142a\u0144, przynajmniej wg mnie.<\/p>\n<p style=\"text-align: justify;\">Obecnie znowu kolejna pora\u017cka i strata jednego unioeuropos\u0142a. Od 2016 r. wyra\u017any spadek posiadania swoich przedstawicieli, szczeg\u00f3lnie w okr\u0119gu nr 32.\u00a0 Odnosz\u0105c si\u0119 do <span style=\"color: #008000;\"><strong>Zag\u0142\u0119bia D\u0105browskiego<\/strong><\/span> (okr\u0119gu wyborczego nr 32) to w<strong> Sosnowcu<\/strong>: <span style=\"color: #ff0000;\"><strong>PO<\/strong><\/span> otrzyma\u0142o 47,26%, <strong><span style=\"color: #ff0000;\">PIS<\/span><\/strong> 29,71%, natomiast w <strong>D\u0105browie G\u00f3rniczej<\/strong>: <strong><span style=\"color: #ff0000;\">PO<\/span><\/strong> 49,26%, <span style=\"color: #ff0000;\"><strong>PIS<\/strong> <\/span>29,50%. To w obecnych wyborach do <span style=\"color: #ff0000;\"><strong>U.E.<\/strong><\/span><\/p>\n<p style=\"text-align: justify;\"><a href=\"http:\/\/grzegorzjaszczura.pl\/http:\/\/grzegorzjaszczura.pl\/wp-content\/uploads\/2024\/06\/444203258_860515542560479_4221775741781720596_n.jpg\"><img loading=\"lazy\" decoding=\"async\" class=\"alignnone size-thumbnail wp-image-67731\" src=\"http:\/\/grzegorzjaszczura.pl\/http:\/\/grzegorzjaszczura.pl\/wp-content\/uploads\/2024\/06\/444203258_860515542560479_4221775741781720596_n-150x150.jpg\" alt=\"\" width=\"150\" height=\"150\" \/><\/a>Pisz\u0119 te s\u0142owa w kontek\u015bcie wynik\u00f3w Pani <strong>E. Malik<\/strong> do <span style=\"color: #ff0000;\">Unioeuroparlamentu<\/span>. Zaj\u0119\u0142a z kandydat\u00f3w na li\u015bcie <span style=\"color: #ff0000;\"><strong>PIS<\/strong><\/span> w okr\u0119gu nr 11 <strong>przedostatnie miejsce<\/strong> (dziewi\u0105te) pod wzgl\u0119dem ilo\u015bci otrzymanych g\u0142os\u00f3w. Przyznaj\u0105 <span style=\"color: #000080;\"><strong>Szanowni Czytelnicy<\/strong><\/span>, \u017ce jak na pi\u0105t\u0105 kadencj\u0119 pos\u0142owania to kompromituj\u0105ce! Pani pose\u0142 <strong>E. Malik<\/strong> dosta\u0142a <strong>3360<\/strong> g\u0142os\u00f3w, dla por\u00f3wnania <strong>P. Jaki<\/strong> (w ko\u0144cu spadochroniarz <span style=\"color: #ff0000;\">PIS<\/span> w naszym wojew\u00f3dztwie) z drugiej pozycji <strong>266 246<\/strong> g\u0142os\u00f3w bij\u0105c prawie dwukrotnie pierwsz\u0105 na li\u015bcie pani\u0105 <strong>J. Wi\u015bniewsk\u0105<\/strong> (kt\u00f3ra swoj\u0105 drog\u0105 te\u017c straci\u0142a kilkaset tysi\u0119cy g\u0142os\u00f3w!).<\/p>\n<p style=\"text-align: justify;\">Mo\u017ce jeszcze wyja\u015bni\u0119 dlaczego tyle czasu zajmuje si\u0119 t\u0105 osob\u0105. Ot\u00f3\u017c to ona podwa\u017cy\u0142a jednog\u0142o\u015bnie podj\u0119t\u0105 uchwa\u0142\u0119 Rady Powiatowej <span style=\"color: #ff0000;\"><strong>PIS<\/strong><\/span> w D\u0105browie G\u00f3rniczej dotycz\u0105c\u0105 mojej kandydatury na Prezydenta Miasta w ostatnich wyborach samorz\u0105dowych, podejrzewam \u017ce w wi\u0119kszo\u015bci wyimaginowanymi zarzutami, z kt\u00f3rych mo\u017cna jedynie si\u0119 po\u015bmia\u0107. Wi\u0119cej we wpisie: <a href=\"https:\/\/grzegorzjaszczura.pl\/?p=66520#more-66520\"><em><strong>Moje O\u015bwiadczenie polityczne<\/strong><\/em><\/a>.<\/p>\n<p style=\"text-align: justify;\"><a href=\"http:\/\/grzegorzjaszczura.pl\/http:\/\/grzegorzjaszczura.pl\/wp-content\/uploads\/2024\/06\/IMG_20240607_163304458.jpg\"><img loading=\"lazy\" decoding=\"async\" class=\"alignnone size-thumbnail wp-image-67716\" src=\"http:\/\/grzegorzjaszczura.pl\/http:\/\/grzegorzjaszczura.pl\/wp-content\/uploads\/2024\/06\/IMG_20240607_163304458-150x150.jpg\" alt=\"\" width=\"150\" height=\"150\" \/><\/a>Kl\u0119sk\u0119 ponios\u0142a tak\u017ce jej kole\u017canka partyjna <strong>Izabela Kloc<\/strong>, by\u0142a unioeuropose\u0142, kt\u00f3ra podobno \u0142\u0105czy\u0142a si\u0119 z Brukseli, \u017ceby g\u0142osowa\u0107 przeciwko mojej kandydaturze w trakcie g\u0142osowania w\u0142adz <span style=\"color: #ff0000;\">PISu<\/span>\u00a0 w Katowicach w wojew\u00f3dztwie. Zreszt\u0105 ich liczne banery cz\u0119sto wisia\u0142y razem. Pani <strong>I. Kloc<\/strong>: <span style=\"color: #ff0000;\"><em>dla Zag\u0142\u0119bia <\/em><\/span>(?), Pani <strong>E. Malik<\/strong>: <span style=\"color: #ff0000;\"><em>Europa Wolno\u015bci s\u0142owa bez zielonego \u0142adu <\/em><\/span>(?). Mo\u017cna powiedzie\u0107, \u017ce Panie ponios\u0142y kl\u0119sk\u0119 baner w baner. Nadu\u017cywanie s\u0142owa Europa czy europose\u0142 jest wg mnie niesmaczne i zak\u0142amuj\u0105ce rzeczywisto\u015b\u0107, przecie\u017c <span style=\"color: #ff0000;\"><strong>U.E.<\/strong><\/span> to nie ca\u0142a Europa!!! Zreszt\u0105 na szcz\u0119\u015bcie. Wolno\u015b\u0107 s\u0142owa wg Pani Pose\u0142 <strong>E. Malik<\/strong>? Ciekawe?!<\/p>\n<p class=\"Textbody\" style=\"text-align: justify; text-justify: inter-ideograph;\">Jak wida\u0107 z powy\u017cszego, trend spadkowy (okr\u0119g nr 32) jest sta\u0142y i nierozerwalnie \u0142\u0105czy si\u0119 z osob\u0105 tutejszego tzw. \u201ebarona\u201d <span style=\"color: #ff0000;\">PiS-u<\/span>. Ciekawe, czy uda si\u0119 \u201ekierownikowi\u201d doj\u015b\u0107 do zera? Jest na najlepszej drodze, \u017ceby \u201ezaora\u0107\u201d swoj\u0105 parti\u0119, a jej zwolennik\u00f3w skutecznie zniech\u0119ci\u0107 do chodzenia na jakiekolwiek wybory. Powinienem chyba kupi\u0107 popcorn i przygl\u0105da\u0107 si\u0119 czy kto\u015b w <span style=\"color: #ff0000;\">PiS-ie<\/span> si\u0119 opami\u0119ta, czy te\u017c elektorat tej partii poszuka sobie nowego reprezentanta swoich pogl\u0105d\u00f3w. Chocia\u017c stawiam tez\u0119, \u017ce to ostatnia kadencja Pani Pose\u0142, a szans\u0105 sympatyk\u00f3w <span style=\"color: #ff0000;\">PiSu<\/span> na popraw\u0119 s\u0105 jedynie wcze\u015bniejsze wybory, co przecie\u017c nie jest niemo\u017cliwe.<\/p>\n<p style=\"text-align: justify;\"><strong>Ps<\/strong> Obieca\u0142em linki. Proponuj\u0119 na koniec pismo do Pani <strong>E. Malik<\/strong> z 17.08.2021 r., na kt\u00f3re do tej pory nie ma odpowiedzi: <a href=\"https:\/\/grzegorzjaszczura.pl\/?p=57586#more-57586\"><em><strong>pismo do Pose\u0142 E. Malik<\/strong><\/em><\/a>.<\/p>\n","protected":false},"excerpt":{"rendered":"<p>Ju\u017c kilka razy zwraca\u0142em uwag\u0119 w moich wpisach, na skrajnie z\u0142\u0105 polityk\u0119 prowadzon\u0105 przez tzw. szefa\/kierownika struktur partii PIS w Zag\u0142\u0119biu D\u0105browskim (okr\u0119gu nr 32), czyli Pani\u0105 E. Malik. Mo\u017ce na ko\u0144cu ode\u015bl\u0119 do odpowiednich link\u00f3w. Chocia\u017c ten ostatni podam teraz: Kiedy Pose\u0142 E. Malik poda si\u0119 do dymisji?. Dwadzie\u015bcia kilka lat i kompletny brak [&hellip;]<\/p>\n","protected":false},"author":2,"featured_media":0,"comment_status":"open","ping_status":"open","sticky":false,"template":"","format":"standard","meta":{"_monsterinsights_skip_tracking":false,"_monsterinsights_sitenote_active":false,"_monsterinsights_sitenote_note":"","_monsterinsights_sitenote_category":0,"footnotes":""},"categories":[3],"tags":[],"class_list":["post-67592","post","type-post","status-publish","format-standard","hentry","category-polityczne"],"_links":{"self":[{"href":"https:\/\/grzegorzjaszczura.pl\/index.php?rest_route=\/wp\/v2\/posts\/67592","targetHints":{"allow":["GET"]}}],"collection":[{"href":"https:\/\/grzegorzjaszczura.pl\/index.php?rest_route=\/wp\/v2\/posts"}],"about":[{"href":"https:\/\/grzegorzjaszczura.pl\/index.php?rest_route=\/wp\/v2\/types\/post"}],"author":[{"embeddable":true,"href":"https:\/\/grzegorzjaszczura.pl\/index.php?rest_route=\/wp\/v2\/users\/2"}],"replies":[{"embeddable":true,"href":"https:\/\/grzegorzjaszczura.pl\/index.php?rest_route=%2Fwp%2Fv2%2Fcomments&post=67592"}],"version-history":[{"count":56,"href":"https:\/\/grzegorzjaszczura.pl\/index.php?rest_route=\/wp\/v2\/posts\/67592\/revisions"}],"predecessor-version":[{"id":68656,"href":"https:\/\/grzegorzjaszczura.pl\/index.php?rest_route=\/wp\/v2\/posts\/67592\/revisions\/68656"}],"wp:attachment":[{"href":"https:\/\/grzegorzjaszczura.pl\/index.php?rest_route=%2Fwp%2Fv2%2Fmedia&parent=67592"}],"wp:term":[{"taxonomy":"category","embeddable":true,"href":"https:\/\/grzegorzjaszczura.pl\/index.php?rest_route=%2Fwp%2Fv2%2Fcategories&post=67592"},{"taxonomy":"post_tag","embeddable":true,"href":"https:\/\/grzegorzjaszczura.pl\/index.php?rest_route=%2Fwp%2Fv2%2Ftags&post=67592"}],"curies":[{"name":"wp","href":"https:\/\/api.w.org\/{rel}","templated":true}]}}