{"id":67651,"date":"2024-07-18T07:34:10","date_gmt":"2024-07-18T05:34:10","guid":{"rendered":"https:\/\/grzegorzjaszczura.pl\/?p=67651"},"modified":"2024-07-18T08:36:50","modified_gmt":"2024-07-18T06:36:50","slug":"1500-wpisow","status":"publish","type":"post","link":"https:\/\/grzegorzjaszczura.pl\/?p=67651","title":{"rendered":"1500 wpis\u00f3w"},"content":{"rendered":"<p style=\"text-align: justify;\"><a href=\"http:\/\/grzegorzjaszczura.pl\/http:\/\/grzegorzjaszczura.pl\/wp-content\/uploads\/2024\/06\/Screenshot-2024-06-24-at-12-18-32-Grzegorz-Jaszczura.jpg\"><img loading=\"lazy\" decoding=\"async\" class=\"alignnone size-thumbnail wp-image-67872\" src=\"http:\/\/grzegorzjaszczura.pl\/http:\/\/grzegorzjaszczura.pl\/wp-content\/uploads\/2024\/06\/Screenshot-2024-06-24-at-12-18-32-Grzegorz-Jaszczura-150x150.jpg\" alt=\"\" width=\"150\" height=\"150\" \/><\/a>Je\u017celi licznik w programie, w kt\u00f3rym prowadz\u0119 od <strong>2009 roku<\/strong> bloga si\u0119 nie myli, to dzisiaj jest to m\u00f3j <strong>1500.<\/strong> wpis na blogu. Jak wynika z podzia\u0142u na kategorie najwi\u0119cej dotyczy\u0142o Rady Miejskiej D\u0105browy G\u00f3rniczej, gdy by\u0142em radnym. Zebra\u0142o si\u0119 tego 327 sztuk i dotyczy\u0142o 137 posiedze\u0144 Rady Miejskiej D\u0105browy G\u00f3rniczej. Oczywi\u015bcie du\u017co wpis\u00f3w i opis\u00f3w by\u0142o politycznych, bo w\u0142a\u015bciwie walka z lewactwem i jego utopijno-antyludzkimi celami dzia\u0142a\u0144, a tak\u017ce nowomow\u0105,<!--more--> niezrozumia\u0142\u0105 dla normalnie inteligentnych ludzi\u00a0 by\u0142a podstaw\u0105 i paliwem dla mojego wysi\u0142ku. Jednocze\u015bnie traktuj\u0119 te dzia\u0142ania, jako m\u00f3j obowi\u0105zek wobec m\u0142odszych pokole\u0144, niestety &#8222;ubrudzonych&#8221; t\u0105 wspomnian\u0105 lewack\u0105, z regu\u0142y neomarksistowsk\u0105 propagand\u0105. Niestety po quasiobaleniu komunizmu w 1989 r. nauczyciele i szko\u0142y zdecydowanie nie stan\u0119li na wysoko\u015bci zadania. Jest to bezwzgl\u0119dnie widoczne obecnie i niestety \u017ale rokuj\u0105ce dla przysz\u0142ych pokole\u0144, nie tylko zreszt\u0105 Europejczyk\u00f3w (nie myli\u0107 z Unioeuropejczykami).<\/p>\n<p style=\"text-align: justify;\"><a href=\"http:\/\/grzegorzjaszczura.pl\/http:\/\/grzegorzjaszczura.pl\/wp-content\/uploads\/2024\/03\/2-2.jpg\"><img loading=\"lazy\" decoding=\"async\" class=\"alignnone size-thumbnail wp-image-66590\" src=\"http:\/\/grzegorzjaszczura.pl\/http:\/\/grzegorzjaszczura.pl\/wp-content\/uploads\/2024\/03\/2-2-150x150.jpg\" alt=\"\" width=\"150\" height=\"150\" \/><\/a>Ze statystyk wiadomo tak\u017ce, \u017ce blog jest poczytny. Ale w ko\u0144cu nawet na sesjach Rady Miejskiej D\u0105browy G\u00f3rniczej lewicowi prezydenci (i nie tylko) robili mu wielokrotnie reklam\u0119. Wiele wpis\u00f3w i opis\u00f3w ich <em>zabola\u0142o<\/em>. Nie tylko zreszt\u0105 ich, innych tzw. polityk\u00f3w\/patopolityk\u00f3w tak\u017ce. Wielokrotnie korzystali z moich informacji i przemy\u015ble\u0144 tak\u017ce dziennikarze i to skrajnych opcji, kt\u00f3rym zawsze dawa\u0142em woln\u0105 r\u0119k\u0119 w kwestii korzystania z tre\u015bci czy foto zawartych\/przedstawionych na blogu. I musz\u0119 przyzna\u0107, \u017ce rzeczywi\u015bcie mia\u0142o to miejsce.<\/p>\n<p style=\"text-align: justify;\">Na blogu ukaza\u0142o si\u0119 oko\u0142o <strong>8000<\/strong> komentarzy. By\u0142o ich znacznie wi\u0119cej. ale oczywi\u015bcie te skupiaj\u0105ce si\u0119 g\u0142\u00f3wnie na obra\u017caniu mnie i mojej inteligencji nie pu\u015bci\u0142em i nie zatwierdzi\u0142em, doprowadzaj\u0105c lewackich parainterlokutor\u00f3w prawdopodobnie do sza\u0142u.<\/p>\n<p style=\"text-align: justify;\"><a href=\"http:\/\/grzegorzjaszczura.pl\/http:\/\/grzegorzjaszczura.pl\/wp-content\/uploads\/2024\/06\/Screenshot-2024-06-24-at-12-34-46-Facebook.jpg\"><img loading=\"lazy\" decoding=\"async\" class=\"alignnone size-thumbnail wp-image-67875\" src=\"http:\/\/grzegorzjaszczura.pl\/http:\/\/grzegorzjaszczura.pl\/wp-content\/uploads\/2024\/06\/Screenshot-2024-06-24-at-12-34-46-Facebook-150x150.jpg\" alt=\"\" width=\"150\" height=\"150\" \/><\/a>Natomiast musz\u0119 stwierdzi\u0107, \u017ce ilo\u015b\u0107 komentarzy jeszcze przed rozwojem lewicowego (zreszt\u0105 nale\u017ca\u0142oby napisa\u0107 lewackiego) <strong>FB<\/strong>-ka by\u0142a znacz\u0105co wi\u0119ksza i by\u0142y one bardziej merytoryczne ni\u017c ostatnio. Obecnie ludzie ograniczaj\u0105 si\u0119 do spamu i komentarzy na tym no\u015bniku medialnym, tzn. FB. Uwa\u017cam, \u017ce szczeg\u00f3lnie prymitywne wydaje mi si\u0119 zamieszczanie tam przez tych nibypolityk\u00f3w, a w\u0142a\u015bciwie patocelebryt\u00f3w ci\u0105g\u0142ych informacji o zwyci\u0119stwach sportowc\u00f3w, zabawach, uroczysto\u015bciach, urodzinach, imieninach, pogrzebach, pobytach w tym czy innym miejscu, kolejnych warstwach betonu asfaltowego na drodze (co najbardziej mnie ostatnio roz\u015bmieszy\u0142o),<em> etc.<\/em> <strong>W rzeczywisto\u015bci nic si\u0119 do tego z regu\u0142y nie przyczynili, ale dowarto\u015bciowuj\u0105 si\u0119 tym, mo\u017cna napisa\u0107, \u017ce nachalnie!<\/strong> Ludzie ich lajkuj\u0105 i chyba te\u017c si\u0119 dowarto\u015bciowuj\u0105, bo po co to robi\u0107? Tu powstaje pytanie, kiedy ci politycy pracuj\u0105? Mam na my\u015bli kiedy pose\u0142 czy senator realizuje sw\u00f3j program i tworzy go, kiedy taki prezydent pracuje, kontroluje urz\u0119dnik\u00f3w czy si\u0119 wywi\u0105zuj\u0105 z zalece\u0144, zarz\u0105dze\u0144, rozporz\u0105dze\u0144, <em>etc.<\/em>? <strong>Oni ci\u0105gle uczestnicz\u0105 w jakiej\u015b celebracji czego\u015b!<\/strong> Pewnie po nocach nie \u015bpi\u0105?, ale przecie\u017c to te\u017c \u017ale, bo obni\u017ca si\u0119 ich wydajno\u015b\u0107 pracy w dzie\u0144. Niestety og\u00f3lnie uwa\u017cam, \u017ce takie dzia\u0142ania, prawdopodobnie w ich mniemaniu podtrzymuj\u0105ce patodemokracj\u0119, do kt\u00f3rej doszli\u015bmy, id\u0105 w z\u0142ym kierunku, bo jak si\u0119 tak przyjrze\u0107, to ci z regu\u0142y nieudaczni &#8222;influencerzy&#8221; otrzymuj\u0105 wi\u0119ksze poparcie w tzw. demokratycznych wyborach?! Mnie to zadziwia. M\u00f3g\u0142bym da\u0107 przyk\u0142ady z zag\u0142\u0119biowskiego podw\u00f3rka, ale przy jubileuszowym wpisie by\u0142oby to nie na miejscu.<\/p>\n<p style=\"text-align: justify;\">Jeszcze wracaj\u0105c do komentarzy do moich wpis\u00f3w na blogu to najwi\u0119cej zatwierdzonych ma wpis: <a href=\"https:\/\/grzegorzjaszczura.pl\/?p=12392\"><em><strong>Zag\u0142\u0119biowskie stadionowe crime story &#8211; c.d.<\/strong><\/em><\/a> z dnia <strong>10.09.2011 r.<\/strong> (64 komentarze).<\/p>\n<p style=\"text-align: justify;\">Czo\u0142owa dziesi\u0105tka pod tym wzgl\u0119dem wygl\u0105da na dzie\u0144 dzisiejszy nast\u0119puj\u0105co:<\/p>\n<div>\n<ol>\n<li><a title=\"Zag\u0142\u0119biowskie stadionowe crime story - c.d.\" href=\"https:\/\/grzegorzjaszczura.pl\/?p=12392\">Zag\u0142\u0119biowskie stadionowe crime story &#8211; c.d.<\/a><\/li>\n<li><a title=\"Wsp\u00f3lnoty Mieszkaniowe a MZBM\" href=\"https:\/\/grzegorzjaszczura.pl\/?p=44312\">Wsp\u00f3lnoty Mieszkaniowe a MZBM<\/a><\/li>\n<li><a title=\"Kolej regionalna, co dalej?\" href=\"https:\/\/grzegorzjaszczura.pl\/?p=41066\">Kolej regionalna, co dalej?<\/a><\/li>\n<li><a title=\"Nadci\u0105ga totalny lewacki kataklizm: WO\u015aP\" href=\"https:\/\/grzegorzjaszczura.pl\/?p=26387\">Nadci\u0105ga totalny lewacki kataklizm: WO\u015aP<\/a><\/li>\n<li><a title=\"Bura a nie medal dla Podrazy!\" href=\"https:\/\/grzegorzjaszczura.pl\/?p=21439\">Bura a nie medal dla Podrazy!<\/a><\/li>\n<li><a title=\"samorz\u0105dno\u015b\u0107 w Z\u0105bkowicach\" href=\"https:\/\/grzegorzjaszczura.pl\/?p=3705\">samorz\u0105dno\u015b\u0107 w Z\u0105bkowicach<\/a><\/li>\n<li><a title=\"Moje O\u015bwiadczenie polityczne\" href=\"https:\/\/grzegorzjaszczura.pl\/?p=66520\">Moje O\u015bwiadczenie polityczne<\/a><\/li>\n<li><a title=\"Zag\u0142\u0119biowskie stadionowe crime story c.d. 2\" href=\"https:\/\/grzegorzjaszczura.pl\/?p=15669\">Zag\u0142\u0119biowskie stadionowe crime story c.d. 2<\/a><\/li>\n<li><a title=\"Dlaczego PIS przegra\u0142 w Zag\u0142\u0119biu D\u0105browskim?\" href=\"https:\/\/grzegorzjaszczura.pl\/?p=65011\">Dlaczego PIS przegra\u0142 w Zag\u0142\u0119biu D\u0105browskim?<\/a><\/li>\n<li><a title=\"Dawid Kmiotek - kandydat do Rady Dzielnicy\" href=\"https:\/\/grzegorzjaszczura.pl\/?p=17815\">Dawid Kmiotek &#8211; kandydat do Rady Dzielnicy<\/a><\/li>\n<\/ol>\n<\/div>\n<p style=\"text-align: justify;\">Ostatnio do tej topowej dziesi\u0105tki wdar\u0142y si\u0119 wpisy: <a href=\"https:\/\/grzegorzjaszczura.pl\/?p=65011\"><em><strong>Dlaczego PIS przegra\u0142 w Zag\u0142\u0119biu D\u0105browskim?<\/strong><\/em><\/a>, i <a href=\"https:\/\/grzegorzjaszczura.pl\/?p=66520\"><em><strong>Moje O\u015bwiadczenie polityczne<\/strong><\/em><\/a>. Polecam je <strong>Szanownym<\/strong> <strong>Czytelnikom<\/strong> wraz z bardzo trafnymi komentarzami, tak\u017ce o poziomie pos\u0142\u00f3w <span style=\"color: #ff0000;\">PISu<\/span> (jest ich, tych komentarzy, na szcz\u0119\u015bcie nie pos\u0142\u00f3w po kilkadziesi\u0105t).<\/p>\n<p style=\"text-align: justify;\">Ko\u0144cz\u0105c, dzi\u0119kuj\u0119 za wsp\u00f3\u0142prac\u0119 wszystkim<strong> Czytelnikom<\/strong> (mo\u017ce poza lewackimi spamowcami), poprzez w pewnym sensie chmur\u0119. Z czasem zobaczymy co dalej.<\/p>\n","protected":false},"excerpt":{"rendered":"<p>Je\u017celi licznik w programie, w kt\u00f3rym prowadz\u0119 od 2009 roku bloga si\u0119 nie myli, to dzisiaj jest to m\u00f3j 1500. wpis na blogu. Jak wynika z podzia\u0142u na kategorie najwi\u0119cej dotyczy\u0142o Rady Miejskiej D\u0105browy G\u00f3rniczej, gdy by\u0142em radnym. Zebra\u0142o si\u0119 tego 327 sztuk i dotyczy\u0142o 137 posiedze\u0144 Rady Miejskiej D\u0105browy G\u00f3rniczej. Oczywi\u015bcie du\u017co wpis\u00f3w i [&hellip;]<\/p>\n","protected":false},"author":2,"featured_media":0,"comment_status":"open","ping_status":"open","sticky":false,"template":"","format":"standard","meta":{"_monsterinsights_skip_tracking":false,"_monsterinsights_sitenote_active":false,"_monsterinsights_sitenote_note":"","_monsterinsights_sitenote_category":0,"footnotes":""},"categories":[1],"tags":[],"class_list":["post-67651","post","type-post","status-publish","format-standard","hentry","category-bez-kategorii"],"_links":{"self":[{"href":"https:\/\/grzegorzjaszczura.pl\/index.php?rest_route=\/wp\/v2\/posts\/67651","targetHints":{"allow":["GET"]}}],"collection":[{"href":"https:\/\/grzegorzjaszczura.pl\/index.php?rest_route=\/wp\/v2\/posts"}],"about":[{"href":"https:\/\/grzegorzjaszczura.pl\/index.php?rest_route=\/wp\/v2\/types\/post"}],"author":[{"embeddable":true,"href":"https:\/\/grzegorzjaszczura.pl\/index.php?rest_route=\/wp\/v2\/users\/2"}],"replies":[{"embeddable":true,"href":"https:\/\/grzegorzjaszczura.pl\/index.php?rest_route=%2Fwp%2Fv2%2Fcomments&post=67651"}],"version-history":[{"count":55,"href":"https:\/\/grzegorzjaszczura.pl\/index.php?rest_route=\/wp\/v2\/posts\/67651\/revisions"}],"predecessor-version":[{"id":68106,"href":"https:\/\/grzegorzjaszczura.pl\/index.php?rest_route=\/wp\/v2\/posts\/67651\/revisions\/68106"}],"wp:attachment":[{"href":"https:\/\/grzegorzjaszczura.pl\/index.php?rest_route=%2Fwp%2Fv2%2Fmedia&parent=67651"}],"wp:term":[{"taxonomy":"category","embeddable":true,"href":"https:\/\/grzegorzjaszczura.pl\/index.php?rest_route=%2Fwp%2Fv2%2Fcategories&post=67651"},{"taxonomy":"post_tag","embeddable":true,"href":"https:\/\/grzegorzjaszczura.pl\/index.php?rest_route=%2Fwp%2Fv2%2Ftags&post=67651"}],"curies":[{"name":"wp","href":"https:\/\/api.w.org\/{rel}","templated":true}]}}