{"id":68107,"date":"2024-07-30T08:33:26","date_gmt":"2024-07-30T06:33:26","guid":{"rendered":"https:\/\/grzegorzjaszczura.pl\/?p=68107"},"modified":"2024-07-30T09:22:13","modified_gmt":"2024-07-30T07:22:13","slug":"pis-owcy-do-dziela","status":"publish","type":"post","link":"https:\/\/grzegorzjaszczura.pl\/?p=68107","title":{"rendered":"PIS-owcy do dzie\u0142a!"},"content":{"rendered":"<p style=\"text-align: justify;\"><a href=\"http:\/\/grzegorzjaszczura.pl\/http:\/\/grzegorzjaszczura.pl\/wp-content\/uploads\/2024\/06\/368313285_6472488259504568_3320591328416920374_n.jpg\"><img loading=\"lazy\" decoding=\"async\" class=\"alignnone size-thumbnail wp-image-67733\" src=\"http:\/\/grzegorzjaszczura.pl\/http:\/\/grzegorzjaszczura.pl\/wp-content\/uploads\/2024\/06\/368313285_6472488259504568_3320591328416920374_n-150x150.jpg\" alt=\"\" width=\"150\" height=\"150\" \/><\/a>U\u0142omne dzia\u0142ania <span style=\"color: #ff0000;\">PISowc\u00f3w<\/span> w <span style=\"color: #008000;\"><strong>Zag\u0142\u0119biu D\u0105browskim<\/strong><\/span> powoduj\u0105 w trakcie rozmowy wybuchy \u015bmiechu w\u015br\u00f3d moich interlokutor\u00f3w, zreszt\u0105 z r\u00f3\u017cnorakich opcji czy sympatii politycznych. Tu od razu przypomn\u0119, \u017ce szefem struktur <span style=\"color: #ff0000;\"><strong>PIS<\/strong> <\/span>w okr\u0119gu nr 32 jest od dobrych dwudziestu lat Pani pose\u0142 <strong>E. Malik<\/strong> z Sosnowca. Osobi\u015bcie jej osi\u0105gni\u0119\u0107 w przejmowaniu w\u0142adzy od lewak\u00f3w w <span style=\"color: #008000;\"><strong>Zag\u0142\u0119biu<\/strong><\/span> nie zauwa\u017cy\u0142em, a przecie\u017c to powinno by\u0107 celem dzia\u0142ania partii politycznej. Zreszt\u0105 sam odczu\u0142em<!--more--> wielokrotnie brak pomocy z jej strony w moich dzia\u0142aniach na rzecz wszystkich mieszka\u0144c\u00f3w (niezale\u017cnie od sympatii politycznych) naszego regionu, bo tak klasyfikuj\u0119 m\u00f3j list\/pismo do niej (jeszcze z sierpnia 2021 r.), dotycz\u0105cy spraw ekologicznych i zdrowotnych (w tym sytuacji w szpitalu miejskim w D\u0105browie G\u00f3rniczej), zwi\u0105zanych z zanieczyszczeniem \u015brodowiska naturalnego i jego degradacj\u0105, w szczeg\u00f3lno\u015bci w rejonie ha\u0142dy odpad\u00f3w hutniczych w Strzemieszycach Ma\u0142ych. <a href=\"http:\/\/grzegorzjaszczura.pl\/http:\/\/grzegorzjaszczura.pl\/wp-content\/uploads\/2023\/05\/2021.08.17-1-anon.jpg\"><img loading=\"lazy\" decoding=\"async\" class=\"alignnone size-thumbnail wp-image-63581\" src=\"http:\/\/grzegorzjaszczura.pl\/http:\/\/grzegorzjaszczura.pl\/wp-content\/uploads\/2023\/05\/2021.08.17-1-anon-150x150.jpg\" alt=\"\" width=\"150\" height=\"150\" \/><\/a>Ca\u0142o\u015b\u0107 <strong>Szanowny Czytelniku<\/strong> tutaj: <a href=\"https:\/\/grzegorzjaszczura.pl\/?p=57586#more-57586\"><em><strong>pismo do Pose\u0142 E. Malik<\/strong><\/em><\/a>. Mijaj\u0105 trzy lata i zero odpowiedzi ze strony Pos\u0142a! Mo\u017cna jedynie domniemywa\u0107 dlaczego. Zreszt\u0105 pismo otrzymali wszyscy pos\u0142owie <span style=\"color: #ff0000;\">PISu<\/span> z <span style=\"color: #008000;\"><strong>Zag\u0142\u0119bia D\u0105browskiego<\/strong><\/span>, a nawet ich kierownik, czyli Pan <strong>J. Kaczy\u0144ski<\/strong>.<\/p>\n<p style=\"text-align: justify;\">Wspomnia\u0142em o braku post\u0119pu w przejmowaniu w\u0142adzy przez<strong><span style=\"color: #ff0000;\"> PIS<\/span><\/strong> przez te lata. Jak dla mnie zreszt\u0105 jest coraz gorzej (rozpatruj\u0105c to z punktu widzenia Pisowca), albowiem na to wskazuj\u0105 wyniki kilku ostatnich kampanii wyborczych. Prosz\u0119 zobaczy\u0107 m\u00f3j wpis z dnia 17.10.2023 r.: <a href=\"https:\/\/grzegorzjaszczura.pl\/?p=65011\"><strong><em>Dlaczego<\/em> <span style=\"color: #ff0000;\">PIS<\/span> przegra\u0142 w Zag\u0142\u0119biu D\u0105browskim?<\/strong><\/a>, gdzie przytoczone s\u0105 fakty i liczby wyborcze (tak\u017ce analizy Czytelnik\u00f3w przeprowadzone w komentarzach).<\/p>\n<p style=\"text-align: justify;\"><a href=\"http:\/\/grzegorzjaszczura.pl\/http:\/\/grzegorzjaszczura.pl\/wp-content\/uploads\/2024\/06\/IMG_20240607_163249746.jpg\"><img loading=\"lazy\" decoding=\"async\" class=\"alignnone size-thumbnail wp-image-67719\" src=\"http:\/\/grzegorzjaszczura.pl\/http:\/\/grzegorzjaszczura.pl\/wp-content\/uploads\/2024\/06\/IMG_20240607_163249746-150x150.jpg\" alt=\"\" width=\"150\" height=\"150\" \/><\/a>Chyba nikogo nie dziwi, \u017ce z mojego obiektywnego punktu widzenia zacz\u0105\u0142em si\u0119 zastanawia\u0107, kiedy co\u015b si\u0119 zmieni i na przyk\u0142ad Pani Pose\u0142 zrezygnuje: <a href=\"https:\/\/grzegorzjaszczura.pl\/?p=66394#more-66394\"><em><strong>Kiedy Pose\u0142 E. Malik poda si\u0119 do dymisji?<\/strong><\/em><\/a>. Niestety na to si\u0119 nie zanosi, a <span style=\"color: #ff0000;\"><strong>PIS<\/strong><\/span> brnie w przegrane: <a href=\"https:\/\/grzegorzjaszczura.pl\/?p=67592#more-67592\"><em><strong>Kompromitacja pose\u0142 E. Malik<\/strong><\/em><\/a>.<\/p>\n<p style=\"text-align: justify;\">Dlaczego zaj\u0105\u0142em si\u0119 dzisiaj tym tematem? Ch\u0119ci zmian w <strong><span style=\"color: #ff0000;\">PISie<\/span><\/strong> w <span style=\"color: #008000;\"><strong>Zag\u0142\u0119biu D\u0105browskim<\/strong><\/span> nie zauwa\u017cam, tak\u017ce wyci\u0105gania wniosk\u00f3w z pora\u017cek i z\u0142ych decyzji personalnych. Mog\u0119 jedynie domniemywa\u0107, \u017ce wynika to z takiego a nie innego uk\u0142adu i powi\u0105za\u0144 w naszym regionie. Natomiast na szczeblu ich centrali, czyli w Warszawie podobno wrze. Szukaj\u0105 pomys\u0142\u00f3w na wyj\u015bcie z impasu &#8211; tak delikatnie nazywaj\u0105c <strong>ich wtopy wyborcze, na potrzeby ich wyborc\u00f3w nazywane odwrotnie, czyli sukcesami<\/strong>. <a href=\"http:\/\/grzegorzjaszczura.pl\/http:\/\/grzegorzjaszczura.pl\/wp-content\/uploads\/2024\/07\/Screenshot-2024-07-01-at-10-30-55-1-Facebook.jpg\"><img loading=\"lazy\" decoding=\"async\" class=\"alignnone size-thumbnail wp-image-68174\" src=\"http:\/\/grzegorzjaszczura.pl\/http:\/\/grzegorzjaszczura.pl\/wp-content\/uploads\/2024\/07\/Screenshot-2024-07-01-at-10-30-55-1-Facebook-150x150.jpg\" alt=\"\" width=\"150\" height=\"150\" \/><\/a>We Francji <strong><em>Rassemblement National<\/em><\/strong> te\u017c wygra\u0142o, a jednocze\u015bnie nie wygra\u0142o, ale r\u00f3\u017cnica jest znacz\u0105ca, tzn. <strong>RN<\/strong> zdecydowanie jest na krzywej wznosz\u0105cej a nie malej\u0105cej. To nie do ko\u0144ca dobre por\u00f3wnanie ze wzgl\u0119du na r\u00f3\u017cnice tych partii, co do sensu przynale\u017cenia do lewackiej, neomarksistowskiej <strong><span style=\"color: #ff0000;\">U.E.<\/span><\/strong>, tzn. cel\u00f3w francuskiego <strong>Zjednoczenia Narodowego<\/strong> a <strong><span style=\"color: #ff0000;\">PIS<\/span><\/strong>.<\/p>\n<p style=\"text-align: justify;\">Przechodz\u0105c do podsumowania, celu czy reasumpcji dzisiejszego wpisu wyczyta\u0142em, \u017ce: <span style=\"color: #ff0000;\"><em>\u201eMariusz B\u0142aszczak zapowiedzia\u0142, \u017ce politycy <strong>PiS<\/strong> b\u0119d\u0105 zbiera\u0107 informacje o nadu\u017cyciach w\u0142adzy na poziomie lokalnym.\u201d<\/em><\/span>. To ma by\u0107 (chyba m.in.) remedium na kl\u0119ski wyborcze.<\/p>\n<p style=\"text-align: justify;\">Pewnie Pani Pose\u0142 <strong>E. Malik<\/strong> (<strong><span style=\"color: #ff0000;\">PIS<\/span><\/strong>) b\u0119dzie tym <em>zbieraniem informacji o nadu\u017cyciach w\u0142adzy<\/em> na szczeblu <span style=\"color: #008000;\"><strong>Zag\u0142\u0119bia D\u0105browskiego<\/strong><\/span> zarz\u0105dza\u0107 i nim koordynowa\u0107. Naprawd\u0119 <strong>czekam na efekty wzi\u0119cia si\u0119 ich do pracy, w szczeg\u00f3lno\u015bci Pani Pose\u0142!<\/strong> Mamy te\u017c tutaj du\u017cy wysyp sp\u00f3\u0142ek skarbu pa\u0144stwa, co wg mnie powoduje, \u017ce pole do popisu (nie myli\u0107 z <span style=\"color: #ff0000;\"><strong>POPiSem<\/strong><\/span>, kt\u00f3ry do obecnej sytuacji doprowadzi\u0142!) jest szerokie.<\/p>\n<p style=\"text-align: justify;\"><a href=\"http:\/\/grzegorzjaszczura.pl\/http:\/\/grzegorzjaszczura.pl\/wp-content\/uploads\/2024\/02\/zarzad-kom.-powiatowego-2024.02.29-G-1.jpg\"><img loading=\"lazy\" decoding=\"async\" class=\"alignnone size-thumbnail wp-image-66529\" src=\"http:\/\/grzegorzjaszczura.pl\/http:\/\/grzegorzjaszczura.pl\/wp-content\/uploads\/2024\/02\/zarzad-kom.-powiatowego-2024.02.29-G-1-150x150.jpg\" alt=\"\" width=\"150\" height=\"150\" \/><\/a>P\u00f3jd\u0119 nawet dalej Pani Pose\u0142. Niezale\u017cnie od mojego o\u015bwiadczenia politycznego (zobacz: <a href=\"https:\/\/grzegorzjaszczura.pl\/?p=66520#more-66520\"><em><strong>Moje O\u015bwiadczenie polityczne<\/strong><\/em><\/a>), w kt\u00f3rym informuj\u0119 parti\u0119<span style=\"color: #ff0000;\"><strong> PIS<\/strong><\/span> o powodach mojej rezygnacji, np. we fragmencie:<\/p>\n<p style=\"text-align: justify;\"><span style=\"color: #000080;\"><em>[&#8230;] Niesprawiedliwa nagonka na moj\u0105 osob\u0119 w wykonaniu Pos\u0142\u00f3w na Sejm RP Pani <strong>Ewy Malik<\/strong> i Pana <strong>Waldemara Andzela<\/strong> w ostatnim czasie, gdy zosta\u0142em jednog\u0142o\u015bnie wybrany kandydatem na Prezydenta Miasta D\u0105browa G\u00f3rnicza we wspomnianych wyborach przez <strong>Zarz\u0105d Komitetu Powiatowego Prawa i Sprawiedliwo\u015bci w D\u0105browie G\u00f3rniczej<\/strong> powoduje, \u017ce nie widz\u0119 mo\u017cliwo\u015bci dalszej mojej dzia\u0142alno\u015bci politycznej i spo\u0142ecznej w tej partii.,<\/em><\/span><\/p>\n<p style=\"text-align: justify;\">dla dobra mieszka\u0144c\u00f3w <span style=\"color: #008000;\"><strong>Zag\u0142\u0119bia D\u0105browskiego<\/strong><\/span> s\u0142u\u017c\u0119 swoj\u0105 osob\u0105 i posiadanymi przeze mnie materia\u0142ami, bo u innych, przyk\u0142adowo radnych <strong><span style=\"color: #ff0000;\">PISu<\/span><\/strong>, Pani ich nie znajdzie!<\/p>\n<p style=\"text-align: justify;\">A mo\u017ce Pani Pose\u0142 odwa\u017cy si\u0119 si\u0119gn\u0105\u0107 po Pani stary, wydaje mi si\u0119, \u017ce niedoprowadzony do ko\u0144ca temat, czyli po prywatyzacj\u0119 Huty Katowice? Powodzenia!<\/p>\n","protected":false},"excerpt":{"rendered":"<p>U\u0142omne dzia\u0142ania PISowc\u00f3w w Zag\u0142\u0119biu D\u0105browskim powoduj\u0105 w trakcie rozmowy wybuchy \u015bmiechu w\u015br\u00f3d moich interlokutor\u00f3w, zreszt\u0105 z r\u00f3\u017cnorakich opcji czy sympatii politycznych. Tu od razu przypomn\u0119, \u017ce szefem struktur PIS w okr\u0119gu nr 32 jest od dobrych dwudziestu lat Pani pose\u0142 E. Malik z Sosnowca. Osobi\u015bcie jej osi\u0105gni\u0119\u0107 w przejmowaniu w\u0142adzy od lewak\u00f3w w Zag\u0142\u0119biu [&hellip;]<\/p>\n","protected":false},"author":2,"featured_media":0,"comment_status":"open","ping_status":"open","sticky":false,"template":"","format":"standard","meta":{"_monsterinsights_skip_tracking":false,"_monsterinsights_sitenote_active":false,"_monsterinsights_sitenote_note":"","_monsterinsights_sitenote_category":0,"footnotes":""},"categories":[3],"tags":[],"class_list":["post-68107","post","type-post","status-publish","format-standard","hentry","category-polityczne"],"_links":{"self":[{"href":"https:\/\/grzegorzjaszczura.pl\/index.php?rest_route=\/wp\/v2\/posts\/68107","targetHints":{"allow":["GET"]}}],"collection":[{"href":"https:\/\/grzegorzjaszczura.pl\/index.php?rest_route=\/wp\/v2\/posts"}],"about":[{"href":"https:\/\/grzegorzjaszczura.pl\/index.php?rest_route=\/wp\/v2\/types\/post"}],"author":[{"embeddable":true,"href":"https:\/\/grzegorzjaszczura.pl\/index.php?rest_route=\/wp\/v2\/users\/2"}],"replies":[{"embeddable":true,"href":"https:\/\/grzegorzjaszczura.pl\/index.php?rest_route=%2Fwp%2Fv2%2Fcomments&post=68107"}],"version-history":[{"count":52,"href":"https:\/\/grzegorzjaszczura.pl\/index.php?rest_route=\/wp\/v2\/posts\/68107\/revisions"}],"predecessor-version":[{"id":68180,"href":"https:\/\/grzegorzjaszczura.pl\/index.php?rest_route=\/wp\/v2\/posts\/68107\/revisions\/68180"}],"wp:attachment":[{"href":"https:\/\/grzegorzjaszczura.pl\/index.php?rest_route=%2Fwp%2Fv2%2Fmedia&parent=68107"}],"wp:term":[{"taxonomy":"category","embeddable":true,"href":"https:\/\/grzegorzjaszczura.pl\/index.php?rest_route=%2Fwp%2Fv2%2Fcategories&post=68107"},{"taxonomy":"post_tag","embeddable":true,"href":"https:\/\/grzegorzjaszczura.pl\/index.php?rest_route=%2Fwp%2Fv2%2Ftags&post=68107"}],"curies":[{"name":"wp","href":"https:\/\/api.w.org\/{rel}","templated":true}]}}