{"id":69293,"date":"2024-11-28T08:18:02","date_gmt":"2024-11-28T07:18:02","guid":{"rendered":"https:\/\/grzegorzjaszczura.pl\/?p=69293"},"modified":"2024-11-28T08:18:02","modified_gmt":"2024-11-28T07:18:02","slug":"pis-jest-nagi","status":"publish","type":"post","link":"https:\/\/grzegorzjaszczura.pl\/?p=69293","title":{"rendered":"PIS jest nagi!"},"content":{"rendered":"<p style=\"text-align: justify;\"><a href=\"http:\/\/grzegorzjaszczura.pl\/http:\/\/grzegorzjaszczura.pl\/wp-content\/uploads\/2024\/11\/Screenshot-2024-11-22-at-22-56-57-Sesja-Rady-Miejskiej-20.11.2024-r.-Bazylak-do-PiS-o-ZCO-YouTube.jpeg\"><img loading=\"lazy\" decoding=\"async\" class=\"alignnone size-thumbnail wp-image-69299\" src=\"http:\/\/grzegorzjaszczura.pl\/http:\/\/grzegorzjaszczura.pl\/wp-content\/uploads\/2024\/11\/Screenshot-2024-11-22-at-22-56-57-Sesja-Rady-Miejskiej-20.11.2024-r.-Bazylak-do-PiS-o-ZCO-YouTube-150x150.jpeg\" alt=\"\" width=\"150\" height=\"150\" \/><\/a>Tytu\u0142 dzisiejszego wpisu nasun\u0105\u0142 mi si\u0119 w zwi\u0105zku z wypowiedzi\u0105 Pana Prezydenta <strong>M. Bazylaka<\/strong> (<span style=\"color: #ff0000;\">lewica bezpartyjna<\/span>) na sesji Rady Miejskiej D\u0105browy G\u00f3rniczej w dniu <strong>20.11.2024 r.<\/strong> Zanim do tego przejd\u0119 wyja\u015bni\u0119 dlaczego <em>rzuci\u0142em uchem<\/em> na sesj\u0119 listopadow\u0105 Rady Miejskiej. Przyczyn\u0105 by\u0142y planowane na sesji podwy\u017cki podatk\u00f3w od nieruchomo\u015bci, <strong><a href=\"https:\/\/grzegorzjaszczura.pl\/?p=65402#more-65402\">podwy\u017cki coroczne<\/a><\/strong> i maksymalne (szczeg\u00f3lnie, je\u017celi chodzi o przedsi\u0119biorc\u00f3w), stosowane przez lewack\u0105 Rad\u0119 Miejsk\u0105 D\u0105browy G\u00f3rniczej.<!--more--><\/p>\n<p style=\"text-align: justify;\"><a href=\"http:\/\/grzegorzjaszczura.pl\/http:\/\/grzegorzjaszczura.pl\/wp-content\/uploads\/2024\/11\/druk-128-1.jpg\"><img loading=\"lazy\" decoding=\"async\" class=\"alignnone size-thumbnail wp-image-69300\" src=\"http:\/\/grzegorzjaszczura.pl\/http:\/\/grzegorzjaszczura.pl\/wp-content\/uploads\/2024\/11\/druk-128-1-150x150.jpg\" alt=\"\" width=\"150\" height=\"150\" \/><\/a><a href=\"http:\/\/grzegorzjaszczura.pl\/http:\/\/grzegorzjaszczura.pl\/wp-content\/uploads\/2024\/11\/druk-128-2.jpg\"><img loading=\"lazy\" decoding=\"async\" class=\"alignnone size-thumbnail wp-image-69301\" src=\"http:\/\/grzegorzjaszczura.pl\/http:\/\/grzegorzjaszczura.pl\/wp-content\/uploads\/2024\/11\/druk-128-2-150x150.jpg\" alt=\"\" width=\"150\" height=\"150\" \/><\/a>Jak wspomnia\u0142em kilka dni przed sesj\u0105 na FB: <em><strong>20 listopada tr. lewicowa Rada Miejska D\u0105browy G\u00f3rniczej podniesie podatki od nieruchomo\u015bci o: od <span style=\"color: #ff0000;\">2,7% do 10%<\/span> (dla budynk\u00f3w mieszkalnych)<\/strong><\/em>. Dla powierzchni mieszkalnych podatek na 2025 r. wyniesie <span style=\"color: #ff0000;\"><strong>1,10 z\u0142<\/strong><\/span> od 1 <span class=\"BxUVEf ILfuVd\" lang=\"pl\"><span class=\"hgKElc\">m\u00b2<\/span><\/span> powierzchni u\u017cytkowej, a <span style=\"color: #ff0000;\"><strong>34,00 z\u0142<\/strong> <span style=\"color: #000000;\">od 1 <span class=\"BxUVEf ILfuVd\" lang=\"pl\"><span class=\"hgKElc\">m\u00b2<\/span><\/span> <\/span><\/span>przy prowadzeniu dzia\u0142alno\u015bci gospodarczej!!! Wska\u017anik GUSu, o kt\u00f3ry max mo\u017cna podnosi\u0107 to na 2025 r.: <span style=\"color: #ff0000;\"><strong>2,7%<\/strong><\/span>. Rok temu by\u0142o gorzej, bo podwy\u017cka by\u0142a o <span style=\"color: #ff0000;\">15-15,5%<\/span>. Czy te podwy\u017cki to post\u0119p, raczej, a zreszt\u0105 na pewno nie! <strong>Te podatki powinny zmale\u0107!<\/strong> Tak by\u0142o rok temu, zobacz <strong>Szanowny Czytelniku<\/strong>: <span class=\"html-span xdj266r x11i5rnm xat24cr x1mh8g0r xexx8yu x4uap5 x18d9i69 xkhd6sd x1hl2dhg x16tdsg8 x1vvkbs\"><a class=\"x1i10hfl xjbqb8w x1ejq31n xd10rxx x1sy0etr x17r0tee x972fbf xcfux6l x1qhh985 xm0m39n x9f619 x1ypdohk xt0psk2 xe8uvvx xdj266r x11i5rnm xat24cr x1mh8g0r xexx8yu x4uap5 x18d9i69 xkhd6sd x16tdsg8 x1hl2dhg xggy1nq x1a2a7pz x1sur9pj xkrqix3 x1fey0fg x1s688f\" tabindex=\"0\" role=\"link\" href=\"https:\/\/grzegorzjaszczura.pl\/?p=65402&amp;fbclid=IwZXh0bgNhZW0CMTAAAR1o9vcb13Br3KNnlYjT7tqsLmdwHnNtC4iF4hXTmKbtJiK8rizRvjWwqdc_aem_hWiXgdYoCAO1KWl7x-SF5w#more-65402\" target=\"_blank\" rel=\"nofollow noopener noreferrer\">https:\/\/grzegorzjaszczura.pl\/?p=65402#more-65402<\/a><\/span>. <strong>I dok\u0142adnie tak, jak przewidywa\u0142em przed sesj\u0105 R.M. si\u0119 sta\u0142o!<\/strong> Za maksymalnymi podwy\u017ckami podatku od nieruchomo\u015bci opowiedzia\u0142o si\u0119 <strong>18.<\/strong> radnych, przeciw by\u0142o <strong>5.<\/strong> <a href=\"http:\/\/grzegorzjaszczura.pl\/http:\/\/grzegorzjaszczura.pl\/wp-content\/uploads\/2024\/11\/1.jpg\"><img loading=\"lazy\" decoding=\"async\" class=\"alignnone size-thumbnail wp-image-69302\" src=\"http:\/\/grzegorzjaszczura.pl\/http:\/\/grzegorzjaszczura.pl\/wp-content\/uploads\/2024\/11\/1-150x150.jpg\" alt=\"\" width=\"150\" height=\"150\" \/><\/a>&#8222;Dobry&#8221; w kontek\u015bcie bronienia projektu uchwa\u0142y Pana Prezydenta <strong>M. Bazylaka<\/strong> by\u0142 radny <strong>R. Witecki<\/strong> (przedstawiciel lewackiej<span style=\"color: #ff0000;\"><strong> POKO<\/strong><\/span> i to m\u00f3wi wszystko), kt\u00f3ry stwierdzi\u0142, \u017ce ta podwy\u017cka jest kosmetyczna!!! Mam wra\u017cenie, \u017ce nikt z ca\u0142ego <strong><span style=\"color: #ff0000;\">POPiSu<\/span><\/strong> nie jest w stanie zrozumie\u0107 przedsi\u0119biorc\u00f3w w Polsce! Czy ten radny kiedy\u015b pracowa\u0142 na swoim? Tak swoj\u0105 drog\u0105, jaki jest stosunek d\u0105browskiego <strong><span style=\"color: #ff0000;\">PISu<\/span><\/strong> do w\u0142asno\u015bci prywatnej, to najlepiej \u015bwiadczy brak odpowiedzi Zarz\u0105du Powiatowego <span style=\"color: #ff0000;\"><strong>PIS<\/strong><\/span> na pismo zarz\u0105du sp\u00f3\u0142ki prawa handlowego, w kt\u00f3rej pracuj\u0119, jeszcze z dn. 02.02.2024 r., dotycz\u0105ce rozpowszechniania nieprawdziwych informacji przez cz\u0142onka d\u0105browskiego <span style=\"color: #ff0000;\">PIS-u<\/span> o sp\u00f3\u0142ce prawa handlowego. Zobacz: <a href=\"https:\/\/grzegorzjaszczura.pl\/?p=68491#more-68491\"><em><strong>PIS w Zag\u0142\u0119biu D\u0105browskim (w tym w D.G.)<\/strong><\/em><\/a>. <strong>Krzycz\u0105, \u017ce s\u0105 antykomunistami, a ja mam wra\u017cenie, \u017ce jest na odwr\u00f3t!<\/strong><\/p>\n<p style=\"text-align: justify;\"><a href=\"http:\/\/grzegorzjaszczura.pl\/http:\/\/grzegorzjaszczura.pl\/wp-content\/uploads\/2024\/03\/2-2.jpg\"><img loading=\"lazy\" decoding=\"async\" class=\"alignnone size-thumbnail wp-image-66590\" src=\"http:\/\/grzegorzjaszczura.pl\/http:\/\/grzegorzjaszczura.pl\/wp-content\/uploads\/2024\/03\/2-2-150x150.jpg\" alt=\"\" width=\"150\" height=\"150\" \/><\/a>Wracaj\u0105c do sesji. Op\u0142aty od posiadania ps\u00f3w nie uchwalono, jak ju\u017c od lat si\u0119 dzieje. Kiedy\u015b to by\u0142a moja zas\u0142uga. Zobacz m\u00f3j wpis na blogu z sesji <strong>04.11.2009 r.<\/strong>, gdy lewica wtopi\u0142a to g\u0142osowanie w stosunku 10 do 11: <a href=\"https:\/\/grzegorzjaszczura.pl\/?p=677#more-677\"><em><strong>Wymiana cios\u00f3w, psy darmo<\/strong><\/em><\/a>. Teraz (2024 r.) ju\u017c idzie g\u0142adko: <strong>18.<\/strong> radnych by\u0142o przeciw tej op\u0142acie, <strong>5.<\/strong> za, <strong>1<\/strong> radny si\u0119 wstrzyma\u0142 od g\u0142osu.<\/p>\n<p style=\"text-align: justify;\"><a href=\"http:\/\/grzegorzjaszczura.pl\/http:\/\/grzegorzjaszczura.pl\/wp-content\/uploads\/2024\/11\/7.jpg\"><img loading=\"lazy\" decoding=\"async\" class=\"alignnone size-thumbnail wp-image-69355\" src=\"http:\/\/grzegorzjaszczura.pl\/http:\/\/grzegorzjaszczura.pl\/wp-content\/uploads\/2024\/11\/7-150x150.jpg\" alt=\"\" width=\"150\" height=\"150\" \/><\/a>Ale (!), z rozp\u0119du wys\u0142ucha\u0142em nast\u0119pnego punktu programu sesji (druk 121), tj. przyj\u0119cie uchwa\u0142y w sprawie zatwierdzenia Programu Naprawczego <strong>ZCOSS<\/strong> im. S. Starkiewicza na rok 2024 (podkre\u015blam, \u017ce na 2024 r., w ko\u0144cu mamy listopad 2024 r. i projekt programu naprawczego na 2024 r. mo\u017cemy realizowa\u0107 na pewniaka?!). <a href=\"http:\/\/grzegorzjaszczura.pl\/http:\/\/grzegorzjaszczura.pl\/wp-content\/uploads\/2024\/11\/3.jpg\"><img loading=\"lazy\" decoding=\"async\" class=\"alignnone size-thumbnail wp-image-69376\" src=\"http:\/\/grzegorzjaszczura.pl\/http:\/\/grzegorzjaszczura.pl\/wp-content\/uploads\/2024\/11\/3-150x150.jpg\" alt=\"\" width=\"150\" height=\"150\" \/><\/a>Tu, nie wdaj\u0105c si\u0119 w szczeg\u00f3\u0142y, warto by\u0142o wys\u0142ucha\u0107 merytorycznych pyta\u0144 radnej <strong>T. Duraj-Fert<\/strong> (bezpartyjna, podobnie, jak obecnie Pan Prezydent <strong>M. Bazylak<\/strong>) dotycz\u0105cych tego\u017c Programu Naprawczego. Mo\u017cna by\u0142o dowiedzie\u0107 si\u0119 z odpowiedzi, \u017ce wszystko b\u0119dzie robione w szpitalu, tylko niestety dopiero w przysz\u0142o\u015bci. Tak\u0105 przyk\u0142adowo budow\u0119 budynku oddzia\u0142u <strong>ZCO<\/strong>, budowanego przez koalicj\u0119 <span style=\"color: #ff0000;\">PO-Lewica<\/span> (\u017ceby nie napisa\u0107 szerzej przez uk\u0142ad) z miernym skutkiem ju\u017c od kilkunastu lat, b\u0119dziemy jednak kontynuowa\u0107. Ale w 2025 r. z funduszy Ministerstwa Zdrowia (wielko\u015bci <strong>15 mln z\u0142<\/strong>) &#8211; b\u0119dzie to parter. Miasto musi do\u0142o\u017cy\u0107 na nowy podjazd (\u017ce przy budowie oddzia\u0142u ZCO nie przewidziano tego w kontrakcie za <span style=\"color: #ff0000;\">169 mln z\u0142<\/span>?!), wyposa\u017cenie, etc. (Dobrze, \u017ce podmiot za\u0142o\u017cycielski dla szpitala <strong>ZCOSS<\/strong>, czyli Rada Miejska o tym wie!, ale na wszelki wypadek nale\u017cy to podkre\u015bla\u0107!). Pierwsze pi\u0119tro &#8211; oddzia\u0142 anestezjologii i intensywnej terapii &#8211; nie zrozumia\u0142em sk\u0105d fundusze, a je\u017celi chodzi o drugie pi\u0119tro, to b\u0119dzie to ze \u015brodk\u00f3w z Ministerstwa Zdrowia, z KPO, ze \u015brodk\u00f3w na onkologi\u0119. Zobaczymy. W kontek\u015bcie deterioracji budynku wybudowanego 10 lat temu i nowych absurdalnych pomys\u0142\u00f3w lewackiej tzw. <a href=\"https:\/\/grzegorzjaszczura.pl\/?p=69120#more-69120\"><span style=\"color: #ff0000;\"><strong>Unii Europejskiej<\/strong><\/span><\/a>, dotycz\u0105cych cho\u0107by wymaga\u0144 energetycznych czarno to widz\u0119.<\/p>\n<p style=\"text-align: justify;\">Tu zaznacz\u0119, \u017ce <em>stricte<\/em> wynik finansowy szpitala uleg\u0142 poprawie, za I p\u00f3\u0142rocze nie ma straty, jest <strong>4,907 mln z\u0142<\/strong> na plusie. Ale co do zobowi\u0105za\u0144 i rezerw na zobowi\u0105zania to z <span style=\"color: #ff0000;\"><strong>297,7 mln z\u0142<\/strong> <\/span>na koniec 2023 r. maj\u0105 one zmale\u0107 do kwoty <span style=\"color: #ff0000;\"><strong>295,5 mln z\u0142<\/strong><\/span> na koniec 2024 r. W tym tempie (2,2 mln z\u0142 na rok) <span style=\"color: #ff0000;\"><strong>dojd\u0105 do zera za 134 lata!<\/strong><\/span><\/p>\n<p style=\"text-align: justify;\"><strong>O\u015bwiadczenie na sesji w sprawie Programu Naprawczego wyda\u0142 tak\u017ce klub radnych <span style=\"color: #ff0000;\">PIS<\/span> i tu dochodzimy do meritum dzisiejszego wpisu.<\/strong> Albowiem <strong>Pan Prezydent odni\u00f3s\u0142 si\u0119<\/strong> i to skrajnie krytycznie do klubu radnych <span style=\"color: #ff0000;\"><strong>PIS<\/strong><\/span> i tego\u017c o\u015bwiadczenia, <strong>maj\u0105c oczywi\u015bcie racj\u0119!<\/strong> Na dodatek u\u017cy\u0142 mojej skromnej osoby do tego. I musz\u0119 od razu stwierdzi\u0107, \u017ce nie mam mu tego za z\u0142e, bo odebra\u0142em jego komentarz do <strong><span style=\"color: #ff0000;\">PISu<\/span> <\/strong>bardzo pozytywnie, je\u017celi chodzi o moj\u0105 osob\u0119! Zobacz zreszt\u0105: <a href=\"https:\/\/youtu.be\/gVNCLIS4E-w\">https:\/\/youtu.be\/gVNCLIS4E-w<\/a>. <strong>Troch\u0119 po czasie, ale zawsze trzeba za docenienie podzi\u0119kowa\u0107! A\u017c dziw, \u017ce pami\u0119ta moj\u0105 skromn\u0105 osob\u0119. Widocznie moje argumenty mia\u0142y dobre, udokumentowane podstawy.<br \/>\n<\/strong><\/p>\n<p style=\"text-align: justify;\"><a href=\"http:\/\/grzegorzjaszczura.pl\/http:\/\/grzegorzjaszczura.pl\/wp-content\/uploads\/2024\/11\/Bazylak.jpg\"><img loading=\"lazy\" decoding=\"async\" class=\"alignnone size-thumbnail wp-image-69377\" src=\"http:\/\/grzegorzjaszczura.pl\/http:\/\/grzegorzjaszczura.pl\/wp-content\/uploads\/2024\/11\/Bazylak-150x150.jpg\" alt=\"\" width=\"150\" height=\"150\" \/><\/a>Pan Prezydent <strong>M. Bazylak<\/strong> obna\u017cy\u0142 d\u0105browski <span style=\"color: #ff0000;\"><strong>PIS<\/strong><\/span>! I st\u0105d tytu\u0142 dzisiejszego wpisu: <strong>PIS JEST NAGI!<\/strong> Nale\u017ca\u0142oby u\u015bci\u015bli\u0107, \u017ce d\u0105browski\/zag\u0142\u0119biowski<strong>!<\/strong> Bo tak jest wg mnie w ca\u0142ym okr\u0119gu nr 32, po kierowaniu nim przez Pani\u0105 Pose\u0142 <strong>E. Malik<\/strong> przez <em>circa<\/em> 20 lat (zreszt\u0105 w duecie z Panem Pos\u0142em <strong>W. Andzelem<\/strong>)! Jak <span style=\"color: #ff0000;\"><strong>PIS<\/strong><\/span> do\u0142owa\u0142 mo\u017cesz <strong>Szanowny Czytelniku<\/strong> przeczyta\u0107 np. tutaj: <a href=\"https:\/\/grzegorzjaszczura.pl\/?p=67592#more-67592\"><em><strong>Kompromitacja pose\u0142 E. Malik<\/strong><\/em><\/a> lub <a href=\"https:\/\/grzegorzjaszczura.pl\/?p=66394#more-66394\"><em><strong>Kiedy Pose\u0142 E. Malik poda si\u0119 do dymisji?<\/strong><\/em><\/a> (polecam te\u017c komentarze przy tych wpisach). Jego sympatykom mo\u017ce by\u0107 tylko przykro.<\/p>\n<p style=\"text-align: justify;\">Trzeba przyzna\u0107, \u017ce <strong>Pan Prezydent czasami bardzo bystro reaguje.<\/strong> Pami\u0119tam, jak zwr\u00f3ci\u0142 uwag\u0119 jednemu z radnych <strong><span style=\"color: #ff0000;\">PIS<\/span><\/strong>, \u017ce huta (czyli tak\u017ce Huta Katowice\/ArcelorMittal) jednak pyli, a by\u0142o to dla tego\u017c radnego in\u017cyniera zaskoczeniem (sesja absolutoryjna 17.05.2023 r., zobacz: <a href=\"https:\/\/grzegorzjaszczura.pl\/?p=63545#more-63545\">https:\/\/grzegorzjaszczura.pl\/?p=63545#more-63545<\/a>). <strong>To te\u017c by\u0142o dobre Panie Prezydencie!<\/strong> Czy\u017cby sk\u0142ad Klubu Radnych <span style=\"color: #ff0000;\"><strong>PiS<\/strong> <\/span>dawa\u0142 gwarancje obciachu?<\/p>\n","protected":false},"excerpt":{"rendered":"<p>Tytu\u0142 dzisiejszego wpisu nasun\u0105\u0142 mi si\u0119 w zwi\u0105zku z wypowiedzi\u0105 Pana Prezydenta M. Bazylaka (lewica bezpartyjna) na sesji Rady Miejskiej D\u0105browy G\u00f3rniczej w dniu 20.11.2024 r. Zanim do tego przejd\u0119 wyja\u015bni\u0119 dlaczego rzuci\u0142em uchem na sesj\u0119 listopadow\u0105 Rady Miejskiej. Przyczyn\u0105 by\u0142y planowane na sesji podwy\u017cki podatk\u00f3w od nieruchomo\u015bci, podwy\u017cki coroczne i maksymalne (szczeg\u00f3lnie, je\u017celi chodzi [&hellip;]<\/p>\n","protected":false},"author":2,"featured_media":0,"comment_status":"open","ping_status":"open","sticky":false,"template":"","format":"standard","meta":{"_monsterinsights_skip_tracking":false,"_monsterinsights_sitenote_active":false,"_monsterinsights_sitenote_note":"","_monsterinsights_sitenote_category":0,"footnotes":""},"categories":[3],"tags":[],"class_list":["post-69293","post","type-post","status-publish","format-standard","hentry","category-polityczne"],"_links":{"self":[{"href":"https:\/\/grzegorzjaszczura.pl\/index.php?rest_route=\/wp\/v2\/posts\/69293","targetHints":{"allow":["GET"]}}],"collection":[{"href":"https:\/\/grzegorzjaszczura.pl\/index.php?rest_route=\/wp\/v2\/posts"}],"about":[{"href":"https:\/\/grzegorzjaszczura.pl\/index.php?rest_route=\/wp\/v2\/types\/post"}],"author":[{"embeddable":true,"href":"https:\/\/grzegorzjaszczura.pl\/index.php?rest_route=\/wp\/v2\/users\/2"}],"replies":[{"embeddable":true,"href":"https:\/\/grzegorzjaszczura.pl\/index.php?rest_route=%2Fwp%2Fv2%2Fcomments&post=69293"}],"version-history":[{"count":71,"href":"https:\/\/grzegorzjaszczura.pl\/index.php?rest_route=\/wp\/v2\/posts\/69293\/revisions"}],"predecessor-version":[{"id":69401,"href":"https:\/\/grzegorzjaszczura.pl\/index.php?rest_route=\/wp\/v2\/posts\/69293\/revisions\/69401"}],"wp:attachment":[{"href":"https:\/\/grzegorzjaszczura.pl\/index.php?rest_route=%2Fwp%2Fv2%2Fmedia&parent=69293"}],"wp:term":[{"taxonomy":"category","embeddable":true,"href":"https:\/\/grzegorzjaszczura.pl\/index.php?rest_route=%2Fwp%2Fv2%2Fcategories&post=69293"},{"taxonomy":"post_tag","embeddable":true,"href":"https:\/\/grzegorzjaszczura.pl\/index.php?rest_route=%2Fwp%2Fv2%2Ftags&post=69293"}],"curies":[{"name":"wp","href":"https:\/\/api.w.org\/{rel}","templated":true}]}}