{"id":6977,"date":"2010-11-18T16:53:00","date_gmt":"2010-11-18T14:53:00","guid":{"rendered":"http:\/\/grzegorzjaszczura.pl\/?p=6977"},"modified":"2010-11-18T16:53:00","modified_gmt":"2010-11-18T14:53:00","slug":"grzegorz-jaszczura-lista-nr-4-po-pozycja-nr-2-w-okregu-nr-2","status":"publish","type":"post","link":"https:\/\/grzegorzjaszczura.pl\/?p=6977","title":{"rendered":"Grzegorz Jaszczura &#8211; lista nr 4 (PO), pozycja nr 2 w okr\u0119gu nr 2"},"content":{"rendered":"<p style=\"text-align: justify;\"><span style=\"color: #0000ff;\"><strong><a href=\"http:\/\/grzegorzjaszczura.pl\/http:\/\/grzegorzjaszczura.pl\/wp-content\/uploads\/2010\/11\/IMG_8097-got-strona2.jpg\"><img loading=\"lazy\" decoding=\"async\" class=\"alignleft size-medium wp-image-6982\" title=\"IMG_8097 got strona\" src=\"http:\/\/grzegorzjaszczura.pl\/http:\/\/grzegorzjaszczura.pl\/wp-content\/uploads\/2010\/11\/IMG_8097-got-strona2-200x300.jpg\" alt=\"IMG_8097 got strona\" width=\"200\" height=\"300\" srcset=\"https:\/\/grzegorzjaszczura.pl\/http:\/\/grzegorzjaszczura.pl\/wp-content\/uploads\/2010\/11\/IMG_8097-got-strona2-200x300.jpg 200w, https:\/\/grzegorzjaszczura.pl\/http:\/\/grzegorzjaszczura.pl\/wp-content\/uploads\/2010\/11\/IMG_8097-got-strona2.jpg 600w\" sizes=\"auto, (max-width: 200px) 100vw, 200px\" \/><\/a>Jeszcze raz, poniewa\u017c wybory tu\u017c tu\u017c, prezentuj\u0119 si\u0119 Wielce Czcigodnym Pa\u0144stwu jako kandydat do Rady Miasta w D\u0105browie G\u00f3rniczej:<\/strong><\/span><\/p>\n<p style=\"text-align: justify;\"><em><strong><span style=\"color: #0000ff;\"><span style=\"color: #ff6600;\">\u201c<\/span><span style=\"color: #ff6600;\">G\u0142\u00f3wnym  powodem mojego kandydowania do w\u0142adz naszego miasta jest ch\u0119\u0107  kontynuowania pracy, kt\u00f3r\u0105 rozpocz\u0105\u0142em cztery lata temu w Radzie Miasta.  Polega ona na dbaniu o dobro mieszka\u0144c\u00f3w teraz i w przysz\u0142o\u015bci. <\/span><span style=\"color: #ff6600;\">Chcia\u0142bym  sprawi\u0107 swoj\u0105 prac\u0105, aby urz\u0119dnicy byli kompetentni, przyja\u017ani, \u017ceby  nie marnowali naszych ci\u0119\u017cko zarobionych pieni\u0119dzy, a tak\u017ce u\u0142atwi\u0107  przedsi\u0119biorcom\u00a0 dzia\u0142alno\u015b\u0107 w D\u0105browie G\u00f3rniczej.<!--more--><\/span><\/span><\/strong><\/em><\/p>\n<p style=\"text-align: justify;\"><span style=\"color: #ff6600;\"><em><strong> <\/strong><\/em><\/span><\/p>\n<p style=\"text-align: justify;\"><span style=\"color: #ff6600;\"><em><strong> \u201eW co wierz\u0119? \u2026 (\u2026)<\/strong><\/em><\/span><\/p>\n<p style=\"text-align: justify;\"><span style=\"color: #ff6600;\"><em><strong>\u017be nie nale\u017cy k\u0142ama\u0107 \u2026 ja tak s\u0105dz\u0119\u201d<\/strong><\/em><\/span><\/p>\n<p style=\"text-align: justify;\"><span style=\"color: #ff6600;\"><em><strong>Juliusz S\u0142owacki \u201eBeniowski\u201d<\/strong><\/em><\/span><\/p>\n<p style=\"text-align: justify;\"><span style=\"color: #ff6600;\"><em><strong> <\/strong><\/em><\/span><\/p>\n<p style=\"text-align: justify;\"><span style=\"color: #ff6600;\"><em><strong>Urodzi\u0142em  si\u0119 w D\u0105browie G\u00f3rniczej w 1958 roku. Tutaj uko\u0144czy\u0142em I L.O. im. W.  \u0141ukasi\u0144skiego, potem Wydzia\u0142 Budownictwa Politechniki \u015al\u0105skiej w  Gliwicach oraz studia podyplomowe Rachunkowo\u015b\u0107 i Finanse na  Uniwersytecie Ekonomicznym w Krakowie.<\/strong><\/em><\/span><\/p>\n<p style=\"text-align: justify;\"><span style=\"color: #ff6600;\"><em><strong><a href=\"http:\/\/grzegorzjaszczura.pl\/http:\/\/grzegorzjaszczura.pl\/wp-content\/uploads\/2010\/11\/IMG_8050-got1-strona1.jpg\"><img loading=\"lazy\" decoding=\"async\" class=\"alignleft size-thumbnail wp-image-6986\" title=\"IMG_8050 got1 strona\" src=\"http:\/\/grzegorzjaszczura.pl\/http:\/\/grzegorzjaszczura.pl\/wp-content\/uploads\/2010\/11\/IMG_8050-got1-strona1-150x150.jpg\" alt=\"IMG_8050 got1 strona\" width=\"150\" height=\"150\" \/><\/a>Jestem  \u017conaty, mam dwie c\u00f3rki. Prowadz\u0119 w\u0142asn\u0105 dzia\u0142alno\u015b\u0107 gospodarcz\u0105.  Zajmuj\u0119 si\u0119 tak\u017ce dzia\u0142alno\u015bci\u0105 \u00a0spo\u0142eczn\u0105 i charytatywn\u0105. Publikuj\u0119  artyku\u0142y na tematy gospodarczo-polityczne. Moje hobby to sport (pi\u0142ka  no\u017cna i bryd\u017c), falerystyka oraz literatura science fiction.<\/strong><\/em><\/span><\/p>\n<p style=\"text-align: justify;\"><span style=\"color: #ff6600;\"><em><strong> <\/strong><\/em><\/span><\/p>\n<p style=\"text-align: justify;\"><span style=\"color: #ff6600;\"><em><strong>Ca\u0142e  moje \u017cycie jest zwi\u0105zane z D\u0105brow\u0105 G\u00f3rnicz\u0105. Dlatego w obecnej kadencji  samorz\u0105dowej zabiega\u0142em o polepszenie warunk\u00f3w \u017cycia mieszka\u0144c\u00f3w  naszego miasta. Moje \u00a0osi\u0105gni\u0119cia w pracy radnego to:<\/strong><\/em><\/span><\/p>\n<p style=\"text-align: justify;\"><span style=\"color: #ff6600;\"><em><strong>&#8211;\u00a0 umo\u017cliwienie wykupu mieszka\u0144 komunalnych z zasob\u00f3w gminy przez mieszka\u0144c\u00f3w z bonifikat\u0105 do 90% i zwrotem kaucji.<\/strong><\/em><\/span><\/p>\n<p style=\"text-align: justify;\"><span style=\"color: #ff6600;\"><em><strong>&#8211;\u00a0 zwi\u0119kszenie ilo\u015bci miejsc parkingowych w mie\u015bcie<\/strong><\/em><\/span><\/p>\n<p style=\"text-align: justify;\"><span style=\"color: #ff6600;\"><em><strong>&#8211;\u00a0 likwidacja op\u0142aty od posiadania ps\u00f3w<\/strong><\/em><\/span><\/p>\n<p style=\"text-align: justify;\"><span style=\"color: #ff6600;\"><em><strong>&#8211;  liczne interpelacje dotycz\u0105ce finansowania sp\u00f3\u0142ki Nemo Wodny \u015awiat sp. z  o.o. z pieni\u0119dzy podatnik\u00f3w, gospodarki odpadami komunalnymi w gminie,  funkcjonowania Stra\u017cy Miejskiej<\/strong><\/em><\/span><\/p>\n<p style=\"text-align: justify;\"><span style=\"color: #ff6600;\"><em><strong>&#8211;\u00a0 wyst\u0105pienia\u00a0 przeciwko wprowadzeniu op\u0142at adiacenckich w naszej gminie<\/strong><\/em><\/span><\/p>\n<p style=\"text-align: justify;\"><span style=\"color: #ff6600;\"><em><strong>&#8211;\u00a0 projekt\u00a0\u00a0\u00a0 uchwa\u0142y d\u0105\u017c\u0105cej do zmniejszenia diet radnym o 50%.<\/strong><\/em><\/span><\/p>\n<p style=\"text-align: justify;\"><span style=\"color: #ff6600;\"><em><strong> <\/strong><\/em><\/span><\/p>\n<p style=\"text-align: justify;\"><span style=\"color: #ff6600;\"><em><strong>Walka  z marnotrawieniem pieni\u0119dzy mieszka\u0144c\u00f3w by\u0142a, jest i b\u0119dzie (je\u017celi  otrzymam taki mandat od Wyborc\u00f3w) moim podstawowym celem dzia\u0142a\u0144 w  Radzie Miasta.<\/strong><\/em><\/span><\/p>\n<p style=\"text-align: right;\"><span style=\"color: #ff6600;\"><em><strong><span style=\"color: #0000ff;\">Grzegorz Jaszczura<\/span>\u201c<\/strong><\/em><\/span><\/p>\n","protected":false},"excerpt":{"rendered":"<p>Jeszcze raz, poniewa\u017c wybory tu\u017c tu\u017c, prezentuj\u0119 si\u0119 Wielce Czcigodnym Pa\u0144stwu jako kandydat do Rady Miasta w D\u0105browie G\u00f3rniczej: \u201cG\u0142\u00f3wnym powodem mojego kandydowania do w\u0142adz naszego miasta jest ch\u0119\u0107 kontynuowania pracy, kt\u00f3r\u0105 rozpocz\u0105\u0142em cztery lata temu w Radzie Miasta. Polega ona na dbaniu o dobro mieszka\u0144c\u00f3w teraz i w przysz\u0142o\u015bci. Chcia\u0142bym sprawi\u0107 swoj\u0105 prac\u0105, aby [&hellip;]<\/p>\n","protected":false},"author":2,"featured_media":0,"comment_status":"open","ping_status":"open","sticky":false,"template":"","format":"standard","meta":{"_monsterinsights_skip_tracking":false,"_monsterinsights_sitenote_active":false,"_monsterinsights_sitenote_note":"","_monsterinsights_sitenote_category":0,"footnotes":""},"categories":[3],"tags":[],"class_list":["post-6977","post","type-post","status-publish","format-standard","hentry","category-polityczne"],"_links":{"self":[{"href":"https:\/\/grzegorzjaszczura.pl\/index.php?rest_route=\/wp\/v2\/posts\/6977","targetHints":{"allow":["GET"]}}],"collection":[{"href":"https:\/\/grzegorzjaszczura.pl\/index.php?rest_route=\/wp\/v2\/posts"}],"about":[{"href":"https:\/\/grzegorzjaszczura.pl\/index.php?rest_route=\/wp\/v2\/types\/post"}],"author":[{"embeddable":true,"href":"https:\/\/grzegorzjaszczura.pl\/index.php?rest_route=\/wp\/v2\/users\/2"}],"replies":[{"embeddable":true,"href":"https:\/\/grzegorzjaszczura.pl\/index.php?rest_route=%2Fwp%2Fv2%2Fcomments&post=6977"}],"version-history":[{"count":19,"href":"https:\/\/grzegorzjaszczura.pl\/index.php?rest_route=\/wp\/v2\/posts\/6977\/revisions"}],"predecessor-version":[{"id":7111,"href":"https:\/\/grzegorzjaszczura.pl\/index.php?rest_route=\/wp\/v2\/posts\/6977\/revisions\/7111"}],"wp:attachment":[{"href":"https:\/\/grzegorzjaszczura.pl\/index.php?rest_route=%2Fwp%2Fv2%2Fmedia&parent=6977"}],"wp:term":[{"taxonomy":"category","embeddable":true,"href":"https:\/\/grzegorzjaszczura.pl\/index.php?rest_route=%2Fwp%2Fv2%2Fcategories&post=6977"},{"taxonomy":"post_tag","embeddable":true,"href":"https:\/\/grzegorzjaszczura.pl\/index.php?rest_route=%2Fwp%2Fv2%2Ftags&post=6977"}],"curies":[{"name":"wp","href":"https:\/\/api.w.org\/{rel}","templated":true}]}}