{"id":69941,"date":"2025-02-25T09:44:35","date_gmt":"2025-02-25T08:44:35","guid":{"rendered":"https:\/\/grzegorzjaszczura.pl\/?p=69941"},"modified":"2025-02-27T12:44:57","modified_gmt":"2025-02-27T11:44:57","slug":"trzecia-plec-w-dabrowie-gorniczej","status":"publish","type":"post","link":"https:\/\/grzegorzjaszczura.pl\/?p=69941","title":{"rendered":"Trzecia p\u0142e\u0107 w D\u0105browie G\u00f3rniczej?"},"content":{"rendered":"<p style=\"text-align: justify;\"><a href=\"http:\/\/grzegorzjaszczura.pl\/http:\/\/grzegorzjaszczura.pl\/wp-content\/uploads\/2025\/02\/Screenshot-2025-02-05-at-10-15-19-Trzecia-plec-w-warszawskim-ratuszu.-Urzednicy-dostali-nowy-podrecznik-a-tam-iksatywy-Niezalezna.pl_.jpg\"><img loading=\"lazy\" decoding=\"async\" class=\"alignnone size-thumbnail wp-image-69963\" src=\"http:\/\/grzegorzjaszczura.pl\/http:\/\/grzegorzjaszczura.pl\/wp-content\/uploads\/2025\/02\/Screenshot-2025-02-05-at-10-15-19-Trzecia-plec-w-warszawskim-ratuszu.-Urzednicy-dostali-nowy-podrecznik-a-tam-iksatywy-Niezalezna.pl_-150x150.jpg\" alt=\"\" width=\"150\" height=\"150\" \/><\/a><strong>Jednym z temat\u00f3w zast\u0119pczych, jaki ta istniej\u0105ca celebria polityczna w Polsce wa\u0142kuje, to <em>problem<\/em> ilo\u015bci p\u0142ci ludzkich.<\/strong> Najlepsze jest rozumowanie skrajnego lewactwa, kt\u00f3re dochodzi akurat przed wyborami do wniosku, \u017ce s\u0105 jednak dwie p\u0142cie (przynajmniej wg obowi\u0105zuj\u0105cego na szcz\u0119\u015bcie wci\u0105\u017c prawa). Oni przecie\u017c w porywach nawet twierdzili, \u017ce jest ich pi\u0119\u0107dziesi\u0105t kilka. Oczywi\u015bcie po wyborach tych p\u0142ci rzeczywi\u015bcie b\u0119dzie ju\u017c drastycznie wi\u0119cej. S\u0105dz\u0119, \u017ce przynajmniej trzy, tak jak to przedstawi\u0142 Pan Prezydent<!--more--> podobno miasta sto\u0142ecznego Warszawa <strong>R. Trzaskowski<\/strong> (<span style=\"color: #ff0000;\"><strong>PO<\/strong><\/span>) swoim pracownikom\/urz\u0119dnikom w <strong>grudniu 2024 r.<\/strong> w broszurce informacyjnej <strong>&#8222;Poradnik empatycznej i skutecznej komunikacji&#8221;<\/strong>.<\/p>\n<p style=\"text-align: justify;\"><a href=\"http:\/\/grzegorzjaszczura.pl\/http:\/\/grzegorzjaszczura.pl\/wp-content\/uploads\/2025\/02\/MRM-2020-2022.jpg\"><img loading=\"lazy\" decoding=\"async\" class=\"alignnone size-thumbnail wp-image-69967\" src=\"http:\/\/grzegorzjaszczura.pl\/http:\/\/grzegorzjaszczura.pl\/wp-content\/uploads\/2025\/02\/MRM-2020-2022-150x150.jpg\" alt=\"\" width=\"150\" height=\"150\" \/><\/a>Niestety, pewnie ma\u0142o kto wie, \u017ce <em>prekursor\u00f3w<\/em> trzeciej p\u0142ci w urz\u0119dach w Polsce, nale\u017cy szuka\u0107 w D\u0105browie G\u00f3rniczej! To w\u0142a\u015bnie tu <em><span style=\"color: #ff0000;\">awangarda lewactwa<\/span><\/em> w postaci <strong>M\u0142odzie\u017cowej Rady Miasta<\/strong>, (ta co zainaugurowa\u0142a sw\u0105 dzia\u0142alno\u015b\u0107 22.06.2020 r.) jeszcze w <strong>2021 r.<\/strong> uchwali\u0142a konieczno\u015b\u0107 przystosowania ubikacji w Urz\u0119dzie Miejskim w D\u0105browie G\u00f3rniczej dla ludzi, kt\u00f3rzy akurat nie czuj\u0105 si\u0119 m\u0119\u017cczyzn\u0105 czy kobiet\u0105, jak rozumia\u0142em w danym dniu. Oczywi\u015bcie sformu\u0142owania uchwa\u0142y by\u0142y du\u017co bardziej naukowe i lewicowe, ale w praktyce sprowadzi\u0142o si\u0119 to do powy\u017cszego. Inna sprawa, \u017ce nigdy przyk\u0142adowo, mi jako radnemu, nie przedstawiono tre\u015bci tego kuriozum.<\/p>\n<p style=\"text-align: justify;\"><a href=\"http:\/\/grzegorzjaszczura.pl\/http:\/\/grzegorzjaszczura.pl\/wp-content\/uploads\/2025\/02\/IMG_20211124_131014.jpg\"><img loading=\"lazy\" decoding=\"async\" class=\"alignnone size-thumbnail wp-image-69961\" src=\"http:\/\/grzegorzjaszczura.pl\/http:\/\/grzegorzjaszczura.pl\/wp-content\/uploads\/2025\/02\/IMG_20211124_131014-150x150.jpg\" alt=\"\" width=\"150\" height=\"150\" \/><\/a>Pan Prezydent <strong>M. Bazylak<\/strong> (<span style=\"color: #ff0000;\">skrajna bezpartyjna lewica<\/span>) nawet poszed\u0142 im na r\u0119k\u0119 i usun\u0105\u0142 symbole tr\u00f3jk\u0105ta i k\u00f3\u0142ka z drzwi do ubikacji, szcz\u0119\u015bliwie dla pracownik\u00f3w urz\u0119du jedynie na poziomie sali sesyjnej (foto obok). Na pozosta\u0142ych pi\u0119trach budynku <a href=\"https:\/\/grzegorzjaszczura.pl\/?p=22934#more-22934\"><strong>Centrum Administracji<\/strong><\/a>, tej\u017ce uchwa\u0142y Rady M\u0142odzie\u017cowej nie zrealizowano, przynajmniej w tym zakresie. Tak w og\u00f3le zapanowa\u0142a dziwna cisza dotycz\u0105ca tego tematu.<\/p>\n<p style=\"text-align: justify;\">By\u0142o to ko\u0142o listopada<strong> 2021 r.<\/strong> Nawet zada\u0142em wtedy na sesji Rady Miejskiej pytanie Panu Prezydentowi w tej bulwersuj\u0105cej mnie sprawie, tzn usuni\u0119cia tych og\u00f3lno\u015bwiatowych oznacze\u0144 dla toalet, ale zby\u0142 mnie odpowiedzi\u0105, \u017ce <em>Pan radny wie dlaczego<\/em>. Sam chyba nie wiedzia\u0142 co powiedzie\u0107. Zainteresowa\u0142em si\u0119 tym, poniewa\u017c dopytywano mnie czy jak ta uchwa\u0142a wejdzie pod obrady <strong>Rady Miejskiej D\u0105browy G\u00f3rniczej<\/strong> zag\u0142osuj\u0119 za ni\u0105! Prawd\u0119 pisz\u0105c prawie \u017ce zaniem\u00f3wi\u0142em! Co si\u0119 obecnie dzieje z uchwa\u0142\u0105 Rady M\u0142odzie\u017cowej Miasta niestety nie wiem, aczkolwiek taka broszurka wydana przez Prezydenta Warszawy urz\u0119dnikom mo\u017ce da\u0107 nowy impuls do dzia\u0142ania lewicowcom w ca\u0142ej Polsce, a nie tylko w D\u0105browie G\u00f3rniczej.<\/p>\n<p style=\"text-align: justify;\"><a href=\"http:\/\/grzegorzjaszczura.pl\/http:\/\/grzegorzjaszczura.pl\/wp-content\/uploads\/2025\/02\/Screenshot-2025-02-05-at-10-18-58-Trzecia-plec-w-warszawskim-ratuszu.-Urzednicy-dostali-nowy-podrecznik-a-tam-iksatywy-Niezalezna.pl_.jpg\"><img loading=\"lazy\" decoding=\"async\" class=\"alignnone size-thumbnail wp-image-69965\" src=\"http:\/\/grzegorzjaszczura.pl\/http:\/\/grzegorzjaszczura.pl\/wp-content\/uploads\/2025\/02\/Screenshot-2025-02-05-at-10-18-58-Trzecia-plec-w-warszawskim-ratuszu.-Urzednicy-dostali-nowy-podrecznik-a-tam-iksatywy-Niezalezna.pl_-150x150.jpg\" alt=\"\" width=\"150\" height=\"150\" \/><\/a>Czy b\u0119d\u0105 kolejne przer\u00f3bki ubikacji w Polsce i wi\u0105\u017c\u0105ce si\u0119 z tym WYDATKI, po najbli\u017cszych wyborach, gdy wygra je przedstawiciel lewak\u00f3w? Zobaczymy, raczej tak. <strong>P\u00f3ki co wszyscy maj\u0105 tematy zast\u0119pcze w kampanii, zamiast zajmowa\u0107 si\u0119 gospodark\u0105, s\u0142u\u017cb\u0105 zdrowia, istniej\u0105cym zahamowaniem inwestycji, dro\u017cyzn\u0105, potencjalnym nap\u0142ywem migrant\u00f3w (i nie mam na my\u015bli kolejnej fali Ukrai\u0144c\u00f3w), biurokracj\u0105, niepracuj\u0105cymi lub pracuj\u0105cymi \u017ale s\u0105dami, sposobem opuszczenia tzw. <span style=\"color: #ff0000;\">Unii Europejskiej<\/span>, <em>etc.<\/em><\/strong> Po prostu tzw. klasa polityczna to zero! Zobacz przyk\u0142adowo: <a href=\"https:\/\/grzegorzjaszczura.pl\/?p=66394#more-66394\"><em><strong>Kiedy Pose\u0142 E. Malik poda si\u0119 do dymisji?<\/strong><\/em><\/a>, ewentualnie <a href=\"https:\/\/grzegorzjaszczura.pl\/?p=69472#more-69472\"><em><strong>MBA &#8211; a jak to jest w PIS?<\/strong><\/em><\/a>. Oczywi\u015bcie to moje zdanie.<\/p>\n<p style=\"text-align: justify;\"><a href=\"http:\/\/grzegorzjaszczura.pl\/http:\/\/grzegorzjaszczura.pl\/wp-content\/uploads\/2025\/02\/IMG_20250217_151106334.jpg\"><img loading=\"lazy\" decoding=\"async\" class=\"alignnone size-thumbnail wp-image-70126\" src=\"http:\/\/grzegorzjaszczura.pl\/http:\/\/grzegorzjaszczura.pl\/wp-content\/uploads\/2025\/02\/IMG_20250217_151106334-150x150.jpg\" alt=\"\" width=\"150\" height=\"150\" \/><\/a>Szcz\u0119\u015bliwie mo\u017ce Prezydent Stan\u00f3w Zjednoczonych <strong>D. Trump<\/strong> ich wyprostuje, a mo\u017ce wystarczy nawet Wiceprezydent <strong>J.D. Vance<\/strong> (na foto obok), kt\u00f3ry zaora\u0142 <span style=\"color: #ff0000;\">unioeuropejskie lewactwo<\/span> ostatnio na konferencji bezpiecze\u0144stwa w Monachium (<strong>RFN<\/strong>) (<strong>14-16.02.2025 r.<\/strong>). Oby. Zobacz: <a href=\"https:\/\/www.youtube.com\/watch?v=5ozWZQFQw74\">https:\/\/www.youtube.com\/watch?v=5ozWZQFQw74<\/a>.<\/p>\n<p><span style=\"color: #0000ff;\"><strong>Ps <\/strong><\/span>Co to jest \u0142o\u0142k (<em>woke<\/em>): <a href=\"https:\/\/www.totylkoteoria.pl\/ideologia-lolk-woke\/\">https:\/\/www.totylkoteoria.pl\/ideologia-lolk-woke\/<\/a>.<\/p>\n<p><span style=\"color: #0000ff;\"><strong>Ps ps<\/strong> <\/span>Foto ze strony MRM i Niezale\u017cnej.<\/p>\n","protected":false},"excerpt":{"rendered":"<p>Jednym z temat\u00f3w zast\u0119pczych, jaki ta istniej\u0105ca celebria polityczna w Polsce wa\u0142kuje, to problem ilo\u015bci p\u0142ci ludzkich. Najlepsze jest rozumowanie skrajnego lewactwa, kt\u00f3re dochodzi akurat przed wyborami do wniosku, \u017ce s\u0105 jednak dwie p\u0142cie (przynajmniej wg obowi\u0105zuj\u0105cego na szcz\u0119\u015bcie wci\u0105\u017c prawa). Oni przecie\u017c w porywach nawet twierdzili, \u017ce jest ich pi\u0119\u0107dziesi\u0105t kilka. Oczywi\u015bcie po wyborach [&hellip;]<\/p>\n","protected":false},"author":2,"featured_media":0,"comment_status":"open","ping_status":"open","sticky":false,"template":"","format":"standard","meta":{"_monsterinsights_skip_tracking":false,"_monsterinsights_sitenote_active":false,"_monsterinsights_sitenote_note":"","_monsterinsights_sitenote_category":0,"footnotes":""},"categories":[3],"tags":[],"class_list":["post-69941","post","type-post","status-publish","format-standard","hentry","category-polityczne"],"_links":{"self":[{"href":"https:\/\/grzegorzjaszczura.pl\/index.php?rest_route=\/wp\/v2\/posts\/69941","targetHints":{"allow":["GET"]}}],"collection":[{"href":"https:\/\/grzegorzjaszczura.pl\/index.php?rest_route=\/wp\/v2\/posts"}],"about":[{"href":"https:\/\/grzegorzjaszczura.pl\/index.php?rest_route=\/wp\/v2\/types\/post"}],"author":[{"embeddable":true,"href":"https:\/\/grzegorzjaszczura.pl\/index.php?rest_route=\/wp\/v2\/users\/2"}],"replies":[{"embeddable":true,"href":"https:\/\/grzegorzjaszczura.pl\/index.php?rest_route=%2Fwp%2Fv2%2Fcomments&post=69941"}],"version-history":[{"count":63,"href":"https:\/\/grzegorzjaszczura.pl\/index.php?rest_route=\/wp\/v2\/posts\/69941\/revisions"}],"predecessor-version":[{"id":70164,"href":"https:\/\/grzegorzjaszczura.pl\/index.php?rest_route=\/wp\/v2\/posts\/69941\/revisions\/70164"}],"wp:attachment":[{"href":"https:\/\/grzegorzjaszczura.pl\/index.php?rest_route=%2Fwp%2Fv2%2Fmedia&parent=69941"}],"wp:term":[{"taxonomy":"category","embeddable":true,"href":"https:\/\/grzegorzjaszczura.pl\/index.php?rest_route=%2Fwp%2Fv2%2Fcategories&post=69941"},{"taxonomy":"post_tag","embeddable":true,"href":"https:\/\/grzegorzjaszczura.pl\/index.php?rest_route=%2Fwp%2Fv2%2Ftags&post=69941"}],"curies":[{"name":"wp","href":"https:\/\/api.w.org\/{rel}","templated":true}]}}