{"id":70268,"date":"2025-03-26T08:49:48","date_gmt":"2025-03-26T07:49:48","guid":{"rendered":"https:\/\/grzegorzjaszczura.pl\/?p=70268"},"modified":"2025-03-27T08:52:31","modified_gmt":"2025-03-27T07:52:31","slug":"patodemokracja-w-natarciu","status":"publish","type":"post","link":"https:\/\/grzegorzjaszczura.pl\/?p=70268","title":{"rendered":"Patodemokracja w natarciu"},"content":{"rendered":"<p style=\"text-align: justify;\"><a href=\"http:\/\/grzegorzjaszczura.pl\/http:\/\/grzegorzjaszczura.pl\/wp-content\/uploads\/2025\/03\/SKMBT_C20323030611320-rotated.jpg\"><img loading=\"lazy\" decoding=\"async\" class=\"alignnone size-thumbnail wp-image-70297\" src=\"http:\/\/grzegorzjaszczura.pl\/http:\/\/grzegorzjaszczura.pl\/wp-content\/uploads\/2025\/03\/SKMBT_C20323030611320-150x150.jpg\" alt=\"\" width=\"150\" height=\"150\" \/><\/a><strong>Dzisiaj kilka uwag o tym, jak politycy wszelkich opcji <em>kiwaj\u0105 lud<\/em>, aby realizowa\u0107 swoje niezbyt m\u0105dre i nie maj\u0105ce wiele wsp\u00f3lnego z rzeczywistymi potrzebami wspomnianego ludu idee.<\/strong> U\u017cywaj\u0105 do tego tzw. demokracji. Aczkolwiek w zale\u017cno\u015bci od potrzeb nazywaj\u0105 j\u0105 tak\u0105 a nie inn\u0105 demokracj\u0105. Ostatnio szczeg\u00f3lnie popularna jest w Polsce <em><strong>demokracja walcz\u0105ca<\/strong><\/em>. A z kim walcz\u0105ca, to jest drugorz\u0119dne &#8211; wbrew pozorom! Dla mnie jednak wszystkie te demokracje to <strong>patodemokracje<\/strong>.<!--more--> Zobacz <a href=\"https:\/\/grzegorzjaszczura.pl\/?p=66394#more-66394\"><strong>tak\u017ce<\/strong><\/a>.<\/p>\n<p style=\"text-align: justify;\"><a href=\"http:\/\/grzegorzjaszczura.pl\/http:\/\/grzegorzjaszczura.pl\/wp-content\/uploads\/2025\/03\/IMG_20250221_151826813.jpg\"><img loading=\"lazy\" decoding=\"async\" class=\"alignnone size-thumbnail wp-image-70248\" src=\"http:\/\/grzegorzjaszczura.pl\/http:\/\/grzegorzjaszczura.pl\/wp-content\/uploads\/2025\/03\/IMG_20250221_151826813-150x150.jpg\" alt=\"\" width=\"150\" height=\"150\" \/><\/a>Jak mo\u017cna twierdzi\u0107, \u017ce demokratycznie wybrano ostatnio senatora w Krakowie (16.03.2025 r., w tzw. wyborach uzupe\u0142niaj\u0105cych do Senatu, okr\u0119g wyborczy nr 33), gdy zag\u0142osowa\u0142o na niego (w tym wypadku ni\u0105) <span style=\"color: #ff0000;\"><strong>8%<\/strong> <\/span>uprawnionych do g\u0142osowania (lewaczka z <span style=\"color: #ff0000;\"><strong>PO<\/strong> <\/span>dosta\u0142a 50,1% g\u0142os\u00f3w, przy frekwencji 16,5%!)? I czy ta frekwencja \u015bwiadczy o zaufaniu <em>ludu<\/em> do tej demokracji? Nie s\u0105dz\u0119. I czy <strong>92%<\/strong> uprawnionych do g\u0142osowania, kt\u00f3rzy nie poparli tej kandydatury, nie zrobi\u0142o tego bardziej demokratycznie, ni\u017c te ww. 8%! Mo\u017cna wyci\u0105gn\u0105\u0107 wniosek, \u017ce wszystkie <em>elyty patopolityk\u00f3w<\/em> nie s\u0105 akceptowalne przez wyborc\u00f3w i dlatego nie poszli oni na wybory. <strong>Na pani\u0105 senator elekta g\u0142osowa\u0142 co 13. uprawniony do g\u0142osowania!<\/strong><em><br \/>\n<\/em><\/p>\n<p style=\"text-align: justify;\">Inny przyk\u0142ad z ostatnich <em>normalnych<\/em> wybor\u00f3w prezydenckich w D\u0105browie G\u00f3rniczej w 2024 r. Prezydent <strong>M. Bazylak<\/strong> (tym razem <span style=\"color: #ff0000;\">bezpartyjna skrajna lewica<\/span>) zosta\u0142 wybrany jedynie <span style=\"color: #ff0000;\"><strong>28%<\/strong><\/span> uprawnionych do g\u0142osowania (59,49% g\u0142os\u00f3w, przy frekwencji 47,44%). Jak \u0142atwo obliczy\u0107 <strong>72%<\/strong> uprawnionych do g\u0142osowania mieszka\u0144c\u00f3w D\u0105browy G\u00f3rniczej nie popar\u0142o <strong>M. Bazylaka<\/strong> na Prezydenta Miasta! W tym wypadku <strong>na Prezydenta Miasta M. Bazylaka g\u0142osowa\u0142 co czwarty uprawniony do g\u0142osowania mieszkaniec! <\/strong>Zobacz <a href=\"https:\/\/grzegorzjaszczura.pl\/?p=70101#more-70101\"><strong>tak\u017ce<\/strong><\/a>.<\/p>\n<p style=\"text-align: justify;\">Ci co nie poszli na wybory, to nie poszli dlatego, \u017ce im si\u0119 nie chcia\u0142o(?) czy dlatego, \u017ce nie mieli na kogo zag\u0142osowa\u0107? To pozostanie ich tajemnic\u0105. Jedno jest prawdopodobne: nie wierzyli, \u017ce co\u015b mog\u0105 w tej patodemokracji zmieni\u0107! Oczywi\u015bcie to moje zdanie.<\/p>\n<p style=\"text-align: justify;\"><a href=\"http:\/\/grzegorzjaszczura.pl\/http:\/\/grzegorzjaszczura.pl\/wp-content\/uploads\/2025\/01\/58543684_615964212252140_1934751942144163840_n.jpg\"><img loading=\"lazy\" decoding=\"async\" class=\"alignnone size-thumbnail wp-image-69742\" src=\"http:\/\/grzegorzjaszczura.pl\/http:\/\/grzegorzjaszczura.pl\/wp-content\/uploads\/2025\/01\/58543684_615964212252140_1934751942144163840_n-150x150.jpg\" alt=\"\" width=\"150\" height=\"150\" \/><\/a>Na koniec wyw\u00f3d w temacie tworz\u0105cego si\u0119 faszyzmu w Europie, a co jest jako\u015b niedostrzegane, szczeg\u00f3lnie przez polityk\u00f3w\/patopolityk\u00f3w. Przypominam, \u017ce nawet socjalista narodowy niemiecki (zreszt\u0105 pochodzenia austriackiego), niejaki <strong>A. Hitler<\/strong> (<span style=\"color: #ff0000;\"><strong>NSDAP<\/strong><\/span>) te\u017c zosta\u0142 wybrany demokratycznie, a \u017ce przy okazji kogo\u015b zastraszono czy zabito i nagi\u0119to t\u0119 tzw. demokracj\u0119, kto wtedy o tym by m\u00f3wi\u0142. Argumentem postkomunist\u00f3w w rozmowie jest cz\u0119sto stwierdzenie, \u017ce komunizmu nigdy nie by\u0142o, szczeg\u00f3lnie w tej pararepublice sowieckiej jakim by\u0142a <strong><span style=\"color: #ff0000;\">PRL<\/span><\/strong>. Rzeczywi\u015bcie nigdy im nie uda\u0142o si\u0119 zaimplementowa\u0107 zrealizowanych podstawowych cel\u00f3w komunizmu w praktyczne \u017cycie mas ludzkich, zreszt\u0105 zar\u00f3wno komunizmowi sowieckiemu jak i socjalizmowi narodowemu niemieckiemu (w skr\u00f3cie nowomowy lewackiej: nazizmowi). Niestety podobnie jest\/b\u0119dzie z utopijnymi ideami socjalizmu unioeuropejskiego tzw. <strong><span style=\"color: #ff0000;\">Unii Europejskiej<\/span><\/strong>. Tu mo\u017cna wymienia\u0107 <a href=\"https:\/\/grzegorzjaszczura.pl\/?p=69696#more-69696\"><strong>zielony<\/strong><\/a>, <strong>t\u0119czowy<\/strong> czy <strong>niebieski<\/strong> \u0142ad czy inne ich utopie, cho\u0107by zwi\u0105zane z ilo\u015bci\u0105 p\u0142ci w\u015br\u00f3d ludzi (Glbtqi+). Nawiasem pisz\u0105c <em><span class=\"QXzCSe\"><span id=\"tw-bil-st\" class=\"fJyiwb\">\u00e0 propos<\/span><\/span><\/em> tego ostatniego to nie s\u0142ysza\u0142em, \u017ceby archeologom prowadz\u0105cym wykopaliska przez setki lat uda\u0142o si\u0119 odkopa\u0107 ko\u015bci ludzkie, cho\u0107by potwierdzaj\u0105ce t\u0119 <a href=\"https:\/\/grzegorzjaszczura.pl\/?p=69941#more-69941\"><strong>3. p\u0142e\u0107<\/strong><\/a>, nie pisz\u0105c ju\u017c o tych pozosta\u0142ych pi\u0119\u0107dziesi\u0119ciu kilku.<\/p>\n<p style=\"text-align: justify;\"><a href=\"http:\/\/grzegorzjaszczura.pl\/http:\/\/grzegorzjaszczura.pl\/wp-content\/uploads\/2025\/03\/SKMBT_C20325032508230.jpg\"><img loading=\"lazy\" decoding=\"async\" class=\"alignnone size-thumbnail wp-image-70313\" src=\"http:\/\/grzegorzjaszczura.pl\/http:\/\/grzegorzjaszczura.pl\/wp-content\/uploads\/2025\/03\/SKMBT_C20325032508230-150x150.jpg\" alt=\"\" width=\"150\" height=\"150\" \/><\/a>Zadedykowa\u0142bym wyznawcom <span style=\"color: #ff0000;\">lewactwa unioeuropejskiego<\/span>, zmierzaj\u0105cego moim zdaniem ku socjalizmowi\/faszyzmowi, fragment z Sienkiewicza, oczywi\u015bcie <strong>Henryka Sienkiewicza<\/strong>, (nie myli\u0107 z tym z <span style=\"color: #ff0000;\"><strong>PO<\/strong><\/span>) konkretnie z jego powie\u015bci <strong>&#8222;Wiry&#8221;<\/strong>:<\/p>\n<p style=\"text-align: justify;\">&#8222;<span style=\"color: #000080;\">[&#8230;] Wy jeste\u015bcie tylko krzykiem nienawi\u015bci. Porzucili\u015bcie star\u0105 Ewangeli\u0119, a nie umiecie stworzy\u0107 nowej, wskutek czego nie ma w was zadatk\u00f3w \u017cycia. <strong>Imi\u0119 wasze jest B\u0142\u0105d &#8211; i dlatego wypadkowa waszych dzia\u0142a\u0144 b\u0119dzie zawsze przeciwna waszym za\u0142o\u017ceniom.<\/strong> [&#8230;] To przecie\u017c oczywiste.&#8221;<\/span>. Tak tych socjalist\u00f3w okre\u015bli\u0142a jedna z postaci wyst\u0119puj\u0105ca w powie\u015bci, konkretnie Gro\u0144ski.<\/p>\n<p style=\"text-align: justify;\">Tak nawiasem pisz\u0105c <strong>H. Sienkiewicz<\/strong> rozprawi\u0142 si\u0119 z socjalistami\/lewakami w zacytowanej powie\u015bci i nie dziwota, \u017ce lewactwo z takim zadowoleniem i samozaparciem usuwa wszelkie powie\u015bci tego geniusza literackiego z listy lektur dla wsp\u00f3\u0142czesnej m\u0142odzie\u017cy Polskiej! Boli ich jego zdanie o prymitywach socjalistycznych, a pisa\u0142 to <strong>H. Sienkiewicz<\/strong> na pocz\u0105tku dwudziestego wieku. By\u0142 po prostu wielkim pisarzem i wr\u0119cz jasnowidzem. My\u015bl\u0119, \u017ce i tak b\u0119dzie czytany w tzw. drugim obiegu, jak to by\u0142o za panowania realnych socjalist\u00f3w prosowieckich w <span style=\"color: #ff0000;\"><strong>PRL<\/strong><\/span> z ksi\u0105\u017ckami opisuj\u0105cymi prawd\u0119, np. o <a href=\"https:\/\/grzegorzjaszczura.pl\/?p=47408#more-47408\"><strong>Katyniu<\/strong><\/a>.<\/p>\n<p style=\"text-align: justify;\"><span style=\"color: #0000ff;\"><strong>Ps<\/strong> <\/span><strong>Napoleon<\/strong> z g\u0142\u00f3wnego foto to ten z <strong>&#8222;Folwarku zwierz\u0119cego&#8221; Georga Orwella<\/strong>, nie myli\u0107 z Napoleonem Bonaparte.<\/p>\n","protected":false},"excerpt":{"rendered":"<p>Dzisiaj kilka uwag o tym, jak politycy wszelkich opcji kiwaj\u0105 lud, aby realizowa\u0107 swoje niezbyt m\u0105dre i nie maj\u0105ce wiele wsp\u00f3lnego z rzeczywistymi potrzebami wspomnianego ludu idee. U\u017cywaj\u0105 do tego tzw. demokracji. Aczkolwiek w zale\u017cno\u015bci od potrzeb nazywaj\u0105 j\u0105 tak\u0105 a nie inn\u0105 demokracj\u0105. Ostatnio szczeg\u00f3lnie popularna jest w Polsce demokracja walcz\u0105ca. A z kim [&hellip;]<\/p>\n","protected":false},"author":2,"featured_media":0,"comment_status":"open","ping_status":"open","sticky":false,"template":"","format":"standard","meta":{"_monsterinsights_skip_tracking":false,"_monsterinsights_sitenote_active":false,"_monsterinsights_sitenote_note":"","_monsterinsights_sitenote_category":0,"footnotes":""},"categories":[3],"tags":[],"class_list":["post-70268","post","type-post","status-publish","format-standard","hentry","category-polityczne"],"_links":{"self":[{"href":"https:\/\/grzegorzjaszczura.pl\/index.php?rest_route=\/wp\/v2\/posts\/70268","targetHints":{"allow":["GET"]}}],"collection":[{"href":"https:\/\/grzegorzjaszczura.pl\/index.php?rest_route=\/wp\/v2\/posts"}],"about":[{"href":"https:\/\/grzegorzjaszczura.pl\/index.php?rest_route=\/wp\/v2\/types\/post"}],"author":[{"embeddable":true,"href":"https:\/\/grzegorzjaszczura.pl\/index.php?rest_route=\/wp\/v2\/users\/2"}],"replies":[{"embeddable":true,"href":"https:\/\/grzegorzjaszczura.pl\/index.php?rest_route=%2Fwp%2Fv2%2Fcomments&post=70268"}],"version-history":[{"count":69,"href":"https:\/\/grzegorzjaszczura.pl\/index.php?rest_route=\/wp\/v2\/posts\/70268\/revisions"}],"predecessor-version":[{"id":70343,"href":"https:\/\/grzegorzjaszczura.pl\/index.php?rest_route=\/wp\/v2\/posts\/70268\/revisions\/70343"}],"wp:attachment":[{"href":"https:\/\/grzegorzjaszczura.pl\/index.php?rest_route=%2Fwp%2Fv2%2Fmedia&parent=70268"}],"wp:term":[{"taxonomy":"category","embeddable":true,"href":"https:\/\/grzegorzjaszczura.pl\/index.php?rest_route=%2Fwp%2Fv2%2Fcategories&post=70268"},{"taxonomy":"post_tag","embeddable":true,"href":"https:\/\/grzegorzjaszczura.pl\/index.php?rest_route=%2Fwp%2Fv2%2Ftags&post=70268"}],"curies":[{"name":"wp","href":"https:\/\/api.w.org\/{rel}","templated":true}]}}