{"id":70366,"date":"2025-04-09T08:10:49","date_gmt":"2025-04-09T06:10:49","guid":{"rendered":"https:\/\/grzegorzjaszczura.pl\/?p=70366"},"modified":"2025-04-09T08:13:42","modified_gmt":"2025-04-09T06:13:42","slug":"patodemokracja-w-natarciu-uzupelnienie","status":"publish","type":"post","link":"https:\/\/grzegorzjaszczura.pl\/?p=70366","title":{"rendered":"Patodemokracja w natarciu &#8211; uzupe\u0142nienie"},"content":{"rendered":"<p style=\"text-align: justify;\"><a href=\"http:\/\/grzegorzjaszczura.pl\/http:\/\/grzegorzjaszczura.pl\/wp-content\/uploads\/2025\/04\/123468028_2059075124222456_1524652516336076815_o.jpg\"><img loading=\"lazy\" decoding=\"async\" class=\"alignnone size-thumbnail wp-image-70379\" src=\"http:\/\/grzegorzjaszczura.pl\/http:\/\/grzegorzjaszczura.pl\/wp-content\/uploads\/2025\/04\/123468028_2059075124222456_1524652516336076815_o-150x150.jpg\" alt=\"\" width=\"150\" height=\"150\" \/><\/a>Dobrym uzupe\u0142nieniem mojego poprzedniego wpisu w temacie <a href=\"https:\/\/grzegorzjaszczura.pl\/?p=70268#more-70268\"><em><strong>patodemokracji w natarciu<\/strong><\/em><\/a> jest informacja z portalu <a href=\"https:\/\/www-visegrad24-com.translate.goog\/?_x_tr_sl=en&amp;_x_tr_tl=pl&amp;_x_tr_hl=pl&amp;_x_tr_pto=sc&amp;_x_tr_hist=true\"><em><strong>Visegrad24<\/strong><\/em><\/a> przedstawiona przez unioeuropos\u0142ank\u0119 <strong>E. Zaj\u0105czkowsk\u0105-Hernik<\/strong>. Przedstawia\u0142em ostatnio t\u0119 demokracj\u0119 walcz\u0105c\u0105, g\u0142\u00f3wnie w Polsce, ale tak\u017ce zwr\u00f3ci\u0142em uwag\u0119 na post\u0119puj\u0105c\u0105 faszyzacj\u0119 tej idei w tzw. <span style=\"color: #ff0000;\">Unii Europejskiej<\/span>. Wspomnia\u0142em o tych <em>debilnych<\/em> kolorowych \u0142adach, kt\u00f3re si\u0142\u0105, bo przecie\u017c nie demokratycznie, pr\u00f3buje narzuca\u0107<!--more--> nam tzw. <span style=\"color: #ff0000;\"><strong>Unia Europejska<\/strong><\/span>. I tak naiwnie napisz\u0119, \u017ce zawsze mnie dziwi\u0142o, \u017ce mo\u017cna te dzia\u0142ania, np. <a href=\"https:\/\/grzegorzjaszczura.pl\/?p=67626#more-67626\"><em><strong>papierowe rurki<\/strong><\/em><\/a>, <a href=\"https:\/\/grzegorzjaszczura.pl\/?p=1515#more-1515\"><strong><em>proste banany<\/em><\/strong><\/a>, etc., etc. popiera\u0107. Na logik\u0119 przecie\u017c to niemo\u017cliwe. A jednak! I teraz dowiadujemy si\u0119, \u017ce jak nie wiadomo o co chodzi, to chodzi o pieni\u0105dze.<\/p>\n<p style=\"text-align: justify;\"><a href=\"http:\/\/grzegorzjaszczura.pl\/http:\/\/grzegorzjaszczura.pl\/wp-content\/uploads\/2025\/04\/Screenshot-2025-04-08-at-13-10-38-Facebook.jpg\"><img loading=\"lazy\" decoding=\"async\" class=\"alignnone size-thumbnail wp-image-70387\" src=\"http:\/\/grzegorzjaszczura.pl\/http:\/\/grzegorzjaszczura.pl\/wp-content\/uploads\/2025\/04\/Screenshot-2025-04-08-at-13-10-38-Facebook-150x150.jpg\" alt=\"\" width=\"150\" height=\"150\" \/><\/a>Unioeuropose\u0142 Pani <strong>Ewa Zaj\u0105czkowska-Hernik<\/strong> (<strong>Konfederacja<\/strong>) zamie\u015bci\u0142a informacj\u0119, kt\u00f3ra du\u017co t\u0142umaczy:<\/p>\n<div class=\"xdj266r x11i5rnm xat24cr x1mh8g0r x1vvkbs x126k92a\">\n<div dir=\"auto\" style=\"text-align: justify;\"><span style=\"color: #000080;\"><strong>Niebywa\u0142y skandal, pom\u00f3\u017ccie to nag\u0142o\u015bni\u0107<\/strong><span class=\"html-span xexx8yu x4uap5 x18d9i69 xkhd6sd x1hl2dhg x16tdsg8 x1vvkbs x3nfvp2 x1j61x8r x1fcty0u xdj266r xat24cr xgzva0m xhhsvwb xxymvpz xlup9mm x1kky2od\"><img loading=\"lazy\" decoding=\"async\" class=\"xz74otr x168nmei x13lgxp2 x5pf9jr xo71vjh\" src=\"https:\/\/static.xx.fbcdn.net\/images\/emoji.php\/v9\/t50\/1\/16\/2757.png\" alt=\"&#x2757;\" width=\"16\" height=\"16\" \/><\/span>Komisja Europejska <strong>Ursuli von der Leyen<\/strong> przyzna\u0142a, \u017ce wykorzysta\u0142a fundusze <span style=\"color: #ff0000;\"><strong>UE<\/strong><\/span>, kt\u00f3re mia\u0142y by\u0107 przeznaczone na \u201ewalk\u0119 ze zmian\u0105 klimatu\u201d, do finansowania lewicowych organizacji pozarz\u0105dowych! <strong>Celem tych dzia\u0142a\u0144 by\u0142a obrona Zielonego \u0141adu i uciszanie europejskich si\u0142 prawicowych w ramach tajnej operacji wp\u0142ywu.<\/strong><\/span><\/div>\n<\/div>\n<div class=\"x11i5rnm xat24cr x1mh8g0r x1vvkbs xtlvy1s x126k92a\" style=\"text-align: justify;\">\n<div dir=\"auto\"><span style=\"color: #000080;\">Jak si\u0119 dowiadujemy by\u0142y komisarz <span style=\"color: #ff0000;\"><strong>UE<\/strong><\/span> ds. klimatu, antypolski <strong>Frans Timmermans<\/strong>, zorganizowa\u0142 tajne umowy z takimi organizacjami, kt\u00f3re mia\u0142y zawiera\u0107 szczeg\u00f3\u0142owe plany lobbingowe, co oznacza, \u017ce Komisja Europejska nie tylko zapewni\u0142a finansowanie, ale tak\u017ce <strong>dawa\u0142a strategiczne wskaz\u00f3wki kogo i jak atakowa\u0107, by broni\u0107 swoich klimatycznych wariactw!<\/strong><\/span><\/div>\n<\/div>\n<div class=\"x11i5rnm xat24cr x1mh8g0r x1vvkbs xtlvy1s x126k92a\" style=\"text-align: justify;\">\n<div dir=\"auto\"><span style=\"color: #000080;\">\u015arodki pochodzi\u0142y z programu LIFE, kt\u00f3ry ma na celu finansowanie inicjatyw proekologicznych, a jego ca\u0142kowity bud\u017cet od 2014 r. wyni\u00f3s\u0142 a\u017c <strong>9 miliard\u00f3w euro<\/strong>. Komisja przyzna\u0142a, \u017ce \u200b\u200bdochodzi\u0142o do &#8222;nieodpowiednich dzia\u0142a\u0144 lobbingowych&#8221; oraz, \u017ce &#8222;zostan\u0105 wprowadzone zmiany, kt\u00f3re zapobiegn\u0105 przysz\u0142ym nadu\u017cyciom.&#8221; <span class=\"html-span xexx8yu x4uap5 x18d9i69 xkhd6sd x1hl2dhg x16tdsg8 x1vvkbs x3nfvp2 x1j61x8r x1fcty0u xdj266r xat24cr xgzva0m xhhsvwb xxymvpz xlup9mm x1kky2od\"><img loading=\"lazy\" decoding=\"async\" class=\"xz74otr x168nmei x13lgxp2 x5pf9jr xo71vjh\" src=\"https:\/\/static.xx.fbcdn.net\/images\/emoji.php\/v9\/tcd\/1\/16\/1f643.png\" alt=\"&#x1f643;\" width=\"16\" height=\"16\" \/><\/span> <strong>Czyli Komisja pod presj\u0105 dowod\u00f3w przyzna\u0142a si\u0119 do winy,<\/strong> ale oczywi\u015bcie nie ma mowy, by ktokolwiek zosta\u0142 poci\u0105gni\u0119ty za to do odpowiedzialno\u015bci! <strong>W\u0142a\u015bnie tak zepsute do cna i skorumpowane jest to \u015brodowisko.<\/strong><\/span><\/div>\n<\/div>\n<div class=\"x11i5rnm xat24cr x1mh8g0r x1vvkbs xtlvy1s x126k92a\" style=\"text-align: justify;\">\n<div dir=\"auto\"><span style=\"color: #000080;\"><strong>O dzia\u0142aniach lobbingowych lewackich organizacji klimatycznych m\u00f3wi\u0119 od lat,<\/strong> teraz wszystko wychodzi na \u015bwiat\u0142o dzienne i finansowane by\u0142o za cichym przyzwoleniem unijnych pseudoelit. Zielony \u0141ad to jedna wielka paramafijna operacja og\u0142upiania ludzi, prania ogromnych pieni\u0119dzy i dewastowania gospodarek unijnych pa\u0144stw. <strong>Ka\u017cdy element tego dziadostwa trzeba NATYCHMIAST wycofa\u0107, wyrzuci\u0107 do \u015bmieci i wr\u00f3ci\u0107 do normalno\u015bci!<\/strong><\/span><\/div>\n<\/div>\n<div class=\"x11i5rnm xat24cr x1mh8g0r x1vvkbs xtlvy1s x126k92a\">\n<div dir=\"auto\" style=\"text-align: justify;\"><span style=\"color: #000080;\"><strong>PS. Ciekawe, jakie polskie or<\/strong><span class=\"x193iq5w xeuugli x13faqbe x1vvkbs x1xmvt09 x1lliihq x1s928wv xhkezso x1gmr53x x1cpjm7i x1fgarty x1943h6x xudqn12 x3x7a5m x6prxxf xvq8zen xo1l8bm xzsf02u x1yc453h\" dir=\"auto\"><strong>ganizacje lub jacy lobby\u015bci konkretnie zarabiali na tym procederze w ramach programu \u201eLIFE\u201d\u2026?<\/strong> <span class=\"html-span xexx8yu x4uap5 x18d9i69 xkhd6sd x1hl2dhg x16tdsg8 x1vvkbs x3nfvp2 x1j61x8r x1fcty0u xdj266r xat24cr xgzva0m xhhsvwb xxymvpz xlup9mm x1kky2od\"><img loading=\"lazy\" decoding=\"async\" class=\"xz74otr x168nmei x13lgxp2 x5pf9jr xo71vjh\" src=\"https:\/\/static.xx.fbcdn.net\/images\/emoji.php\/v9\/tcd\/1\/16\/1f643.png\" alt=\"&#x1f643;\" width=\"16\" height=\"16\" \/><\/span><\/span><\/span><\/div>\n<div dir=\"auto\" style=\"text-align: justify;\"><span class=\"x193iq5w xeuugli x13faqbe x1vvkbs x1xmvt09 x1lliihq x1s928wv xhkezso x1gmr53x x1cpjm7i x1fgarty x1943h6x xudqn12 x3x7a5m x6prxxf xvq8zen xo1l8bm xzsf02u x1yc453h\" dir=\"auto\" style=\"color: #000080;\">\u0179r\u00f3d\u0142o: Visegrad24<\/span><\/div>\n<div dir=\"auto\" style=\"text-align: justify;\"><strong>I dla prawactwa wszystko jasne!<\/strong><\/div>\n<div dir=\"auto\" style=\"text-align: justify;\">Wydaje mi si\u0119, \u017ce tak\u0105 list\u0119 organizacji w Polsce. kt\u00f3re wzi\u0119\u0142y pieni\u0105dze za promowanie tych kolorowych \u0142ad\u00f3w dobrze by\u0142oby opublikowa\u0107. A docelowo powinny one zwr\u00f3ci\u0107 te \u015brodki finansowe do bud\u017cetu! To mo\u017ce by\u0107 taki papierek lakmusowy dla lewactwa czy pod\u0105\u017caj\u0105 w stron\u0119 faszyzmu. U\u017cywam ich terminologii, \u017ceby im by\u0142o \u0142atwiej zrozumie\u0107 o co chodzi.<\/div>\n<div dir=\"auto\" style=\"text-align: justify;\"><span style=\"color: #0000ff;\"><strong><a href=\"http:\/\/grzegorzjaszczura.pl\/http:\/\/grzegorzjaszczura.pl\/wp-content\/uploads\/2024\/09\/Zdjecie2209.jpg\"><img loading=\"lazy\" decoding=\"async\" class=\"alignnone size-thumbnail wp-image-68754\" src=\"http:\/\/grzegorzjaszczura.pl\/http:\/\/grzegorzjaszczura.pl\/wp-content\/uploads\/2024\/09\/Zdjecie2209-150x150.jpg\" alt=\"\" width=\"150\" height=\"150\" \/><\/a><a href=\"http:\/\/grzegorzjaszczura.pl\/http:\/\/grzegorzjaszczura.pl\/wp-content\/uploads\/2025\/04\/322800165_1633091203776542_1611344131143566409_n.jpg\"><img loading=\"lazy\" decoding=\"async\" class=\"alignnone size-thumbnail wp-image-70390\" src=\"http:\/\/grzegorzjaszczura.pl\/http:\/\/grzegorzjaszczura.pl\/wp-content\/uploads\/2025\/04\/322800165_1633091203776542_1611344131143566409_n-150x150.jpg\" alt=\"\" width=\"150\" height=\"150\" srcset=\"https:\/\/grzegorzjaszczura.pl\/http:\/\/grzegorzjaszczura.pl\/wp-content\/uploads\/2025\/04\/322800165_1633091203776542_1611344131143566409_n-150x150.jpg 150w, https:\/\/grzegorzjaszczura.pl\/http:\/\/grzegorzjaszczura.pl\/wp-content\/uploads\/2025\/04\/322800165_1633091203776542_1611344131143566409_n-300x300.jpg 300w, https:\/\/grzegorzjaszczura.pl\/http:\/\/grzegorzjaszczura.pl\/wp-content\/uploads\/2025\/04\/322800165_1633091203776542_1611344131143566409_n.jpg 526w\" sizes=\"auto, (max-width: 150px) 100vw, 150px\" \/><\/a>Ps<\/strong><\/span> A niestety wp\u0119dzi\u0142 Polsk\u0119 w to neomarksistowskie szale\u0144stwo wtedy jeszcze prawie si\u0119 kochaj\u0105cy<strong><span style=\"color: #ff0000;\"> POPiS<\/span><\/strong> wraz z <span style=\"color: #ff0000;\">postkomunistami<\/span>, o czym informuj\u0119 m\u0142odsze spo\u0142ecze\u0144stwo. Zobacz tak\u017ce: <a href=\"https:\/\/grzegorzjaszczura.pl\/?p=756#more-756\"><em><strong>Traktat lizbo\u0144ski = utrata niepodleg\u0142o\u015bci<\/strong><\/em><\/a>.<\/div>\n<div dir=\"auto\"><span style=\"color: #0000ff;\"><strong>Ps ps<\/strong><\/span> Foto z internetu.<\/div>\n<div dir=\"auto\"><a href=\"http:\/\/grzegorzjaszczura.pl\/http:\/\/grzegorzjaszczura.pl\/wp-content\/uploads\/2025\/04\/20171115_095423.jpg\"><img loading=\"lazy\" decoding=\"async\" class=\"alignnone size-thumbnail wp-image-70395\" src=\"http:\/\/grzegorzjaszczura.pl\/http:\/\/grzegorzjaszczura.pl\/wp-content\/uploads\/2025\/04\/20171115_095423-150x150.jpg\" alt=\"\" width=\"150\" height=\"150\" \/><\/a><a href=\"http:\/\/grzegorzjaszczura.pl\/http:\/\/grzegorzjaszczura.pl\/wp-content\/uploads\/2025\/04\/488971461_1213426220146969_7447137444491655177_n.jpg\"><img loading=\"lazy\" decoding=\"async\" class=\"alignnone size-thumbnail wp-image-70398\" src=\"http:\/\/grzegorzjaszczura.pl\/http:\/\/grzegorzjaszczura.pl\/wp-content\/uploads\/2025\/04\/488971461_1213426220146969_7447137444491655177_n-150x150.jpg\" alt=\"\" width=\"150\" height=\"150\" \/><\/a><\/div>\n<\/div>\n","protected":false},"excerpt":{"rendered":"<p>Dobrym uzupe\u0142nieniem mojego poprzedniego wpisu w temacie patodemokracji w natarciu jest informacja z portalu Visegrad24 przedstawiona przez unioeuropos\u0142ank\u0119 E. Zaj\u0105czkowsk\u0105-Hernik. Przedstawia\u0142em ostatnio t\u0119 demokracj\u0119 walcz\u0105c\u0105, g\u0142\u00f3wnie w Polsce, ale tak\u017ce zwr\u00f3ci\u0142em uwag\u0119 na post\u0119puj\u0105c\u0105 faszyzacj\u0119 tej idei w tzw. Unii Europejskiej. Wspomnia\u0142em o tych debilnych kolorowych \u0142adach, kt\u00f3re si\u0142\u0105, bo przecie\u017c nie demokratycznie, pr\u00f3buje narzuca\u0107<\/p>\n","protected":false},"author":2,"featured_media":0,"comment_status":"open","ping_status":"open","sticky":false,"template":"","format":"standard","meta":{"_monsterinsights_skip_tracking":false,"_monsterinsights_sitenote_active":false,"_monsterinsights_sitenote_note":"","_monsterinsights_sitenote_category":0,"footnotes":""},"categories":[3],"tags":[],"class_list":["post-70366","post","type-post","status-publish","format-standard","hentry","category-polityczne"],"_links":{"self":[{"href":"https:\/\/grzegorzjaszczura.pl\/index.php?rest_route=\/wp\/v2\/posts\/70366","targetHints":{"allow":["GET"]}}],"collection":[{"href":"https:\/\/grzegorzjaszczura.pl\/index.php?rest_route=\/wp\/v2\/posts"}],"about":[{"href":"https:\/\/grzegorzjaszczura.pl\/index.php?rest_route=\/wp\/v2\/types\/post"}],"author":[{"embeddable":true,"href":"https:\/\/grzegorzjaszczura.pl\/index.php?rest_route=\/wp\/v2\/users\/2"}],"replies":[{"embeddable":true,"href":"https:\/\/grzegorzjaszczura.pl\/index.php?rest_route=%2Fwp%2Fv2%2Fcomments&post=70366"}],"version-history":[{"count":27,"href":"https:\/\/grzegorzjaszczura.pl\/index.php?rest_route=\/wp\/v2\/posts\/70366\/revisions"}],"predecessor-version":[{"id":70399,"href":"https:\/\/grzegorzjaszczura.pl\/index.php?rest_route=\/wp\/v2\/posts\/70366\/revisions\/70399"}],"wp:attachment":[{"href":"https:\/\/grzegorzjaszczura.pl\/index.php?rest_route=%2Fwp%2Fv2%2Fmedia&parent=70366"}],"wp:term":[{"taxonomy":"category","embeddable":true,"href":"https:\/\/grzegorzjaszczura.pl\/index.php?rest_route=%2Fwp%2Fv2%2Fcategories&post=70366"},{"taxonomy":"post_tag","embeddable":true,"href":"https:\/\/grzegorzjaszczura.pl\/index.php?rest_route=%2Fwp%2Fv2%2Ftags&post=70366"}],"curies":[{"name":"wp","href":"https:\/\/api.w.org\/{rel}","templated":true}]}}