{"id":70548,"date":"2025-05-12T07:54:31","date_gmt":"2025-05-12T05:54:31","guid":{"rendered":"https:\/\/grzegorzjaszczura.pl\/?p=70548"},"modified":"2025-05-13T08:37:46","modified_gmt":"2025-05-13T06:37:46","slug":"slawomir-mentzen-program","status":"publish","type":"post","link":"https:\/\/grzegorzjaszczura.pl\/?p=70548","title":{"rendered":"S\u0142awomir Mentzen &#8211; program"},"content":{"rendered":"<p style=\"text-align: justify;\"><a href=\"http:\/\/grzegorzjaszczura.pl\/http:\/\/grzegorzjaszczura.pl\/wp-content\/uploads\/2025\/04\/IMG_20250425_151316065-1.jpg\"><img loading=\"lazy\" decoding=\"async\" class=\"alignnone size-thumbnail wp-image-70590\" src=\"http:\/\/grzegorzjaszczura.pl\/http:\/\/grzegorzjaszczura.pl\/wp-content\/uploads\/2025\/04\/IMG_20250425_151316065-1-150x150.jpg\" alt=\"\" width=\"150\" height=\"150\" \/><\/a>Zadziwiaj\u0105co du\u017ce zainteresowanie wiecem wyborczym kandydata na Prezydenta RP <strong>S\u0142awomira Mentzena<\/strong> (<strong>Nowa Nadzieja<\/strong>) w D\u0105browie G\u00f3rniczej w dniu <strong>25.04.2025 r.<\/strong> (w ko\u0144cu w mie\u015bcie skrajnie lewackim, rz\u0105dzonym przez lewic\u0119 od <em>circa<\/em> 100 lat) sk\u0142ania mnie, aby jeszcze raz zaj\u0105\u0107 si\u0119 tematem jego programu. Zobacz m\u00f3j wpis: <a href=\"https:\/\/grzegorzjaszczura.pl\/?p=70270#more-70270\"><em><strong>Koniec POPiSu?<\/strong><\/em><\/a>. Z tzw. uk\u0142adu <span style=\"color: #ff0000;\">POPiSu<\/span> szczeg\u00f3lnie zawzi\u0119to\u015b\u0107 przeciwko temu prawicowemu kandydatowi kieruj\u0105 ostatnio sympatycy <span style=\"color: #ff0000;\"><strong>PiSu<\/strong><\/span>. (<a href=\"https:\/\/grzegorzjaszczura.pl\/?p=65011#more-65011\"><strong>Zobacz<\/strong><\/a>, <a href=\"https:\/\/grzegorzjaszczura.pl\/?p=67592#more-67592\"><strong>zobacz<\/strong><\/a>, ewentualnie <a href=\"https:\/\/grzegorzjaszczura.pl\/?p=68491#more-68491\"><strong>zobacz<\/strong><\/a> czy <a href=\"https:\/\/grzegorzjaszczura.pl\/?p=69472#more-69472\"><strong>zobacz<\/strong><\/a>). Co jest dla mnie dziwne,<!--more--> bo g\u0142osz\u0105 si\u0119 prawic\u0105. Chc\u0105 prawicy, a wszystkiego co stworz\u0105 przyk\u0142adowo przedsi\u0119biorcy chcieliby ich pozbawi\u0107 poprzez socjalistyczne rozdawnictwo. A 22% zatrudnionych w sektorze publicznym (urz\u0119dniczym) Polak\u00f3w \u015bmieje si\u0119 z tego.\u00a0 Byleby by\u0107 przy w\u0142adzy i pilnowa\u0107 tej wytworzonej przez uk\u0142ad <strong><a href=\"https:\/\/grzegorzjaszczura.pl\/?p=70268#more-70268\">patodemokracji<\/a>.<\/strong> Mam wra\u017cenie, \u017ce ta nienawi\u015b\u0107, kt\u00f3r\u0105 prezentowali ci, kt\u00f3rzy rozwalili 20 lat temu buduj\u0105c\u0105 si\u0119 &#8222;parti\u0119&#8221; <span style=\"color: #000000;\"><strong>POPiS<\/strong><\/span> przesz\u0142a obecnie z sympatyk\u00f3w <span style=\"color: #ff0000;\"><strong>PO<\/strong><\/span> na sympatyk\u00f3w <span style=\"color: #ff0000;\"><strong>PISu<\/strong><\/span>, pewnie dlatego, \u017ce ci z <span style=\"color: #ff0000;\"><strong>PO<\/strong><\/span> s\u0105 przy w\u0142adzy, a sytuacja odwr\u00f3ci si\u0119, jak ta w\u0142adza znowu si\u0119 zmieni. Zreszt\u0105 zobaczymy, jak to b\u0119dzie, gdy <span style=\"color: #ff0000;\"><strong>PIS<\/strong> <\/span>si\u0119 rozpadnie i ich mentorzy niskich lot\u00f3w <strong>E. Malik<\/strong>, <strong>W. Andzel<\/strong> czy <strong>R. Warwas<\/strong> (wszyscy <span style=\"color: #ff0000;\"><strong>PIS<\/strong><\/span>, okr\u0119g nr 32) b\u0119d\u0105 szukali miejsc do Sejmu? Reaguj\u0105 jak\u0105\u015b nienawi\u015bci\u0105 do pr\u00f3b przedstawienia prawdy, mam na my\u015bli ten wspomniany uk\u0142ad polityczny <span style=\"color: #ff0000;\"><strong>POPiSu<\/strong> <\/span>dzia\u0142aj\u0105cy w wyniku tego ju\u017c 20 lat w polskiej polityce. W <span style=\"color: #008000;\"><strong>Zag\u0142\u0119biu<\/strong><\/span> <strong><span style=\"color: #008000;\">D\u0105browskim<\/span><\/strong> uk\u0142ad ten rozszerzony o lewackich postkomunist\u00f3w jest szczeg\u00f3lnie widoczny. <strong>Za\u015blepieni sympatycy <span style=\"color: #ff0000;\">PISu<\/span> nie wiedz\u0105, jak jest to zabetonowana wsp\u00f3\u0142praca i wychodz\u0105 na naiwnych, albowiem ostatnie co chcieliby tutaj zmieni\u0107 baronowie <span style=\"color: #ff0000;\">PISu<\/span>, to ten uk\u0142ad!<\/strong><\/p>\n<p style=\"text-align: justify;\">Ale, \u017ceby nie traci\u0107 czasu na ich za\u015blepienie i dzia\u0142anie na szkod\u0119 prawicy wracam do tematu. Zreszt\u0105 ten atak na <strong>S. Mentzena<\/strong> i zwi\u0105zana z tym kontrakcja tego kandydata mo\u017ce si\u0119 odbi\u0107 na 2. turze wybor\u00f3w, z czego chyba nie zdaj\u0105 sobie sprawy.<\/p>\n<p style=\"text-align: justify;\"><span style=\"color: #000080;\"><strong><a href=\"http:\/\/grzegorzjaszczura.pl\/http:\/\/grzegorzjaszczura.pl\/wp-content\/uploads\/2025\/04\/SKMBT_C20325042606530-scaled.jpg\"><img loading=\"lazy\" decoding=\"async\" class=\"alignnone size-thumbnail wp-image-70594\" src=\"http:\/\/grzegorzjaszczura.pl\/http:\/\/grzegorzjaszczura.pl\/wp-content\/uploads\/2025\/04\/SKMBT_C20325042606530-150x150.jpg\" alt=\"\" width=\"150\" height=\"150\" \/><\/a>SILNA BOGATA POLSKA MENTZEN2025<br \/>\n<\/strong><\/span><\/p>\n<p><span style=\"color: #000080;\"><strong>1. Suwerenno\u015b\u0107 <\/strong><\/span><\/p>\n<p><span style=\"color: #000080;\"><strong>2. Silna armia <\/strong><\/span><\/p>\n<p><span style=\"color: #000080;\"><strong>3. Bezpieczne granice <\/strong><\/span><\/p>\n<p><span style=\"color: #000080;\"><strong>4. Silna gospodarka <\/strong><\/span><\/p>\n<p><span style=\"color: #000080;\"><strong>5. Niskie i proste podatki <\/strong><\/span><\/p>\n<p><span style=\"color: #000080;\"><strong>6. Zatrzymanie lewicowej ideologii <\/strong><\/span><\/p>\n<p><span style=\"color: #000080;\"><strong>7. Obrona wolno\u015bci s\u0142owa <\/strong><\/span><\/p>\n<p><span style=\"color: #000080;\"><strong>8. Wolno\u015b\u0107 osobista <\/strong><\/span><\/p>\n<p><span style=\"color: #000080;\"><strong>9. Odrzucenie Zielonego \u0141adu <\/strong><\/span><\/p>\n<p><span style=\"color: #000080;\"><strong><a href=\"http:\/\/grzegorzjaszczura.pl\/http:\/\/grzegorzjaszczura.pl\/wp-content\/uploads\/2025\/04\/IMG_20250428_182902666_HDR-scaled.jpg\"><img loading=\"lazy\" decoding=\"async\" class=\"alignnone size-thumbnail wp-image-70596\" src=\"http:\/\/grzegorzjaszczura.pl\/http:\/\/grzegorzjaszczura.pl\/wp-content\/uploads\/2025\/04\/IMG_20250428_182902666_HDR-150x150.jpg\" alt=\"\" width=\"150\" height=\"150\" \/><\/a>10. Bezpiecze\u0144stwo energetyczne <\/strong><\/span><\/p>\n<p><span style=\"color: #000080;\"><strong>11. Obrona polskiego rolnictwa <\/strong><\/span><\/p>\n<p><span style=\"color: #000080;\"><strong>12. Nie dla polskiego wojska na Ukrainie <\/strong><\/span><\/p>\n<p><span style=\"color: #000080;\"><strong>13. Nowoczesna infrastruktura <\/strong><\/span><\/p>\n<p><span style=\"color: #000080;\"><strong>14. Ograniczenie biurokracji <\/strong><\/span><\/p>\n<p><span style=\"color: #000080;\"><strong>15. Obrona got\u00f3wki <\/strong><\/span><\/p>\n<p><span style=\"color: #000080;\"><strong>16. Usprawnienie s\u0105downictwa <\/strong><\/span><\/p>\n<p><span style=\"color: #000080;\"><strong>17. Lepsza edukacja <\/strong><\/span><\/p>\n<p><span style=\"color: #000080;\"><strong>18. Wydajna ochrona zdrowia <\/strong><\/span><\/p>\n<p><span style=\"color: #000080;\"><strong>19. Uwolnienie kryptowalut <\/strong><\/span><\/p>\n<p><span style=\"color: #000080;\"><strong>20. Koniec walki z kierowcami<\/strong><\/span><\/p>\n<p style=\"text-align: justify;\">Pe\u0142ny program na: <a href=\"https:\/\/mentzen2025.pl\/\"><em><strong>www.mentzen2025.pl<\/strong><\/em><\/a>.<\/p>\n<p style=\"text-align: justify;\"><a href=\"http:\/\/grzegorzjaszczura.pl\/http:\/\/grzegorzjaszczura.pl\/wp-content\/uploads\/2025\/04\/SKMBT_C20325042606551-rotated.jpg\"><img loading=\"lazy\" decoding=\"async\" class=\"alignnone size-thumbnail wp-image-70591\" src=\"http:\/\/grzegorzjaszczura.pl\/http:\/\/grzegorzjaszczura.pl\/wp-content\/uploads\/2025\/04\/SKMBT_C20325042606551-150x150.jpg\" alt=\"\" width=\"150\" height=\"150\" \/><\/a>Jeszcze kilka uwag z jego programu:<\/p>\n<p style=\"text-align: justify;\"><em><span style=\"color: #000080;\">&#8211; Pa\u0144stwo powinno by\u0107 sprawnie zarz\u0105dzane. Jako skuteczny przedsi\u0119biorca rozwin\u0119 Polsk\u0119. W tym celu <strong>doprowadz\u0119 do uproszczenia systemu podatkowego i b\u0119d\u0119 wspiera\u0142 przedsi\u0119biorc\u00f3w<\/strong>.<\/span><\/em><\/p>\n<p style=\"text-align: justify;\"><em><span style=\"color: #000080;\">&#8211; B\u0119d\u0119 d\u0105\u017cy\u0142 do przywr\u00f3cenia Polsce porz\u0105dku konstytucyjnego i zako\u0144czenia chaosu. Zadbam o pierwsze\u0144stwo polskiej Konstytucji nad prawem unijnym.<\/span><\/em><\/p>\n<p style=\"text-align: justify;\"><em><span style=\"color: #000080;\">&#8211; Wzmocni\u0119 i zmodernizuj\u0119 armi\u0119. Moim celem b\u0119dzie rozbudowa krajowej produkcji broni i amunicji. Nale\u017cy zmniejszy\u0107 wp\u0142yw polityk\u00f3w na Wojsko Polskie. <strong>Nie wy\u015bl\u0119 polskich \u017co\u0142nierzy na Ukrain\u0119!<\/strong><\/span><\/em><\/p>\n<p style=\"text-align: justify;\"><em><span style=\"color: #000080;\">&#8211; <strong>Zatrzymamy inwazj\u0119 imigrant\u00f3w<\/strong> i przywr\u00f3cimy Polakom bezpiecze\u0144stwo na ulicach naszych miast! Nie chcemy ba\u0107 si\u0119 o nasze \u017cony i c\u00f3rki. Szczelne granice to bezpieczne ulice.<\/span><\/em><\/p>\n<p style=\"text-align: justify;\"><em><span style=\"color: #000080;\">&#8211; Wzmocni\u0119 polskie przedsi\u0119biorstwa. Nale\u017cy regulowa\u0107 dzia\u0142alno\u015b\u0107 wielkich mi\u0119dzynarodowych korporacji, a nie drobnego polskiego biznesu. <strong>Koniec z obsadzaniem sp\u00f3\u0142ek Skarbu Pa\u0144stwa przez polityk\u00f3w!<\/strong><\/span><\/em><\/p>\n<p style=\"text-align: justify;\"><em><span style=\"color: #000080;\">&#8211; <strong>Zlikwiduj\u0119 podatek PIT dla emeryt\u00f3w<\/strong>, obni\u017c\u0119 podatki dla pracownik\u00f3w i przedsi\u0119biorc\u00f3w. Obni\u017c\u0119 podatek od spadk\u00f3w, podatek Belki. <strong>Znacz\u0105co uproszcz\u0119 PIT, CIT i VAT.<\/strong> ZUS b\u0119dzie dla przedsi\u0119biorc\u00f3w dobrowolny.<\/span><\/em><\/p>\n<p><a href=\"http:\/\/grzegorzjaszczura.pl\/http:\/\/grzegorzjaszczura.pl\/wp-content\/uploads\/2025\/04\/SKMBT_C20325042606510.jpg\"><img loading=\"lazy\" decoding=\"async\" class=\"alignnone size-thumbnail wp-image-70592\" src=\"http:\/\/grzegorzjaszczura.pl\/http:\/\/grzegorzjaszczura.pl\/wp-content\/uploads\/2025\/04\/SKMBT_C20325042606510-150x150.jpg\" alt=\"\" width=\"150\" height=\"150\" \/><\/a><a href=\"http:\/\/grzegorzjaszczura.pl\/http:\/\/grzegorzjaszczura.pl\/wp-content\/uploads\/2025\/04\/SKMBT_C20325042606520.jpg\"><img loading=\"lazy\" decoding=\"async\" class=\"alignnone size-thumbnail wp-image-70593\" src=\"http:\/\/grzegorzjaszczura.pl\/http:\/\/grzegorzjaszczura.pl\/wp-content\/uploads\/2025\/04\/SKMBT_C20325042606520-150x150.jpg\" alt=\"\" width=\"150\" height=\"150\" \/><\/a><\/p>\n<p style=\"text-align: justify;\"><span style=\"color: #0000ff;\"><strong>Ps<\/strong> <\/span>Fragment wyst\u0105pienia<strong> S. Mentzena<\/strong> z D\u0105browy G\u00f3rniczej:<\/p>\n<div style=\"width: 1920px;\" class=\"wp-video\"><video class=\"wp-video-shortcode\" id=\"video-70548-1\" width=\"1920\" height=\"1080\" preload=\"metadata\" controls=\"controls\"><source type=\"video\/mp4\" src=\"http:\/\/grzegorzjaszczura.pl\/http:\/\/grzegorzjaszczura.pl\/wp-content\/uploads\/2025\/04\/2025.04.25-Mentzen-1.mp4?_=1\" \/><a href=\"http:\/\/grzegorzjaszczura.pl\/http:\/\/grzegorzjaszczura.pl\/wp-content\/uploads\/2025\/04\/2025.04.25-Mentzen-1.mp4\">http:\/\/grzegorzjaszczura.pl\/http:\/\/grzegorzjaszczura.pl\/wp-content\/uploads\/2025\/04\/2025.04.25-Mentzen-1.mp4<\/a><\/video><\/div>\n<div style=\"width: 1920px;\" class=\"wp-video\"><video class=\"wp-video-shortcode\" id=\"video-70548-2\" width=\"1920\" height=\"1080\" preload=\"metadata\" controls=\"controls\"><source type=\"video\/mp4\" src=\"http:\/\/grzegorzjaszczura.pl\/http:\/\/grzegorzjaszczura.pl\/wp-content\/uploads\/2025\/04\/2025.04.25-Mentzen-3.mp4?_=2\" \/><a href=\"http:\/\/grzegorzjaszczura.pl\/http:\/\/grzegorzjaszczura.pl\/wp-content\/uploads\/2025\/04\/2025.04.25-Mentzen-3.mp4\">http:\/\/grzegorzjaszczura.pl\/http:\/\/grzegorzjaszczura.pl\/wp-content\/uploads\/2025\/04\/2025.04.25-Mentzen-3.mp4<\/a><\/video><\/div>\n<p style=\"text-align: justify;\"><span style=\"color: #0000ff;\"><strong>PS ps <\/strong><\/span>Przedstawi\u0142em ten program, aby pokaza\u0107, \u017ce co\u015b poza <span style=\"color: #ff0000;\"><strong>POPiSem<\/strong><\/span> istnieje. Mnie brakuje tu najwa\u017cniejszego, czyli wyst\u0105pienia z neomarksistowskiej tzw. <strong><span style=\"color: #ff0000;\">Unii Europejskiej<\/span><\/strong>. <strong>Bez tego nic si\u0119 nie zmieni!<\/strong> Niestety w 2004 roku nie nale\u017ca\u0142o przyst\u0119powa\u0107 do tej organizacji. Zobacz: <a href=\"https:\/\/grzegorzjaszczura.pl\/?p=756#more-756\"><em><strong>Traktat Lizbo\u0144ski = utrata niepodleg\u0142o\u015bci<\/strong><\/em><\/a>.<span style=\"color: #0000ff;\"><strong><br \/>\n<\/strong><\/span><\/p>\n","protected":false},"excerpt":{"rendered":"<p>Zadziwiaj\u0105co du\u017ce zainteresowanie wiecem wyborczym kandydata na Prezydenta RP S\u0142awomira Mentzena (Nowa Nadzieja) w D\u0105browie G\u00f3rniczej w dniu 25.04.2025 r. (w ko\u0144cu w mie\u015bcie skrajnie lewackim, rz\u0105dzonym przez lewic\u0119 od circa 100 lat) sk\u0142ania mnie, aby jeszcze raz zaj\u0105\u0107 si\u0119 tematem jego programu. Zobacz m\u00f3j wpis: Koniec POPiSu?. Z tzw. uk\u0142adu POPiSu szczeg\u00f3lnie zawzi\u0119to\u015b\u0107 przeciwko [&hellip;]<\/p>\n","protected":false},"author":2,"featured_media":0,"comment_status":"open","ping_status":"open","sticky":false,"template":"","format":"standard","meta":{"_monsterinsights_skip_tracking":false,"_monsterinsights_sitenote_active":false,"_monsterinsights_sitenote_note":"","_monsterinsights_sitenote_category":0,"footnotes":""},"categories":[3],"tags":[],"class_list":["post-70548","post","type-post","status-publish","format-standard","hentry","category-polityczne"],"_links":{"self":[{"href":"https:\/\/grzegorzjaszczura.pl\/index.php?rest_route=\/wp\/v2\/posts\/70548","targetHints":{"allow":["GET"]}}],"collection":[{"href":"https:\/\/grzegorzjaszczura.pl\/index.php?rest_route=\/wp\/v2\/posts"}],"about":[{"href":"https:\/\/grzegorzjaszczura.pl\/index.php?rest_route=\/wp\/v2\/types\/post"}],"author":[{"embeddable":true,"href":"https:\/\/grzegorzjaszczura.pl\/index.php?rest_route=\/wp\/v2\/users\/2"}],"replies":[{"embeddable":true,"href":"https:\/\/grzegorzjaszczura.pl\/index.php?rest_route=%2Fwp%2Fv2%2Fcomments&post=70548"}],"version-history":[{"count":50,"href":"https:\/\/grzegorzjaszczura.pl\/index.php?rest_route=\/wp\/v2\/posts\/70548\/revisions"}],"predecessor-version":[{"id":70631,"href":"https:\/\/grzegorzjaszczura.pl\/index.php?rest_route=\/wp\/v2\/posts\/70548\/revisions\/70631"}],"wp:attachment":[{"href":"https:\/\/grzegorzjaszczura.pl\/index.php?rest_route=%2Fwp%2Fv2%2Fmedia&parent=70548"}],"wp:term":[{"taxonomy":"category","embeddable":true,"href":"https:\/\/grzegorzjaszczura.pl\/index.php?rest_route=%2Fwp%2Fv2%2Fcategories&post=70548"},{"taxonomy":"post_tag","embeddable":true,"href":"https:\/\/grzegorzjaszczura.pl\/index.php?rest_route=%2Fwp%2Fv2%2Ftags&post=70548"}],"curies":[{"name":"wp","href":"https:\/\/api.w.org\/{rel}","templated":true}]}}