{"id":70804,"date":"2025-06-02T13:11:57","date_gmt":"2025-06-02T11:11:57","guid":{"rendered":"https:\/\/grzegorzjaszczura.pl\/?p=70804"},"modified":"2025-06-04T07:08:51","modified_gmt":"2025-06-04T05:08:51","slug":"prawica-wygrywa-prezydenta","status":"publish","type":"post","link":"https:\/\/grzegorzjaszczura.pl\/?p=70804","title":{"rendered":"Prawica wygrywa prezydenta!"},"content":{"rendered":"<p style=\"text-align: justify;\"><a href=\"http:\/\/grzegorzjaszczura.pl\/http:\/\/grzegorzjaszczura.pl\/wp-content\/uploads\/2025\/06\/IMG_20250531_151120090.jpg\"><img loading=\"lazy\" decoding=\"async\" class=\"alignnone size-thumbnail wp-image-70813\" src=\"http:\/\/grzegorzjaszczura.pl\/http:\/\/grzegorzjaszczura.pl\/wp-content\/uploads\/2025\/06\/IMG_20250531_151120090-150x150.jpg\" alt=\"\" width=\"150\" height=\"150\" \/><\/a><strong>Tak<\/strong>, to <strong>prawica wygra\u0142a Prezydenta RP!<\/strong> Lewaki wszelkiej ma\u015bci zadufane w sobie, z regu\u0142y s\u0142abo wykszta\u0142cone, wspomagane przez postkomunist\u00f3w postsowieckich (przyk\u0142adowo niedosz\u0142ego magistra <strong>A. Kwa\u015bniewskiego<\/strong>) czy neokomunist\u00f3w wtopi\u0142y. Pycha i prounioeuropejsko\u015b\u0107 przegra\u0142y. To prawica (<strong>Konfederacja<\/strong> i <strong>Konfederacja Korony Polskiej<\/strong>) przechyli\u0142y szal\u0119 na korzy\u015b\u0107 <strong>Karola Nawrockiego<\/strong> (<strong>50,89%<\/strong>), przy <strong>49,11%<\/strong> <strong>R. Trzaskowskiego<\/strong> (skrajna lewica <span style=\"color: #ff0000;\"><strong>PO<\/strong><\/span>). Musz\u0119 tu oczywi\u015bcie zaliczy\u0107 socjalizuj\u0105cy<!--more--> <span style=\"color: #ff0000;\"><strong>PiS<\/strong><\/span> do prawicy. Ale ewidentnie <strong>K. Nawrocki<\/strong> wsparty przez samo <span style=\"color: #ff0000;\"><strong>PiS<\/strong><\/span> wtopi\u0142by niemi\u0142osiernie. Zobacz m\u00f3j wpis: <a href=\"https:\/\/grzegorzjaszczura.pl\/?p=70758#more-70758\"><em><strong>Karol Nawrocki na Prezydenta!<\/strong><\/em><\/a>.<\/p>\n<p style=\"text-align: justify;\">Mam nadziej\u0119, \u017ce wyniki prawicy i s\u0142abn\u0105cy <span style=\"color: #ff0000;\"><strong>PiS<\/strong><\/span> przyczyni\u0105 si\u0119 w najbli\u017cszych latach do zako\u0144czenia uk\u0142adu <span style=\"color: #ff0000;\">POPiSu<\/span>, kt\u00f3ry tak wiele z\u0142ego zrobi\u0142 dla obywateli Polski. Zobacz: <a href=\"https:\/\/grzegorzjaszczura.pl\/?p=70270#more-70270\"><em><strong>Koniec POPiSu?<\/strong><\/em><\/a>. <a href=\"http:\/\/grzegorzjaszczura.pl\/http:\/\/grzegorzjaszczura.pl\/wp-content\/uploads\/2025\/06\/IMG_20250520_161907346.jpg\"><img loading=\"lazy\" decoding=\"async\" class=\"alignnone size-thumbnail wp-image-70835\" src=\"http:\/\/grzegorzjaszczura.pl\/http:\/\/grzegorzjaszczura.pl\/wp-content\/uploads\/2025\/06\/IMG_20250520_161907346-150x150.jpg\" alt=\"\" width=\"150\" height=\"150\" \/><\/a>B\u0119d\u0105ce na krzywej wznosz\u0105cej si\u0119 partie prawicowe, czyli <strong>S. Mentzena<\/strong> i <strong>G. Brauna<\/strong> zadecydowa\u0142y, \u017ce jeste\u015bmy w stanie, jako Polacy, obroni\u0107 si\u0119 przed lewackimi ideologiami chc\u0105cymi zlikwidowa\u0107 do ko\u0144ca nasz\u0105 pa\u0144stwowo\u015b\u0107 i wiar\u0119! Zobacz: <a href=\"https:\/\/grzegorzjaszczura.pl\/?p=756#more-756\"><em><strong>Traktat Lizbo\u0144ski = utrata niepodleg\u0142o\u015bci<\/strong><\/em><\/a> czy <a href=\"https:\/\/grzegorzjaszczura.pl\/?p=16921#more-16921\"><em><strong>Traktat Lizbo\u0144ski do &#8222;kasacji&#8221;<\/strong><\/em><\/a>. Teraz nie nale\u017cy ust\u0119powa\u0107. By\u0107 mo\u017ce przyspieszone wybory za\u0142atwi\u0105 spraw\u0119.<\/p>\n<p style=\"text-align: justify;\"><a href=\"http:\/\/grzegorzjaszczura.pl\/http:\/\/grzegorzjaszczura.pl\/wp-content\/uploads\/2025\/01\/368313285_6472488259504568_3320591328416920374_n.jpg\"><img loading=\"lazy\" decoding=\"async\" class=\"alignnone size-thumbnail wp-image-69862\" src=\"http:\/\/grzegorzjaszczura.pl\/http:\/\/grzegorzjaszczura.pl\/wp-content\/uploads\/2025\/01\/368313285_6472488259504568_3320591328416920374_n-150x150.jpg\" alt=\"\" width=\"150\" height=\"150\" \/><\/a>Co do tego s\u0142abn\u0105cego <span style=\"color: #ff0000;\">PISu<\/span>, to fakty o kt\u00f3rych pisz\u0119 od jakiego\u015b czasu z ka\u017cdymi kolejnymi wyborami potwierdzaj\u0105 moje s\u0142owa. Chodzi mi w szczeg\u00f3lno\u015bci o tzw. baron\u00f3w <span style=\"color: #ff0000;\"><strong>PiS<\/strong>u<\/span> w okr\u0119gu nr 32 (<strong>E. Malik<\/strong> i <strong>W. Andzel<\/strong>). Do\u0142owanie przez nich <span style=\"color: #ff0000;\"><strong>PiSu<\/strong><\/span> w <span style=\"color: #008000;\"><strong>Zag\u0142\u0119biu D\u0105browskim<\/strong> <\/span>trwa w najlepsze. Zobacz: <a href=\"https:\/\/grzegorzjaszczura.pl\/?p=65011#more-65011\"><em><strong>Dlaczego PIS przegra\u0142 w Zag\u0142\u0119biu D\u0105browskim?<\/strong><\/em><\/a> (17.10.2023 r.), ewentualnie <a href=\"https:\/\/grzegorzjaszczura.pl\/?p=67592#more-67592\"><em><strong>Kompromitacja pose\u0142 E. Malik<\/strong><\/em><\/a> (11.06.2024 r.). Kolejne wybory i znowu gorszy wynik ni\u017c przyk\u0142adowo w wyborach prezydenckich w 2020 r. Wtedy w zag\u0142\u0119biowskim tr\u00f3jmie\u015bcie (D\u0105browa G\u00f3rnicza, Sosnowiec, B\u0119dzin) <strong>A. Duda<\/strong> mia\u0142 o prawie 2% wyniki lepsze ni\u017c w tych wyborach <strong>K. Nawrocki<\/strong>. Skostnia\u0142e struktury zag\u0142\u0119biowskiego <span style=\"color: #ff0000;\"><strong>PiSu<\/strong><\/span> (nale\u017cy do ww. baron\u00f3w doda\u0107 pos\u0142a <strong>R. Warwasa<\/strong>) robi\u0105 wszystko, \u017ceby zniech\u0119ci\u0107 elektorat prawicowy do p\u00f3j\u015bcia na wybory!<\/p>\n<p style=\"text-align: justify;\"><strong><a href=\"http:\/\/grzegorzjaszczura.pl\/http:\/\/grzegorzjaszczura.pl\/wp-content\/uploads\/2025\/05\/IMG_20250514_210613450.jpg\"><img loading=\"lazy\" decoding=\"async\" class=\"alignnone size-thumbnail wp-image-70706\" src=\"http:\/\/grzegorzjaszczura.pl\/http:\/\/grzegorzjaszczura.pl\/wp-content\/uploads\/2025\/05\/IMG_20250514_210613450-150x150.jpg\" alt=\"\" width=\"150\" height=\"150\" \/><\/a><a href=\"http:\/\/grzegorzjaszczura.pl\/http:\/\/grzegorzjaszczura.pl\/wp-content\/uploads\/2025\/05\/IMG_20250428_183246205_HDR.jpg\"><img loading=\"lazy\" decoding=\"async\" class=\"alignnone size-thumbnail wp-image-70703\" src=\"http:\/\/grzegorzjaszczura.pl\/http:\/\/grzegorzjaszczura.pl\/wp-content\/uploads\/2025\/05\/IMG_20250428_183246205_HDR-150x150.jpg\" alt=\"\" width=\"150\" height=\"150\" \/><\/a>Ale na szcz\u0119\u015bcie dla prawicowych wyborc\u00f3w istnieje ju\u017c alternatywa<\/strong> w postaci partii <strong>Mentzena<\/strong> i <strong>Bosaka<\/strong> oraz <strong>Brauna<\/strong> &#8211; i z tej mo\u017cliwo\u015bci coraz bardziej korzystaj\u0105. Co by\u0142oby bez obecnego wsparcia przewodnicz\u0105cych obu konfederacji, powt\u00f3rz\u0119 jeszcze raz <a href=\"https:\/\/grzegorzjaszczura.pl\/?p=70548#more-70548\"><strong>Konfederacji<\/strong><\/a> i <strong>Konfederacji Korony Polskiej<\/strong>? By\u0142oby jeszcze o wiele gorzej!<\/p>\n<p style=\"text-align: justify;\">Moim zdaniem oparcie si\u0119 na cz\u0142onkach <span style=\"color: #ff0000;\"><strong>PC<\/strong><\/span> przez<strong> J. Kaczy\u0144skiego<\/strong> i p\u00f3j\u015bcie w zaparte (szczeg\u00f3lnie w okr\u0119gu wyborczym nr 32) mog\u0142o si\u0119 sko\u0144czy\u0107 tragicznym wynikiem dla Polski, czyli wygran\u0105 unioeuropejczyk\u00f3w i wprowadzeniem w ekspresowym tempie wszystkich ich chorych \u0142ad\u00f3w: <span style=\"color: #ff0000;\">zielonego<\/span>, <span style=\"color: #ff0000;\">t\u0119czowego<\/span>, <span style=\"color: #ff0000;\">niebieskiego<\/span>, <em>etc.<\/em> Zobacz: <a href=\"https:\/\/grzegorzjaszczura.pl\/?p=69696#more-69696\"><em><strong>Sabota\u017c klimatyczny &#8211; kontynuacja<\/strong><\/em><\/a>. Doko\u0144czeniem naprawy polskiej sceny politycznej by\u0142by rozpad <span style=\"color: #ff0000;\"><strong>PISu<\/strong><\/span>. I oby tak si\u0119 sta\u0142o! Najwy\u017cszy czas, aby Prezes <strong>J. Kaczy\u0144ski<\/strong> rozliczy\u0142 siebie i swoich <em>dziadk\u00f3w z <span style=\"color: #ff0000;\"><strong>PC<\/strong><\/span><\/em>! Ewidentnie wybi\u00f3rcze umieszczanie nazwisk na listach wyborczych, aby tylko miejsca wchodz\u0105ce nie straci\u0142y szans na wej\u015bcie czy to do Sejmu RP, czy to do rad miejskich wyko\u0144czy\u0142y poparcie dla <span style=\"color: #ff0000;\"><strong>PiSu<\/strong><\/span> w <span style=\"color: #008000;\"><strong>Zag\u0142\u0119biu D\u0105browskim<\/strong> <\/span>Panie Prezesie <strong>J. Kaczy\u0144ski<\/strong>. Ale mo\u017ce to i dobrze. <strong>Teraz czas na Konfederacje<\/strong> (pisz\u0119 w liczbie mnogiej)! Prezydent <strong>Karol Nawrocki<\/strong> swoimi decyzjami mo\u017ce w tym pom\u00f3c. A sieroty po <span style=\"color: #ff0000;\"><strong>PiS<\/strong><\/span> maj\u0105 ju\u017c gdzie przej\u015b\u0107 &#8211; i zbudowa\u0107 now\u0105 Polsk\u0119, a patrz\u0105c lokalnie &#8211; nowe pr\u0119\u017cne struktury w <span style=\"color: #008000;\"><strong>Zag\u0142\u0119biu D\u0105browskim<\/strong><\/span>, gdzie <span style=\"color: #ff0000;\">Lewica<\/span> ju\u017c pad\u0142a, a wchodz\u0105ca w to miejsce <span style=\"color: #ff0000;\"><strong>PO<\/strong><\/span> ma szans\u0119 upa\u015b\u0107 wraz z aktualnym rz\u0105dem.<\/p>\n<p style=\"text-align: justify;\"><span style=\"color: #0000ff;\"><strong>Ps<\/strong><\/span> G\u0142\u00f3wne foto w tym moim wpisie przedstawia plakat kandydata na Prezydenta <strong>K. Nawrockiego<\/strong> zerwany z tablicy og\u0142osze\u0144 w trakcie ciszy wyborczej przez lewactwo w D\u0105browie G\u00f3rniczej. Nawet z tej pozycji <strong>Karol<\/strong> si\u0119 podni\u00f3s\u0142!!!<\/p>\n<p><a href=\"http:\/\/grzegorzjaszczura.pl\/http:\/\/grzegorzjaszczura.pl\/wp-content\/uploads\/2025\/06\/IMG_20250531_185925969.jpg\"><img loading=\"lazy\" decoding=\"async\" class=\"alignnone size-thumbnail wp-image-70837\" src=\"http:\/\/grzegorzjaszczura.pl\/http:\/\/grzegorzjaszczura.pl\/wp-content\/uploads\/2025\/06\/IMG_20250531_185925969-150x150.jpg\" alt=\"\" width=\"150\" height=\"150\" \/><\/a><a href=\"http:\/\/grzegorzjaszczura.pl\/http:\/\/grzegorzjaszczura.pl\/wp-content\/uploads\/2025\/06\/IMG_20250524_183243601-2.jpg\"><img loading=\"lazy\" decoding=\"async\" class=\"alignnone size-thumbnail wp-image-70848\" src=\"http:\/\/grzegorzjaszczura.pl\/http:\/\/grzegorzjaszczura.pl\/wp-content\/uploads\/2025\/06\/IMG_20250524_183243601-2-150x150.jpg\" alt=\"\" width=\"150\" height=\"150\" \/><\/a><\/p>\n","protected":false},"excerpt":{"rendered":"<p>Tak, to prawica wygra\u0142a Prezydenta RP! Lewaki wszelkiej ma\u015bci zadufane w sobie, z regu\u0142y s\u0142abo wykszta\u0142cone, wspomagane przez postkomunist\u00f3w postsowieckich (przyk\u0142adowo niedosz\u0142ego magistra A. Kwa\u015bniewskiego) czy neokomunist\u00f3w wtopi\u0142y. Pycha i prounioeuropejsko\u015b\u0107 przegra\u0142y. To prawica (Konfederacja i Konfederacja Korony Polskiej) przechyli\u0142y szal\u0119 na korzy\u015b\u0107 Karola Nawrockiego (50,89%), przy 49,11% R. Trzaskowskiego (skrajna lewica PO). Musz\u0119 tu [&hellip;]<\/p>\n","protected":false},"author":2,"featured_media":0,"comment_status":"open","ping_status":"open","sticky":false,"template":"","format":"standard","meta":{"_monsterinsights_skip_tracking":false,"_monsterinsights_sitenote_active":false,"_monsterinsights_sitenote_note":"","_monsterinsights_sitenote_category":0,"footnotes":""},"categories":[3],"tags":[],"class_list":["post-70804","post","type-post","status-publish","format-standard","hentry","category-polityczne"],"_links":{"self":[{"href":"https:\/\/grzegorzjaszczura.pl\/index.php?rest_route=\/wp\/v2\/posts\/70804","targetHints":{"allow":["GET"]}}],"collection":[{"href":"https:\/\/grzegorzjaszczura.pl\/index.php?rest_route=\/wp\/v2\/posts"}],"about":[{"href":"https:\/\/grzegorzjaszczura.pl\/index.php?rest_route=\/wp\/v2\/types\/post"}],"author":[{"embeddable":true,"href":"https:\/\/grzegorzjaszczura.pl\/index.php?rest_route=\/wp\/v2\/users\/2"}],"replies":[{"embeddable":true,"href":"https:\/\/grzegorzjaszczura.pl\/index.php?rest_route=%2Fwp%2Fv2%2Fcomments&post=70804"}],"version-history":[{"count":49,"href":"https:\/\/grzegorzjaszczura.pl\/index.php?rest_route=\/wp\/v2\/posts\/70804\/revisions"}],"predecessor-version":[{"id":70860,"href":"https:\/\/grzegorzjaszczura.pl\/index.php?rest_route=\/wp\/v2\/posts\/70804\/revisions\/70860"}],"wp:attachment":[{"href":"https:\/\/grzegorzjaszczura.pl\/index.php?rest_route=%2Fwp%2Fv2%2Fmedia&parent=70804"}],"wp:term":[{"taxonomy":"category","embeddable":true,"href":"https:\/\/grzegorzjaszczura.pl\/index.php?rest_route=%2Fwp%2Fv2%2Fcategories&post=70804"},{"taxonomy":"post_tag","embeddable":true,"href":"https:\/\/grzegorzjaszczura.pl\/index.php?rest_route=%2Fwp%2Fv2%2Ftags&post=70804"}],"curies":[{"name":"wp","href":"https:\/\/api.w.org\/{rel}","templated":true}]}}