{"id":71088,"date":"2025-07-07T07:25:35","date_gmt":"2025-07-07T05:25:35","guid":{"rendered":"https:\/\/grzegorzjaszczura.pl\/?p=71088"},"modified":"2025-07-22T09:22:46","modified_gmt":"2025-07-22T07:22:46","slug":"referendum-c-d","status":"publish","type":"post","link":"https:\/\/grzegorzjaszczura.pl\/?p=71088","title":{"rendered":"Referendum c.d."},"content":{"rendered":"<p style=\"text-align: justify;\"><a href=\"http:\/\/grzegorzjaszczura.pl\/http:\/\/grzegorzjaszczura.pl\/wp-content\/uploads\/2024\/02\/1-2.jpg\"><img loading=\"lazy\" decoding=\"async\" class=\"alignnone size-thumbnail wp-image-66525\" src=\"http:\/\/grzegorzjaszczura.pl\/http:\/\/grzegorzjaszczura.pl\/wp-content\/uploads\/2024\/02\/1-2-150x150.jpg\" alt=\"\" width=\"150\" height=\"150\" \/><\/a>W nawi\u0105zaniu do w\u0105tku referendum o odwo\u0142anie <strong>Prezydenta Miasta D\u0105browa G\u00f3rnicza<\/strong>, kt\u00f3ry wybrzmia\u0142 na ostatniej przedwakacyjnej sesji <strong>Rady Miejskiej<\/strong> w dniu 11.06.2025 r. (<a href=\"https:\/\/grzegorzjaszczura.pl\/?p=70898#more-70898\"><strong>zobacz<\/strong><\/a> i tak\u017ce <a href=\"https:\/\/grzegorzjaszczura.pl\/?p=71027#more-71027\"><strong>zobacz<\/strong><\/a>) dzisiaj lekkie rozwini\u0119cie tematu. Zarzuty radnej <strong>T. Duraj-Fert<\/strong> (bezpartyjna) do prezydenta <strong>M. Bazylaka<\/strong> (skrajna <span style=\"color: #ff0000;\">lewica bezpartyjna<\/span>) mo\u017cna spokojnie rozszerza\u0107, nie chc\u0119 przesadza\u0107 i napisa\u0107, \u017ce w niesko\u0144czono\u015b\u0107, ale&#8230;<\/p>\n<p style=\"text-align: justify;\">Osobi\u015bcie m\u00f3g\u0142bym podkre\u015bli\u0107 wiele spraw i temat\u00f3w,<!--more--> kt\u00f3re mimo moich wielokrotnych interwencji (kiedy\u015b jako radnego) nie zosta\u0142y przez Prezydenta wyja\u015bnione i za\u0142atwione na korzy\u015b\u0107 Mieszka\u0144c\u00f3w. A wr\u0119cz przeciwnie prezydent brn\u0105\u0142 w bagno. K&#8217;woli prawdy tak\u017ce wiele wpadek, w tym jego poprzednika (<strong>Z. Podrazy<\/strong>), akurat Prezydent <strong>M. Bazylak<\/strong> realizuj\u0105c moje wnioski i sugestie pozytywnie wprowadzi\u0142 w \u017cycie!<\/p>\n<p><strong>Ale przyk\u0142adowo, co jeszcze robi \u017ale prezydent:<\/strong><\/p>\n<p style=\"text-align: justify;\"><span style=\"color: #008000;\">&#8211; <strong>sprawa wynajmu dzia\u0142ek gminnych dla ArcelorMittal<\/strong> na Zakawiu w Strzemieszycach Ma\u0142ych i ich aktualny status (nie wyja\u015bniona do ko\u0144ca od kilku lat) w po\u0142\u0105czeniu z planowan\u0105 zamian\u0105 dzia\u0142ek zaj\u0119tych przez ArceloMittal <\/span>(zobacz: <a href=\"https:\/\/grzegorzjaszczura.pl\/?p=55254#more-55254\"><em><strong>ha\u0142da pohutnicza<\/strong><\/em><\/a>, tak\u017ce <a href=\"https:\/\/grzegorzjaszczura.pl\/?p=57188#more-57188\"><em><strong>ha\u0142da &#8211; vademecum<\/strong><\/em><\/a>)<\/p>\n<p style=\"text-align: justify;\"><span style=\"color: #008000;\">&#8211;\u00a0<strong> ci\u0105g\u0142e, \u201epodw\u00f3jne\u201d p\u0142acenie w NEMO-Wodny \u015awiat<\/strong> \u2013 przez Mieszka\u0144c\u00f3w w kasie aquaparku i w podatkach (kilka milion\u00f3w rocznie); samo jego istnienie podwa\u017ca fakt \u201eubasenowienia\u201d i otwartych zbiornik\u00f3w wodnych D\u0105browy G\u00f3rniczej, nie wspominaj\u0105c o jego ponad 20-letniej infrastrukturze technicznej <\/span>(zobacz: <a href=\"https:\/\/grzegorzjaszczura.pl\/?p=42255#more-42255\"><em><strong>Nemo-Wodny \u015awiat<\/strong><\/em><\/a>, tak\u017ce <a href=\"https:\/\/grzegorzjaszczura.pl\/?p=67888#more-67888\"><em><strong>Nemo-Wodny \u015awiat &#8211; znowu kropl\u00f3wka<\/strong><\/em><\/a>)<\/p>\n<p style=\"text-align: justify;\"><span style=\"color: #008000;\">&#8211; <strong>nieuporz\u0105dkowanie w\u0142asno\u015bciowe progminne w ALBA MPGK,<\/strong> gdzie nie maj\u0105c wp\u0142ywu na polityk\u0119 firmy (Gmina jest udzia\u0142owcem mniejszo\u015bciowym) i ceny, doprowadzono do faktycznej monopolizacji gospodarki odpadami i oczyszczania (tak\u017ce zimowego) Miasta<\/span> (zobacz: <a href=\"https:\/\/grzegorzjaszczura.pl\/?p=51309#more-51309\"><em><strong>Alba MPGK Sp. z o.o. &#8211; ciekawostki<\/strong><\/em><\/a>, tak\u017ce <a href=\"https:\/\/grzegorzjaszczura.pl\/?p=63641#more-63641\"><em><strong>Gmina a Alba MPGK Sp. z o.o.<\/strong><\/em><\/a>)<\/p>\n<p style=\"text-align: justify;\"><span style=\"color: #008000;\">&#8211; <strong>przyj\u0119cie planu Fabryki Pe\u0142nej \u017bycia,<\/strong> kt\u00f3ra \u2013 po realizacji \u2013 i tak nie b\u0119dzie si\u0119 mia\u0142a nijak do zwi\u0119kszenia atrakcyjno\u015bci inwestycyjnej i mieszkaniowej Miasta (prosz\u0119 por\u00f3wna\u0107 to cho\u0107by z Katowicami, gdzie nie podkre\u015bla si\u0119 przywi\u0105zania do siermi\u0119\u017cnej socjalistycznej przesz\u0142o\u015bci, tylko do nowoczesnego image\u2019u du\u017cego miasta) <\/span>(zobacz: <a href=\"https:\/\/grzegorzjaszczura.pl\/?p=68072#more-68072\"><em><strong>Ludzie w strefie ska\u017cenia<\/strong><\/em><\/a>)<\/p>\n<p style=\"text-align: justify;\"><span style=\"color: #008000;\">&#8211; <strong>nieudane<\/strong> (cho\u0107 nieuniknione finansowo) <strong>po\u0142\u0105czenie<\/strong> PM MZUM.PL S.A. z Fabryk\u0105 Pe\u0142n\u0105 \u017bycia Sp. z o.o. <\/span>(zobacz: <a href=\"https:\/\/grzegorzjaszczura.pl\/?p=63612#more-63612\"><em><strong>Co z fuzj\u0105 FP\u017b i MZUM?<\/strong><\/em><\/a>, tak\u017ce <a href=\"https:\/\/grzegorzjaszczura.pl\/?p=63824#more-63824\"><em><strong>nici z fuzji FP\u017b i MZUM<\/strong><\/em><\/a>)<\/p>\n<p style=\"text-align: justify;\"><span style=\"color: #008000;\">&#8211; <strong>brak inwestycji w tereny mieszkaniowe<\/strong> (oraz przemys\u0142owe) w najwi\u0119kszym powierzchniowo mie\u015bcie wojew\u00f3dztwa<\/span><\/p>\n<p style=\"text-align: justify;\"><span style=\"color: #008000;\">&#8211; <strong>nieuporz\u0105dkowana sprawa op\u0142at adiacenckich<\/strong> i marginalizacja tzw. \u201eteren\u00f3w zielonych\u201d naszego Miasta <\/span>(zobacz: <a href=\"https:\/\/grzegorzjaszczura.pl\/?p=44834#more-44834\"><em><strong>Op\u0142ata adiacencka &#8211; walka trwa<\/strong><\/em><\/a>, tak\u017ce <a href=\"https:\/\/grzegorzjaszczura.pl\/?p=58214#more-58214\"><em><strong>op\u0142ata adiacencka wraca<\/strong><\/em><\/a>)<\/p>\n<p style=\"text-align: justify;\"><strong>Oddzielnym tematem jest finansowanie<\/strong> kampanii wyborczej <strong>Komitetu Wyborczego Wyborc\u00f3w Marcina Bazylaka D\u0105browianie Razem<\/strong>. Zastrze\u017cenia do Komisarza Wyborczego w Katowicach III zg\u0142osi\u0142a <strong>Fundacja Odpowiedzialna Polityka<\/strong>, zreszt\u0105 na kilkudziesi\u0119ciu stronach. Fundacja ta realizuje swoje cele poprzez \u201edzia\u0142ania zwi\u0105zane z analiz\u0105 finansowania partii politycznych i kampanii wyborczych\u201d. Same wp\u0142aty na komitet pochodz\u0105ce od Naczelnik\u00f3w funkcyjnych w Urz\u0119dzie Miejskim kierowanym przez Pana Prezydenta nie s\u0105 moim zdaniem dobrym przejawem przejrzysto\u015bci cho\u0107by zatrudnienia i wynagradzania. <strong>Fundacja Odpowiedzialna Polityka<\/strong> wskaza\u0142a na szereg potencjalnych nieprawid\u0142owo\u015bci przy finansowaniu kampanii tego\u017c komitetu.<\/p>\n<p style=\"text-align: justify;\"><strong><a href=\"http:\/\/grzegorzjaszczura.pl\/http:\/\/grzegorzjaszczura.pl\/wp-content\/uploads\/2025\/02\/strona-tytulowa.jpg\"><img loading=\"lazy\" decoding=\"async\" class=\"alignnone size-thumbnail wp-image-70012\" src=\"http:\/\/grzegorzjaszczura.pl\/http:\/\/grzegorzjaszczura.pl\/wp-content\/uploads\/2025\/02\/strona-tytulowa-150x150.jpg\" alt=\"\" width=\"150\" height=\"150\" \/><\/a>G\u0142\u00f3wne zarzuty dotycz\u0105 transparentno\u015bci finansowania kampanii.<\/strong> Wed\u0142ug Fundacji, w sprawozdaniu nie wykazano koszt\u00f3w licznych reklam internetowych. W\u015br\u00f3d pozosta\u0142ych zastrze\u017ce\u0144 znalaz\u0142y si\u0119 tak\u017ce: mo\u017cliwe przyjmowanie niedozwolonych korzy\u015bci od innych komitet\u00f3w wyborczych, prowadzenie dzia\u0142a\u0144 promocyjnych w trakcie ciszy wyborczej, niejasno\u015bci co do wydatk\u00f3w operacyjnych i prawa do korzystania z lokalu, a tak\u017ce zarzut nieuczciwego wykorzystywania zasob\u00f3w i funkcji publicznych w celach kampanijnych, <strong>co mog\u0142o narusza\u0107 zasad\u0119 r\u00f3wno\u015bci w wyborach.<\/strong><\/p>\n<p style=\"text-align: justify;\"><strong>Do tego mo\u017cna dorzuci\u0107 <em>ad hoc<\/em> podejrzenia, co do prawid\u0142owo\u015bci prowadzenia konta Pana Prezydenta na FB, prawdopodobnie przez pracownik\u00f3w urz\u0119du, czyli z udzia\u0142em \u015brodk\u00f3w publicznych.<\/strong> By\u0107 mo\u017ce to Pan Prezydent jest w stanie wyja\u015bni\u0107.<\/p>\n<p style=\"text-align: justify;\"><strong><a href=\"http:\/\/grzegorzjaszczura.pl\/http:\/\/grzegorzjaszczura.pl\/wp-content\/uploads\/2025\/06\/Screenshot-2025-06-13-at-09-22-38-Sesja-Rady-Miejskiej-nr-14-z-dnia-11.06.2025-r.-YouTube.jpg\"><img loading=\"lazy\" decoding=\"async\" class=\"alignnone size-thumbnail wp-image-71128\" src=\"http:\/\/grzegorzjaszczura.pl\/http:\/\/grzegorzjaszczura.pl\/wp-content\/uploads\/2025\/06\/Screenshot-2025-06-13-at-09-22-38-Sesja-Rady-Miejskiej-nr-14-z-dnia-11.06.2025-r.-YouTube-150x150.jpg\" alt=\"\" width=\"150\" height=\"150\" \/><\/a>Najbardziej jaskrawym przyk\u0142adem potencjalnego konfliktu interes\u00f3w jest jednak wp\u0142ata dokonana przez osob\u0119 pe\u0142ni\u0105c\u0105 funkcj\u0119 Skarbnika Miasta.<\/strong> Skarbnik, jako g\u0142\u00f3wny ksi\u0119gowy bud\u017cetu, jest kluczowym stra\u017cnikiem publicznych pieni\u0119dzy, a jego najwa\u017cniejszym obowi\u0105zkiem jest kontrasygnata um\u00f3w, stanowi\u0105ca ostatni\u0105 lini\u0119 obrony przed niegospodarno\u015bci\u0105. Finansowe wsparcie kampanii wyborczej swojego bezpo\u015bredniego zwierzchnika w ra\u017c\u0105cy spos\u00f3b narusza zasad\u0119 neutralno\u015bci politycznej i bezstronno\u015bci, podwa\u017caj\u0105c zdolno\u015b\u0107 tej osoby do obiektywnego wykonywania swoich obowi\u0105zk\u00f3w. Fakt ten, w ocenie ekspert\u00f3w, powinien sta\u0107 si\u0119 przedmiotem kontroli Regionalnej Izby Obrachunkowej. Tak moim zdaniem, brak opozycji w Radzie Miejskiej D\u0105browy G\u00f3rniczej nie doprowadzi do takowej kontroli.<\/p>\n<p style=\"text-align: justify;\">Przeprowadzona analiza ujawnia sie\u0107 powi\u0105za\u0144 na styku lokalnej polityki i biznesu w D\u0105browie G\u00f3rniczej. Chocia\u017c zidentyfikowane relacje w du\u017cej mierze mog\u0105 mie\u015bci\u0107 si\u0119 w formalnych granicach prawa, budz\u0105 one powa\u017cne w\u0105tpliwo\u015bci natury etycznej. Stwarzaj\u0105 wysokie ryzyko konfliktu interes\u00f3w i podwa\u017caj\u0105 zaufanie do transparentno\u015bci, bezstronno\u015bci i r\u00f3wnego traktowania podmiot\u00f3w przez samorz\u0105d.<\/p>\n<p style=\"text-align: justify;\"><span style=\"color: #000000;\"><strong>Czy nie budzi w\u0105tpliwo\u015bci natury moralnej sytuacja, \u017ce w\u015br\u00f3d darczy\u0144c\u00f3w znajduj\u0105 si\u0119 osoby pe\u0142ni\u0105ce kluczowe funkcje publiczne czy osoby powi\u0105zane z firmami, kt\u00f3re s\u0105 znacz\u0105cymi kontrahentami Miasta D\u0105browa G\u00f3rnicza?<\/strong>\u00a0Wydaje si\u0119, \u017ce powinno to by\u0107 szczeg\u00f3\u0142owego zbadane pod k\u0105tem potencjalnych zale\u017cno\u015bci i konfliktu interes\u00f3w i wyja\u015bnione przez Pana Prezydenta.<\/span> Wyja\u015bnienia Pana Prezydenta by\u0142yby bardzo wskazane. Sprawozdaniem zajmuje si\u0119 wci\u0105\u017c <strong>Komisarz Wyborczy w Katowicach III<\/strong>, ale mo\u017cna zdecydowanie przyj\u0105\u0107, \u017ce nast\u0105pi to bez konsekwencji. Jednak\u017ce rok po wyborach sprawozdanie komitetu wci\u0105\u017c jest prawdopodobnie nie przyj\u0119te!<\/p>\n<p style=\"text-align: justify;\"><a href=\"http:\/\/grzegorzjaszczura.pl\/http:\/\/grzegorzjaszczura.pl\/wp-content\/uploads\/2025\/06\/Screenshot-2025-06-11-at-13-23-52-Sesja-Rady-Miejskiej-nr-14-z-dnia-11.06.2025-r.-YouTube.jpg\"><img loading=\"lazy\" decoding=\"async\" class=\"alignnone size-thumbnail wp-image-71078\" src=\"http:\/\/grzegorzjaszczura.pl\/http:\/\/grzegorzjaszczura.pl\/wp-content\/uploads\/2025\/06\/Screenshot-2025-06-11-at-13-23-52-Sesja-Rady-Miejskiej-nr-14-z-dnia-11.06.2025-r.-YouTube-150x150.jpg\" alt=\"\" width=\"150\" height=\"150\" \/><\/a>O o\u015bwiadczeniu radnej <strong>T. Duraj-Fert<\/strong> (bezpartyjna) wspomina\u0142em niedawno we wpisie: <a href=\"https:\/\/grzegorzjaszczura.pl\/?p=70898#more-70898\"><em><strong>sesja 12.05.2025 r. &#8211; czy jest opozycja w radzie?<\/strong><\/em><\/a>. Powt\u00f3rz\u0119 si\u0119, co do wsparcia jej dzia\u0142a\u0144 przez zag\u0142\u0119biowski pseudoopozycyjny <span style=\"color: #ff0000;\"><strong>PIS<\/strong><\/span>, to zanosi si\u0119, \u017ce poza pozorowaniem opozycyjno\u015bci przez Klub Radnych <span style=\"color: #ff0000;\"><strong>PIS<\/strong> <\/span>w Radzie Miejskiej nie s\u0105 w stanie podj\u0105\u0107 walki o w\u0142adz\u0119, Zreszt\u0105 dzia\u0142ania ich <em>baron\u00f3w <\/em>w <span style=\"color: #008000;\"><strong>Zag\u0142\u0119biu D\u0105browskim<\/strong><\/span>, szczeg\u00f3lnie Pani Pose\u0142 <strong>E. Malik<\/strong> (<strong><span style=\"color: #ff0000;\">PC<\/span><\/strong>, <span style=\"color: #ff0000;\"><strong>PIS<\/strong><\/span>) wielokrotnie krytykowa\u0142em na blogu. Tutaj <strong>Drodzy Mieszka\u0144cy<\/strong> post\u0119pu nie b\u0119dzie!<\/p>\n<p style=\"text-align: justify;\"><a href=\"http:\/\/grzegorzjaszczura.pl\/http:\/\/grzegorzjaszczura.pl\/wp-content\/uploads\/2025\/07\/IMG_20240109_165159283.jpg\"><img loading=\"lazy\" decoding=\"async\" class=\"alignnone size-thumbnail wp-image-71168\" src=\"http:\/\/grzegorzjaszczura.pl\/http:\/\/grzegorzjaszczura.pl\/wp-content\/uploads\/2025\/07\/IMG_20240109_165159283-150x150.jpg\" alt=\"\" width=\"150\" height=\"150\" \/><\/a>Nie b\u0119d\u0105c w stanie (brak ch\u0119ci czy mo\u017cliwo\u015bci organizacyjno-mentalnych i intelektualnych) przej\u0105\u0107 w\u0142adzy w Mie\u015bcie, <span style=\"color: #ff0000;\"><strong>PIS-owcy<\/strong><\/span> nie b\u0119d\u0105 si\u0119 te\u017c anga\u017cowa\u0107 w przedsi\u0119wzi\u0119cie mog\u0105ce (docelowo) zamieni\u0107 \u201esiekierk\u0119 na kijek\u201d, czyli quasi-<span style=\"color: #ff0000;\">Lewic\u0119 postkomunistyczn\u0105<\/span> na skrajn\u0105 <span style=\"color: #ff0000;\">neolewic\u0119<\/span>, czyli Platform\u0119 Obywatelsk\u0105. A z t\u0105 w <strong>D\u0105browie G\u00f3rniczej<\/strong> mog\u0105 ju\u017c si\u0119 tak nie dogadywa\u0107 jako tzw. opozycja.<\/p>\n<p style=\"text-align: justify;\"><span style=\"color: #008000;\"><strong>Wydaje mi si\u0119 natomiast, i\u017c sama inicjatywa Pani Radnej by\u0142aby bardziej \u201eno\u015bna\u201d spo\u0142ecznie, gdyby jeszcze wzi\u0105\u0107 \u201epod lup\u0119\u201d obietnice, sk\u0142adane w kampanii wyborczej przez komitet wyborczy oraz samego Pana Prezydenta, aby rozwa\u017cy\u0107, czy s\u0105 tam rzeczy, kt\u00f3rych nie realizuje i dopisa\u0107 je do tych spraw i problem\u00f3w, kt\u00f3re nawarstwi\u0142y si\u0119 jeszcze od czas\u00f3w jego mentora Pana Z. Podrazy (<span style=\"color: #ff0000;\">&#8230;<\/span>, <span style=\"color: #ff0000;\">SLD<\/span>)<\/strong> (u kt\u00f3rego by\u0142\u00a0 nawet wiceprezydentem), jak i s\u0105 \u201edokonaniem\u201d samego p. <strong>Marcina Bazylaka<\/strong> (a kt\u00f3re \u2013 jak si\u0119 zdaje po wynikach wybor\u00f3w samorz\u0105dowych \u2013 wi\u0119kszo\u015bci Mieszka\u0144c\u00f3w albo nie przeszkadzaj\u0105, albo \u2013 co bardziej prawdopodobne \u2013 nic o nich nie wiedz\u0105, bo przecie\u017c np. m\u00f3j blog nie jest tak powszechnie dost\u0119pny jak \u201ePrzegl\u0105d D\u0105browski\u2019, b\u0119d\u0105cy tub\u0105 propagandow\u0105 Urz\u0119du Miasta, na kt\u00f3ry <em>nota bene<\/em> id\u0105 dziesi\u0105tki tysi\u0119cy z\u0142otych z podatk\u00f3w mieszka\u0144c\u00f3w).<\/span><\/p>\n<p><a href=\"http:\/\/grzegorzjaszczura.pl\/http:\/\/grzegorzjaszczura.pl\/wp-content\/uploads\/2025\/07\/dg-budzet.jpg\"><img loading=\"lazy\" decoding=\"async\" class=\"alignnone size-thumbnail wp-image-71187\" src=\"http:\/\/grzegorzjaszczura.pl\/http:\/\/grzegorzjaszczura.pl\/wp-content\/uploads\/2025\/07\/dg-budzet-150x150.jpg\" alt=\"\" width=\"150\" height=\"150\" \/><\/a><a href=\"http:\/\/grzegorzjaszczura.pl\/http:\/\/grzegorzjaszczura.pl\/wp-content\/uploads\/2025\/07\/katowice-budzet.jpg\"><img loading=\"lazy\" decoding=\"async\" class=\"alignnone size-thumbnail wp-image-71188\" src=\"http:\/\/grzegorzjaszczura.pl\/http:\/\/grzegorzjaszczura.pl\/wp-content\/uploads\/2025\/07\/katowice-budzet-150x150.jpg\" alt=\"\" width=\"150\" height=\"150\" \/><\/a><\/p>\n<p>&nbsp;<\/p>\n","protected":false},"excerpt":{"rendered":"<p>W nawi\u0105zaniu do w\u0105tku referendum o odwo\u0142anie Prezydenta Miasta D\u0105browa G\u00f3rnicza, kt\u00f3ry wybrzmia\u0142 na ostatniej przedwakacyjnej sesji Rady Miejskiej w dniu 11.06.2025 r. (zobacz i tak\u017ce zobacz) dzisiaj lekkie rozwini\u0119cie tematu. Zarzuty radnej T. Duraj-Fert (bezpartyjna) do prezydenta M. Bazylaka (skrajna lewica bezpartyjna) mo\u017cna spokojnie rozszerza\u0107, nie chc\u0119 przesadza\u0107 i napisa\u0107, \u017ce w niesko\u0144czono\u015b\u0107, ale&#8230; [&hellip;]<\/p>\n","protected":false},"author":2,"featured_media":0,"comment_status":"open","ping_status":"open","sticky":false,"template":"","format":"standard","meta":{"_monsterinsights_skip_tracking":false,"_monsterinsights_sitenote_active":false,"_monsterinsights_sitenote_note":"","_monsterinsights_sitenote_category":0,"footnotes":""},"categories":[3],"tags":[],"class_list":["post-71088","post","type-post","status-publish","format-standard","hentry","category-polityczne"],"_links":{"self":[{"href":"https:\/\/grzegorzjaszczura.pl\/index.php?rest_route=\/wp\/v2\/posts\/71088","targetHints":{"allow":["GET"]}}],"collection":[{"href":"https:\/\/grzegorzjaszczura.pl\/index.php?rest_route=\/wp\/v2\/posts"}],"about":[{"href":"https:\/\/grzegorzjaszczura.pl\/index.php?rest_route=\/wp\/v2\/types\/post"}],"author":[{"embeddable":true,"href":"https:\/\/grzegorzjaszczura.pl\/index.php?rest_route=\/wp\/v2\/users\/2"}],"replies":[{"embeddable":true,"href":"https:\/\/grzegorzjaszczura.pl\/index.php?rest_route=%2Fwp%2Fv2%2Fcomments&post=71088"}],"version-history":[{"count":54,"href":"https:\/\/grzegorzjaszczura.pl\/index.php?rest_route=\/wp\/v2\/posts\/71088\/revisions"}],"predecessor-version":[{"id":71294,"href":"https:\/\/grzegorzjaszczura.pl\/index.php?rest_route=\/wp\/v2\/posts\/71088\/revisions\/71294"}],"wp:attachment":[{"href":"https:\/\/grzegorzjaszczura.pl\/index.php?rest_route=%2Fwp%2Fv2%2Fmedia&parent=71088"}],"wp:term":[{"taxonomy":"category","embeddable":true,"href":"https:\/\/grzegorzjaszczura.pl\/index.php?rest_route=%2Fwp%2Fv2%2Fcategories&post=71088"},{"taxonomy":"post_tag","embeddable":true,"href":"https:\/\/grzegorzjaszczura.pl\/index.php?rest_route=%2Fwp%2Fv2%2Ftags&post=71088"}],"curies":[{"name":"wp","href":"https:\/\/api.w.org\/{rel}","templated":true}]}}