{"id":71206,"date":"2025-07-14T08:02:45","date_gmt":"2025-07-14T06:02:45","guid":{"rendered":"https:\/\/grzegorzjaszczura.pl\/?p=71206"},"modified":"2025-07-15T08:26:01","modified_gmt":"2025-07-15T06:26:01","slug":"dezyderaty-zbigniewa-sielanczyka","status":"publish","type":"post","link":"https:\/\/grzegorzjaszczura.pl\/?p=71206","title":{"rendered":"dezyderaty Zbigniewa Siela\u0144czyka"},"content":{"rendered":"<p style=\"text-align: justify;\"><a href=\"http:\/\/grzegorzjaszczura.pl\/http:\/\/grzegorzjaszczura.pl\/wp-content\/uploads\/2024\/09\/457254315_842964334481164_412614522205104866_n.jpg\"><img loading=\"lazy\" decoding=\"async\" class=\"alignnone size-thumbnail wp-image-68635\" src=\"http:\/\/grzegorzjaszczura.pl\/http:\/\/grzegorzjaszczura.pl\/wp-content\/uploads\/2024\/09\/457254315_842964334481164_412614522205104866_n-150x150.jpg\" alt=\"\" width=\"150\" height=\"150\" \/><\/a>Dzisiaj tekst znajomego, Kol. <strong>Zbigniewa Siela\u0144czyka<\/strong>, podsumowuj\u0105cy pewien okres w polityce i nie tylko, w naszym kraju. Wydaje mi si\u0119, \u017ce tekst bardzo pouczaj\u0105cy i inspiruj\u0105cy, potencjalnie inspiruj\u0105cy szczeg\u00f3lnie dla lewactwa. Aczkolwiek trzeba w\u0105tpi\u0107 czy lewaki s\u0105 w stanie si\u0119 z nim zapozna\u0107. Tekst obejmuje sporo temat\u00f3w naraz, co mo\u017ce si\u0119 nie pomie\u015bci\u0107 w ich g\u0142owach\/m\u00f3zgach (ich m\u00f3zgach)!<\/p>\n<p style=\"text-align: justify;\"><span style=\"color: #000080;\">&#8222;<strong>Od wielu lat nie dzia\u0142am ju\u017c w polityce,<\/strong> od d\u0142u\u017cszego czasu nawet nie chce mi si\u0119, nie mam czasu ani wr\u0119cz ochoty nic tu pisa\u0107 w tym temacie.<\/span><!--more--><\/p>\n<p style=\"text-align: justify;\"><span style=\"color: #000080;\"> <strong>To powoli przestaje zreszt\u0105 mie\u0107 jaki\u015b sens.<\/strong> Jaki\u015b czas temu przewidzia\u0142em, \u017ce spo\u0142ecze\u0144stwo b\u0119dzie si\u0119 radykalizowa\u0107. <\/span><span style=\"color: #000080;\">Bardziej chodzi\u0142o mi o powr\u00f3t punk\u00f3w i skin\u00f3w, co te\u017c zreszt\u0105 obserwujemy, ale to jak zradykalizowa\u0142o si\u0119 \u015brodowisko platformy obywatelskiej \u2013 to sam jestem w szoku. Kiedy\u015b na pisior\u00f3w si\u0119 m\u00f3wi\u0142o \u201esekta\u201d, ale zdecydowanie w poziomie swojego oszo\u0142omstwa <span style=\"color: #ff0000;\">platfusy<\/span> dobili ju\u017c, a nawet przebili <span style=\"color: #ff0000;\">pisior\u00f3w<\/span>. Ci ludzie przez lata bezskutecznie pr\u00f3bowali przypi\u0105\u0107 sobie \u0142atk\u0119 jakiej\u015b elity, walczy\u0107 z \u201eciemnogrodami\u201d i by\u0107 w og\u00f3le cool, fancy, nowocze\u015bni i u\u015bmiechni\u0119ci. Wysz\u0142o jak wysz\u0142o, <strong>to si\u0119 zreszt\u0105 precyzyjnie nazywa \u201estrza\u0142 w stop\u0119\u201d jak kogo\u015b obra\u017casz lata, a okazuje si\u0119, \u017ce to jednak chodzi\u0142o o ciebie samego<\/strong>. <\/span><\/p>\n<p style=\"text-align: justify;\"><span style=\"color: #000080;\"><strong><a href=\"http:\/\/grzegorzjaszczura.pl\/http:\/\/grzegorzjaszczura.pl\/wp-content\/uploads\/2024\/08\/sierp-mlot-przekr.jpg\"><img loading=\"lazy\" decoding=\"async\" class=\"alignnone size-thumbnail wp-image-68256\" src=\"http:\/\/grzegorzjaszczura.pl\/http:\/\/grzegorzjaszczura.pl\/wp-content\/uploads\/2024\/08\/sierp-mlot-przekr-150x150.jpg\" alt=\"\" width=\"150\" height=\"150\" srcset=\"https:\/\/grzegorzjaszczura.pl\/http:\/\/grzegorzjaszczura.pl\/wp-content\/uploads\/2024\/08\/sierp-mlot-przekr-150x150.jpg 150w, https:\/\/grzegorzjaszczura.pl\/http:\/\/grzegorzjaszczura.pl\/wp-content\/uploads\/2024\/08\/sierp-mlot-przekr-300x300.jpg 300w, https:\/\/grzegorzjaszczura.pl\/http:\/\/grzegorzjaszczura.pl\/wp-content\/uploads\/2024\/08\/sierp-mlot-przekr.jpg 320w\" sizes=\"auto, (max-width: 150px) 100vw, 150px\" \/><\/a>Do godziny 21 w niedziel\u0119 wyborcz\u0105 wybory by\u0142y wzorem wybor\u00f3w<\/strong>, mucha nie siada\u0142a, a transparentno\u015b\u0107 tryska\u0142a po \u015bcianach. <strong>Dopiero chwil\u0119 po okaza\u0142o si\u0119, \u017ce uuu jednak nie wygra\u0142 t\u0119czowy<\/strong> Rafa\u0142ek, pupilek Sorosa. Wtedy si\u0119 zacz\u0119\u0142o my\u015blenie, \u017ce kto\u015b przecie\u017c musia\u0142 sfa\u0142szowa\u0107 wybory, bo jak tak m\u00f3g\u0142 Rafa\u0142ek przegra\u0107? Tu na bia\u0142ym koniu wje\u017cd\u017ca\u2026 akurat inny ko\u0144, s\u0142ynny mecenas Giertych. No i ja jestem super ciekaw, co musi mie\u0107 w g\u0142owie taki platfus podjarany giertychem w momencie jak wychodzi sytuacja z polnordem. Oj tam, to tylko wszystko najbli\u017csi wsp\u00f3\u0142pracownicy Giertycha zrobili razem wa\u0142eczek na ile\u015b milion\u00f3w, a jedyn\u0105 osob\u0105, kt\u00f3ra o niczym nie wiedzia\u0142a, jest on, biedny, poczciwy mecenas, kt\u00f3ry mo\u017ce m\u00f3g\u0142by nawet mie\u0107 pretensje, \u017ce koledzy mu nie powiedzieli. Szczeg\u00f3lnie niemi\u0142o ze strony pana o pseudonimie Foka, kt\u00f3ry by\u0142 ochroniarzem i kierowc\u0105 Giertycha. Dobrze, \u017ce si\u0119 mecenasowi krzywda w og\u00f3le nie sta\u0142a w takim towarzystwie XD. Ale no powoli jasnym jest, dlaczego takie gigantyczne poparcie dla platformy w wi\u0119zieniach, sami swoi :). A na koniec tej aferki w og\u00f3le nie jest ciekawie, bo zacz\u0119li si\u0119 po prostu zmienia\u0107 prokuratorzy zajmuj\u0105cy si\u0119 t\u0105 spraw\u0105, strasznie to nie dziwi, bo tyle platfusy walczyli o te \u201ewolne s\u0105dy\u201d, to chyba w\u0142a\u015bnie po to, \u017ceby sobie gmera\u0107 przy sprawach, kt\u00f3re absolutnie przecie\u017c ich nie dotycz\u0105, a szczeg\u00f3lnie ju\u017c mec. gertycha. <\/span><\/p>\n<p style=\"text-align: justify;\"><span style=\"color: #000080;\"><strong>Niezawis\u0142e s\u0105dy?<\/strong> Pami\u0119tacie prowokacj\u0119, co si\u0119 dziennikarz przedstawi\u0142 za pracownika kancelarii Tuska i ustawia\u0142 s\u0119dziego. Tak to przecie\u017c nie dzia\u0142a, a to by\u0142 tylko wyj\u0105tek potwierdzaj\u0105cy regu\u0142\u0119:D. Jeszcze bardziej zabawne jest to, \u017ce ci sami wyborcy ze 20 lat temu nazywali Giertycha \u201efaszyst\u0105\u201d, bo weso\u0142y Romek gra\u0142 wtedy akurat narodowca i przy okazji pogrzeba\u0142 ruch narodowy w owym czasie, pewnie te\u017c taki mia\u0142 plan od pocz\u0105tku. Idol obecnych wyborc\u00f3w platformy zosta\u0142 nawet ministrem edukacji w rz\u0105dzie Kaczy\u0144skiego, gdzie zaora\u0142 szkolnictwo, m.in., wprowadzi\u0142 s\u0142ynne matury giertychowskie, czyli \u017ce mo\u017cna by\u0142o nie zda\u0107 matury, ale j\u0105 zda\u0107. W zasadzie, jak komu\u015b po takich zdarzeniach trzeba jeszcze wi\u0119cej dowod\u00f3w na to, \u017ce taki kto\u015b nie jest zbawc\u0105 narodu, to zwyczajnie ci\u0119\u017cko nie nazywa\u0107 go oszo\u0142omem czy sekciarzem. Ale jest jeszcze wisienka. <strong>Tak sobie my\u015bl\u0119, jak w og\u00f3le doprowadzi\u0107 do tego, aby taki platfusek-oszo\u0142omek dopu\u015bci\u0142 w swej pustawej g\u0142\u00f3wce jakie\u015b inne zdanie, skoro oni nawet nie potrafi\u0105 wype\u0142ni\u0107 poprawnie swoich w\u0142asnych danych na prote\u015bcie wyborczym.<\/strong> Kumacie to? 25000 TAKICH SAMYCH protest\u00f3w, w S\u0105dzie Najwy\u017cszym zreszt\u0105 nie przypadkiem nazwali je giertych\u00f3wkami, a wyborcy platformy nawet w\u0142asnych peseli nie potrafili wpisa\u0107. To nie jest \u017cadna elita, to jest ci\u0119\u017ckie oszo\u0142omstwo karmione mixem sokuzburaka i niemieckich medi\u00f3w (i tu nale\u017cy si\u0119 dopatrywa\u0107 \u017ar\u00f3d\u0142a ich oszo\u0142omstwa, oni po prostu \u017cyj\u0105 w ba\u0144ce medialnej i to tak skrajnie &#8211; my\u015bl\u0105 dok\u0142adnie tak, jak niemcy by chcieli, aby ludzie nad Wis\u0142\u0105 my\u015bleli. Oni \u015bmiej\u0105 si\u0119 w swoim gronie z \u017cart\u00f3w, kt\u00f3re tylko dla nich s\u0105 \u015bmieszne, bo zbudowane s\u0105 na fa\u0142szywych za\u0142o\u017ceniach i nieprawdziwej narracji. Jak tego nie nazywa\u0107 sekciarstwem?). <\/span><\/p>\n<p style=\"text-align: justify;\"><span style=\"color: #000080;\">Mo\u017cna by godzinami pisa\u0107 o dzia\u0142aniu na szkod\u0119 Polski, podwa\u017caniu fundament\u00f3w pa\u0144stwa poprzez kwestionowanie wybor\u00f3w, ale nawet jak platfusom wklei\u0107 stary filmik z tuskiem jak m\u00f3wi, \u017ce nie powinno si\u0119 kwestionowa\u0107 wybor\u00f3w w Polsce (tylko akurat tamte wygrali i \u017ale si\u0119 zestarza\u0142o), to nie powoduje to jakiegokolwiek zmarszczenia czo\u0142a u wyborc\u00f3w platformy, przecie\u017c to nie sokzburaka napisa\u0142 wi\u0119c to na pewno pisowska propaganda. A im dalej w las tym zreszt\u0105 wi\u0119cej drzew, bo potem odklejka romcia posz\u0142a ju\u017c tak daleko, \u017ce wyg\u0142osi\u0142 na powa\u017cnie teori\u0119 spiskow\u0105, atakuj\u0105c (co oczywiste) narodowc\u00f3w. I to jakich XDDD. W sumie tak, przeci\u0119tny wyborca platformy ma prawo uwierzy\u0107, \u017ce jaszczur z ludwiczkiem pokonali s\u0142u\u017cby, sfa\u0142szowali wybory, \u017ce ziemia jest p\u0142aska, covid zdziesi\u0105tkuje ziemi\u0119, a krowy lataj\u0105.<\/span><\/p>\n<p style=\"text-align: justify;\"><span style=\"color: #000080;\"><strong>PS:<\/strong> Ciep\u0142o jest, uwa\u017cajcie, jak idziecie pop\u0142ywa\u0107, par\u0119 dni temu wy\u0142owiono z Wis\u0142y Pana Grzegorzewskiego, kt\u00f3ry za chwilk\u0119 mia\u0142 zeznawa\u0107 w sprawie NCBR. Nosz pech. <strong>To akurat wa\u0142eczek tej drugiej hydry drenuj\u0105cej Polsk\u0119<\/strong>, czyli pisu, ale mog\u0119 si\u0119 za\u0142o\u017cy\u0107 o prince polo, \u017ce oka\u017ce si\u0119 to samob\u00f3jstwem, nawet zreszt\u0105 gdyby strzeli\u0142 sobie w g\u0142ow\u0119 4 razy to by nim by\u0142o. Szkoda tylko, \u017ce na byciu fantastycznym mafijno-gansterskim pa\u0144stwem, gdzie co par\u0119 lat zmienia si\u0119 szajka gangus\u00f3w u w\u0142adzy, tracimy my \u2013 spo\u0142ecze\u0144stwo. <strong>Ka\u017cdy g\u0142os oddany na jedn\u0105 czy drug\u0105 band\u0119 to g\u0142os przeciwko Polsce, ka\u017cdy g\u0142os na \u201emniejsze z\u0142o\u201d to g\u0142os po prostu na \u201ez\u0142o\u201d.<\/strong><\/span><\/p>\n<p style=\"text-align: justify;\"><span style=\"color: #000080;\"><strong><a href=\"http:\/\/grzegorzjaszczura.pl\/http:\/\/grzegorzjaszczura.pl\/wp-content\/uploads\/2025\/04\/322800165_1633091203776542_1611344131143566409_n.jpg\"><img loading=\"lazy\" decoding=\"async\" class=\"alignnone size-thumbnail wp-image-70390\" src=\"http:\/\/grzegorzjaszczura.pl\/http:\/\/grzegorzjaszczura.pl\/wp-content\/uploads\/2025\/04\/322800165_1633091203776542_1611344131143566409_n-150x150.jpg\" alt=\"\" width=\"150\" height=\"150\" srcset=\"https:\/\/grzegorzjaszczura.pl\/http:\/\/grzegorzjaszczura.pl\/wp-content\/uploads\/2025\/04\/322800165_1633091203776542_1611344131143566409_n-150x150.jpg 150w, https:\/\/grzegorzjaszczura.pl\/http:\/\/grzegorzjaszczura.pl\/wp-content\/uploads\/2025\/04\/322800165_1633091203776542_1611344131143566409_n-300x300.jpg 300w, https:\/\/grzegorzjaszczura.pl\/http:\/\/grzegorzjaszczura.pl\/wp-content\/uploads\/2025\/04\/322800165_1633091203776542_1611344131143566409_n.jpg 526w\" sizes=\"auto, (max-width: 150px) 100vw, 150px\" \/><\/a>Dzisiaj wszyscy elektryzuj\u0105 si\u0119 tematem imigrant\u00f3w<\/strong> \u2013 nic dziwnego, wystarczy raz by\u0107 gdzie\u015b na zachodzie, aby zwyczajnie nawet na oko oceni\u0107, \u017ce<strong> skrajnie lewacki eksperyment si\u0119 po prostu nie uda\u0142<\/strong> (o czym zreszt\u0105 od lat osoby z mojej strony politycznej pisa\u0142y, a <strong>dzisiaj ludzie na zachodzie wr\u0119cz modl\u0105 si\u0119, aby mogli mieszka\u0107 w Polsc<\/strong>e). W najwi\u0119kszych europejskich miastach jest ju\u017c wi\u0119cej imigrant\u00f3w ni\u017c rdzennej ludno\u015bci. Gwa\u0142ty, pobicia, napady skoczy\u0142y o tysi\u0105ce procent, a taka Szwecja, w kt\u00f3rej mieszka\u0144cy do niedawna nie zamykali drzwi w domach, bo by\u0142o tak spokojnie \u2013 dzisiaj jest europejsk\u0105 stolic\u0105 morderstw z dzielnicami, do kt\u00f3rych si\u0119 boi wchodzi\u0107 policja. <\/span><\/p>\n<p style=\"text-align: justify;\"><span style=\"color: #000080;\">Przyk\u0142ad, jak Polacy oddolnie zostali zmuszeni do walki z nielegaln\u0105 imigracj\u0105 jest ra\u017c\u0105cym przypadkiem walki platfus\u00f3w&#8230; z polskim spo\u0142ecze\u0144stwem. <strong>W mojej ocenie to taki skrajny przyk\u0142ad w jaki polskoj\u0119zyczna w\u0142adza w Polsce &#8211; serwilistyczna, wiernopodda\u0144cza i czo\u0142obitna wobec strony niemieckiej dzia\u0142a na szkod\u0119 obywateli.<\/strong> Zacz\u0119\u0142y si\u0119 pierwsze zgwa\u0142cone i zad\u017agane ofiary i ku wielkiemu zdziwieniu platfus\u00f3w\u2026 Polacy nie chc\u0105 takiego ubogacenia kulturowego\u2026 No szok i niedowierzanie. Platfusy oczywi\u015bcie kaza\u0142y stra\u017cy granicznej wpuszcza\u0107 nielegalnych imigrant\u00f3w, ci kombinowali jak mog\u0105, p\u00f3\u017aniej niemcy sami dowozili, oddolny Ruch Obrony Granic zacz\u0105\u0142 dzia\u0142a\u0107, to niemiecki namiestnik w Polsce, herr donald wprowadzi\u0142\u2026 zakaz nagrywania na terenach przygranicznych. Po co? \u017beby lepiej nas strzec? Nie, \u017ceby \u0142atwiej by\u0142o do nas przerzuca\u0107 in\u017cynier\u00f3w. A teraz dla odmiany sp\u00f3jrzmy sobie na wschodni\u0105 granic\u0119, tam ci sami ludzie co z zachodu przerzucani s\u0105 nam przez p\u0142ot, nazywane jest to wojn\u0105 hybrydow\u0105 i nawet taki antypolski element jak franek sterczewski (oczywi\u015bcie z platformy) po 1,5 roku od wydarze\u0144 przeprosi\u0142 za swoje zachowanie na granicy. Ta wojna hybrydowa z\u0142a, ale ta na zachodzie ju\u017c spoko. <strong>Takie podw\u00f3jne standardy to zreszt\u0105 podstawa platformerskiej polityki \u2013 niemiecka kopalnia dobra, polska z\u0142a, itp.<\/strong> To w\u0142a\u015bnie platforma wspiera r\u00f3\u017cnej ma\u015bci tfu ekolog\u00f3w, kt\u00f3rzy g\u0142\u00f3wnie w interesie Chin niszcz\u0105 przemys\u0142 w Polsce (zreszt\u0105 ludzie te\u017c to zaczynaj\u0105 rozumie\u0107, widzia\u0142em ostatnio protest pod siedzib\u0105 greenpeacu to takie has\u0142a nawet by\u0142y, wow). To jest jawny ob\u00f3z zdrady narodowej, p\u0142askoziemcy ekonomiczni wierz\u0105cy w \u0142adny program w tv i wra\u017cliwe, emocjonalne os\u00f3bki gotowe zag\u0142osowa\u0107 na ka\u017cdego, kto zabierze im wszelk\u0105 wolno\u015b\u0107 za obietnic\u0119 jakiego\u015b bezpiecze\u0144stwa. Najlepsze jest to, \u017ce znam kilka os\u00f3b, kt\u00f3re g\u0142osuj\u0105 na platform\u0119, a kt\u00f3rych nie uwa\u017cam (przynajmniej dot\u0105d nie uwa\u017ca\u0142em) <strong>za oszo\u0142om\u00f3w, ciekaw jestem kiedy publicznie przyznaj\u0105, \u017ce dali si\u0119 nabra\u0107, a lepiej p\u00f3\u017ano ni\u017c wcale.<\/strong> Ja te\u017c si\u0119 da\u0142em nabra\u0107, w 2010 roku jak by\u0142a \u201ePolska liberalna\u201d Platformy, kontra \u201ePolska socjalna\u201d Kaczy\u0144skiego. Nikt nie m\u00f3g\u0142 wtedy przypuszcza\u0107, \u017ce pod has\u0142em \u201eliberalna\u201d, kryje si\u0119 nie u\u017cywana w Polsce zachodnia definicja, gdzie tzw. liberals w USA, to w\u0142a\u015bnie najgorsze oszo\u0142omstwo, ci, kt\u00f3rzy uznaj\u0105, \u017ce s\u0105 pingwinem i ka\u017c\u0105 do siebie m\u00f3wi\u0107 per pingwin, a jak nie, to to jest rasizm. Przed t\u0119czowym rafa\u0142kiem uda\u0142o si\u0119 Polsk\u0119 obroni\u0107, widz\u0105c co si\u0119 dzieje na granicy wierz\u0119, \u017ce da si\u0119 co\u015b jeszcze zrobi\u0107, a <strong>tylko op\u00f3r ma sens.<\/strong><\/span><\/p>\n<p style=\"text-align: justify;\"><span style=\"color: #000080;\"><a href=\"http:\/\/grzegorzjaszczura.pl\/http:\/\/grzegorzjaszczura.pl\/wp-content\/uploads\/2025\/03\/IMG_20250221_151826813.jpg\"><img loading=\"lazy\" decoding=\"async\" class=\"alignnone size-thumbnail wp-image-70248\" src=\"http:\/\/grzegorzjaszczura.pl\/http:\/\/grzegorzjaszczura.pl\/wp-content\/uploads\/2025\/03\/IMG_20250221_151826813-150x150.jpg\" alt=\"\" width=\"150\" height=\"150\" \/><\/a>Ciekawi mnie natomiast jak to wszystko si\u0119 sko\u0144czy. Irlandia jest ju\u017c o krok od wojny domowej, coraz wi\u0119cej pa\u0144stw w Europie si\u0119 buntuje, nawet niemcy, kt\u00f3rzy przecie\u017c ustami Angeli Merkel ich zaprosili, a s\u0105 nawet pierwsze przypadki Niemc\u00f3w stoj\u0105cych po polskiej stronie \u2013 pi\u0119kna rzecz. Ciekawi mnie szczeg\u00f3lnie czy dojdzie do jakiego\u015b rozlewu krwi. Nie jestem co jasne zwolennikiem takiego rozwi\u0105zania, ale nad w\u015bciek\u0142ym t\u0142umem ci\u0119\u017cko jest zapanowa\u0107. <strong>A jak kto\u015b przychodzi do Ciebie do domu, gwa\u0142ci i zabija to trudno ludziom wyt\u0142umaczy\u0107, \u017ce to jest spoko<\/strong> (mimo, \u017ce platforma pr\u00f3buje). Scenariusz rozlewu krwi ma jednak jedn\u0105 zasadnicz\u0105 wad\u0119 \u2013 my jeszcze mamy szans\u0119 si\u0119 obroni\u0107, miejsca, gdzie przybysz\u00f3w jest 50-70% no raczej kiepsko to widz\u0119. Natomiast patrz\u0105c na to jak tolerancyjny jest islam w stosunku do innych religii, to przypuszczam, \u017ce do rozlewu i tak dojdzie \u2013 ale jak ju\u017c bia\u0142ych chrze\u015bcijan b\u0119dzie tak ma\u0142o, \u017ce w zasadzie trzeba b\u0119dzie tylko doko\u0144czy\u0107 dzie\u0142a d\u017cihadu. S\u0105 setki filmik\u00f3w, gdzie in\u017cynierowie \u015bmiej\u0105 si\u0119 z Europejczyk\u00f3w, m\u00f3wi\u0105c, \u017ce przej\u0119li nam kontynent bez wojny. <\/span><\/p>\n<p style=\"text-align: justify;\"><span style=\"color: #000080;\"><strong><a href=\"http:\/\/grzegorzjaszczura.pl\/http:\/\/grzegorzjaszczura.pl\/wp-content\/uploads\/2025\/03\/SKMBT_C20323030611320-rotated.jpg\"><img loading=\"lazy\" decoding=\"async\" class=\"alignnone size-thumbnail wp-image-70297\" src=\"http:\/\/grzegorzjaszczura.pl\/http:\/\/grzegorzjaszczura.pl\/wp-content\/uploads\/2025\/03\/SKMBT_C20323030611320-150x150.jpg\" alt=\"\" width=\"150\" height=\"150\" \/><\/a>Bardzo nie podoba mi si\u0119 te\u017c sekwencja medialnych zdarze\u0144 steruj\u0105cych opini\u0105 publiczn\u0105.<\/strong> W pewnym momencie wchodzi jeden g\u0142\u00f3wny temat i od razu wszystkie skompromitowane stacje telewizyjne, radiowe i gazety m\u00f3wi\u0105 jednym g\u0142osem, \u017ce to prawda. Tak by\u0142o w przypadku gro\u017anej pandemii, co zdziesi\u0105tkuje \u015bwiat (podczas d\u017cumy liczba ludzi na ziemi spad\u0142a o 1\/3, a podczas kowidka wzros\u0142a do 8 miliard\u00f3w, taka lekka r\u00f3\u017cnica, cho\u0107 por\u00f3wnania by\u0142y w mediach non stop i nikt za nie nie przeprosi\u0142 nawet). Tak by\u0142o w przypadku absolutnie nie naszej wojny pomi\u0119dzy USA a Rosj\u0105 na terenie Ukrainy, o to pod czyim butem b\u0119dzie Ukraina, ale i tak propaganda wojenna (s\u0105 kana\u0142y, kt\u00f3re od lat ju\u017c codziennie informuj\u0105 jak Ukraina wygrywa wojn\u0119, babcie bigosem drony zrzucaj\u0105, a ruskie czo\u0142gi si\u0119 boj\u0105 ukrai\u0144skich traktor\u00f3w) zrobi\u0142a swoje i jest pe\u0142no os\u00f3b, dla kt\u00f3rych mam wra\u017cenie Ukraina jest wa\u017cniejsza od Polski (za co oczywi\u015bcie Ukrai\u0144cy nam pi\u0119knie odp\u0142acaj\u0105, cho\u0107by teraz zostali\u015bmy wykluczeni z plan\u00f3w odbudowy Ukrainy, a Ze\u0142enski daje taki popis buty i arogancji, \u017ce powinien by\u0107 <em>persona non grata<\/em> w Polsce, ekshumacji Wo\u0142ynia nie b\u0119dzie, chyba, \u017ce zrobi\u0105 to sami Ukrai\u0144cy &#8211; oczywi\u015bcie tak dobrze, jak ruscy badali tupolewa. Na tej p\u0142aszczy\u017anie r\u00f3wnie\u017c wida\u0107 totaln\u0105 uleg\u0142o\u015b\u0107 rz\u0105du Dobrej Zdrady). <\/span><\/p>\n<p style=\"text-align: justify;\"><span style=\"color: #000080;\">Potem kolejna wojenka Izrael \u2013 Palestyn, a potem Izrael \u2013 Iran. Trwaj\u0105 napi\u0119cia wok\u00f3\u0142 Tajwanu. Pali si\u0119 ju\u017c w kilku miejscach na \u015bwiecie, has\u0142a o 3ciej wojnie \u015bwiatowej padaj\u0105 coraz mocniej. W ka\u017cdym razie, trudno nie mie\u0107 wra\u017cenia, \u017ce to co si\u0119 dzieje to z grubsza realizacja \u201ewielkiego resetu\u201d klausa schwabba. My\u015bl\u0119 te\u017c, \u017ce coraz wi\u0119cej ludzi zdaje sobie powoli spraw\u0119 z tego kto jest szmat\u0105 i dlaczego, ludzie coraz mniej wierz\u0105 klasycznym mediom (zreszt\u0105 nic zreszt\u0105 dziwnego, jak kto\u015b Ci\u0119 lata ok\u0142amuje, to mo\u017cna przesta\u0107 kiedy\u015b by\u0107 masochist\u0105), jak tylko nie s\u0105 oszo\u0142omami to s\u0105 w stanie zweryfikowa\u0107 informacj\u0119 w kilku \u017ar\u00f3d\u0142ach i wyci\u0105gn\u0105\u0107 wnioski, mimo \u017ce google i inni zwolennicy totalitaryst\u00f3w dbaj\u0105 by pewne wyniki si\u0119 nie wy\u015bwietla\u0142y za wysoko. <strong>St\u0105d te\u017c uwa\u017cam wysoki wynik Mentzena, Brauna, ale i komunist\u00f3w z Razem za konsekwencj\u0119 tych dzia\u0142a\u0144, jak i spadku zaufania do dw\u00f3ch partii, kt\u00f3re na zmian\u0119 niszcz\u0105 Polsk\u0119 \u2013 ile mo\u017cna gra\u0107 w gr\u0119 \u201etw\u00f3j z\u0142odziej jest gorszy ni\u017c m\u00f3j z\u0142odziej\u201d zanim si\u0119 skuma, \u017ce ma si\u0119 dw\u00f3ch z\u0142odziei do wyboru,<\/strong> 20 lat to i tak d\u0142ugo. <\/span><\/p>\n<p style=\"text-align: justify;\"><span style=\"color: #000080;\"><strong><a href=\"http:\/\/grzegorzjaszczura.pl\/http:\/\/grzegorzjaszczura.pl\/wp-content\/uploads\/2025\/01\/58543684_615964212252140_1934751942144163840_n.jpg\"><img loading=\"lazy\" decoding=\"async\" class=\"alignnone size-thumbnail wp-image-69742\" src=\"http:\/\/grzegorzjaszczura.pl\/http:\/\/grzegorzjaszczura.pl\/wp-content\/uploads\/2025\/01\/58543684_615964212252140_1934751942144163840_n-150x150.jpg\" alt=\"\" width=\"150\" height=\"150\" \/><\/a>Drogie oszo\u0142omki, pora wi\u0119c budzi\u0107 si\u0119 z mokrego snu i spojrze\u0107 na oczy<\/strong> &#8211; ka\u017cdy pope\u0142nia b\u0142\u0119dy, ale nie zauwa\u017canie ich i nie wyci\u0105ganie wniosk\u00f3w, to ju\u017c po prostu g\u0142upota. Jeste\u015bmy jako Polska w takim momencie, \u017ce zwyczajnie powinni\u015bcie ju\u017c zrozumie\u0107, \u017ce szkodzicie Polsce, apeluj\u0119 wi\u0119c do Was \u2013 miejcie otwarte g\u0142owy, nie b\u0105d\u017acie zaparza\u0144cami, starajcie si\u0119 patrze\u0107 troch\u0119 z g\u00f3ry i widzie\u0107 troch\u0119 wi\u0119cej, a przede wszystkim warto wy\u0142\u0105czy\u0107 te media, kt\u00f3re robi\u0105 Wam wod\u0119 z m\u00f3zgu. <strong>Wi\u0119kszo\u015b\u0107 wyborc\u00f3w <span style=\"color: #ff0000;\">PO<\/span> to po prostu osoby naiwne, ta mniejsza cz\u0119\u015b\u0107 to osoby cyniczne, no i to oni maj\u0105 kas\u0119 z tego, \u017ce Wy tak naiwnie g\u0142osujecie.<\/strong> <\/span><\/p>\n<p style=\"text-align: justify;\"><span style=\"color: #000080;\"><strong>100 konkret\u00f3w na 100 dni?<\/strong> Wydymali was w ponad 90-ciu. Wielu przedsi\u0119biorc\u00f3w by chcia\u0142o mie\u0107 takich klient\u00f3w jak wy, umawiamy si\u0119 na co\u015b, ja 90% nie robi\u0119, a kas\u0119 od was bior\u0119 za ca\u0142o\u015b\u0107. Nic dziwnego, \u017ce na ta\u015bmach p\u00f3\u017aniej jeste\u015bcie nazywani frajerami, oni wiedz\u0105 co m\u00f3wi\u0105, ale jak kto\u015b jest turbo oszo\u0142omem to nawet chyba mo\u017cna go tak nazywa\u0107 \u2013 bo \u017ceby tylko <span style=\"color: #ff0000;\">pis<\/span> czasem nie doszed\u0142 do w\u0142adzy haha. <\/span><\/p>\n<p style=\"text-align: justify;\"><strong><span style=\"color: #000080;\"><a href=\"http:\/\/grzegorzjaszczura.pl\/http:\/\/grzegorzjaszczura.pl\/wp-content\/uploads\/2025\/07\/FLaga-Polski.jpg\"><img loading=\"lazy\" decoding=\"async\" class=\"alignnone size-thumbnail wp-image-71222\" src=\"http:\/\/grzegorzjaszczura.pl\/http:\/\/grzegorzjaszczura.pl\/wp-content\/uploads\/2025\/07\/FLaga-Polski-150x150.jpg\" alt=\"\" width=\"150\" height=\"150\" \/><\/a>Koniec wojny polsko-polskiej, teraz mamy innych wrog\u00f3w, nie wolno si\u0119 da\u0107 zaprz\u0119ga\u0107 do bratob\u00f3jczej walki. A zdrajcom nale\u017cy patrze\u0107 na r\u0119ce, ju\u017c zaczynaj\u0105 si\u0119 represje w stosunku do os\u00f3b, kt\u00f3re pilnuj\u0105 na granicach bezpiecze\u0144stwa naszego i naszych dzieci. B\u0105d\u017amy m\u0105drzy.<\/span><\/strong><\/p>\n<p style=\"text-align: justify;\"><span style=\"color: #000080;\"> Pozdrawiam!&#8221;<\/span><\/p>\n<p style=\"text-align: right;\"><span style=\"color: #000080;\"><strong><em>Zbigniew Siela\u0144czyk<\/em><\/strong><\/span><\/p>\n","protected":false},"excerpt":{"rendered":"<p>Dzisiaj tekst znajomego, Kol. Zbigniewa Siela\u0144czyka, podsumowuj\u0105cy pewien okres w polityce i nie tylko, w naszym kraju. Wydaje mi si\u0119, \u017ce tekst bardzo pouczaj\u0105cy i inspiruj\u0105cy, potencjalnie inspiruj\u0105cy szczeg\u00f3lnie dla lewactwa. Aczkolwiek trzeba w\u0105tpi\u0107 czy lewaki s\u0105 w stanie si\u0119 z nim zapozna\u0107. Tekst obejmuje sporo temat\u00f3w naraz, co mo\u017ce si\u0119 nie pomie\u015bci\u0107 w ich [&hellip;]<\/p>\n","protected":false},"author":2,"featured_media":0,"comment_status":"open","ping_status":"open","sticky":false,"template":"","format":"standard","meta":{"_monsterinsights_skip_tracking":false,"_monsterinsights_sitenote_active":false,"_monsterinsights_sitenote_note":"","_monsterinsights_sitenote_category":0,"footnotes":""},"categories":[3],"tags":[],"class_list":["post-71206","post","type-post","status-publish","format-standard","hentry","category-polityczne"],"_links":{"self":[{"href":"https:\/\/grzegorzjaszczura.pl\/index.php?rest_route=\/wp\/v2\/posts\/71206","targetHints":{"allow":["GET"]}}],"collection":[{"href":"https:\/\/grzegorzjaszczura.pl\/index.php?rest_route=\/wp\/v2\/posts"}],"about":[{"href":"https:\/\/grzegorzjaszczura.pl\/index.php?rest_route=\/wp\/v2\/types\/post"}],"author":[{"embeddable":true,"href":"https:\/\/grzegorzjaszczura.pl\/index.php?rest_route=\/wp\/v2\/users\/2"}],"replies":[{"embeddable":true,"href":"https:\/\/grzegorzjaszczura.pl\/index.php?rest_route=%2Fwp%2Fv2%2Fcomments&post=71206"}],"version-history":[{"count":28,"href":"https:\/\/grzegorzjaszczura.pl\/index.php?rest_route=\/wp\/v2\/posts\/71206\/revisions"}],"predecessor-version":[{"id":71237,"href":"https:\/\/grzegorzjaszczura.pl\/index.php?rest_route=\/wp\/v2\/posts\/71206\/revisions\/71237"}],"wp:attachment":[{"href":"https:\/\/grzegorzjaszczura.pl\/index.php?rest_route=%2Fwp%2Fv2%2Fmedia&parent=71206"}],"wp:term":[{"taxonomy":"category","embeddable":true,"href":"https:\/\/grzegorzjaszczura.pl\/index.php?rest_route=%2Fwp%2Fv2%2Fcategories&post=71206"},{"taxonomy":"post_tag","embeddable":true,"href":"https:\/\/grzegorzjaszczura.pl\/index.php?rest_route=%2Fwp%2Fv2%2Ftags&post=71206"}],"curies":[{"name":"wp","href":"https:\/\/api.w.org\/{rel}","templated":true}]}}