{"id":71238,"date":"2025-07-21T07:26:04","date_gmt":"2025-07-21T05:26:04","guid":{"rendered":"https:\/\/grzegorzjaszczura.pl\/?p=71238"},"modified":"2025-07-21T08:16:22","modified_gmt":"2025-07-21T06:16:22","slug":"stop-nachodzcom","status":"publish","type":"post","link":"https:\/\/grzegorzjaszczura.pl\/?p=71238","title":{"rendered":"Stop nachod\u017acom!"},"content":{"rendered":"<p style=\"text-align: justify;\"><a href=\"http:\/\/grzegorzjaszczura.pl\/http:\/\/grzegorzjaszczura.pl\/wp-content\/uploads\/2025\/07\/20250719_1229590.jpg\"><img loading=\"lazy\" decoding=\"async\" class=\"alignnone size-thumbnail wp-image-71259\" src=\"http:\/\/grzegorzjaszczura.pl\/http:\/\/grzegorzjaszczura.pl\/wp-content\/uploads\/2025\/07\/20250719_1229590-150x150.jpg\" alt=\"\" width=\"150\" height=\"150\" \/><\/a>Ciesz\u0119 si\u0119 bardzo, \u017ce tak\u017ce w <strong>D\u0105browie G\u00f3rniczej<\/strong> odby\u0142a si\u0119 <strong>manifestacja<\/strong> (wolnych i nie skr\u0119conych przez unioeuropejskie lewactwo i jego nowomow\u0119 Mieszka\u0144c\u00f3w) <strong>przeciwko nachod\u017acom<\/strong>\/<strong>nielegalnym imigrantom<\/strong> (<strong>19.07.2025 r.<\/strong>). Musz\u0119 przyzna\u0107, \u017ce jestem dumny z tego. Ziarno zasiane w pewnym sensie przed ostatnimi wyborami na prezydenta <strong>RP<\/strong> zdaje si\u0119 kie\u0142kowa\u0107. Oby tak by\u0142o. Zobacz moje<!--more--> opisy spotkania ze <strong>S\u0142awomirem Mentzenem<\/strong> z <strong>Konfederacji<\/strong>: <a href=\"https:\/\/grzegorzjaszczura.pl\/?p=70270#more-70270\"><em><strong>Koniec POPiSu?<\/strong><\/em><\/a>, czy <a href=\"https:\/\/grzegorzjaszczura.pl\/?p=70548#more-70548\"><em><strong>S\u0142awomir Mentzen &#8211; program<\/strong><\/em><\/a>, a te\u017c starego spotkania z <strong>Grzegorzem Braunem<\/strong> z <strong>Konfederacji Korony Polskiej<\/strong>: <a href=\"https:\/\/grzegorzjaszczura.pl\/?p=32535#more-32535\"><em><strong>Grzegorz Braun &#8211; kandydat na prezydenta RP<\/strong><\/em><\/a>.<\/p>\n<p style=\"text-align: justify;\"><strong><a href=\"http:\/\/grzegorzjaszczura.pl\/http:\/\/grzegorzjaszczura.pl\/wp-content\/uploads\/2025\/07\/516495495_1304010627958516_9098785404571416742_n.jpg\"><img loading=\"lazy\" decoding=\"async\" class=\"alignnone size-thumbnail wp-image-71250\" src=\"http:\/\/grzegorzjaszczura.pl\/http:\/\/grzegorzjaszczura.pl\/wp-content\/uploads\/2025\/07\/516495495_1304010627958516_9098785404571416742_n-150x150.jpg\" alt=\"\" width=\"150\" height=\"150\" \/><\/a>STOP IMIGRACJI!<\/strong> To by\u0142o has\u0142o pikiet <strong>Konfederacji S\u0142awomira Mentzena<\/strong> w miastach ca\u0142ej Polski w dniu <strong>19 lipca<\/strong> o godzinie 12:00! Tu dodam, \u017ce opr\u00f3cz przedstawicieli <strong>Nowej Nadziei S. Mentzena<\/strong> w manifestacji uczestniczy\u0142 <strong>Ruch Narodowy K. Bosaka<\/strong>, a tak\u017ce <strong>Konfederacja Korony Polskiej<\/strong> (Grzegorza Brauna). W ca\u0142ej Polsce odby\u0142y si\u0119 te pikiety\/ manifestacje w ponad 100 miastach.<\/p>\n<p style=\"text-align: justify;\"><strong><a href=\"http:\/\/grzegorzjaszczura.pl\/http:\/\/grzegorzjaszczura.pl\/wp-content\/uploads\/2025\/07\/518256122_1201031012052020_7210658744946395089_n.jpg\"><img loading=\"lazy\" decoding=\"async\" class=\"alignnone size-thumbnail wp-image-71253\" src=\"http:\/\/grzegorzjaszczura.pl\/http:\/\/grzegorzjaszczura.pl\/wp-content\/uploads\/2025\/07\/518256122_1201031012052020_7210658744946395089_n-150x150.jpg\" alt=\"\" width=\"150\" height=\"150\" \/><\/a>Wsparli je kibice wszystkich dru\u017cyn pi\u0142karskich z ca\u0142ej Polski!<\/strong> Nie s\u0142ysza\u0142em o jakich\u015b wyj\u0105tkach. Podkre\u015blmy, \u017ce w manifestacji w Katowicach uczestniczyli rami\u0119 w rami\u0119 m.in. kibice <strong>G\u00f3rnika Zabrze<\/strong>, <strong>Zag\u0142\u0119bia Sosnowiec<\/strong>, <strong>GKS Katowice, ROW Rybnik, BKS Bielsko-Bia\u0142a<\/strong> czy <strong>Ruchu Chorz\u00f3w<\/strong>. Rzeczywi\u015bcie, znaj\u0105c delikatnie to ujmuj\u0105c animozje mi\u0119dzy nimi, zgody i kosy, jest to co\u015b bez precedensu! (foto obok z internetu).<\/p>\n<div style=\"width: 1920px;\" class=\"wp-video\"><video class=\"wp-video-shortcode\" id=\"video-71238-1\" width=\"1920\" height=\"1080\" preload=\"metadata\" controls=\"controls\"><source type=\"video\/mp4\" src=\"http:\/\/grzegorzjaszczura.pl\/http:\/\/grzegorzjaszczura.pl\/wp-content\/uploads\/2025\/07\/20250719_120920.mp4?_=1\" \/><a href=\"http:\/\/grzegorzjaszczura.pl\/http:\/\/grzegorzjaszczura.pl\/wp-content\/uploads\/2025\/07\/20250719_120920.mp4\">http:\/\/grzegorzjaszczura.pl\/http:\/\/grzegorzjaszczura.pl\/wp-content\/uploads\/2025\/07\/20250719_120920.mp4<\/a><\/video><\/div>\n<div style=\"width: 1920px;\" class=\"wp-video\"><video class=\"wp-video-shortcode\" id=\"video-71238-2\" width=\"1920\" height=\"1080\" preload=\"metadata\" controls=\"controls\"><source type=\"video\/mp4\" src=\"http:\/\/grzegorzjaszczura.pl\/http:\/\/grzegorzjaszczura.pl\/wp-content\/uploads\/2025\/07\/20250719_121032.mp4?_=2\" \/><a href=\"http:\/\/grzegorzjaszczura.pl\/http:\/\/grzegorzjaszczura.pl\/wp-content\/uploads\/2025\/07\/20250719_121032.mp4\">http:\/\/grzegorzjaszczura.pl\/http:\/\/grzegorzjaszczura.pl\/wp-content\/uploads\/2025\/07\/20250719_121032.mp4<\/a><\/video><\/div>\n<p style=\"text-align: justify;\">Polska staje si\u0119 coraz bardziej bezbronna wobec narastaj\u0105cej imigracji. Kolejne grupy przedostaj\u0105 si\u0119 do naszego kraju przez wschodni\u0105 i zachodni\u0105 granic\u0119. Coraz cz\u0119\u015bciej s\u0142yszymy o morderstwach, atakach, agresywnym zachowaniu i rosn\u0105cym zagro\u017ceniu w wykonaniu tych nachod\u017ac\u00f3w. Pa\u0144stwo zawodzi, obywatele musz\u0105 dzia\u0142a\u0107 sami. To Polacy zainicjowali oddolne dzia\u0142ania w obronie granic. Do pomocy ruszyli zwykli ludzie z ka\u017cdego zak\u0105tka kraju z jasnym przekazem i motywacj\u0105: <strong>CHCEMY \u017bY\u0106 BEZPIECZNIE!<\/strong><\/p>\n<p style=\"text-align: justify;\"><strong>Ty te\u017c nie b\u0105d\u017a bierny! Wyra\u017a sprzeciw wobec nieudolno\u015bci w\u0142adzy i wsp\u00f3lnie dajmy klasie politycznej jasny sygna\u0142: nie zgadzamy si\u0119 na niekontrolowan\u0105, masow\u0105 imigracj\u0119, kt\u00f3ra jest zagro\u017ceniem dla naszego bezpiecze\u0144stwa!<\/strong><\/p>\n<p style=\"text-align: justify;\"><a href=\"http:\/\/grzegorzjaszczura.pl\/http:\/\/grzegorzjaszczura.pl\/wp-content\/uploads\/2025\/07\/20250719_125207.jpg\"><img loading=\"lazy\" decoding=\"async\" class=\"alignnone size-thumbnail wp-image-71260\" src=\"http:\/\/grzegorzjaszczura.pl\/http:\/\/grzegorzjaszczura.pl\/wp-content\/uploads\/2025\/07\/20250719_125207-150x150.jpg\" alt=\"\" width=\"150\" height=\"150\" \/><\/a>Powy\u017csze has\u0142a z programu pikiety <strong>Konfederacji<\/strong> wybrzmia\u0142y w trakcie licznych wyst\u0105pie\u0144 i zosta\u0142y ciep\u0142o przyj\u0119te przez mieszka\u0144c\u00f3w <strong>D\u0105browy G\u00f3rniczej<\/strong>. Na foto obok wyst\u0105pienie przedstawiciela <strong>Ruchu Narodowego<\/strong> kol. <strong>Paw\u0142a Mazura<\/strong>.<\/p>\n<p style=\"text-align: justify;\">W nawi\u0105zaniu do wspomnianej manifestacji kibic\u00f3w (tak\u017ce pikiety w D\u0105browie G\u00f3rniczej), wsp\u00f3lnej dla wszystkich dru\u017cyn \u015bl\u0105sko-zag\u0142\u0119biowskich, nale\u017cy zauwa\u017cy\u0107, \u017ce niejaki <strong><span style=\"color: #ff0000;\">PIS<\/span><\/strong> wg mnie zbojkotowa\u0142 dzia\u0142ania <strong>Konfederacji<\/strong>. &#8222;Baronowie&#8221; <span style=\"color: #ff0000;\"><strong>PIS<\/strong><\/span> w <span style=\"color: #008000;\"><strong>Zag\u0142\u0119biu D\u0105browskim<\/strong><\/span> wyra\u017anie si\u0119 odci\u0119li od tak wa\u017cnej dla Polak\u00f3w sprawy, jak ten protest przeciwko przyjmowaniu nachod\u017ac\u00f3w\/nielegalnych imigrant\u00f3w. Jako\u015b Pisowcy nie uczestniczyli w nim. Fakt, \u017ce rz\u0105d <strong><span style=\"color: #ff0000;\">PISu<\/span><\/strong> umoczy\u0142 si\u0119 kiedy\u015b w tym temacie, ale teraz wida\u0107, \u017ce nie potrafi\u0105 dla dobra idei poprze\u0107 Konfederat\u00f3w (z wszystkich opcji Konfederacji). Jest to moje zdanie i jest to wg mnie smutne! <strong>D\u0105\u017cenie do w\u0142adzy przys\u0142ania im dobro prawicowych Polak\u00f3w<\/strong>. Wydaje si\u0119, \u017ce jedynym lekarstwem na to b\u0119dzie koniec uk\u0142adu politycznego <span style=\"color: #ff0000;\"><strong>POPiSu<\/strong> <\/span>(kt\u00f3ry ci\u0105gnie od 2004 roku Polsk\u0119 w bagno tzw. <span style=\"color: #ff0000;\"><strong>UE<\/strong><\/span>). To w\u0142a\u015bnie wsp\u00f3lnie <span style=\"color: #ff0000;\"><strong>POPiS<\/strong><\/span> wraz z komunistami i postkomunistami agitowali wtedy za przyst\u0105pieniem Polski do tzw. <span style=\"color: #ff0000;\"><strong>UE<\/strong><\/span>, prawdopodobnie nie znaj\u0105c i nie czytaj\u0105c dok\u0142adnie traktat\u00f3w unioeuropejskich i nie znaj\u0105c Manifestu z Ventotene mentora neomarksist\u00f3w, tj. komunisty i socjalisty A. Spinellego. Zobacz: <a href=\"https:\/\/grzegorzjaszczura.pl\/?p=756#more-756\"><em><strong>Traktat lizbo\u0144ski = utrata niepodleg\u0142o\u015bci<\/strong><\/em><\/a>. Zobacz tak\u017ce: <a href=\"https:\/\/grzegorzjaszczura.pl\/?p=68491#more-68491\"><em><strong>PIS w Zag\u0142\u0119biu D\u0105browskim (w tym w D.G.)<\/strong><\/em><\/a>.<\/p>\n<div style=\"width: 1920px;\" class=\"wp-video\"><video class=\"wp-video-shortcode\" id=\"video-71238-3\" width=\"1920\" height=\"1080\" preload=\"metadata\" controls=\"controls\"><source type=\"video\/mp4\" src=\"http:\/\/grzegorzjaszczura.pl\/http:\/\/grzegorzjaszczura.pl\/wp-content\/uploads\/2025\/07\/20250719_130210.mp4?_=3\" \/><a href=\"http:\/\/grzegorzjaszczura.pl\/http:\/\/grzegorzjaszczura.pl\/wp-content\/uploads\/2025\/07\/20250719_130210.mp4\">http:\/\/grzegorzjaszczura.pl\/http:\/\/grzegorzjaszczura.pl\/wp-content\/uploads\/2025\/07\/20250719_130210.mp4<\/a><\/video><\/div>\n<p style=\"text-align: justify;\"><span style=\"color: #0000ff;\"><strong>Ps<\/strong> <\/span>Licznie zgromadzeni uczestnicy pikiety w D\u0105browie G\u00f3rniczej zako\u0144czyli j\u0105 od\u015bpiewaniem naszego <strong>Hymnu pa\u0144stwowego Rzeczypospolitej Polskiej &#8222;Mazurka D\u0105browskiego&#8221;<\/strong> (oczywi\u015bcie czterech zwrotek). Obok fragment nagrania.<\/p>\n<p><a href=\"http:\/\/grzegorzjaszczura.pl\/http:\/\/grzegorzjaszczura.pl\/wp-content\/uploads\/2025\/07\/20250719_120703.jpg\"><img loading=\"lazy\" decoding=\"async\" class=\"alignnone size-thumbnail wp-image-71278\" src=\"http:\/\/grzegorzjaszczura.pl\/http:\/\/grzegorzjaszczura.pl\/wp-content\/uploads\/2025\/07\/20250719_120703-150x150.jpg\" alt=\"\" width=\"150\" height=\"150\" \/><\/a><a href=\"http:\/\/grzegorzjaszczura.pl\/http:\/\/grzegorzjaszczura.pl\/wp-content\/uploads\/2025\/07\/20250719_121317.jpg\"><img loading=\"lazy\" decoding=\"async\" class=\"alignnone size-thumbnail wp-image-71279\" src=\"http:\/\/grzegorzjaszczura.pl\/http:\/\/grzegorzjaszczura.pl\/wp-content\/uploads\/2025\/07\/20250719_121317-150x150.jpg\" alt=\"\" width=\"150\" height=\"150\" \/><\/a><\/p>\n","protected":false},"excerpt":{"rendered":"<p>Ciesz\u0119 si\u0119 bardzo, \u017ce tak\u017ce w D\u0105browie G\u00f3rniczej odby\u0142a si\u0119 manifestacja (wolnych i nie skr\u0119conych przez unioeuropejskie lewactwo i jego nowomow\u0119 Mieszka\u0144c\u00f3w) przeciwko nachod\u017acom\/nielegalnym imigrantom (19.07.2025 r.). Musz\u0119 przyzna\u0107, \u017ce jestem dumny z tego. Ziarno zasiane w pewnym sensie przed ostatnimi wyborami na prezydenta RP zdaje si\u0119 kie\u0142kowa\u0107. Oby tak by\u0142o. Zobacz moje<\/p>\n","protected":false},"author":2,"featured_media":0,"comment_status":"open","ping_status":"open","sticky":false,"template":"","format":"standard","meta":{"_monsterinsights_skip_tracking":false,"_monsterinsights_sitenote_active":false,"_monsterinsights_sitenote_note":"","_monsterinsights_sitenote_category":0,"footnotes":""},"categories":[3],"tags":[],"class_list":["post-71238","post","type-post","status-publish","format-standard","hentry","category-polityczne"],"_links":{"self":[{"href":"https:\/\/grzegorzjaszczura.pl\/index.php?rest_route=\/wp\/v2\/posts\/71238","targetHints":{"allow":["GET"]}}],"collection":[{"href":"https:\/\/grzegorzjaszczura.pl\/index.php?rest_route=\/wp\/v2\/posts"}],"about":[{"href":"https:\/\/grzegorzjaszczura.pl\/index.php?rest_route=\/wp\/v2\/types\/post"}],"author":[{"embeddable":true,"href":"https:\/\/grzegorzjaszczura.pl\/index.php?rest_route=\/wp\/v2\/users\/2"}],"replies":[{"embeddable":true,"href":"https:\/\/grzegorzjaszczura.pl\/index.php?rest_route=%2Fwp%2Fv2%2Fcomments&post=71238"}],"version-history":[{"count":43,"href":"https:\/\/grzegorzjaszczura.pl\/index.php?rest_route=\/wp\/v2\/posts\/71238\/revisions"}],"predecessor-version":[{"id":71290,"href":"https:\/\/grzegorzjaszczura.pl\/index.php?rest_route=\/wp\/v2\/posts\/71238\/revisions\/71290"}],"wp:attachment":[{"href":"https:\/\/grzegorzjaszczura.pl\/index.php?rest_route=%2Fwp%2Fv2%2Fmedia&parent=71238"}],"wp:term":[{"taxonomy":"category","embeddable":true,"href":"https:\/\/grzegorzjaszczura.pl\/index.php?rest_route=%2Fwp%2Fv2%2Fcategories&post=71238"},{"taxonomy":"post_tag","embeddable":true,"href":"https:\/\/grzegorzjaszczura.pl\/index.php?rest_route=%2Fwp%2Fv2%2Ftags&post=71238"}],"curies":[{"name":"wp","href":"https:\/\/api.w.org\/{rel}","templated":true}]}}