{"id":7173,"date":"2010-11-29T09:48:32","date_gmt":"2010-11-29T07:48:32","guid":{"rendered":"http:\/\/grzegorzjaszczura.pl\/?p=7173"},"modified":"2010-11-29T12:13:12","modified_gmt":"2010-11-29T10:13:12","slug":"ii-tura-kto-popiera-zb-podraze-sld","status":"publish","type":"post","link":"https:\/\/grzegorzjaszczura.pl\/?p=7173","title":{"rendered":"II tura- kto popiera Zb. Podraz\u0119 (SLD)"},"content":{"rendered":"<p style=\"text-align: justify;\"><strong><a href=\"http:\/\/grzegorzjaszczura.pl\/http:\/\/grzegorzjaszczura.pl\/wp-content\/uploads\/2010\/11\/201011298931.jpg\"><img loading=\"lazy\" decoding=\"async\" class=\"alignleft size-medium wp-image-7207\" title=\"20101129893\" src=\"http:\/\/grzegorzjaszczura.pl\/http:\/\/grzegorzjaszczura.pl\/wp-content\/uploads\/2010\/11\/201011298931-225x300.jpg\" alt=\"20101129893\" width=\"225\" height=\"300\" srcset=\"https:\/\/grzegorzjaszczura.pl\/http:\/\/grzegorzjaszczura.pl\/wp-content\/uploads\/2010\/11\/201011298931-225x300.jpg 225w, https:\/\/grzegorzjaszczura.pl\/http:\/\/grzegorzjaszczura.pl\/wp-content\/uploads\/2010\/11\/201011298931-768x1024.jpg 768w, https:\/\/grzegorzjaszczura.pl\/http:\/\/grzegorzjaszczura.pl\/wp-content\/uploads\/2010\/11\/201011298931.jpg 1536w\" sizes=\"auto, (max-width: 225px) 100vw, 225px\" \/><\/a>Z grubsza wiadomo kto popiera cz\u0142owieka z <span style=\"color: #ff0000;\">SLD<\/span>. Niestety w naszym <span style=\"color: #ff0000;\">Czerwonym Zag\u0142\u0119biu<\/span> (w z\u0142ym tego s\u0142owa znaczeniu), takich ludzi jest troch\u0119. Oczywi\u015bcie popieraj\u0105 go przyk\u0142adowo <span style=\"color: #ff0000;\">lewicowi<\/span> (\u017ceby nie napisa\u0107 &#8222;lewi&#8221;) <span style=\"color: #ff0000;\">urz\u0119dnicy miejscy <\/span>i urz\u0119dnicy sp\u00f3\u0142ek oraz jednostek zale\u017cnych od Miasta. Mia\u0142em z nimi do czynienia przez 4 lata i tutaj mog\u0119 faktycznie tylko dzi\u0119kowa\u0107 <span style=\"color: #0000ff;\">Panu Bogu<\/span>, \u017ce nie zosta\u0142em ponownie radnym Rady Miasta (zreszt\u0105\u00a0 dzia\u0142a\u0142y w tym wypadku te\u017c inne si\u0142y)! Ale dr\u0105\u017c\u0105c<!--more--> dalej ten problem nale\u017cy podkre\u015bli\u0107, \u017ce popieraj\u0105 kandydata Zb. Podraz\u0119 Ci radni (<span style=\"color: #ff0000;\">koalicji propodrazowskiej Lewica SLD, SDPL, UP, itp oraz TPD<\/span>), kt\u00f3rzy prawie zawsze byli za podwy\u017ckami podatk\u00f3w i op\u0142at mieszka\u0144com naszego miasta, Ci radni kt\u00f3rzy forsowali (w g\u0142osowaniach) podwy\u017cki cen wody i odprowadzenia \u015bciek\u00f3w, wynikaj\u0105ce zreszt\u0105 z utajnionego Porozumienia Wsp\u00f3lnik\u00f3w, zawartego w dniu sprzeda\u017cy pakietu prywatyzacyjnego PWiK sp. z o.o. Niemcom przez <span style=\"color: #ff0000;\">to<\/span><\/strong><strong><span style=\"color: #ff0000;\">warzyszy partyjnych<\/span> Zb. Podrazy (2002 rok)!, Ci radni kt\u00f3rzy wykorzystywali swoje stanowisko radnego do zatrudnienia si\u0119 (ew. kogo\u015b z Rodziny) na etacie w Urz\u0119dzie, czy sp\u00f3\u0142ce, jednostce zale\u017cnej!, itd. M\u00f3g\u0142bym mno\u017cy\u0107 przyk\u0142ady, \u017ce w\u0142a\u015bnie ci radni dzia\u0142ali (przynajmniej wg mnie) na niekorzy\u015b\u0107 mieszka\u0144c\u00f3w naszego miasta. Dlaczego znowu zostali wybrani? <span style=\"color: #0000ff;\">Dla mnie Ci Wyborcy, kt\u00f3rzy na nich zag\u0142osowali to tacy prawie \u017ce sadomasochi\u015bci. <span style=\"color: #000000;\">Ale pewnie oni maj\u0105 inne zdanie.<\/span> <\/span>Naprawd\u0119 tak uwa\u017cam! Kontynuuj\u0105c t\u0105 polityk\u0119 zrobi\u0105 wszystko, \u017ceby nasze miasto nie odbi\u0142o si\u0119 od dna i przesta\u0142o przypomina\u0107, \u017ce by\u0142o (a mo\u017ce i jest) matecznikiem totalitaryzmu komunistycznego budowanego przez &#8222;przewodni\u0105&#8221; si\u0142\u0119 narodu, czyli <span style=\"color: #ff0000;\">PZPR<\/span> przez kilkadziesi\u0105t lat. Ich interes prywatny (niestety dla innych mieszka\u0144c\u00f3w naszego miasta)\u00a0 jest interesem nadrz\u0119dnym! <em>A propos<\/em> powi\u0105za\u0144 wspomnianych urz\u0119dnik\u00f3w i radnych zapoznaj si\u0119 z wpisem: <\/strong><a href=\"http:\/\/grzegorzjaszczura.pl\/?p=7132#more-7132\">http:\/\/grzegorzjaszczura.pl\/?p=7132#more-7132<\/a>.<\/p>\n<p style=\"text-align: justify;\"><strong>Ale zwr\u00f3c\u0119 jeszcze uwag\u0119, \u017ce Pana Zb. Podraz\u0119 (<span style=\"color: #ff0000;\">SLD<\/span>) popiera radny K. Wo\u017aniczka, kt\u00f3ry wreszcie przyzna\u0142 si\u0119, \u017ce by\u0142 <span style=\"color: #ff0000;\">tajnym wsp\u00f3\u0142pracownikiem s\u0142u\u017cb komunistycznych<\/span> walcz\u0105cych z Polakami. Zobacz: <\/strong><a href=\"http:\/\/wybory2010.pkw.gov.pl\/geo\/pl\/240000\/246501-k-2c9682222b39e268012b3e7d747c0787.html?komitet=2c9682222b39e268012b3e7d747c0787\">http:\/\/wybory2010.pkw.gov.pl\/geo\/pl\/240000\/246501-k-2c9682222b39e268012b3e7d747c0787.html?komitet=2c9682222b39e268012b3e7d747c0787<\/a><strong>, a tak\u017ce <\/strong><a href=\"http:\/\/www.sosnowiec.info.pl\/informacje\/dabrowa-gornicza\/kociokwik-w-dabrowie,1,4,18592\">http:\/\/www.sosnowiec.info.pl\/informacje\/dabrowa-gornicza\/kociokwik-w-dabrowie,1,4,18592<strong>.<\/strong><\/a> <strong>Napisa\u0142em &#8222;wreszcie&#8221;, bo nie wiem jak brzmia\u0142o jego o\u015bwiadczenie sprzed 4 lat, czy wcze\u015bniej. <a href=\"http:\/\/grzegorzjaszczura.pl\/http:\/\/grzegorzjaszczura.pl\/wp-content\/uploads\/2010\/11\/za\u015bwiadczenie.jpg\"><img loading=\"lazy\" decoding=\"async\" class=\"alignleft size-thumbnail wp-image-7221\" title=\"za\u015bwiadczenie\" src=\"http:\/\/grzegorzjaszczura.pl\/http:\/\/grzegorzjaszczura.pl\/wp-content\/uploads\/2010\/11\/za\u015bwiadczenie-150x150.jpg\" alt=\"za\u015bwiadczenie\" width=\"150\" height=\"150\" \/><\/a>Jest to dla mnie jako pokrzywdzonego w rozumieniu ustawy o IPN szczeg\u00f3lnie przykre.<\/strong><\/p>\n<p style=\"text-align: justify;\"><strong>Dziwna te\u017c jest postawa Miejskiej Komisji Wyborczej. Podobno pismo z IPN-u okre\u015blaj\u0105ce by\u0142ych tajnych wsp\u00f3\u0142pracownik\u00f3w s\u0142u\u017cb komunistycznych przysz\u0142o do ww. komisji tydzie\u0144 przed wyborami i nie zosta\u0142o rozpowszechnione. W wyniku tego mieszka\u0144cy g\u0142osowali na tajnych wsp\u00f3\u0142pracownik\u00f3w s\u0142u\u017cb komunistycznych nie wiedz\u0105c o tym! Zast\u0119pc\u0105 przewodnicz\u0105cego komisji jest Wanda Zi\u0119tek, przewodnicz\u0105ca TPD, kt\u00f3re nagle i wbrew wcze\u015bniejszym ustaleniom postanowi\u0142o poprze\u0107 w II turze kandydata Zb. Podraz\u0119. Rzuci\u0142oby to brzydkie \u015bwiat\u0142o na spos\u00f3b dzia\u0142ania i rzetelno\u015b\u0107 Komisji. Chocia\u017c mo\u017ce jest to zgodne z prawem. Mo\u017cna si\u0119 zastanawia\u0107, czy wybory w naszym mie\u015bcie nie powinny by\u0107 uniewa\u017cnione! Wydaje si\u0119, \u017ce w\u0142a\u015bciwym wyj\u015bciem z sytuacji by\u0142oby wydanie przez Miejsk\u0105 Komisj\u0119 Wyborcz\u0105 komunikatu, kiedy otrzyma\u0142a ona informacj\u0119 o o\u015bwiadczeniu radnego K. Wo\u017aniczki.\u00a0 Dlatego zastrzegam sobie, \u017ce ww. informacja nie jest potwierdzona przez Komisj\u0119. Dobrym miejscem do opublikowania tej informacji wydaje si\u0119 gazeta &#8222;Przegl\u0105d D\u0105browski&#8221;.<br \/>\n<\/strong><\/p>\n<p style=\"text-align: justify;\"><strong>Pana Zb. Podraz\u0119 (<span style=\"color: #ff0000;\">SLD<\/span>) popiera tak\u017ce by\u0142y Przewodnicz\u0105cy Rady Miasta Pani A. Pasternak (<span style=\"color: #ff0000;\">SDPL<\/span>), kt\u00f3ra jak dla mnie to przez 4 lata zaistnia\u0142a w Radzie Miasta g\u0142\u00f3wnie wy\u0142\u0105czaj\u0105c mi mikrofon, gdy stara\u0142em si\u0119 przekaza\u0107 prawd\u0119 o rz\u0105dach lewicy teraz i w przesz\u0142o\u015bci oraz \u0142ami\u0105c prawa cz\u0142owieka i Konstytucj\u0119 RP na sesji Rady Miasta. Zobacz przyk\u0142adowo: <\/strong><a href=\"http:\/\/grzegorzjaszczura.pl\/?p=5940#more-5940\">http:\/\/grzegorzjaszczura.pl\/?p=5940#more-5940<\/a><strong>. O wycieczkach w g\u00f3ry radnych lewicowych nie b\u0119d\u0119 pisa\u0107, bo nie jestem gazet\u0105 &#8222;Fakt&#8221;! Oczywi\u015bcie z Agnieszk\u0105 troch\u0119 przesadzi\u0142em. W wi\u0119kszo\u015bci prowadzi\u0142a bardzo sprawnie sesje Rady Miasta, a kiedy trzeba by\u0142o robi\u0142a to niesprawnie, \u017ceby mieszka\u0144cy si\u0119 znudzili i wyszli z sali przy jakim\u015b decyduj\u0105cym g\u0142osowaniu, np. podwy\u017cce cen wody.<\/strong><\/p>\n<p style=\"text-align: justify;\"><strong>Oczywi\u015bcie kandydata Zb. Podraz\u0119 (<span style=\"color: #ff0000;\">SL<\/span><span style=\"color: #ff0000;\">D<\/span>) popieraj\u0105 wszyscy, kt\u00f3rzy byli przyk\u0142adowo za utrzymaniem diet radnych w wysoko\u015bci najwi\u0119kszej w okolicy, czyli 2500 z\u0142 za miesi\u0105c. Czyli mieszka\u0144cy naszego miasta mog\u0105 stwierdzi\u0107 z ca\u0142kowit\u0105 pewno\u015bci\u0105, \u017ce koszty administracji w mie\u015bcie nie spadn\u0105, a jeste\u015bmy na 3 miejscu takowych wydatk\u00f3w w przeliczeniu na jednego mieszka\u0144ca w Polsce! Definicja diety jest lewicowcom ca\u0142kowicie obca, zreszt\u0105 podobnie jak inne definicje przydatne uczciwym ludziom.<\/strong><\/p>\n<p style=\"text-align: justify;\"><strong>Kandydata Zb. Podraz\u0119 (<span style=\"color: #ff0000;\">SLD<\/span>) popieraj\u0105 tak\u017ce byli ZOMO-wcy (ROMO-wcy), to te\u017c si\u0142a.<br \/>\n<\/strong><\/p>\n<p style=\"text-align: justify;\"><strong><span style=\"color: #0000ff;\"><span style=\"text-decoration: underline;\">Po co to pisz\u0119?<\/span> Ju\u017c odpowiadam. <\/span>Istnieje jeszcze mo\u017cliwo\u015b\u0107 wr\u0119czenia tej, wy\u017cej opisanej <span style=\"color: #ff0000;\">Lewicy<\/span>, a tak\u017ce <span style=\"color: #ff0000;\">kandydatowi Lewicy<\/span> Zb. Podrazie (<span style=\"color: #ff0000;\">SLD<\/span>) <span style=\"color: #ff0000;\">czerwonej kartki<\/span>. Jest to mo\u017cliwe w najbli\u017csz\u0105 niedziel\u0119, przy okazji II tury wybor\u00f3w prezydenckich w naszym mie\u015bcie. Wystarczy wybra\u0107 si\u0119 jeszcze raz na wybory i postawi\u0107 krzy\u017cyk przy nazwisku innego kandydata na prezydenta D\u0105browy G\u00f3rniczej, konkretnie <span style=\"color: #0000ff;\">Krzysztofa Stachowicza<\/span>!!!<\/strong><\/p>\n<p style=\"text-align: justify;\"><strong>A<span style=\"color: #ff0000;\"> czerwona kartka<\/span> dla Zb. Podrazy wygl\u0105da tak:<br \/>\n<\/strong><\/p>\n<p style=\"text-align: justify;\"><strong><a href=\"http:\/\/grzegorzjaszczura.pl\/http:\/\/grzegorzjaszczura.pl\/wp-content\/uploads\/2010\/11\/20101129890.jpg\"><img loading=\"lazy\" decoding=\"async\" class=\"alignleft size-thumbnail wp-image-7210\" title=\"20101129890\" src=\"http:\/\/grzegorzjaszczura.pl\/http:\/\/grzegorzjaszczura.pl\/wp-content\/uploads\/2010\/11\/20101129890-150x150.jpg\" alt=\"20101129890\" width=\"150\" height=\"150\" \/><\/a><a href=\"http:\/\/grzegorzjaszczura.pl\/http:\/\/grzegorzjaszczura.pl\/wp-content\/uploads\/2010\/11\/201011298901.jpg\"><img loading=\"lazy\" decoding=\"async\" class=\"alignleft size-thumbnail wp-image-7211\" title=\"20101129890\" src=\"http:\/\/grzegorzjaszczura.pl\/http:\/\/grzegorzjaszczura.pl\/wp-content\/uploads\/2010\/11\/201011298901-150x150.jpg\" alt=\"20101129890\" width=\"150\" height=\"150\" \/><\/a><a href=\"http:\/\/grzegorzjaszczura.pl\/http:\/\/grzegorzjaszczura.pl\/wp-content\/uploads\/2010\/11\/201011298902.jpg\"><img loading=\"lazy\" decoding=\"async\" class=\"alignleft size-thumbnail wp-image-7212\" title=\"20101129890\" src=\"http:\/\/grzegorzjaszczura.pl\/http:\/\/grzegorzjaszczura.pl\/wp-content\/uploads\/2010\/11\/201011298902-150x150.jpg\" alt=\"20101129890\" width=\"150\" height=\"150\" \/><\/a><a href=\"http:\/\/grzegorzjaszczura.pl\/http:\/\/grzegorzjaszczura.pl\/wp-content\/uploads\/2010\/11\/201011298903.jpg\"><img loading=\"lazy\" decoding=\"async\" class=\"alignleft size-thumbnail wp-image-7213\" title=\"20101129890\" src=\"http:\/\/grzegorzjaszczura.pl\/http:\/\/grzegorzjaszczura.pl\/wp-content\/uploads\/2010\/11\/201011298903-150x150.jpg\" alt=\"20101129890\" width=\"150\" height=\"150\" \/><\/a><br \/>\n<\/strong><\/p>\n","protected":false},"excerpt":{"rendered":"<p>Z grubsza wiadomo kto popiera cz\u0142owieka z SLD. Niestety w naszym Czerwonym Zag\u0142\u0119biu (w z\u0142ym tego s\u0142owa znaczeniu), takich ludzi jest troch\u0119. Oczywi\u015bcie popieraj\u0105 go przyk\u0142adowo lewicowi (\u017ceby nie napisa\u0107 &#8222;lewi&#8221;) urz\u0119dnicy miejscy i urz\u0119dnicy sp\u00f3\u0142ek oraz jednostek zale\u017cnych od Miasta. Mia\u0142em z nimi do czynienia przez 4 lata i tutaj mog\u0119 faktycznie tylko dzi\u0119kowa\u0107 [&hellip;]<\/p>\n","protected":false},"author":2,"featured_media":0,"comment_status":"open","ping_status":"open","sticky":false,"template":"","format":"standard","meta":{"_monsterinsights_skip_tracking":false,"_monsterinsights_sitenote_active":false,"_monsterinsights_sitenote_note":"","_monsterinsights_sitenote_category":0,"footnotes":""},"categories":[3],"tags":[],"class_list":["post-7173","post","type-post","status-publish","format-standard","hentry","category-polityczne"],"_links":{"self":[{"href":"https:\/\/grzegorzjaszczura.pl\/index.php?rest_route=\/wp\/v2\/posts\/7173","targetHints":{"allow":["GET"]}}],"collection":[{"href":"https:\/\/grzegorzjaszczura.pl\/index.php?rest_route=\/wp\/v2\/posts"}],"about":[{"href":"https:\/\/grzegorzjaszczura.pl\/index.php?rest_route=\/wp\/v2\/types\/post"}],"author":[{"embeddable":true,"href":"https:\/\/grzegorzjaszczura.pl\/index.php?rest_route=\/wp\/v2\/users\/2"}],"replies":[{"embeddable":true,"href":"https:\/\/grzegorzjaszczura.pl\/index.php?rest_route=%2Fwp%2Fv2%2Fcomments&post=7173"}],"version-history":[{"count":54,"href":"https:\/\/grzegorzjaszczura.pl\/index.php?rest_route=\/wp\/v2\/posts\/7173\/revisions"}],"predecessor-version":[{"id":7226,"href":"https:\/\/grzegorzjaszczura.pl\/index.php?rest_route=\/wp\/v2\/posts\/7173\/revisions\/7226"}],"wp:attachment":[{"href":"https:\/\/grzegorzjaszczura.pl\/index.php?rest_route=%2Fwp%2Fv2%2Fmedia&parent=7173"}],"wp:term":[{"taxonomy":"category","embeddable":true,"href":"https:\/\/grzegorzjaszczura.pl\/index.php?rest_route=%2Fwp%2Fv2%2Fcategories&post=7173"},{"taxonomy":"post_tag","embeddable":true,"href":"https:\/\/grzegorzjaszczura.pl\/index.php?rest_route=%2Fwp%2Fv2%2Ftags&post=7173"}],"curies":[{"name":"wp","href":"https:\/\/api.w.org\/{rel}","templated":true}]}}