{"id":73047,"date":"2026-03-11T08:10:34","date_gmt":"2026-03-11T07:10:34","guid":{"rendered":"https:\/\/grzegorzjaszczura.pl\/?p=73047"},"modified":"2026-03-13T08:38:34","modified_gmt":"2026-03-13T07:38:34","slug":"jednak-ul-s-kontkiewicza","status":"publish","type":"post","link":"https:\/\/grzegorzjaszczura.pl\/?p=73047","title":{"rendered":"Jednak ul. S. Kontkiewicza!"},"content":{"rendered":"<p style=\"text-align: justify;\"><a href=\"http:\/\/grzegorzjaszczura.pl\/http:\/\/grzegorzjaszczura.pl\/wp-content\/uploads\/2026\/03\/S.-Kontkiewicza.jpg\"><img loading=\"lazy\" decoding=\"async\" class=\"alignnone size-thumbnail wp-image-73111\" src=\"http:\/\/grzegorzjaszczura.pl\/http:\/\/grzegorzjaszczura.pl\/wp-content\/uploads\/2026\/03\/S.-Kontkiewicza-150x150.jpg\" alt=\"\" width=\"150\" height=\"150\" \/><\/a>W nawi\u0105zaniu do mojego wpisu: <a href=\"https:\/\/grzegorzjaszczura.pl\/?p=72858#more-72858\"><em><strong>ul. G. Korczy\u0144skiego czy ul. S. Kontkiewicza?<\/strong><\/em><\/a>, musz\u0119 napisa\u0107, \u017ce <strong>nie komuni\u015bci<\/strong> w D\u0105browie G\u00f3rniczej mog\u0105 odetchn\u0105\u0107. Jednak w D\u0105browie G\u00f3rniczej-Z\u0105bkowicach <strong>mamy ulic\u0119 Stanis\u0142awa Kontkiewicza <\/strong>(<em>nota bene<\/em> od 2017 r.), a nie komunisty tow. G. Korczy\u0144skiego (<span style=\"color: #ff0000;\"><strong>ultraPZPR<\/strong><\/span>). Wynika to tak\u017ce z odpowiedzi na m\u00f3j wniosek o informacj\u0119 publiczn\u0105 w tej sprawie.<\/p>\n<p style=\"text-align: justify;\">Zada\u0142em nast\u0119puj\u0105ce pytania Panu Prezydentowi:<!--more--><\/p>\n<p style=\"text-align: justify;\"><strong><span style=\"color: #000080;\"><a href=\"http:\/\/grzegorzjaszczura.pl\/http:\/\/grzegorzjaszczura.pl\/wp-content\/uploads\/2026\/03\/inf.publ_.-Kontkiewicza-2026.02.16-anon.jpg\"><img loading=\"lazy\" decoding=\"async\" class=\"alignnone size-thumbnail wp-image-73067\" src=\"http:\/\/grzegorzjaszczura.pl\/http:\/\/grzegorzjaszczura.pl\/wp-content\/uploads\/2026\/03\/inf.publ_.-Kontkiewicza-2026.02.16-anon-150x150.jpg\" alt=\"\" width=\"150\" height=\"150\" \/><\/a>Z informacji, jakie do mnie dotar\u0142y, na obecnej ulicy Stanis\u0142awa Kontkiewicza umieszczone zosta\u0142y tablice z nazw\u0105 gen. Grzegorza Korczy\u0144skiego.<\/span><\/strong><\/p>\n<p style=\"text-align: justify;\"><strong><span style=\"color: #000080;\"><u>W zwi\u0105zku z powy\u017cszym prosz\u0119 o odpowied\u017a na nast\u0119puj\u0105ce pytania:<\/u><\/span><\/strong><\/p>\n<p style=\"text-align: justify;\"><span style=\"color: #000080;\">1. <strong>Co by\u0142o powodem zmiany tablic informacyjnych<\/strong> z dotychczasowego patrona ulicy Stanis\u0142awa Kontkiewicza na Grzegorza Korczy\u0144skiego?<\/span><\/p>\n<p style=\"text-align: justify;\"><span style=\"color: #000080;\">2. <strong>Kto ze strony Urz\u0119du odpowiada<\/strong> za nadz\u00f3r nad wymian\u0105 takich tablic?<\/span><\/p>\n<p style=\"text-align: justify;\"><span style=\"color: #000080;\">3. <strong>Dlaczego przez ponad tydzie\u0144 nikt z Urz\u0119du nie zareagowa\u0142<\/strong> na zmian\u0119 patrona tej ulicy?<\/span><\/p>\n<p style=\"text-align: justify;\"><span style=\"color: #000080;\">4. Prosz\u0119 o informacj\u0119, <strong>ile tablic umieszczono z nazw\u0105 G. Korczy\u0144skiego<\/strong> i ile kwotowo kosztowa\u0142a jedna tablica?<\/span><\/p>\n<p style=\"text-align: justify;\"><span style=\"color: #000080;\">5. Prosz\u0119 o informacj\u0119, <strong>jaka firma by\u0142a odpowiedzialna<\/strong> za wymian\u0119 tych tablic?<\/span><\/p>\n<p style=\"text-align: justify;\"><span style=\"color: #000080;\">6. <strong>W jaki spos\u00f3b sporz\u0105dzono specyfikacj\u0119<\/strong> do zlecenia dla firmy dokonuj\u0105cej wymiany tablic &#8211; czy specyfikacja ta zawiera\u0142a konkretn\u0105 nazw\u0119 ulicy?<\/span><\/p>\n<p><span style=\"color: #000080;\">7. Prosz\u0119 o informacj\u0119, <strong>dlaczego do dnia dzisiejszego na mapach Google Maps istnieje nazwa ulicy Korczy\u0144skiego<\/strong> &#8211; czy kto\u015b z Urz\u0119du interweniowa\u0142 ju\u017c w tej sprawie?<\/span><\/p>\n<p style=\"text-align: justify;\">Otrzyma\u0142em od Pana Prezydenta\/Urz\u0119du Miasta troch\u0119 niechlujn\u0105 i wybi\u00f3rcz\u0105 odpowied\u017a, tak jakby oni czytali tylko ich wybi\u00f3rcz\u0105 lewack\u0105 pras\u0119. Takie jest moje zdanie. Bo dlaczego nie odpowiedziano na kilka, pyta\u0144? <strong>Z niechlujstwa czy lenistwa Panie Prezydencie?<\/strong> Przyk\u0142adowo nie odpowiedziano, kto ze strony Urz\u0119du odpowiada za nadz\u00f3r nad wymian\u0105 takich tablic. Musz\u0119 przyj\u0105\u0107 w tej sytuacji, \u017ce odpowiada za to, co jest logiczne, kierownik jednostki, czyli Prezydent <strong>M. Bazylak<\/strong>. Urz\u0105d nawet nie wie ile takich tablic wymieniono czy miano wymieni\u0107!<\/p>\n<p style=\"text-align: justify;\"><a href=\"http:\/\/grzegorzjaszczura.pl\/http:\/\/grzegorzjaszczura.pl\/wp-content\/uploads\/2026\/03\/inf.publ_.-Kontkiewicza-2026.02.16-odp.-anon.jpg\"><img loading=\"lazy\" decoding=\"async\" class=\"alignnone size-thumbnail wp-image-73069\" src=\"http:\/\/grzegorzjaszczura.pl\/http:\/\/grzegorzjaszczura.pl\/wp-content\/uploads\/2026\/03\/inf.publ_.-Kontkiewicza-2026.02.16-odp.-anon-150x150.jpg\" alt=\"\" width=\"150\" height=\"150\" \/><\/a>Ale pomijaj\u0105c szczeg\u00f3\u0142y z odpowiedzi na m\u00f3j wniosek, wynika z niej, \u017ce <strong>pozwolono wykonawcy samemu wybiera\u0107, jakie nazwy ulic obowi\u0105zuj\u0105 w D\u0105browie G\u00f3rniczej na podstawie map Google!<\/strong> <strong>Jednocze\u015bnie urz\u0119dnicy zdaj\u0105 sobie spraw\u0119, \u017ce w Google wyst\u0119puje niew\u0142a\u015bciwa nazwa ul. Kontkiewicza<\/strong> (jak rozumiem by\u0142ej ul. Korczy\u0144skiego). Co za problem Panie Prezydencie zabroni\u0107 wykonawcom korzystania z map Google, skoro na nich podane s\u0105 <strong>k\u0142amliwe nazwy ulic<\/strong> w naszym mie\u015bcie!<\/p>\n<p style=\"text-align: justify;\"><strong><a href=\"http:\/\/grzegorzjaszczura.pl\/http:\/\/grzegorzjaszczura.pl\/wp-content\/uploads\/2026\/03\/630666631_2327191834443386_4407326216222480083_n.jpg\"><img loading=\"lazy\" decoding=\"async\" class=\"alignnone size-thumbnail wp-image-73071\" src=\"http:\/\/grzegorzjaszczura.pl\/http:\/\/grzegorzjaszczura.pl\/wp-content\/uploads\/2026\/03\/630666631_2327191834443386_4407326216222480083_n-150x150.jpg\" alt=\"\" width=\"150\" height=\"150\" \/><\/a>Nielogiczne jest i zastanawiam si\u0119 czy gospodarne, \u017ce wykonawca wykonuje dan\u0105 interwencj\u0119 na drodze i dopiero po przedstawieniu tego faktu wraz z dokumentacj\u0105 fotograficzn\u0105 jest wystawiane ze strony Urz\u0119du zlecenie!!! <\/strong>Dla mnie absurd.<\/p>\n<p style=\"text-align: justify;\">Czy Panie Prezydencie w umowie dotycz\u0105cej bie\u017c\u0105cego utrzymania oznakowania pionowego, poziomego i usuwania zagro\u017ce\u0144 w ruchu drogowym nie powinna, je\u017celi chodzi o nazw\u0119 ulicy, ronda czy placu by\u0107 taka mo\u017cliwo\u015b\u0107 zlikwidowana? <strong>Niestety p\u00f3\u017aniej mieszka\u0144cy \u017cyj\u0105 w matrixie.<\/strong> <strong>Wyst\u0105pi\u0119 o szymel takiej umowy, czy rzeczywi\u015bcie dopuszcza ona tak absurdaln\u0105 procedur\u0119 post\u0119powania!<\/strong><\/p>\n<p style=\"text-align: justify;\">Urz\u0105d wielokrotnie interweniowa\u0142 w firmie Google w sprawie niew\u0142a\u015bciwej nazwy <strong>ul. Kontkiewicza<\/strong>. Niestety bez rezultatu. Nie b\u0119d\u0119 wyst\u0119powa\u0142 o skany tych interwencji Panie Prezydencie, szkoda mi czasu. Przyjm\u0119, \u017ce tak by\u0142o.<\/p>\n<p style=\"text-align: justify;\"><span style=\"color: #0000ff;\"><strong>Ps<\/strong><\/span> W nast\u0119pnym wpisie &#8222;zamkniemy&#8221; temat nazwy ronda w D\u0105browie G\u00f3rniczej-Z\u0105bkowicach na skrzy\u017cowaniu ulicy Armii Krajowej i \u0142\u0105cznicy do drogi S1. P\u00f3ki co zobacz <span style=\"color: #000080;\"><strong>Szanowny Czytelniku<\/strong><\/span> wpis: <a href=\"https:\/\/grzegorzjaszczura.pl\/?p=72326#more-72326\"><em><strong>Rondo im. Ks. kan. F. Nowaka?!<\/strong><\/em><\/a>.<\/p>\n","protected":false},"excerpt":{"rendered":"<p>W nawi\u0105zaniu do mojego wpisu: ul. G. Korczy\u0144skiego czy ul. S. Kontkiewicza?, musz\u0119 napisa\u0107, \u017ce nie komuni\u015bci w D\u0105browie G\u00f3rniczej mog\u0105 odetchn\u0105\u0107. Jednak w D\u0105browie G\u00f3rniczej-Z\u0105bkowicach mamy ulic\u0119 Stanis\u0142awa Kontkiewicza (nota bene od 2017 r.), a nie komunisty tow. G. Korczy\u0144skiego (ultraPZPR). Wynika to tak\u017ce z odpowiedzi na m\u00f3j wniosek o informacj\u0119 publiczn\u0105 w tej [&hellip;]<\/p>\n","protected":false},"author":2,"featured_media":0,"comment_status":"open","ping_status":"open","sticky":false,"template":"","format":"standard","meta":{"_monsterinsights_skip_tracking":false,"_monsterinsights_sitenote_active":false,"_monsterinsights_sitenote_note":"","_monsterinsights_sitenote_category":0,"footnotes":""},"categories":[4],"tags":[],"class_list":["post-73047","post","type-post","status-publish","format-standard","hentry","category-aktualnosci"],"_links":{"self":[{"href":"https:\/\/grzegorzjaszczura.pl\/index.php?rest_route=\/wp\/v2\/posts\/73047","targetHints":{"allow":["GET"]}}],"collection":[{"href":"https:\/\/grzegorzjaszczura.pl\/index.php?rest_route=\/wp\/v2\/posts"}],"about":[{"href":"https:\/\/grzegorzjaszczura.pl\/index.php?rest_route=\/wp\/v2\/types\/post"}],"author":[{"embeddable":true,"href":"https:\/\/grzegorzjaszczura.pl\/index.php?rest_route=\/wp\/v2\/users\/2"}],"replies":[{"embeddable":true,"href":"https:\/\/grzegorzjaszczura.pl\/index.php?rest_route=%2Fwp%2Fv2%2Fcomments&post=73047"}],"version-history":[{"count":42,"href":"https:\/\/grzegorzjaszczura.pl\/index.php?rest_route=\/wp\/v2\/posts\/73047\/revisions"}],"predecessor-version":[{"id":73210,"href":"https:\/\/grzegorzjaszczura.pl\/index.php?rest_route=\/wp\/v2\/posts\/73047\/revisions\/73210"}],"wp:attachment":[{"href":"https:\/\/grzegorzjaszczura.pl\/index.php?rest_route=%2Fwp%2Fv2%2Fmedia&parent=73047"}],"wp:term":[{"taxonomy":"category","embeddable":true,"href":"https:\/\/grzegorzjaszczura.pl\/index.php?rest_route=%2Fwp%2Fv2%2Fcategories&post=73047"},{"taxonomy":"post_tag","embeddable":true,"href":"https:\/\/grzegorzjaszczura.pl\/index.php?rest_route=%2Fwp%2Fv2%2Ftags&post=73047"}],"curies":[{"name":"wp","href":"https:\/\/api.w.org\/{rel}","templated":true}]}}