{"id":73093,"date":"2026-03-16T08:27:48","date_gmt":"2026-03-16T07:27:48","guid":{"rendered":"https:\/\/grzegorzjaszczura.pl\/?p=73093"},"modified":"2026-03-16T15:58:05","modified_gmt":"2026-03-16T14:58:05","slug":"nie-dla-ronda-im-ks-kan-f-nowaka","status":"publish","type":"post","link":"https:\/\/grzegorzjaszczura.pl\/?p=73093","title":{"rendered":"Nie &#8211; dla ronda im. Ks. kan. F. Nowaka!"},"content":{"rendered":"<p style=\"text-align: justify;\"><a href=\"http:\/\/grzegorzjaszczura.pl\/http:\/\/grzegorzjaszczura.pl\/wp-content\/uploads\/2026\/01\/Screenshot-2026-01-09-at-14-55-00-Szukaj-Inwentarz-archiwalny-IPN-1.jpg\"><img loading=\"lazy\" decoding=\"async\" class=\"alignnone size-thumbnail wp-image-72507\" src=\"http:\/\/grzegorzjaszczura.pl\/http:\/\/grzegorzjaszczura.pl\/wp-content\/uploads\/2026\/01\/Screenshot-2026-01-09-at-14-55-00-Szukaj-Inwentarz-archiwalny-IPN-1-150x150.jpg\" alt=\"\" width=\"150\" height=\"150\" \/><\/a>Chcia\u0142bym wyja\u015bni\u0107 jeszcze <span style=\"color: #000080;\"><strong>Szanownym Mieszka\u0144com<\/strong><\/span>, co z nazw\u0105 ronda na skrzy\u017cowaniu ulicy Armii Krajowej i \u0142\u0105cznicy do drogi S1 w D\u0105browie G\u00f3rniczej (Z\u0105bkowicach). Szcz\u0119\u015bliwie na sesji <strong>Rady Miejskiej D\u0105browy G\u00f3rniczej<\/strong> w dniu 22.12.2025 r. zdj\u0119to projekt uchwa\u0142y z propozycj\u0105 jego nazwy, tj. <strong>Ks. kan. F. Nowaka oficera AK<\/strong>. Przyczyn\u0105 by\u0142y wtedy w\u0105tpliwo\u015bci zwi\u0105zane z tym czy rzeczywi\u015bcie ksi\u0105dz by\u0142 oficerem AK, ze wzgl\u0119du na m\u0142ody wiek, ale by\u0142a te\u017c podniesiona przeze mnie (jeszcze przed sesj\u0105) druga strona medalu,<!--more--> czyli jego <strong>wsp\u00f3\u0142praca z komunistycznymi organami bezpiecze\u0144stwa w okresie PRL-u! <\/strong>Zobacz: <a href=\"https:\/\/grzegorzjaszczura.pl\/?p=72326#more-72326\"><em><strong>Rondo im. Ks. kan. F. Nowaka?!<\/strong><\/em><\/a>.<\/p>\n<p style=\"text-align: justify;\">Poniewa\u017c podejrzewa\u0142em, \u017ce nieporadni radni Rady Miejskiej nie zajm\u0105 si\u0119 ju\u017c wi\u0119cej tym tematem zapyta\u0142em w informacji publicznej o stan debaty w tej sprawie.<\/p>\n<p style=\"text-align: justify;\"><strong>Poprosi\u0142em o odpowiedzi na nast\u0119puj\u0105ce pytania:<\/strong><\/p>\n<p style=\"text-align: justify;\"><span style=\"color: #000080;\">1. <strong>Co jest przedmiotem post\u0119powania sprawdzaj\u0105cego przesz\u0142o\u015b\u0107 duchownego<\/strong> Ks. kan. Fortunata Nowaka &#8211; czy kontrola ta dotyczy tylko okresu dzia\u0142alno\u015bci w okresie II Wojny \u015awiatowej czy r\u00f3wnie\u017c okresu powojennego?<\/span><\/p>\n<p style=\"text-align: justify;\"><span style=\"color: #000080;\">2. <strong>Czy przedmiotem post\u0119powania sprawdzaj\u0105cego s\u0105 r\u00f3wnie\u017c kontakty duchownego z Urz\u0119dem i S\u0142u\u017cb\u0105 Bezpiecze\u0144stwa<\/strong> (z pozyskanych informacji wynika, \u017ce duchowny figuruje w aktach bezpieki jako TW Dobry)?<\/span><\/p>\n<p style=\"text-align: justify;\"><span style=\"color: #000080;\">3. <strong>Czy w toku post\u0119powania sprawdzaj\u0105cego badany jest r\u00f3wnie\u017c w\u0105tek<\/strong> rzekomych donos\u00f3w duchownego na mieszka\u0144c\u00f3w miejscowo\u015bci wchodz\u0105cych obecnie w sk\u0142ad D\u0105browy G\u00f3rniczej?<\/span><\/p>\n<p style=\"text-align: justify;\"><span style=\"color: #000080;\">4. <strong>Kto ze strony Urz\u0119du prowadzi post\u0119powanie<\/strong> sprawdzaj\u0105ce przesz\u0142o\u015b\u0107 duchownego?<\/span><\/p>\n<p style=\"text-align: justify;\"><span style=\"color: #000080;\">5. <strong>Kto by\u0142 inicjatorem propozycji nadania przedmiotowemu rondu nazwy<\/strong> imienia Ks. kan. Fortunata Nowaka?<\/span><\/p>\n<p style=\"text-align: justify;\"><span style=\"color: #000080;\">6. <strong>Czy po zako\u0144czeniu post\u0119powania i potwierdzenia wsp\u00f3\u0142pracy duchownego ze S\u0142u\u017cb\u0105 Bezpiecze\u0144stwa PRL,<\/strong> Rada Miejska zamierza ponownie wyst\u0105pi\u0107 w wnioskiem o nadanie przedmiotowemu rondu nazw\u0119 Rondo im. Ks. kan. Fortunata Nowaka?<\/span><\/p>\n<p style=\"text-align: justify;\"><a href=\"http:\/\/grzegorzjaszczura.pl\/http:\/\/grzegorzjaszczura.pl\/wp-content\/uploads\/2026\/03\/inf.publ_.F.Nowak-2026.02.16-odp.-anon.jpg\"><img loading=\"lazy\" decoding=\"async\" class=\"alignnone size-thumbnail wp-image-73105\" src=\"http:\/\/grzegorzjaszczura.pl\/http:\/\/grzegorzjaszczura.pl\/wp-content\/uploads\/2026\/03\/inf.publ_.F.Nowak-2026.02.16-odp.-anon-150x150.jpg\" alt=\"\" width=\"150\" height=\"150\" \/><\/a>Z odpowiedzi dowiedzieli\u015bmy si\u0119, \u017ce <span style=\"color: #ff0000;\">&#8222;po zdj\u0119ciu z porz\u0105dku obrad Sesji, projekt uchwa\u0142y ponownie trafi\u0142 pod obrady Komisji Prawno-Organizacyjnej w dniu 26 stycznia 2026 r.&#8221;<\/span>.<\/p>\n<p style=\"text-align: justify;\">i dalej<\/p>\n<p style=\"text-align: justify;\"><span style=\"color: #ff0000;\">&#8222;[&#8230;] <strong>Ze strony Urz\u0119du nie jest prowadzone post\u0119powanie sprawdzaj\u0105ce przesz\u0142o\u015b\u0107 duchownego.<\/strong> <strong>Komisja,<\/strong> po zapoznaniu si\u0119 z biogramem Ksi\u0119dza Kanonika, przekazanym przez Muzeum Miejskie &#8222;Sztygarka&#8221;, kt\u00f3ry zosta\u0142 opracowany na podstawie \u017ar\u00f3de\u0142 z Oddzia\u0142owego Archiwum Instytutu Pami\u0119ci Narodowej w Katowicach, <strong>podj\u0119\u0142a decyzj\u0119 o pozostawieniu wniosku o nadanie nazwy bez dalszego biegu.<\/strong>&#8222;<\/span>.<\/p>\n<p style=\"text-align: justify;\">Szanowna <strong>Komisjo Prawno-Organizacyjna<\/strong> nale\u017ca\u0142oby mo\u017ce poinformowa\u0107 Mieszka\u0144c\u00f3w naszego miasta, \u017ce <strong>nie b\u0119dzie nazwy ronda Ks. kanonika Fortunata Nowaka<\/strong>? Ja przedstawi\u0142em swoj\u0105 opini\u0119 w tej sprawie ju\u017c kilka miesi\u0119cy temu.<\/p>\n<p style=\"text-align: justify;\"><a href=\"http:\/\/grzegorzjaszczura.pl\/http:\/\/grzegorzjaszczura.pl\/wp-content\/uploads\/2026\/03\/inf.publ_.-F.Nowak-2026.03.02-odp-1.jpg\"><img loading=\"lazy\" decoding=\"async\" class=\"alignnone size-thumbnail wp-image-73119\" src=\"http:\/\/grzegorzjaszczura.pl\/http:\/\/grzegorzjaszczura.pl\/wp-content\/uploads\/2026\/03\/inf.publ_.-F.Nowak-2026.03.02-odp-1-150x150.jpg\" alt=\"\" width=\"150\" height=\"150\" \/><\/a><a href=\"http:\/\/grzegorzjaszczura.pl\/http:\/\/grzegorzjaszczura.pl\/wp-content\/uploads\/2026\/03\/inf.publ_.-F.Nowak-2026.03.02-odp-2.jpg\"><img loading=\"lazy\" decoding=\"async\" class=\"alignnone size-thumbnail wp-image-73120\" src=\"http:\/\/grzegorzjaszczura.pl\/http:\/\/grzegorzjaszczura.pl\/wp-content\/uploads\/2026\/03\/inf.publ_.-F.Nowak-2026.03.02-odp-2-150x150.jpg\" alt=\"\" width=\"150\" height=\"150\" \/><\/a>To tyle. <strong>Jeszcze biogram Ks. kanonika, opracowany przez historyk\u00f3w z Muzeum Miejskiego &#8222;Sztygarka&#8221; dla wspomnianej komisji.<\/strong> Jego wsp\u00f3\u0142praca ze s\u0142u\u017cbami komunistycznymi jest wg mnie niepodwa\u017calna. Pomini\u0119to w biogramie w\u0105tki zwi\u0105zane z mieszka\u0144cami Strzemieszyc Ma\u0142ych. Co do wykre\u015blenia go z grona tajnych wsp\u00f3\u0142pracownik\u00f3w w 1974 r., to mam du\u017ce w\u0105tpliwo\u015bci. To ewidentnie utopia. <strong>Mo\u017cna by\u0142o bardziej przy\u0142o\u017cy\u0107 si\u0119 do tego biogramu.<\/strong><\/p>\n<p><strong>Dwa cytaty z biogramu:<\/strong><\/p>\n<p style=\"text-align: justify;\">&#8222;<span style=\"color: #ff0000;\">[&#8230;] Wed\u0142ug notatek oficera prowadz\u0105cego do 1968 r. <strong>otrzymywa\u0142 wynagrodzenia w postaci upomink\u00f3w<\/strong>.<\/span><\/p>\n<p style=\"text-align: justify;\">[&#8230;] <span style=\"color: #ff0000;\">W latach 70. i 80. <strong>w\u0142adze PRL nie utrudnia\u0142y mu spraw paszportowych<\/strong>, a zatem odbywanie podr\u00f3\u017cy zagranicznych <strong>poza obszar Bloku Wschodniego<\/strong>.<\/span>&#8221; (wyja\u015bnienie dla m\u0142odzie\u017cy: Blok Wschodni to delikatna nazwa komunistycznego re\u017cimu sowieckiego, kt\u00f3ry obejmowa\u0142 pararepubliki sowieckie typu: <span style=\"color: #ff0000;\"><strong>PRL<\/strong><\/span>, <span style=\"color: #ff0000;\"><strong>NRD<\/strong><\/span>, <span style=\"color: #ff0000;\">Czechos\u0142owacja<\/span> czy <span style=\"color: #ff0000;\">Bu\u0142garia<\/span> &#8211; przyp. m\u00f3j).<\/p>\n<p style=\"text-align: justify;\"><a href=\"http:\/\/grzegorzjaszczura.pl\/http:\/\/grzegorzjaszczura.pl\/wp-content\/uploads\/2026\/03\/inf.publ_.-F.Nowak-2026.03.02-odp-3-anon.jpg\"><img loading=\"lazy\" decoding=\"async\" class=\"alignnone size-thumbnail wp-image-73121\" src=\"http:\/\/grzegorzjaszczura.pl\/http:\/\/grzegorzjaszczura.pl\/wp-content\/uploads\/2026\/03\/inf.publ_.-F.Nowak-2026.03.02-odp-3-anon-150x150.jpg\" alt=\"\" width=\"150\" height=\"150\" \/><\/a><strong>Niestety&#8230; Mnie prywatnie bardzo przykro.<\/strong><\/p>\n<p style=\"text-align: justify;\">Tak swoj\u0105 drog\u0105, mi komuni\u015bci odm\u00f3wili paszportu jeszcze pod koniec lat osiemdziesi\u0105tych ubieg\u0142ego wieku.<\/p>\n<p><a href=\"http:\/\/grzegorzjaszczura.pl\/http:\/\/grzegorzjaszczura.pl\/wp-content\/uploads\/2026\/03\/1.jpg\"><img loading=\"lazy\" decoding=\"async\" class=\"alignnone size-thumbnail wp-image-73156\" src=\"http:\/\/grzegorzjaszczura.pl\/http:\/\/grzegorzjaszczura.pl\/wp-content\/uploads\/2026\/03\/1-150x150.jpg\" alt=\"\" width=\"150\" height=\"150\" \/><\/a><a href=\"http:\/\/grzegorzjaszczura.pl\/http:\/\/grzegorzjaszczura.pl\/wp-content\/uploads\/2026\/03\/4.jpg\"><img loading=\"lazy\" decoding=\"async\" class=\"alignnone size-thumbnail wp-image-73157\" src=\"http:\/\/grzegorzjaszczura.pl\/http:\/\/grzegorzjaszczura.pl\/wp-content\/uploads\/2026\/03\/4-150x150.jpg\" alt=\"\" width=\"150\" height=\"150\" \/><\/a><\/p>\n","protected":false},"excerpt":{"rendered":"<p>Chcia\u0142bym wyja\u015bni\u0107 jeszcze Szanownym Mieszka\u0144com, co z nazw\u0105 ronda na skrzy\u017cowaniu ulicy Armii Krajowej i \u0142\u0105cznicy do drogi S1 w D\u0105browie G\u00f3rniczej (Z\u0105bkowicach). Szcz\u0119\u015bliwie na sesji Rady Miejskiej D\u0105browy G\u00f3rniczej w dniu 22.12.2025 r. zdj\u0119to projekt uchwa\u0142y z propozycj\u0105 jego nazwy, tj. Ks. kan. F. Nowaka oficera AK. Przyczyn\u0105 by\u0142y wtedy w\u0105tpliwo\u015bci zwi\u0105zane z tym [&hellip;]<\/p>\n","protected":false},"author":2,"featured_media":0,"comment_status":"open","ping_status":"open","sticky":false,"template":"","format":"standard","meta":{"_monsterinsights_skip_tracking":false,"_monsterinsights_sitenote_active":false,"_monsterinsights_sitenote_note":"","_monsterinsights_sitenote_category":0,"footnotes":""},"categories":[4],"tags":[],"class_list":["post-73093","post","type-post","status-publish","format-standard","hentry","category-aktualnosci"],"_links":{"self":[{"href":"https:\/\/grzegorzjaszczura.pl\/index.php?rest_route=\/wp\/v2\/posts\/73093","targetHints":{"allow":["GET"]}}],"collection":[{"href":"https:\/\/grzegorzjaszczura.pl\/index.php?rest_route=\/wp\/v2\/posts"}],"about":[{"href":"https:\/\/grzegorzjaszczura.pl\/index.php?rest_route=\/wp\/v2\/types\/post"}],"author":[{"embeddable":true,"href":"https:\/\/grzegorzjaszczura.pl\/index.php?rest_route=\/wp\/v2\/users\/2"}],"replies":[{"embeddable":true,"href":"https:\/\/grzegorzjaszczura.pl\/index.php?rest_route=%2Fwp%2Fv2%2Fcomments&post=73093"}],"version-history":[{"count":30,"href":"https:\/\/grzegorzjaszczura.pl\/index.php?rest_route=\/wp\/v2\/posts\/73093\/revisions"}],"predecessor-version":[{"id":73230,"href":"https:\/\/grzegorzjaszczura.pl\/index.php?rest_route=\/wp\/v2\/posts\/73093\/revisions\/73230"}],"wp:attachment":[{"href":"https:\/\/grzegorzjaszczura.pl\/index.php?rest_route=%2Fwp%2Fv2%2Fmedia&parent=73093"}],"wp:term":[{"taxonomy":"category","embeddable":true,"href":"https:\/\/grzegorzjaszczura.pl\/index.php?rest_route=%2Fwp%2Fv2%2Fcategories&post=73093"},{"taxonomy":"post_tag","embeddable":true,"href":"https:\/\/grzegorzjaszczura.pl\/index.php?rest_route=%2Fwp%2Fv2%2Ftags&post=73093"}],"curies":[{"name":"wp","href":"https:\/\/api.w.org\/{rel}","templated":true}]}}