{"id":73469,"date":"2026-04-28T11:21:19","date_gmt":"2026-04-28T09:21:19","guid":{"rendered":"https:\/\/grzegorzjaszczura.pl\/?p=73469"},"modified":"2026-04-28T17:57:09","modified_gmt":"2026-04-28T15:57:09","slug":"in-memoriam-jan-pietraga","status":"publish","type":"post","link":"https:\/\/grzegorzjaszczura.pl\/?p=73469","title":{"rendered":"In memoriam &#8211; Jan Pietraga"},"content":{"rendered":"<p style=\"text-align: justify;\"><a href=\"http:\/\/grzegorzjaszczura.pl\/http:\/\/grzegorzjaszczura.pl\/wp-content\/uploads\/2026\/04\/679988792_1789972121978424_7540561864164410156_n.jpg\"><img loading=\"lazy\" decoding=\"async\" class=\"alignnone size-thumbnail wp-image-73478\" src=\"http:\/\/grzegorzjaszczura.pl\/http:\/\/grzegorzjaszczura.pl\/wp-content\/uploads\/2026\/04\/679988792_1789972121978424_7540561864164410156_n-150x150.jpg\" alt=\"\" width=\"150\" height=\"150\" \/><\/a>Bardzo przykro mi jest poinformowa\u0107, \u017ce w niedziel\u0119 26.04.2026 r., prze\u017cywszy 54 lata, zmar\u0142 Pan <strong>Jan Pietraga<\/strong>. Msza \u015awi\u0119ta \u017ba\u0142obna odb\u0119dzie si\u0119 w czwartek 30.04.2026 r. o godz. 11.00. w D\u0105browie G\u00f3rniczej &#8211; Go\u0142onogu w Ko\u015bciele \u015aw. Antoniego z Padwy. Nast\u0119pnie zostanie odprowadzony na miejsce wiecznego spoczynku na cmentarz na G\u00f3rce Go\u0142onoskiej.<\/p>\n<p style=\"text-align: justify;\">Moje kondolencje dla ca\u0142ej Rodziny.<!--more--><\/p>\n<p style=\"text-align: justify;\"><strong>Cze\u015b\u0107 Jego Pami\u0119ci.<\/strong><\/p>\n<p><strong>IN MEMORIAM<\/strong><\/p>\n<p>Kilka zda\u0144 o nim pi\u00f3rem Tomasza Sk\u00f3ry KNP\/PolEXIT:<\/p>\n<p style=\"text-align: justify;\"><strong><a href=\"http:\/\/grzegorzjaszczura.pl\/http:\/\/grzegorzjaszczura.pl\/wp-content\/uploads\/2026\/04\/683190544_1269127292057953_5820310473970344161_n.jpg\"><img loading=\"lazy\" decoding=\"async\" class=\"alignnone size-thumbnail wp-image-73463\" src=\"http:\/\/grzegorzjaszczura.pl\/http:\/\/grzegorzjaszczura.pl\/wp-content\/uploads\/2026\/04\/683190544_1269127292057953_5820310473970344161_n-150x150.jpg\" alt=\"\" width=\"150\" height=\"150\" \/><\/a>Z wielkim \u017calem informujemy, \u017ce odszed\u0142 do Domu Ojca nasz partyjny kolega Janek Pietraga. Tw\u00f3rca strony internetowej naszej partii POLEXIT i jej dotychczasowy administrator oraz wsp\u00f3\u0142autor. Po d\u0142ugiej walce z licznymi chorobami, na co zreszt\u0105 nigdy si\u0119 nie skar\u017cy\u0142, zmar\u0142 na kolejny ich atak. Atak, kt\u00f3rego ju\u017c nie odpar\u0142. Chocia\u017c w dzieci\u0144stwie straci\u0142 w wypadku czucie w obu nogach i musia\u0142 od m\u0142odo\u015bci porusza\u0107 si\u0119 na w\u00f3zku, nigdy nie straci\u0142 pogody ducha. Zawsze u\u015bmiechni\u0119ty, pomimo tego nieszcz\u0119\u015bcia i zawsze aktywny intelektualnie oraz fizycznie. Na w\u00f3zku zosta\u0142 nawet reprezentantem Polski w koszyk\u00f3wce. Od zawsze przeciwnik komunizmu, niez\u0142omnej wiary gorliwy katolik, aktywny cz\u0142onek Wsp\u00f3lnoty &#8222;Wojownicy Maryii&#8221;, redaktor lokalnej prawicowej gazety i szef wolno\u015bciowej Fundacji. W ostatnim roku za\u0142o\u017cy\u0142 firm\u0119 marketingow\u0105 i jako przedsi\u0119biorca, menager rozpocz\u0105\u0142 dzia\u0142alno\u015b\u0107 gospodarcz\u0105. Od dwudziestu lat jednoznaczny przeciwnik utraty suwerenno\u015bci Polski w Unii Europejskiej. Kandydat do Sejmu RP i do Parlamentu Europejskiego z list PJJ i POLEXIT. Po prostu \u015bwietny Go\u015b\u0107!<\/strong><\/p>\n<p style=\"text-align: justify;\"><strong>\u017begnamy Go z wielkim smutkiem i poczuciem ogromnej straty dla naszego \u015brodowiska ale i z wielk\u0105 nadziej\u0105 na spotkanie po drugiej stronie i wsp\u00f3lne \u017cycie WIECZNE.<\/strong><\/p>\n<p style=\"text-align: justify;\"><strong>Wieczny odpoczynek racz Mu da\u0107 Panie, a \u015bwiat\u0142o\u015b\u0107 wiekuista niechaj Mu \u015bwieci.<\/strong><\/p>\n<p style=\"text-align: justify;\"><strong>AMEN.<\/strong><\/p>\n<p style=\"text-align: justify;\"><u><a href=\"https:\/\/youtu.be\/Dp4Dgp48h-M?is=2oLUkOzSGHuG8vRX&amp;fbclid=IwZXh0bgNhZW0CMTAAYnJpZBExUk5KYlhKUVRRdlprOFlCS3NydGMGYXBwX2lkEDIyMjAzOTE3ODgyMDA4OTIAAR48-ii53EzlrIM_eIsmz4xUt81Z_IUc6m-JlgUE9b6zC5Gd_-8po33B5TLPLQ_aem_FpEPLYlEzYzM2IDWJj1yfw\"><strong>https:\/\/youtu.be\/Dp4Dgp48h-M?is=2oLUkOzSGHuG8vRX<\/strong><\/a><\/u><\/p>\n<p style=\"text-align: justify;\"><strong><u><a href=\"https:\/\/l.facebook.com\/l.php?u=http%3A%2F%2Fwww.polexit.org.pl%2F%3Ffbclid%3DIwZXh0bgNhZW0CMTAAYnJpZBExUk5KYlhKUVRRdlprOFlCS3NydGMGYXBwX2lkEDIyMjAzOTE3ODgyMDA4OTIAAR7t69IHLUuWQSMWBq83sBpz7O32MphV1guci2dUMyXZD1bmu5_MD_FhW5nIiQ_aem_hFE3YZ7_ZybwgXVsInM3vg&amp;h=AT4tVImat_qg_TUJQsgdsGBTm4iiKs8vzbnrmlReu0jfRq9WIL9f2s7_JT9uOBRA4BZO7-OA503GFj4nYbOYrNgMUwsn0hfi1SQlv9PhHdBlxxkdAHNQZMCgRRS9fpVZR8fBqCrrr06kmQ&amp;__tn__=-UK-R&amp;c%5b0%5d=AT6hBXDvbP8eCdWmThYYYnXJ6gY5a3YXX9BTdJt0Ai2vlg930C-bxGDuRtePaa3Q-9jk3cKRuLoaaplN5BRG7l8K-6NdRynzMP_KWMyARZkDjQu4CQTKJOpiF18X1r9g9KfvXhIrhx9ZwfeO7YgoDuA8VO3ZxxrIIyekliyJ1WCS0eNgfUG-Tg5w6TaQVx8\">www.polexit.org.pl<\/a><\/u><\/strong><\/p>\n<p><a href=\"http:\/\/grzegorzjaszczura.pl\/http:\/\/grzegorzjaszczura.pl\/wp-content\/uploads\/2026\/04\/codziennosc_wojownika.jpg\"><img loading=\"lazy\" decoding=\"async\" class=\"alignnone size-thumbnail wp-image-73489\" src=\"http:\/\/grzegorzjaszczura.pl\/http:\/\/grzegorzjaszczura.pl\/wp-content\/uploads\/2026\/04\/codziennosc_wojownika-150x150.jpg\" alt=\"\" width=\"150\" height=\"150\" \/><\/a><a href=\"http:\/\/grzegorzjaszczura.pl\/http:\/\/grzegorzjaszczura.pl\/wp-content\/uploads\/2026\/04\/bc25d8594eecc3034e8e978d0b4defc1.jpg\"><img loading=\"lazy\" decoding=\"async\" class=\"alignnone size-thumbnail wp-image-73492\" src=\"http:\/\/grzegorzjaszczura.pl\/http:\/\/grzegorzjaszczura.pl\/wp-content\/uploads\/2026\/04\/bc25d8594eecc3034e8e978d0b4defc1-150x150.jpg\" alt=\"\" width=\"150\" height=\"150\" \/><\/a><\/p>\n","protected":false},"excerpt":{"rendered":"<p>Bardzo przykro mi jest poinformowa\u0107, \u017ce w niedziel\u0119 26.04.2026 r., prze\u017cywszy 54 lata, zmar\u0142 Pan Jan Pietraga. Msza \u015awi\u0119ta \u017ba\u0142obna odb\u0119dzie si\u0119 w czwartek 30.04.2026 r. o godz. 11.00. w D\u0105browie G\u00f3rniczej &#8211; Go\u0142onogu w Ko\u015bciele \u015aw. Antoniego z Padwy. Nast\u0119pnie zostanie odprowadzony na miejsce wiecznego spoczynku na cmentarz na G\u00f3rce Go\u0142onoskiej. Moje kondolencje dla [&hellip;]<\/p>\n","protected":false},"author":2,"featured_media":0,"comment_status":"open","ping_status":"open","sticky":false,"template":"","format":"standard","meta":{"_monsterinsights_skip_tracking":false,"_monsterinsights_sitenote_active":false,"_monsterinsights_sitenote_note":"","_monsterinsights_sitenote_category":0,"footnotes":""},"categories":[1],"tags":[],"class_list":["post-73469","post","type-post","status-publish","format-standard","hentry","category-bez-kategorii"],"_links":{"self":[{"href":"https:\/\/grzegorzjaszczura.pl\/index.php?rest_route=\/wp\/v2\/posts\/73469","targetHints":{"allow":["GET"]}}],"collection":[{"href":"https:\/\/grzegorzjaszczura.pl\/index.php?rest_route=\/wp\/v2\/posts"}],"about":[{"href":"https:\/\/grzegorzjaszczura.pl\/index.php?rest_route=\/wp\/v2\/types\/post"}],"author":[{"embeddable":true,"href":"https:\/\/grzegorzjaszczura.pl\/index.php?rest_route=\/wp\/v2\/users\/2"}],"replies":[{"embeddable":true,"href":"https:\/\/grzegorzjaszczura.pl\/index.php?rest_route=%2Fwp%2Fv2%2Fcomments&post=73469"}],"version-history":[{"count":21,"href":"https:\/\/grzegorzjaszczura.pl\/index.php?rest_route=\/wp\/v2\/posts\/73469\/revisions"}],"predecessor-version":[{"id":73493,"href":"https:\/\/grzegorzjaszczura.pl\/index.php?rest_route=\/wp\/v2\/posts\/73469\/revisions\/73493"}],"wp:attachment":[{"href":"https:\/\/grzegorzjaszczura.pl\/index.php?rest_route=%2Fwp%2Fv2%2Fmedia&parent=73469"}],"wp:term":[{"taxonomy":"category","embeddable":true,"href":"https:\/\/grzegorzjaszczura.pl\/index.php?rest_route=%2Fwp%2Fv2%2Fcategories&post=73469"},{"taxonomy":"post_tag","embeddable":true,"href":"https:\/\/grzegorzjaszczura.pl\/index.php?rest_route=%2Fwp%2Fv2%2Ftags&post=73469"}],"curies":[{"name":"wp","href":"https:\/\/api.w.org\/{rel}","templated":true}]}}