{"id":7405,"date":"2010-12-15T08:29:26","date_gmt":"2010-12-15T06:29:26","guid":{"rendered":"http:\/\/grzegorzjaszczura.pl\/?p=7405"},"modified":"2010-12-15T08:29:26","modified_gmt":"2010-12-15T06:29:26","slug":"rada-miasta-falsz-demokracji","status":"publish","type":"post","link":"https:\/\/grzegorzjaszczura.pl\/?p=7405","title":{"rendered":"Rada Miasta &#8211; fa\u0142sz demokracji"},"content":{"rendered":"<p style=\"text-align: justify;\"><a href=\"http:\/\/grzegorzjaszczura.pl\/http:\/\/grzegorzjaszczura.pl\/wp-content\/uploads\/2010\/12\/DSCF5749.JPG\"><img loading=\"lazy\" decoding=\"async\" class=\"alignleft size-thumbnail wp-image-7425\" title=\"DSCF5749\" src=\"http:\/\/grzegorzjaszczura.pl\/http:\/\/grzegorzjaszczura.pl\/wp-content\/uploads\/2010\/12\/DSCF5749-150x150.jpg\" alt=\"DSCF5749\" width=\"150\" height=\"150\" \/><\/a>Mimo licznych protest\u00f3w wyborczych, dotycz\u0105cych sfa\u0142szowania wybor\u00f3w samorz\u0105dowych w naszym mie\u015bcie, nowa <span style=\"color: #ff0000;\">Rada Miasta <\/span>i nowy &#8211; stary <span style=\"color: #ff0000;\">prezydent<\/span> rozpocz\u0119li urz\u0119dowanie. Prezydent Zb. Podraza (<span style=\"color: #ff0000;\">SLD<\/span>) mimo \u015bladowego poparcia 18% mieszka\u0144c\u00f3w D\u0105browy G\u00f3rniczej uprawnionych do g\u0142osowania niestety b\u0119dzie prawdopodobnie kontynuowa\u0142 swoj\u0105 polityk\u0119.<!--more--> Zobacz: <a href=\"http:\/\/grzegorzjaszczura.pl\/?p=7294#more-7294\">http:\/\/grzegorzjaszczura.pl\/?p=7294#more-7294<\/a>.<\/p>\n<p style=\"text-align: justify;\">Co do radnych to skrajnie<span style=\"color: #ff0000;\"> lewicowa koalicja propodrazowska<\/span> (<span style=\"color: #ff0000;\">SLD, SDPL, UP itp. oraz TPDG &#8211; od\u0142am skrajnie lewicowy<\/span>) ma wi\u0119kszo\u015b\u0107. Zreszt\u0105 to opr\u00f3cz klubu <span style=\"color: #ff0000;\">SIO <\/span>(<span style=\"color: #ff0000;\">BPDG<\/span>),\u00a0 prawie \u017ce ci sami radni co w poprzedniej kadencji. Niestety! Podobnie z Przewodnicz\u0105cym i jego zast\u0119pcami. Niech oceni to tekst radnego T. Paska (<span style=\"color: #ff6600;\">PO<\/span>), kt\u00f3ry by\u0142 na sesji:<\/p>\n<p style=\"text-align: justify;\"><span style=\"color: #0000ff;\"><em>&#8222;Wygl\u0105da\u0142o na to, \u017ce zwolennicy Zbigniewa Podrazy podzieli mi\u0119dzy  sob\u0105 polityczne \u0142upy i zamierzaj\u0105 si\u0119 zabra\u0107 do \u201epracy dla dobra  miasta\u201d. No lito\u015bci. U ka\u017cdego cz\u0142owieka z resztk\u0105 godno\u015bci osobistej i jako takimi  zasadami moralnymi sk\u0142ad prezydium nowej Rady Miejskiej  powinien  wywo\u0142a\u0107 co najmniej mieszane uczucia, je\u015bli nie \u015bwi\u0119te oburzenie.<\/em><\/span><\/p>\n<p style=\"text-align: justify;\"><span style=\"color: #0000ff;\"><em><span style=\"text-decoration: underline;\"><strong>Za sto\u0142em prezydialnym zasi\u0105d\u0105 bowiem:<\/strong><\/span><\/em><\/span><\/p>\n<p style=\"text-align: justify;\"><span style=\"color: #0000ff;\"><em>*<strong>Agnieszka Pasternak<\/strong>, kt\u00f3rej \u201enajwybitniejszym\u201d  osi\u0105gni\u0119ciem minionej kadencji by\u0142a r\u00f3\u017cnica zda\u0144 z Rzecznikiem Praw  Obywatelskich na temat swobody wyra\u017cania pogl\u0105d\u00f3w przez mieszka\u0144c\u00f3w  D\u0105browy G\u00f3rniczej na sesjach Rady Miejskiej. Do tego do\u0142o\u017cy\u0142bym  \u201enieudolno\u015b\u0107\u201d pani przewodnicz\u0105cej w powzi\u0119ciu informacji istotnych z  punktu widzenia organizacji pracy Rady Miejskiej, a przede wszystkim jej  dobrego imienia. Mam tu oczywi\u015bcie na my\u015bli konsekwentne nie  przyjmowanie do wiadomo\u015bci, \u017ce wiceprzewodnicz\u0105cy Robert Majewski   zosta\u0142 skazany za jazd\u0119 po pijanemu. W ten spos\u00f3b wiceprzewodnicz\u0105cy  jako\u015b si\u0119 dokula\u0142 z nami niemal do ko\u0144ca kadencji. Na otarcie \u0142ez, za  z\u0142amanie politycznej kariery pozosta\u0142o mu wtedy pobieranie diety  radnego&#8230; Ca\u0142o\u015b\u0107 uzupe\u0142nia stronniczo\u015b\u0107 w dopuszczaniu do g\u0142osu,  milcz\u0105ce przyzwolenie na skandaliczne zachowanie niekt\u00f3rych  radnych&#8230;Czyli najlepsze z mo\u017cliwych kompetencje do sprawowania  zaszczytnej funkcji przewodnicz\u0105cego Rady Miejskiej.<\/em><\/span><\/p>\n<p style=\"text-align: justify;\"><span style=\"color: #0000ff;\"><em>* <strong>Kazimierz Wo\u017aniczka<\/strong>, kt\u00f3ry jest w ostatnich  tygodniach chyba najpopularniejszym d\u0105browskim radnym. Szkoda tylko, \u017ce  pow\u00f3d tej popularno\u015bci jest do\u015b\u0107 mroczny, niejasny i moralnie  dwuznaczny. Kilka dni po wyborach gruchn\u0119\u0142a wiadomo\u015b\u0107, \u017ce Wo\u017aniczka by\u0142  tajnym wsp\u00f3\u0142pracownikiem s\u0142u\u017cb bezpiecze\u0144stwa. Jako\u015b nikt, przed  wyborami nie zwr\u00f3ci\u0142 na to uwagi. Sta\u0142o si\u0119 tak wskutek dw\u00f3ch r\u00f3\u017cnych  o\u015bwiadcze\u0144 lustracyjnych z\u0142o\u017conych przez wiceprzewodnicz\u0105cego. Tak  namiesza\u0142, \u017ce informacja o jego przesz\u0142o\u015bci mia\u0142a szans\u0119 trafi\u0107 do  wyborc\u00f3w na kilka dni przed wyborami. Rzecz jasna, dotar\u0142a do niewielu.  Ciekawi mnie ile os\u00f3b g\u0142osuj\u0105cych na K. Wo\u017aniczk\u0119 czuje si\u0119 przez niego  oszukanych? Jestem z kolei pewny, \u017ce sam zainteresowany niewiele sobie z  tego robi. Naiwnie my\u015bla\u0142em, \u017ce zachowa\u0142 jakie\u015b resztki godno\u015bci i  honoru. Okaza\u0142o si\u0119 jednak, \u017ce z dum\u0105 wyra\u017ca zgod\u0119 na kandydowanie do  prezydium Rady. R\u0119ce opadaj\u0105.<\/em><\/span><\/p>\n<p style=\"text-align: justify;\"><span style=\"color: #0000ff;\"><em>*<strong> Krzysztof Tamborek<\/strong> &#8211; plotki, domniemania,  doniesienia na policj\u0119. Ca\u0142e miasto huczy, \u017ce dosta\u0142 si\u0119 do Rady  Miejskiej kupuj\u0105c g\u0142osy za zawrotn\u0105 kwot\u0119 50 z\u0142. Oczywi\u015bcie radnemu nic  nie udowodniono i nie przypuszczam, \u017ceby si\u0119 tak sta\u0142o. Tym bardziej, \u017ce  teraz jego polityczny koledzy  obieraj\u0105c go na wiceprzewodnicz\u0105cego,  dali sygna\u0142 \u017ce wszystko jest w porz\u0105dku i ten cie\u0144 podejrze\u0144 nie  przeszkadza im w najmniejszym stopniu.&#8221;<\/em><\/span><\/p>\n<p style=\"text-align: justify;\"><span style=\"color: #0000ff;\"><span style=\"color: #000000;\">W uzupe\u0142nieniu mog\u0119 tylko potwierdzi\u0107 \u0142amanie Konstytucji RP i praw cz\u0142owieka przez Przewodnicz\u0105cego Rady Miasta poprzedniej i niestety tej kadencji (konkretnie Pani\u0105 A. Pasternak (<span style=\"color: #ff0000;\">SDPL<\/span>)). Zobacz: <\/span><\/span><a href=\"http:\/\/grzegorzjaszczura.pl\/?p=1751#more-1751\">http:\/\/grzegorzjaszczura.pl\/?p=1751#more-1751<\/a> oraz<span style=\"color: #0000ff;\"> <\/span><a href=\"http:\/\/grzegorzjaszczura.pl\/?p=5940#more-5940\">http:\/\/grzegorzjaszczura.pl\/?p=5940#more-5940<\/a>. <a href=\"http:\/\/grzegorzjaszczura.pl\/http:\/\/grzegorzjaszczura.pl\/wp-content\/uploads\/2010\/12\/DSCF5815.JPG\"><img loading=\"lazy\" decoding=\"async\" class=\"alignleft size-thumbnail wp-image-7430\" title=\"DSCF5815\" src=\"http:\/\/grzegorzjaszczura.pl\/http:\/\/grzegorzjaszczura.pl\/wp-content\/uploads\/2010\/12\/DSCF5815-150x150.jpg\" alt=\"DSCF5815\" width=\"150\" height=\"150\" \/><\/a>Co do radnego K. Wo\u017aniczki to tu <strong>trzeba bi\u0107 na alarm<\/strong>, bo pomijaj\u0105c jego wsp\u00f3\u0142prac\u0119 ze zbrodniczymi <span style=\"color: #ff0000;\">s\u0142u\u017cbami komunistycznymi <\/span>nale\u017cy go podw\u00f3jnie kontrolowa\u0107, poniewa\u017c <strong>on nie wie co podpisuje!!!<\/strong> A jak podpisze, np. sprzeda\u017c mieszka\u0144c\u00f3w naszego miasta, albo inn\u0105 g\u0142upot\u0119 i nie b\u0119dzie wiedzia\u0142 co podpisuje? I taka osob\u0119 <span style=\"color: #ff0000;\">lewaki <\/span>znowu wybrali na Wiceprzewodnicz\u0105cego Rady Miasta!!! Aczkolwiek s\u0105dz\u0119, \u017ce S\u0105d w tym wypadku nie b\u0119dzie mia\u0142 problem\u00f3w, oczywi\u015bcie uczciwy s\u0105d. Ca\u0142y czas podkre\u015blam, \u017ce jestem osob\u0105 pokrzywdzon\u0105 zgodnie z ustaw\u0105 o IPN.<\/p>\n<p style=\"text-align: justify;\">A to pierwsza, po otrzymaniu informacji o wsp\u00f3\u0142pracy ze <span style=\"color: #ff0000;\">s\u0142u\u017cbami komunistycznymi K. Wo\u017aniczki<\/span>, informacja PAP-u, trzeba przyzna\u0107, \u017ce troch\u0119 niejasna, jak to w takich wypadkach:<\/p>\n<p style=\"text-align: justify;\"><span style=\"color: #800080;\"><em><strong>&#8222;Wiceprzewodnicz\u0105cy rady miejskiej w D\u0105browie G\u00f3rniczej Kazimierz Wo\u017aniczka zatai\u0142 w z\u0142o\u017conym przed ostatnimi wyborami samorz\u0105dowymi o\u015bwiadczeniu lustracyjnym, \u017ce wsp\u00f3\u0142pracowa\u0142 z tajnymi s\u0142u\u017cbami PRL, cho\u0107 sam przyzna\u0142 si\u0119 do tego w o\u015bwiadczeniu sprzed kilku lat &#8211; poda\u0142 IPN. <\/strong><\/em><\/span><\/p>\n<p style=\"text-align: justify;\"><span style=\"color: #800080;\"><em>Po informacji z Oddzia\u0142owego Biura Lustracyjnego IPN w Katowicach (OBL), tu\u017c przed wyborami w dokumentach zamieszczono ostatecznie informacj\u0119, \u017ce Wo\u017aniczka przyznaje si\u0119 do wsp\u00f3\u0142pracy z organami bezpiecze\u0144stwa pa\u0144stwa.<\/em><\/span><\/p>\n<p style=\"text-align: justify;\"><span style=\"color: #800080;\"><em>Wo\u017aniczka kategorycznie odpowiada, \u017ce wed\u0142ug swojej &#8222;wiedzy i sumienia&#8221; wsp\u00f3\u0142pracownikiem nigdy nie by\u0142.<\/em><\/span><\/p>\n<p style=\"text-align: justify;\"><span style=\"color: #800080;\"><em>W wyborach do rady miasta Wo\u017aniczka startowa\u0142 21 listopada z listy komitetu wyborczego &#8222;Towarzystwo Przyjaci\u00f3\u0142 D\u0105browy G\u00f3rniczej&#8221;, kt\u00f3ry zdoby\u0142 w sumie 7 mandat\u00f3w; wi\u0119cej miejsc w 25-osobowej radzie &#8211; po 8 &#8211; maj\u0105 Platforma Obywatelska i SLD. Wed\u0142ug nieoficjalnych informacji Wo\u017aniczka tak\u017ce w tej kadencji ma by\u0107 wiceprzewodnicz\u0105cym rady. Radni na pierwszej sesji maj\u0105 si\u0119 spotka\u0107 w czwartek.<\/em><\/span><\/p>\n<p style=\"text-align: justify;\"><span style=\"color: #800080;\"><em>Wed\u0142ug IPN, Wo\u017aniczka zosta\u0142 zarejestrowany jako tajny wsp\u00f3\u0142pracownik w 1984 r. przez SB w D\u0105browie G\u00f3rniczej, podpisa\u0142 w\u00f3wczas zobowi\u0105zanie do wsp\u00f3\u0142pracy. W o\u015bwiadczeniu lustracyjnym sprzed kilku lat, z\u0142o\u017conym w zwi\u0105zku z pe\u0142nieniem funkcji w samorz\u0105dzie, przyzna\u0142 si\u0119, \u017ce podpisa\u0142 zobowi\u0105zanie do wsp\u00f3\u0142pracy z SB. Tymczasem sk\u0142adaj\u0105c o\u015bwiadczenie przed tegorocznymi wyborami napisa\u0142, \u017ce nie wsp\u00f3\u0142pracowa\u0142 z SB.<\/em><\/span><\/p>\n<p style=\"text-align: justify;\"><span style=\"color: #800080;\"><em>Zast\u0119pca naczelnika OBL IPN Wac\u0142aw Dubia\u0144ski powiedzia\u0142 PAP, \u017ce fakt z\u0142o\u017cenia przez Wo\u017aniczk\u0119 dw\u00f3ch sprzecznych ze sob\u0105 o\u015bwiadcze\u0144 pracownicy IPN odkryli niemal w przededniu wybor\u00f3w. &#8211; Poinformowali\u015bmy o tym komisj\u0119 wyborcz\u0105 w D\u0105browie G\u00f3rniczej, w pi\u0105tek (19 listopada-PAP) przez wyborami &#8211; powiedzia\u0142. Na stronie PKW znalaz\u0142a si\u0119 adnotacja, \u017ce Wo\u017aniczka przyznaje si\u0119 do wsp\u00f3\u0142pracy.<\/em><\/span><\/p>\n<p style=\"text-align: justify;\"><span style=\"color: #800080;\"><em>Jak podkre\u015bla Dubia\u0144ski, Wo\u017aniczka nie powinien by\u0142 sk\u0142ada\u0107 drugiego o\u015bwiadczenia, ale informacj\u0119 o tym, \u017ce ju\u017c wcze\u015bniej je z\u0142o\u017cy\u0142. W takiej sytuacji komisja wyborcza zwraca si\u0119 do biura lustracyjnego z pytaniem o tre\u015b\u0107 o\u015bwiadczenia i na tej podstawie s\u0105 drukowane obwieszczenia. &#8222;W sytuacji z\u0142o\u017cenia drugiego o\u015bwiadczenia komisja przyj\u0119\u0142a zapis, jaki dosta\u0142a. Mo\u017cna powiedzie\u0107, \u017ce to jakie\u015b wprowadzenie w b\u0142\u0105d komisji, poniek\u0105d tak\u017ce wyborc\u00f3w&#8221; &#8211; ocenia Dubia\u0144ski.<\/em><\/span><\/p>\n<p style=\"text-align: justify;\"><span style=\"color: #800080;\"><em>Dyrektor katowickiej delegatury Krajowego Biura Wyborczego w Katowicach Wojciech Litewka powiedzia\u0142, \u017ce po informacji z IPN Miejska Komisja Wyborcza w D\u0105browie G\u00f3rniczej podj\u0119\u0142a konieczne dzia\u0142ania. &#8211; W ka\u017cdym obwodzie g\u0142osowania w okr\u0119gu nr 5 w D\u0105browie G\u00f3rniczej, obok wykazu kandydat\u00f3w na radnych, by\u0142a dodana kartka z informacj\u0105 o w\u0142a\u015bciwej tre\u015bci o\u015bwiadczenia lustracyjnego pana Wo\u017aniczki. To zosta\u0142o jeszcze zrobione przed wyborami &#8211; zapewni\u0142 Litewka.<\/em><\/span><\/p>\n<p style=\"text-align: justify;\"><span style=\"color: #800080;\"><em>W o\u015bwiadczeniu przes\u0142anym PAP Wo\u017aniczka potwierdzi\u0142, \u017ce w o\u015bwiadczeniu sprzed kilku lat napisa\u0142, \u017ce przed wyjazdem na kontrakt do Iraku zosta\u0142 wezwany do UB w D\u0105browie G\u00f3rniczej, gdzie podpisa\u0142 &#8222;jakie\u015b dokumenty&#8221;, pod gro\u017ab\u0105 zakazu wydania mu paszportu. Jak zapewni\u0142, nie pami\u0119ta, jakie to by\u0142y dokumenty. Podkre\u015bli\u0142, \u017ce wed\u0142ug swojej wiedzy i w\u0142asnego sumienia wsp\u00f3\u0142pracownikiem nie by\u0142.<\/em><\/span><\/p>\n<p style=\"text-align: justify;\"><span style=\"color: #800080;\"><em>&#8211; Wpisu tego dokona\u0142em, poniewa\u017c uwa\u017ca\u0142em, \u017ce uczciwym jest napisanie tego, \u017ce mam w\u0105tpliwo\u015bci co do tego, jak opisa\u0142o mnie UB w swoich aktach. Poza tym kontaktem wi\u0119cej styczno\u015bci ze s\u0142u\u017cbami bezpiecze\u0144stwa nie mia\u0142em &#8211; podkre\u015bli\u0142.<\/em><\/span><\/p>\n<p style=\"text-align: justify;\"><span style=\"color: #800080;\"><em>Wo\u017aniczka dodaje, \u017ce kilka tygodni temu zosta\u0142 poproszony do IPN w Katowicach, gdzie dowiedzia\u0142 si\u0119, \u017ce w zwi\u0105zku z tre\u015bci\u0105 jego o\u015bwiadczenia zosta\u0142o wszcz\u0119te post\u0119powanie wyja\u015bniaj\u0105ce. &#8211; Po z\u0142o\u017ceniu wyja\u015bnie\u0144 osoba prowadz\u0105ca stwierdzi\u0142a, \u017ce w okresie kilku tygodni sprawa zostanie zamkni\u0119ta. Sumienie mam czyste. Uwa\u017cam, \u017ce dokumenty to potwierdz\u0105 &#8211; doda\u0142 radny.<\/em><\/span><\/p>\n<p style=\"text-align: justify;\"><span style=\"color: #800080;\"><em>Jak wyja\u015bni\u0142, sk\u0142adaj\u0105c dokumenty przed ostatnimi wyborami z\u0142o\u017cy\u0142 o\u015bwiadczenie o braku wsp\u00f3\u0142pracy z UB bez powy\u017cszego dopisku uwa\u017caj\u0105c, \u017ce sprawa jest wyja\u015bniona. Potem na wezwanie komisarza wyborczego przedstawi\u0142 o\u015bwiadczenie o uprzednim z\u0142o\u017ceniu o\u015bwiadczenia lustracyjnego. &#8211; Mimo to na obwieszczeniach wyborczych ukaza\u0142a si\u0119 informacja, i\u017c by\u0142em \u015bwiadomym wsp\u00f3\u0142pracownikiem s\u0142u\u017cby bezpiecze\u0144stwa PRL &#8211; zako\u0144czy\u0142 Wo\u017aniczka.&#8221;<\/em><\/span><\/p>\n<p style=\"text-align: justify;\"><span style=\"color: #800080;\"><span style=\"color: #000000;\">Informacji Pana Litewki nie potwierdzaj\u0105 wyborcy w 5 okr\u0119gu wyborczym. B\u0105d\u017amy w przeciwie\u0144stwie do K. Wo\u017aniczki (<span style=\"color: #ff0000;\">TPDG frakcja ultralewicowa<\/span>) powa\u017cni i m\u0119\u017cczyznami (kobietami) i przejd\u017amy dalej. T. Pasek (<span style=\"color: #ff6600;\">PO<\/span>) pisze jeszcze: <\/span><\/span><\/p>\n<p style=\"text-align: justify;\"><span style=\"color: #0000ff;\"><em>&#8222;Ju\u017c pierwsze decyzje Rady nowej kadencji s\u0105 pewnym wyznacznikiem  drogi, kt\u00f3r\u0105 zamierza ona p\u00f3j\u015b\u0107. <strong>W moim odczuciu, z tymi lud\u017ami na  czele, daleko nie zajdziemy.<\/strong> Smuci mnie to bardzo, bo do ko\u0144ca mia\u0142em  nadziej\u0119, \u017ce co\u015b si\u0119 zmieni i poprawi na lepsze.<\/em><\/span><\/p>\n<p style=\"text-align: justify;\"><span style=\"color: #0000ff;\"><em>Na koniec zostawi\u0142em sobie kandydata do tytu\u0142u \u201eRozczarowanie  roku\u201d. Jeszcze kilka tygodni temu by\u0142em pewien, \u017ce ten m\u0142ody cz\u0142owiek  wart jest pok\u0142adanych w nim nadziei.<\/em><\/span><\/p>\n<p style=\"text-align: justify;\"><span style=\"color: #0000ff;\"><em>Zreszt\u0105 widzia\u0142em jak stawia\u0142 pierwsze kroki w polityce i spodoba\u0142o  mi si\u0119 jego zaanga\u017cowanie w sprawy spo\u0142eczne. S\u0142ysza\u0142em te\u017c jakie ma  (mia\u0142?) zdanie o rz\u0105dz\u0105cej tym miastem ekipie. Przekonywa\u0142 wielokrotnie,  \u017ce nie jest cz\u0142owiekiem \u201edo kupienia\u201d, \u017ce nie ma takiej stawki za kt\u00f3r\u0105  by si\u0119 sprzeda\u0142. Wczoraj okaza\u0142o si\u0119 jednak, \u017ce koledzy z <span style=\"color: #ff0000;\">TPDG<\/span> tak\u0105  stawk\u0119 znale\u017ali. I chocia\u017c <strong>Piotr Bobrowski<\/strong> wspiera\u0142 nas jeszcze na sesji inauguracyjnej, wczoraj siedzia\u0142 ju\u017c w innym \u201etowarzystwie\u201d&#8230;<\/em><\/span><\/p>\n<div style=\"text-align: justify;\"><span style=\"color: #0000ff;\"><em>Nie jest weso\u0142o. Tomasz Pasek&#8221;.<\/em><\/span><\/div>\n<div style=\"text-align: justify;\"><span style=\"color: #0000ff;\"><em><br \/>\n<\/em><\/span><\/div>\n<div style=\"text-align: justify;\"><span style=\"color: #0000ff;\"><strong><span style=\"color: #000000;\">Kilka s\u0142\u00f3w komentarza do ostatniego akapitu radnego T. Paska (<span style=\"color: #ff6600;\">PO<\/span>). Rzeczywi\u015bcie nie znam ch\u0142opaka, ale u mnie te\u017c jest sko\u0144czony. Zreszt\u0105 podobnie jak w poprzedniej kadencji R. Majewski, M. Kalaga, H. Koziak, czy A. Krypciak. Co do pana Wr\u00f3blewskiego to nawet klawisze protestuj\u0105. Zreszt\u0105 pami\u0119taj\u0105c jak za etaty, czy inne nie znane mi profity radni zdradzali swoje ugrupowania i swoich wyborc\u00f3w przechodz\u0105c do <span style=\"color: #ff0000;\">koalicji lewicowej <\/span>rz\u0105dz\u0105cej, mam z\u0142e wie\u015bci dla radnego T. Paska (<span style=\"color: #ff6600;\">PO<\/span>): to nie koniec! Za P. Bobrowskim p\u00f3jd\u0105 jeszcze inni. Ale obym si\u0119 tym razem myli\u0142.<\/span><\/strong><em><br \/>\n<\/em><\/span><\/div>\n","protected":false},"excerpt":{"rendered":"<p>Mimo licznych protest\u00f3w wyborczych, dotycz\u0105cych sfa\u0142szowania wybor\u00f3w samorz\u0105dowych w naszym mie\u015bcie, nowa Rada Miasta i nowy &#8211; stary prezydent rozpocz\u0119li urz\u0119dowanie. Prezydent Zb. Podraza (SLD) mimo \u015bladowego poparcia 18% mieszka\u0144c\u00f3w D\u0105browy G\u00f3rniczej uprawnionych do g\u0142osowania niestety b\u0119dzie prawdopodobnie kontynuowa\u0142 swoj\u0105 polityk\u0119.<\/p>\n","protected":false},"author":2,"featured_media":0,"comment_status":"open","ping_status":"open","sticky":false,"template":"","format":"standard","meta":{"_monsterinsights_skip_tracking":false,"_monsterinsights_sitenote_active":false,"_monsterinsights_sitenote_note":"","_monsterinsights_sitenote_category":0,"footnotes":""},"categories":[3],"tags":[],"class_list":["post-7405","post","type-post","status-publish","format-standard","hentry","category-polityczne"],"_links":{"self":[{"href":"https:\/\/grzegorzjaszczura.pl\/index.php?rest_route=\/wp\/v2\/posts\/7405","targetHints":{"allow":["GET"]}}],"collection":[{"href":"https:\/\/grzegorzjaszczura.pl\/index.php?rest_route=\/wp\/v2\/posts"}],"about":[{"href":"https:\/\/grzegorzjaszczura.pl\/index.php?rest_route=\/wp\/v2\/types\/post"}],"author":[{"embeddable":true,"href":"https:\/\/grzegorzjaszczura.pl\/index.php?rest_route=\/wp\/v2\/users\/2"}],"replies":[{"embeddable":true,"href":"https:\/\/grzegorzjaszczura.pl\/index.php?rest_route=%2Fwp%2Fv2%2Fcomments&post=7405"}],"version-history":[{"count":33,"href":"https:\/\/grzegorzjaszczura.pl\/index.php?rest_route=\/wp\/v2\/posts\/7405\/revisions"}],"predecessor-version":[{"id":7497,"href":"https:\/\/grzegorzjaszczura.pl\/index.php?rest_route=\/wp\/v2\/posts\/7405\/revisions\/7497"}],"wp:attachment":[{"href":"https:\/\/grzegorzjaszczura.pl\/index.php?rest_route=%2Fwp%2Fv2%2Fmedia&parent=7405"}],"wp:term":[{"taxonomy":"category","embeddable":true,"href":"https:\/\/grzegorzjaszczura.pl\/index.php?rest_route=%2Fwp%2Fv2%2Fcategories&post=7405"},{"taxonomy":"post_tag","embeddable":true,"href":"https:\/\/grzegorzjaszczura.pl\/index.php?rest_route=%2Fwp%2Fv2%2Ftags&post=7405"}],"curies":[{"name":"wp","href":"https:\/\/api.w.org\/{rel}","templated":true}]}}