{"id":8831,"date":"2011-03-18T08:42:57","date_gmt":"2011-03-18T06:42:57","guid":{"rendered":"http:\/\/grzegorzjaszczura.pl\/?p=8831"},"modified":"2011-03-18T08:51:03","modified_gmt":"2011-03-18T06:51:03","slug":"zb-podraza-bierze-przyklad-z-rzadu","status":"publish","type":"post","link":"https:\/\/grzegorzjaszczura.pl\/?p=8831","title":{"rendered":"Zb. Podraza bierze przyk\u0142ad z rz\u0105du?"},"content":{"rendered":"<p style=\"text-align: justify;\"><span style=\"color: #0000ff;\"><strong><a href=\"http:\/\/grzegorzjaszczura.pl\/http:\/\/grzegorzjaszczura.pl\/wp-content\/uploads\/2011\/03\/201103151158.jpg\"><img loading=\"lazy\" decoding=\"async\" class=\"alignleft size-thumbnail wp-image-9187\" title=\"201103151158\" src=\"http:\/\/grzegorzjaszczura.pl\/http:\/\/grzegorzjaszczura.pl\/wp-content\/uploads\/2011\/03\/201103151158-150x150.jpg\" alt=\"\" width=\"150\" height=\"150\" \/><\/a>Podwy\u017cszanie wszelkiej ma\u015bci podatk\u00f3w i op\u0142at lokalnych w D\u0105browie G\u00f3rniczej, w zdecydowanej wi\u0119kszo\u015bci z inicjatywy mi\u0142o\u015bciwie panuj\u0105cego, Jego Prezydenta pana Zb. Podrazy (<span style=\"color: #ff0000;\">Lewica SLD<\/span>), opisywa\u0142em wielokrotnie (klasyczny przyk\u0142ad: <\/strong><\/span><a href=\"http:\/\/grzegorzjaszczura.pl\/?p=6593#more-6593\">http:\/\/grzegorzjaszczura.pl\/?p=6593#more-6593<\/a><strong><span style=\"color: #0000ff;\">)<\/span><\/strong><span style=\"color: #0000ff;\"><strong> i jest to dla mnie \u017ar\u00f3d\u0142o niewyczerpuj\u0105cej si\u0119 i nieko\u0144cz\u0105cej inspiracji. <!--more-->Mo\u017cna by napisa\u0107<em> perpetuum mobile<\/em> w tym zakresie. Ale my\u015bl\u0119, \u017ce nie tylko jego i jego &#8222;ekip\u0119&#8221;, nale\u017cy za to wini\u0107. Niestety przyk\u0142ad jak to zwykle, idzie z tzw. g\u00f3ry. I poniewa\u017c mamy do czynienia te\u017c z ateistami (<span style=\"color: #ff0000;\">Lewica<\/span>) wyja\u015bniam, \u017ce ta &#8222;g\u00f3ra&#8221; to rz\u0105d, Parlament w Warszawie i \u017ceby nie obrazi\u0107 i pomin\u0105\u0107 <span style=\"color: #ff0000;\">Unia Europejska<\/span> w Brukseli. Mo\u017ce dlatego te\u017c pan Zb. Podraza (<span style=\"color: #ff0000;\">SLD<\/span>), jest tak bardzo popierany przez pani\u0105 pose\u0142 z innej partii, konkretnie <span style=\"color: #ff6600;\">PO <\/span>B. Ma\u0142ecka-Liber\u0119. A\u017c boj\u0119 si\u0119 co b\u0119dzie, gdy w naszym mie\u015bcie dojdzie do koalicji <span style=\"color: #ff0000;\">SLD<\/span>&#8211;<span style=\"color: #ff6600;\">PO<span style=\"color: #0000ff;\">!<\/span><\/span><\/strong><\/span><\/p>\n<p style=\"text-align: justify;\"><span style=\"color: #0000ff;\"><strong>Bo od razu te\u017c zaznaczam, wina nie jest w rz\u0105dzie, konkretnie <span style=\"color: #ff6600;\">Platformy Obywatelskiej<\/span>, ale w \u017ale przeprowadzonej tzw. transformacji ustrojowej po niby to upadku <span style=\"color: #ff0000;\">komunist\u00f3w <\/span>w 1989 roku. Wina le\u017cy wi\u0119c po stronie wszystkich rz\u0105dz\u0105cych przez ten czasokres. No, ewentualnie kto\u015b mo\u017ce stwierdzi\u0107, \u017ce to si\u0119 zrobi\u0142o samo! Rz\u0105dy przez te 20 lat przecie\u017c tworz\u0105 wci\u0105\u017c ci sami ludzie, ewentualnie przepisuj\u0105cy si\u0119 z partii do partii dla zmylenia potencjalnego Wyborcy! I nie chodzi o to, \u017ce <span style=\"color: #ff0000;\">komuni\u015bci<\/span>, w tym zbrodniarze s\u0105 nieukarani, \u017ce emerytury <span style=\"color: #ff0000;\">s\u0142u\u017cb komunistycznych<\/span> s\u0105 jakie s\u0105,\u00a0\u017ce<span style=\"color: #ff0000;\"> komuni\u015bci<\/span><a href=\"http:\/\/wiadomosci.onet.pl\/kraj\/zapadl-wyrok-dotyczacy-legalnosci-stanu-wojennego,1,4211877,wiadomosc.html\"> \u0142ami\u0105cy w\u0142asn\u0105 Konstytucj\u0119<\/a> s\u0105 bezkarni, itd. Chodzi mi o gospodark\u0119. <a href=\"http:\/\/biznes.gazetaprawna.pl\/artykuly\/102692,ustawa_wilczka_o_dzialalnosci_gospodarczej_moglaby_zostac_przywrocona.html\">Ustaw\u0119 o dzia\u0142alno\u015bci gospodarczej tow. Wilczka <\/a>(wprowadzon\u0105 za rz\u0105d\u00f3w tow. Rakowskiego, 1988 r.) poprzez poprawianie i &#8222;udoskonalanie&#8221; doprowadzono do tego, \u017ce obecne przepisy umo\u017cliwiaj\u0105ce takow\u0105 dzia\u0142alno\u015b\u0107 (podobno swobod\u0119 dzia\u0142alno\u015bci!) s\u0105 jej zaprzeczeniem! Dosz\u0142o do reglamentacji samej dzia\u0142alno\u015bci gospodarczej. Pretekst\u00f3w jest bez liku, nie tylko <span style=\"color: #ff0000;\">Unia Europejska<\/span>. Narz\u0119dzia to: <span style=\"color: #ff0000;\">koncesje<\/span> (<em>nota bene<\/em> wg wielu op\u0142ata koncesyjna jest niezgodna z Konstytucj\u0105), <span style=\"color: #ff0000;\">zezwolenia<\/span> (jest ich oko\u0142o 1190 rodzaj\u00f3w!) czy tzw. <span style=\"color: #ff0000;\">dzia\u0142alno\u015b\u0107 regulowana<\/span> (jest ich chyba 63). A ka\u017cda ta rzecz kosztuje i zwi\u0119ksza koszty prowadzenia tej dzia\u0142alno\u015bci. Ju\u017c nie chc\u0119 przed\u0142u\u017ca\u0107 i pisa\u0107 o kosztach pracy, ZUSie itd. Jak\u017ce bardzo takie reglamentowanie dzia\u0142alno\u015bci przypomina <span style=\"color: #ff0000;\">komunizm<\/span> (<span style=\"color: #ff0000;\">realnysocjalizm<\/span>)!<br \/>\n<\/strong><\/span><\/p>\n<p style=\"text-align: justify;\"><span style=\"color: #0000ff;\"><strong><a href=\"http:\/\/grzegorzjaszczura.pl\/http:\/\/grzegorzjaszczura.pl\/wp-content\/uploads\/2011\/03\/01.jpg\"><img loading=\"lazy\" decoding=\"async\" class=\"alignleft size-thumbnail wp-image-9197\" title=\"01\" src=\"http:\/\/grzegorzjaszczura.pl\/http:\/\/grzegorzjaszczura.pl\/wp-content\/uploads\/2011\/03\/01-150x150.jpg\" alt=\"\" width=\"150\" height=\"150\" \/><\/a>Na s\u0142ynne korwinowskie sformu\u0142owanie: &#8222;Rz\u0105d r\u017cnie g\u0142upa&#8221;, jest tylko jedna &#8222;inna alternatywa&#8221; (nie myli\u0107 z Alternatywy 4) rz\u0105d jest naprawd\u0119 g\u0142upi.<br \/>\n<\/strong><\/span><\/p>\n<p style=\"text-align: justify;\"><span style=\"color: #0000ff;\"><strong>Przedstawi\u0119 nowinki (Kol. K. Ha\u0142adus (<span style=\"color: #ff00ff;\">PJN<\/span>) u\u017cy\u0142by s\u0142owa nowalijki) z ostatnich lat, g\u0142\u00f3wnie dotycz\u0105ce powstawania nowych\u00a0 i podwy\u017cszania starych podatk\u00f3w. To te\u017c rozk\u0142ada nasz\u0105 gospodark\u0119 i niestety obrazuje spos\u00f3b rozumowania (albo raczej antyrozumowania) urz\u0119dniko-polityk\u00f3w!<br \/>\n<\/strong><\/span><\/p>\n<p style=\"text-align: justify;\"><span style=\"color: #0000ff;\"><strong><span style=\"color: #000000;\">Podatki i op\u0142aty podniesione za rz\u0105d\u00f3w<\/span> <span style=\"color: #ff6600;\">PO <span style=\"color: #0000ff;\">&#8211;<\/span> <span style=\"color: #00ff00;\">PSL<\/span> <span style=\"color: #000000;\">(na podstawie internetu)<\/span><\/span><span style=\"color: #000000;\">:<\/span><\/strong><\/span><\/p>\n<ul style=\"text-align: justify;\">\n<li><span style=\"color: #ff0000;\"><strong>W 2009 r. wzros\u0142a akcyza na alkohole o 10% i akcyza na samochody o pojemno\u015bci silnika powy\u017cej 2 litr\u00f3w (z 13,6% do 18,6%).<\/strong><\/span><\/li>\n<li><span style=\"color: #ff0000;\"><strong>W  zwi\u0105zku z unijnymi wymaganiami od 1 stycznia 2010 r. akcyza za oleje  opa\u0142owe i paliwa opa\u0142owe wzros\u0142a z 60 do 64 z\u0142 za 1000 kg, a akcyza na  gaz ziemny przeznaczony do nap\u0119du silnik\u00f3w spalinowych i do cel\u00f3w  opa\u0142owych \u2013 z 1,18 do 1,28 z\u0142. Ponadto od 2012 r. z tego samego powodu  wzro\u015bnie akcyza na w\u0119giel i koks.<\/strong><\/span><\/li>\n<li><span style=\"color: #ff0000;\"><strong>Od 1 stycznia 2010 r. znacznie  wzros\u0142a op\u0142ata paliwowa na olej nap\u0119dowy (z 92,61 do 233,99 z\u0142\/1000 l),  a co roku wzrasta op\u0142ata paliwowa na benzyn\u0119 i LPG o wysoko\u015b\u0107 inflacji.<\/strong><\/span><\/li>\n<li><span style=\"color: #ff0000;\"><strong>Ustawa o grach i zak\u0142adach wzajemnych z 2009 r. znacznie podwy\u017cszy\u0142a podatki i op\u0142aty obci\u0105\u017caj\u0105ce bran\u017c\u0119 hazardow\u0105.<\/strong><\/span><\/li>\n<li><span style=\"color: #ff0000;\"><strong>Coroczne  podnoszenie przez Ministerstwo Finans\u00f3w maksymalnych stawek podatk\u00f3w  lokalnych, w tym od nieruchomo\u015bci, od \u015brodk\u00f3w transportowych i innych (<span style=\"color: #000000;\">z tego na wej\u015bciu korzysta pan Prezydent Zb. Podraza ze swoj\u0105 ekip\u0105<\/span>).<\/strong><\/span><\/li>\n<li><span style=\"color: #ff0000;\"><strong>Podatki  i op\u0142aty lokalne, w tym za u\u017cytkowanie wieczyste, podnoszone s\u0105 co roku  przez w\u0142adze samorz\u0105dowe, m.in. w Warszawie czy gminach  wojew\u00f3dztwa \u015bl\u0105skiego.<\/strong><\/span><\/li>\n<li><span style=\"color: #ff0000;\"><strong>Od 1 wrze\u015bnia 2010 r. obowi\u0105zuje 3,1-procentowa akcyza na quady, meleksy, skutery \u015bnie\u017cne.<\/strong><\/span><\/li>\n<li><span style=\"color: #ff0000;\"><strong>Podwy\u017cki  mandat\u00f3w drogowych \u2013 rozporz\u0105dzenie Prezesa Rady Ministr\u00f3w RP z 5  listopada 2008 r. w sprawie wysoko\u015bci grzywien nak\u0142adanych w drodze  mandat\u00f3w karnych dla kierowc\u00f3w.<\/strong><\/span><\/li>\n<\/ul>\n<p style=\"text-align: justify;\"><span style=\"color: #000000;\"><strong>Wy\u017csze lub nowe podatki i op\u0142aty od 2011 roku:<\/strong><\/span><\/p>\n<ul style=\"text-align: justify;\">\n<li><span style=\"color: #ff0000;\"><strong>Podniesienie VAT z 22 do 23%<span style=\"color: #000000;\"> (czyli o 4,5%)<\/span>, z 7 do 8% <span style=\"color: #000000;\">(czyli o 14,3%)<\/span>.<\/strong><\/span><\/li>\n<li><span style=\"color: #ff0000;\"><strong>Zamro\u017cenie prog\u00f3w podatkowych w PIT na lata 2011-2013 <span style=\"color: #000000;\">(czyli zwi\u0119kszenie opodatkowania ze wzgl\u0119du na realn\u0105 inflacj\u0119)<\/span>.<\/strong><\/span><\/li>\n<li><span style=\"color: #ff0000;\"><strong>Wzrost akcyzy na papierosy i tyto\u0144 o 4% rocznie do osi\u0105gni\u0119cia unijnego minimum w 2018 r.<\/strong><\/span><\/li>\n<li><span style=\"color: #ff0000;\"><strong>Likwidacja ulgi w podatku akcyzowym na biokomponenty dolewane obowi\u0105zkowo do paliw.<\/strong><\/span><\/li>\n<li><span style=\"color: #ff0000;\"><strong>Wzrost VAT na \u017cywno\u015b\u0107 nieprzetworzon\u0105 z 3% do 5% <span style=\"color: #000000;\">(czyli o 66,7%)<\/span>.<\/strong><\/span><\/li>\n<li><span style=\"color: #ff0000;\"><strong>Wzrost VAT na du\u017ce domy (od nadwy\u017cki powy\u017cej 300 m2) i mieszkania (od nadwy\u017cki powy\u017cej 150 m2) z 7% do 23% <span style=\"color: #000000;\">(czyli o 228,6%)<\/span>.<\/strong><\/span><\/li>\n<li><span style=\"color: #ff0000;\"><strong>Wzrost z 7% do 23% <span style=\"color: #000000;\">(czyli o 228,6%)<\/span> VAT na odzie\u017c i obuwie dla dzieci.<\/strong><\/span><\/li>\n<li><span style=\"color: #ff0000;\"><strong>Podniesienie stawki VAT na ksi\u0105\u017cki i pras\u0119 specjalistyczn\u0105 z 0% do 5%.<\/strong><\/span><\/li>\n<li><span style=\"color: #ff0000;\"><strong>Planowanie podniesienia sk\u0142adki rentowej w cz\u0119\u015bci p\u0142aconej przez przedsi\u0119biorc\u00f3w.<\/strong><\/span><\/li>\n<li><span style=\"color: #ff0000;\"><strong>Likwidacja odliczenia podatku od paliwa, kt\u00f3re jest tankowane do firmowych samochod\u00f3w<\/strong><\/span><\/li>\n<li><span style=\"color: #ff0000;\"><strong>Likwidacja odliczenia pe\u0142nego VAT przy zakupie samochodu z kratk\u0105.<\/strong><\/span><\/li>\n<\/ul>\n<p style=\"text-align: justify;\"><span style=\"color: #000000;\"><strong>Inne proponowane przez koalicj\u0119 <span style=\"color: #ff6600;\">PO<\/span> &#8211; <span style=\"color: #00ff00;\">PS<\/span><span style=\"color: #00ff00;\">L<\/span> podatki i op\u0142aty:<\/strong><\/span><\/p>\n<ul style=\"text-align: justify;\">\n<li><span style=\"color: #ff0000;\"><strong>Propozycja, by wprowadzi\u0107 podatek bankowy.<\/strong><\/span><\/li>\n<li><span style=\"color: #ff0000;\"><strong>Ministerstwo  Kultury i Dziedzictwa Narodowego chce na\u0142o\u017cy\u0107 na producent\u00f3w i  importer\u00f3w cyfrowych aparat\u00f3w fotograficznych specjaln\u0105 op\u0142at\u0119.<\/strong><\/span><\/li>\n<li><span style=\"color: #ff0000;\"><strong>Propozycja wprowadzenia podatku ekologicznego na stare samochody.<\/strong><\/span><\/li>\n<li><span style=\"color: #ff0000;\"><strong>Propozycja wprowadzenia op\u0142aty gazowej, by sfinansowa\u0107 inwestycje w infrastruktur\u0119 gazow\u0105.<\/strong><\/span><\/li>\n<li><span style=\"color: #ff0000;\"><strong>Grupa Robocza przy Klubie Senator\u00f3w <span style=\"color: #ff6600;\">PO<\/span> opracowa\u0142a plan wprowadzenia ubezpieczenia od ryzyka niesamodzielno\u015bci.<\/strong><\/span><\/li>\n<li><span style=\"color: #ff0000;\"><strong>Pos\u0142owie <span style=\"color: #ff6600;\">PO<\/span> i<span style=\"color: #008000;\"> <span style=\"color: #00ff00;\">PSL<\/span> <\/span>przygotowuj\u0105 projekt tzw. bykowego.<\/strong><\/span><\/li>\n<li><span style=\"color: #ff0000;\"><strong>Propozycja  op\u0142at od no\u015bnik\u00f3w energii: op\u0142ata zapasowa, w\u0119glowa (za emisj\u0119 gaz\u00f3w  cieplarnianych), dywersyfikacyjna i danina z tytu\u0142u obowi\u0105zkowego zakupu  energii produkowanej z metanu.<\/strong><\/span><\/li>\n<li><span style=\"color: #ff0000;\"><strong>W 2008 roku Ministerstwo  \u015arodowiska zaproponowa\u0142o wprowadzenie op\u0142aty recyklingowej, podatku na  torebki foliowe i p\u0142atnej ewidencji prowadzonej przez g\u0142\u00f3wnego  inspektora ochrony \u015brodowiska dla przedsi\u0119biorc\u00f3w wprowadzaj\u0105cych na  rynek towary w opakowaniach.<\/strong><\/span><\/li>\n<li><span style=\"color: #ff0000;\"><strong>Wg projektu ustawy \u201ePrawo  lotnicze\u201d, drastycznie maj\u0105 wzrosn\u0105\u0107 op\u0142aty za zezwolenia, koncesje,  certyfikaty, za\u015bwiadczenia i \u015bwiadectwa wydawane przez Urz\u0105d Lotnictwa  Cywilnego dla linii lotniczych i port\u00f3w lotniczych.<\/strong><\/span><\/li>\n<li style=\"text-align: justify;\"><span style=\"color: #ff0000;\"><strong>Niezrealizowana propozycja rz\u0105dowa, by szko\u0142y j\u0119zykowe obci\u0105\u017cy\u0107 podatkiem VAT.<br \/>\n<\/strong><\/span><\/li>\n<p><strong><br \/>\n<span style=\"color: #0000ff;\">PS.<\/span> Nie przepadam za rapem, ale kr\u00f3tki utw\u00f3r rz\u0105dz\u0105cym mo\u017cna zadedykowa\u0107: <\/strong><\/ul>\n<p><a href=\"http:\/\/www.youtube.com\/watch?v=lYZmLJrG8Ww\">http:\/\/www.youtube.com\/watch?v=lYZmLJrG8Ww<\/a>.<\/p>\n","protected":false},"excerpt":{"rendered":"<p>Podwy\u017cszanie wszelkiej ma\u015bci podatk\u00f3w i op\u0142at lokalnych w D\u0105browie G\u00f3rniczej, w zdecydowanej wi\u0119kszo\u015bci z inicjatywy mi\u0142o\u015bciwie panuj\u0105cego, Jego Prezydenta pana Zb. Podrazy (Lewica SLD), opisywa\u0142em wielokrotnie (klasyczny przyk\u0142ad: http:\/\/grzegorzjaszczura.pl\/?p=6593#more-6593) i jest to dla mnie \u017ar\u00f3d\u0142o niewyczerpuj\u0105cej si\u0119 i nieko\u0144cz\u0105cej inspiracji.<\/p>\n","protected":false},"author":2,"featured_media":0,"comment_status":"open","ping_status":"open","sticky":false,"template":"","format":"standard","meta":{"_monsterinsights_skip_tracking":false,"_monsterinsights_sitenote_active":false,"_monsterinsights_sitenote_note":"","_monsterinsights_sitenote_category":0,"footnotes":""},"categories":[3],"tags":[],"class_list":["post-8831","post","type-post","status-publish","format-standard","hentry","category-polityczne"],"_links":{"self":[{"href":"https:\/\/grzegorzjaszczura.pl\/index.php?rest_route=\/wp\/v2\/posts\/8831","targetHints":{"allow":["GET"]}}],"collection":[{"href":"https:\/\/grzegorzjaszczura.pl\/index.php?rest_route=\/wp\/v2\/posts"}],"about":[{"href":"https:\/\/grzegorzjaszczura.pl\/index.php?rest_route=\/wp\/v2\/types\/post"}],"author":[{"embeddable":true,"href":"https:\/\/grzegorzjaszczura.pl\/index.php?rest_route=\/wp\/v2\/users\/2"}],"replies":[{"embeddable":true,"href":"https:\/\/grzegorzjaszczura.pl\/index.php?rest_route=%2Fwp%2Fv2%2Fcomments&post=8831"}],"version-history":[{"count":92,"href":"https:\/\/grzegorzjaszczura.pl\/index.php?rest_route=\/wp\/v2\/posts\/8831\/revisions"}],"predecessor-version":[{"id":9242,"href":"https:\/\/grzegorzjaszczura.pl\/index.php?rest_route=\/wp\/v2\/posts\/8831\/revisions\/9242"}],"wp:attachment":[{"href":"https:\/\/grzegorzjaszczura.pl\/index.php?rest_route=%2Fwp%2Fv2%2Fmedia&parent=8831"}],"wp:term":[{"taxonomy":"category","embeddable":true,"href":"https:\/\/grzegorzjaszczura.pl\/index.php?rest_route=%2Fwp%2Fv2%2Fcategories&post=8831"},{"taxonomy":"post_tag","embeddable":true,"href":"https:\/\/grzegorzjaszczura.pl\/index.php?rest_route=%2Fwp%2Fv2%2Ftags&post=8831"}],"curies":[{"name":"wp","href":"https:\/\/api.w.org\/{rel}","templated":true}]}}