{"id":9440,"date":"2011-04-06T09:17:57","date_gmt":"2011-04-06T07:17:57","guid":{"rendered":"http:\/\/grzegorzjaszczura.pl\/?p=9440"},"modified":"2013-12-22T00:56:57","modified_gmt":"2013-12-21T17:56:57","slug":"tozsamosc-tak-autonomia-separacja-nie","status":"publish","type":"post","link":"https:\/\/grzegorzjaszczura.pl\/?p=9440","title":{"rendered":"To\u017csamo\u015b\u0107 tak, autonomia &#8211; separacja nie!"},"content":{"rendered":"<p style=\"text-align: justify;\"><span style=\"color: #008000;\"><a href=\"http:\/\/grzegorzjaszczura.pl\/http:\/\/grzegorzjaszczura.pl\/wp-content\/uploads\/2011\/04\/IMG_8097-got-strona.jpg\"><img loading=\"lazy\" decoding=\"async\" class=\"alignleft size-thumbnail wp-image-9601\" title=\"IMG_8097 got strona\" src=\"http:\/\/grzegorzjaszczura.pl\/http:\/\/grzegorzjaszczura.pl\/wp-content\/uploads\/2011\/04\/IMG_8097-got-strona-150x150.jpg\" alt=\"\" width=\"150\" height=\"150\" \/><\/a>Zauwa\u017cam, \u017ce dzia\u0142ania, polityka (<em>sensu large<\/em>) i <em>image<\/em> \u015bl\u0105skich polityk\u00f3w nie odpowiadaj\u0105 coraz wi\u0119kszej liczbie<strong> Zag\u0142\u0119biak\u00f3w<\/strong>. Zgodnie z jednym z podstawowych praw fizyki <strong>akcja rodzi reakcj\u0119<\/strong>. Coraz cz\u0119\u015bciej s\u0142ysz\u0119 w zwi\u0105zku z polityk\u0105 silenizacji <strong>Zag\u0142\u0119bia D\u0105browskiego<\/strong> przez \u015al\u0105zak\u00f3w (<span style=\"color: #000000;\">RA\u015a<\/span>), media znajduj\u0105ce si\u0119 na terenie \u015al\u0105ska (a nie <strong>Zag\u0142\u0119bia D\u0105browskiego<\/strong>), no i polityk\u00f3w stricte antyzag\u0142\u0119biowskich, \u017ce rodzi si\u0119 reakcja na terenie <strong>Zag\u0142\u0119bia D\u0105browskiego<\/strong> i w sercach prawdziwych <strong>Zag\u0142\u0119biak\u00f3w<\/strong>! Powstaj\u0105<!--more--> (b\u0105d\u017a pr\u00f3buj\u0105 powstawa\u0107) nowe stowarzyszenia i organizacje. Odwo\u0142uj\u0105 si\u0119 one do <strong>to\u017csamo\u015bci zag\u0142\u0119biowskiej <\/strong>i wywodz\u0105 si\u0119 z naszego terenu. Tak\u017ce istniej\u0105ce stowarzyszenia prozag\u0142\u0119biowskie aktywizuj\u0105 si\u0119.<strong> Oczywi\u015bcie tylko wsp\u00f3lne przeciwstawienie si\u0119 ca\u0142ego Zag\u0142\u0119bia D\u0105browskiego (<em>sensu large)<\/em> mo\u017ce da\u0107 efekt i w perspektywie zahamowa\u0107 ze\u015bl\u0105szczenie tego obszaru.<\/strong> Maj\u0105c nadziej\u0119, \u017ce takowa silenizacja nigdy nie nast\u0105pi, chcia\u0142bym przedstawi\u0107 dzisiaj g\u0142os historyka <strong>dr. Zbigniewa Matuszczyka<\/strong>. Og\u00f3lnie jego wywody wpisuj\u0105 si\u0119 w has\u0142o, kt\u00f3re powinno kierowa\u0107 ka\u017cdym Polakiem, w tym szczeg\u00f3lnie Zag\u0142\u0119biakiem:<\/span><\/p>\n<p style=\"text-align: justify;\"><span style=\"color: #008000;\"><strong> &#8222;To\u017csamo\u015b\u0107 tak, autonomia &#8211; separacja nie!&#8221;.<\/strong><br \/>\n<\/span><\/p>\n<p style=\"text-align: justify;\"><span style=\"color: #0000ff;\"><em><strong><a href=\"http:\/\/grzegorzjaszczura.pl\/http:\/\/grzegorzjaszczura.pl\/wp-content\/uploads\/2011\/04\/Zdj\u0119cie0049.jpg\"><img loading=\"lazy\" decoding=\"async\" class=\"alignleft size-thumbnail wp-image-9604\" title=\"Zdj\u0119cie0049\" src=\"http:\/\/grzegorzjaszczura.pl\/http:\/\/grzegorzjaszczura.pl\/wp-content\/uploads\/2011\/04\/Zdj\u0119cie0049-150x150.jpg\" alt=\"\" width=\"150\" height=\"150\" \/><\/a>&#8222;Po 20 latach funkcjonowania <span style=\"color: #000000;\">Ruchu Autonomii \u015al\u0105ska (RA\u015a)<\/span>, organizacja ta powoli staje si\u0119 realn\u0105 si\u0142\u0105 polityczn\u0105 w wojew\u00f3dztwie \u015bl\u0105skim. Wyb\u00f3r trzech przedstawicieli tej organizacji do sejmiku \u015bl\u0105skiego oraz zawarcie koalicji z <span style=\"color: #ff6600;\">PO<\/span> i <span style=\"color: #00ff00;\">PSL<\/span> zaowocowa\u0142o wej\u015bciem przewodnicz\u0105cego <span style=\"color: #000000;\">RA\u015a <\/span>dr. Jerzego Gorzelika do zarz\u0105du wojew\u00f3dztwa. Tym samym <span style=\"color: #000000;\">RA\u015a <\/span>sta\u0142 si\u0119 podmiotem polityki regionalnej!<\/strong><\/em><\/span><\/p>\n<p style=\"text-align: justify;\"><span style=\"color: #0000ff;\"><em><strong>Dlatego te\u017c uwa\u017cam, \u017ce w bie\u017c\u0105cej kadencji w\u0142adz samorz\u0105dowych nale\u017cy si\u0119 spodziewa\u0107 pr\u00f3b legitymizacji prawnych dzia\u0142a\u0144 <span style=\"color: #ff0000;\"><span style=\"color: #000000;\">RA\u015a<\/span> <\/span>na rzecz autonomii \u015al\u0105ska, kt\u00f3ra jest g\u0142\u00f3wnym celem tej organizacji.<\/strong><\/em><\/span><\/p>\n<p style=\"text-align: justify;\"><span style=\"color: #0000ff;\"><em><strong><span style=\"color: #000000;\">RA\u015a<\/span> ukierunkowany jest na d\u0142ugoletni\u0105 prac\u0119 u podstaw ze spo\u0142ecze\u0144stwem \u015bl\u0105skim oraz w\u0142adzami wojew\u00f3dzkimi i pa\u0144stwowymi, kt\u00f3re przekonuje do swoich racji. Niestety brak jest jasnego i jednoznacznego oficjalnego stanowiska w\u0142adz do takich kwestii jak proponowane przez <span style=\"color: #ff0000;\"><span style=\"color: #000000;\">RA\u015a<\/span> <\/span>tworzenie Sejmu \u015bl\u0105skiego, skarbu \u015bl\u0105skiego czy \u015bl\u0105skiego rz\u0105du. Zas\u0142anianie si\u0119 Konstytucj\u0105 RP, kt\u00f3ra nie przewiduje takich instytucji, w sytuacji gdy <span style=\"color: #ff0000;\"><span style=\"color: #000000;\">RA\u015a<\/span> <\/span>ma swoje stanowisko co do jej zmiany, uwa\u017cam na dzie\u0144 dzisiejszy za niewystarczaj\u0105ce. R\u00f3wnie\u017c brak naszego samorz\u0105dowego stanowiska wobec plan\u00f3w <span style=\"color: #000000;\">RA\u015a<\/span>, zach\u0119ca t\u0105 organizacj\u0119 do aktywizowania swojej dzia\u0142alno\u015bci, r\u00f3wnie\u017c na arenie mi\u0119dzynarodowej.<\/strong><\/em><\/span><\/p>\n<p style=\"text-align: justify;\"><span style=\"color: #0000ff;\"><em><strong>Nie powinni\u015bmy zapomina\u0107, \u017ce dzisiejsze wojew\u00f3dztwo \u015bl\u0105skie powsta\u0142o jako \u015bl\u0105sko-d\u0105browskie w 1945 roku, po kapitulacji <span style=\"color: #ff0000;\">hitlerowskich Niemiec<\/span>, kt\u00f3re by\u0142y bezpo\u015brednim sprawc\u0105 wybuchu II wojny \u015bwiatowej. W wyniku wojny zmieni\u0142y si\u0119 granice II Rzeczypospolitej. Zwyci\u0119skie mocarstwa dokona\u0142y nowego podzia\u0142u Europy i zasadniczo zmieni\u0142y granice pa\u0144stwa polskiego, nota bene znacznie zmniejszaj\u0105c jego powierzchni\u0119.<\/strong><\/em><\/span><\/p>\n<p style=\"text-align: justify;\"><span style=\"color: #0000ff;\"><em><strong>Wojew\u00f3dztwo \u015bl\u0105skie, po przy\u0142\u0105czeniu cz\u0119\u015bci, odebranej <span style=\"color: #ff0000;\">III Rzeszy Niemieckiej<\/span> oraz w\u0142\u0105czeniu <span style=\"color: #00ff00;\">Zag\u0142\u0119bia<\/span> <span style=\"color: #ff0000;\">D\u0105browskiego<\/span>, sta\u0142o si\u0119 ca\u0142kowicie now\u0105 jednostk\u0105 administracyjn\u0105 oraz centrum polskiego przemys\u0142u ci\u0119\u017ckiego, nieodzownego dla odbudowy zniszczonego i rozgrabionego przez dw\u00f3ch agresor\u00f3w kraju.<\/strong><\/em><\/span><\/p>\n<p style=\"text-align: justify;\"><span style=\"color: #0000ff;\"><em><strong>Wst\u0105pienie Polski do <span style=\"color: #ff0000;\">Unii Europejskiej <\/span>sprzyja ujawnianiu si\u0119 spo\u0142ecznych i politycznych ruch\u00f3w autonomicznych, kt\u00f3re nie zawsze musz\u0105 by\u0107 akceptowane przez ca\u0142o\u015b\u0107 spo\u0142eczno\u015bci lokalnej, a w naszej sytuacji mieszka\u0144c\u00f3w i samorz\u0105dy wojew\u00f3dztwa \u015bl\u0105skiego. Dzisiaj stron\u0105 w dzia\u0142aniach na rzecz autonomii \u015al\u0105ska jest <span style=\"color: #000000;\">R<\/span><span style=\"color: #000000;\">A\u015a<\/span>.<\/strong><\/em><\/span><\/p>\n<p style=\"text-align: justify;\"><span style=\"color: #0000ff;\"><em><strong>W tej dyskusji nie s\u0142ycha\u0107 g\u0142osu pozosta\u0142ych mieszka\u0144c\u00f3w wojew\u00f3dztwa a w tym mieszka\u0144c\u00f3w <span style=\"color: #00ff00;\">Zag\u0142\u0119bia<\/span> <span style=\"color: #ff0000;\">D\u0105browskiego<\/span>. Nie posiadamy realnej opiniotw\u00f3rczej reprezentacji spo\u0142ecze\u0144stwa zag\u0142\u0119biowskiego, kt\u00f3ra by mog\u0142a ustosunkowa\u0107 si\u0119 do pomys\u0142\u00f3w <span style=\"color: #ff0000;\"><span style=\"color: #000000;\">RA\u015a<\/span> <\/span>w kwestii urz\u0105dzenia nam \u017cycia spo\u0142eczno-politycznego w regionie.<\/strong><\/em><\/span><\/p>\n<p style=\"text-align: justify;\"><span style=\"color: #0000ff;\"><em><strong>Prowadzi to do zacierania to\u017csamo\u015bci <span style=\"color: #00ff00;\">Zag\u0142\u0119bia <\/span><span style=\"color: #ff0000;\">D\u0105browskiego<\/span>, czego skutkiem jest przekonanie rodz\u0105ce si\u0119 w potocznej opinii spo\u0142ecze\u0144stwa polskiego, \u017ce wojew\u00f3dztwo \u015bl\u0105skie jest obszarem kulturowo jednolitym zamieszka\u0142ym wy\u0142\u0105cznie przez \u015al\u0105zak\u00f3w, kt\u00f3rzy domagaj\u0105 si\u0119 autonomii proponowanej przez <span style=\"color: #000000;\">RA\u015a<\/span>.<\/strong><\/em><\/span><\/p>\n<p style=\"text-align: justify;\"><span style=\"color: #0000ff;\"><em><strong>W takiej sytuacji <span style=\"color: #000000;\">RA\u015a<\/span>, nie maj\u0105c realnej si\u0142y sprzeciwiaj\u0105cej si\u0119 propozycj\u0105 tego ruchu spo\u0142ecznego przejmuje inicjatyw\u0119 spo\u0142eczno-polityczn\u0105 na rzecz budowania wymy\u015blonej autonomii, kt\u00f3ra gdyby zosta\u0142a zrealizowana musia\u0142a by zaowocowa\u0107 rozpadem wojew\u00f3dztwa \u015bl\u0105skiego lub wch\u0142oni\u0119ciem <span style=\"color: #00ff00;\">Zag\u0142\u0119bia <\/span><span style=\"color: #ff0000;\">D\u0105browskiego<\/span> przez <span style=\"color: #ff0000;\">\u015al\u0105sk<\/span>!<\/strong><\/em><\/span><\/p>\n<p style=\"text-align: justify;\"><span style=\"color: #0000ff;\"><em><strong>Trzeba podkre\u015bli\u0107, \u017ce wewn\u0119trzne spory pomi\u0119dzy partiami politycznymi w sejmiku \u015bl\u0105skim oraz zawieranie dora\u017anych koalicji, nie gwarantuj\u0105 obrony to\u017csamo\u015bci spo\u0142eczno-kulturalnej i historycznej <span style=\"color: #00ff00;\">Zag\u0142<\/span><span style=\"color: #ff0000;\">\u0119bia<\/span>!<\/strong><\/em><\/span><\/p>\n<p style=\"text-align: justify;\"><span style=\"color: #0000ff;\"><em><strong>Czy zatem w <span style=\"color: #00ff00;\">Zag\u0142\u0119biu<\/span> <span style=\"color: #ff0000;\">D\u0105browskim<\/span> nie powinni\u015bmy wypracowa\u0107 wsp\u00f3lnego stanowiska wobec propozycji <span style=\"color: #000000;\">RA\u015a<\/span>? Przecie\u017c ju\u017c dzisiaj <span style=\"color: #000000;\">RA\u015a<\/span> rz\u0105daj\u0105c autonomii \u015al\u0105ska stawia nam pytanie czy b\u0119dziemy chcieli w niej funkcjonowa\u0107, czy te\u017c nale\u017cy <span style=\"color: #00ff00;\">Zag\u0142\u0119bie<\/span> <span style=\"color: #ff0000;\">D\u0105browskie<\/span> z niej wy\u0142\u0105czy\u0107?<\/strong><\/em><\/span><\/p>\n<p style=\"text-align: justify;\"><span style=\"color: #0000ff;\"><em><strong>Jako mieszkaniec <span style=\"color: #00ff00;\">Zag\u0142\u0119bia <\/span><span style=\"color: #ff0000;\">D\u0105browskiego<\/span>, konkretnie S\u0142awkowa, kt\u00f3rego mieszka\u0144cy w 1998 r. w powszechnym referendum przy 79,9% frekwencji, w 99,3% opowiedzieli si\u0119 za przej\u015bciem miasta S\u0142awkowa z wojew\u00f3dztwa ma\u0142opolskiego do \u015bl\u0105skiego, mam prawo wiedzie\u0107, tak samo jak pozostali mieszka\u0144cy, czy w przysz\u0142o\u015bci mamy sta\u0107 si\u0119 \u015al\u0105zakami? Czy mo\u017ce zachowamy swoj\u0105 odwieczn\u0105, polsk\u0105 i zag\u0142\u0119biowsk\u0105 To\u017csamo\u015b\u0107?<\/strong><\/em><\/span><\/p>\n<p style=\"text-align: justify;\"><span style=\"color: #0000ff;\"><em><strong>Uwa\u017cam, \u017ce potrzebujemy jako<span style=\"color: #00ff00;\"> Zag\u0142\u0119<\/span><span style=\"color: #ff0000;\">biacy <\/span>reprezentacji, kt\u00f3ra wypracowa\u0142aby wsp\u00f3lne stanowisko spo\u0142eczno\u015bci miast i gmin <span style=\"color: #00ff00;\">Zag\u0142<\/span><span style=\"color: #ff0000;\">\u0119bia <\/span>wobec postulat\u00f3w<span style=\"color: #ff0000;\"> <span style=\"color: #000000;\">RA\u015a<\/span><\/span>. R\u00f3wnocze\u015bnie reprezentacja ta powinna zaj\u0105\u0107 si\u0119 piel\u0119gnacj\u0105 i kultywowaniem zag\u0142\u0119biowskiej to\u017csamo\u015bci!<\/strong><\/em><\/span><\/p>\n<p style=\"text-align: justify;\"><span style=\"color: #0000ff;\"><em><strong>Postuluj\u0119 kontynuowanie dyskusji na temat wsp\u00f3lnych dzia\u0142a\u0144 w celu wypracowania wsp\u00f3lnego stanowiska ca\u0142ego obszaru <span style=\"color: #00ff00;\">Zag\u0142\u0119b<\/span><span style=\"color: #ff0000;\">iowskiego <\/span>w przedstawionych powy\u017cej kwestiach.&#8221;<br \/>\n<\/strong><\/em><\/span><\/p>\n<p style=\"text-align: right;\"><span style=\"color: #0000ff;\"><strong>dr Zbigniew Matuszczyk<\/strong><\/span><\/p>\n<p style=\"text-align: justify;\"><span style=\"color: #0000ff;\"><strong><span style=\"color: #008000;\">Oczywi\u015bcie do tematu powr\u00f3c\u0119.<\/span><br \/>\n<\/strong><\/span><\/p>\n","protected":false},"excerpt":{"rendered":"<p>Zauwa\u017cam, \u017ce dzia\u0142ania, polityka (sensu large) i image \u015bl\u0105skich polityk\u00f3w nie odpowiadaj\u0105 coraz wi\u0119kszej liczbie Zag\u0142\u0119biak\u00f3w. Zgodnie z jednym z podstawowych praw fizyki akcja rodzi reakcj\u0119. Coraz cz\u0119\u015bciej s\u0142ysz\u0119 w zwi\u0105zku z polityk\u0105 silenizacji Zag\u0142\u0119bia D\u0105browskiego przez \u015al\u0105zak\u00f3w (RA\u015a), media znajduj\u0105ce si\u0119 na terenie \u015al\u0105ska (a nie Zag\u0142\u0119bia D\u0105browskiego), no i polityk\u00f3w stricte antyzag\u0142\u0119biowskich, \u017ce [&hellip;]<\/p>\n","protected":false},"author":2,"featured_media":0,"comment_status":"open","ping_status":"open","sticky":false,"template":"","format":"standard","meta":{"_monsterinsights_skip_tracking":false,"_monsterinsights_sitenote_active":false,"_monsterinsights_sitenote_note":"","_monsterinsights_sitenote_category":0,"footnotes":""},"categories":[3,11],"tags":[],"class_list":["post-9440","post","type-post","status-publish","format-standard","hentry","category-polityczne","category-zaglebie-dabrowskie"],"_links":{"self":[{"href":"https:\/\/grzegorzjaszczura.pl\/index.php?rest_route=\/wp\/v2\/posts\/9440","targetHints":{"allow":["GET"]}}],"collection":[{"href":"https:\/\/grzegorzjaszczura.pl\/index.php?rest_route=\/wp\/v2\/posts"}],"about":[{"href":"https:\/\/grzegorzjaszczura.pl\/index.php?rest_route=\/wp\/v2\/types\/post"}],"author":[{"embeddable":true,"href":"https:\/\/grzegorzjaszczura.pl\/index.php?rest_route=\/wp\/v2\/users\/2"}],"replies":[{"embeddable":true,"href":"https:\/\/grzegorzjaszczura.pl\/index.php?rest_route=%2Fwp%2Fv2%2Fcomments&post=9440"}],"version-history":[{"count":59,"href":"https:\/\/grzegorzjaszczura.pl\/index.php?rest_route=\/wp\/v2\/posts\/9440\/revisions"}],"predecessor-version":[{"id":26305,"href":"https:\/\/grzegorzjaszczura.pl\/index.php?rest_route=\/wp\/v2\/posts\/9440\/revisions\/26305"}],"wp:attachment":[{"href":"https:\/\/grzegorzjaszczura.pl\/index.php?rest_route=%2Fwp%2Fv2%2Fmedia&parent=9440"}],"wp:term":[{"taxonomy":"category","embeddable":true,"href":"https:\/\/grzegorzjaszczura.pl\/index.php?rest_route=%2Fwp%2Fv2%2Fcategories&post=9440"},{"taxonomy":"post_tag","embeddable":true,"href":"https:\/\/grzegorzjaszczura.pl\/index.php?rest_route=%2Fwp%2Fv2%2Ftags&post=9440"}],"curies":[{"name":"wp","href":"https:\/\/api.w.org\/{rel}","templated":true}]}}