{"id":9717,"date":"2011-04-12T07:53:32","date_gmt":"2011-04-12T05:53:32","guid":{"rendered":"http:\/\/grzegorzjaszczura.pl\/?p=9717"},"modified":"2011-04-12T09:21:47","modified_gmt":"2011-04-12T07:21:47","slug":"kongres-nowej-prawicy-info","status":"publish","type":"post","link":"https:\/\/grzegorzjaszczura.pl\/?p=9717","title":{"rendered":"Kongres Nowej Prawicy &#8211; info"},"content":{"rendered":"<p style=\"text-align: justify;\"><span style=\"color: #000000;\"><strong>Nie chcia\u0142em robi\u0107 szumu medialnego przed 10 kwietnia, ale zjazd Polskiej Prawicy w Pa\u0142acu Kultury i Nauki im. <span style=\"color: #ff0000;\">komunisty<\/span> J. Stalina w Warszawie jednak informacji wymaga. Tu <a href=\"http:\/\/www.youtube.com\/watch?v=dOEo5ymovj4\">info video<\/a>, a tu info s\u0142owne:<br \/>\n<\/strong><\/span><\/p>\n<p style=\"text-align: justify;\"><span style=\"color: #0000ff;\"><em><strong><a href=\"http:\/\/grzegorzjaszczura.pl\/http:\/\/grzegorzjaszczura.pl\/wp-content\/uploads\/2011\/04\/IMG_4661-042.jpg\"><img loading=\"lazy\" decoding=\"async\" class=\"alignleft size-thumbnail wp-image-9727\" title=\"IMG_4661 042\" src=\"http:\/\/grzegorzjaszczura.pl\/http:\/\/grzegorzjaszczura.pl\/wp-content\/uploads\/2011\/04\/IMG_4661-042-150x150.jpg\" alt=\"\" width=\"150\" height=\"150\" \/><\/a>&#8222;Przy <span style=\"color: #ff0000;\">&#8222;Okr\u0105g\u0142ym Stole&#8221; <\/span>um\u00f3wiono si\u0119, \u017ce w Polsce Prawica nigdy nie dojdzie  do w\u0142adzy. Gdy prawie 20 lat temu zrobili\u015bmy Kongres Prawicy spotka\u0142o  si\u0119 to z furi\u0105<span style=\"color: #ff0000;\"> Lewicy<\/span>. Potem powsta\u0142y nawet dwie partie udaj\u0105ce  prawicowe, by nie by\u0142o dla nas miejsca.<br \/>\nTeraz, gdy III  Rzeczpospolita, ten b\u0119kart <span style=\"color: #ff0000;\">&#8222;Okr\u0105g\u0142ego Sto\u0142u&#8221;<!--more--><\/span>, bankrutuje &#8211; wzbiera fala  poparcia dla Prawicy i wracamy na nale\u017cne nam miejsce na scenie  politycznej.<\/strong><\/em><\/span><\/p>\n<p><span style=\"color: #0000ff;\"><em><strong>Zapraszam wszystkich prawych ludzi na Kongres Nowej  Prawicy do Sali Kongresowej Pa\u0142acu Kultury i Nauki w Warszawie. 16  kwietnia 2011. Zaczniemy o godz. 12.30.<\/strong><\/em><\/span><\/p>\n<p><span style=\"color: #0000ff;\"><em><strong>Udzia\u0142 w Kongresie potwierdzili ju\u017c m.in.:<br \/>\n&#8211; Rafa\u0142 Ziemkiewicz<br \/>\n&#8211; Krzysztof Rybi\u0144ski<br \/>\n&#8211; Artur Zawisza<br \/>\n&#8211; Romuald Szeremietiew<br \/>\n&#8211; Tomasz Sommer<br \/>\n&#8211; Stanis\u0142aw Michalkiewicz<br \/>\n&#8211; Robert Gwiazdowski<br \/>\n&#8211; Adam Wielomski.&#8221;<\/strong><\/em><\/span><\/p>\n<p style=\"text-align: right;\"><span style=\"color: #0000ff;\"><strong>Janusz Korwin-Mikke<\/strong><\/span><\/p>\n<p><span style=\"color: #000000;\"><strong>Rejestracja na Kongres:<\/strong><\/span> <a rel=\"nofollow\" href=\"http:\/\/wipupr.partiawip.pl\/wipupr\/index.php\/kongres\" target=\"_blank\">http:\/\/wipupr.partiawip.pl\/wipupr\/index.php\/kongres<\/a><br \/>\n<strong>Zach\u0119camy do pobierania BIULETYNU:<\/strong> <a rel=\"nofollow\" href=\"http:\/\/wipupr.partiawip.pl\/wipupr\/images\/stories\/startujemy.pdf\" target=\"_blank\">http:\/\/wipupr.partiawip.pl\/wipupr\/images\/stories\/startujemy.pdf<\/a><\/p>\n<p><span style=\"color: #0000ff;\"><strong>Ps.<\/strong><\/span> Zdj\u0119cie z ostatniego pobytu <a href=\"http:\/\/grzegorzjaszczura.pl\/?p=3966#more-3966\">J. Korwina-Mikke w D\u0105browie G\u00f3rniczej<\/a> i w Sosnowcu, czyli pobytu w\u00a0 <strong><span style=\"color: #00ff00;\">Zag\u0142\u0119biu<\/span> <span style=\"color: #ff0000;\">D\u0105browskim<\/span><\/strong>.<\/p>\n<p><a href=\"http:\/\/grzegorzjaszczura.pl\/http:\/\/grzegorzjaszczura.pl\/wp-content\/uploads\/2011\/04\/IMG_4271-001.jpg\"><img loading=\"lazy\" decoding=\"async\" class=\"alignleft size-thumbnail wp-image-9739\" title=\"IMG_4271 001\" src=\"http:\/\/grzegorzjaszczura.pl\/http:\/\/grzegorzjaszczura.pl\/wp-content\/uploads\/2011\/04\/IMG_4271-001-150x150.jpg\" alt=\"\" width=\"150\" height=\"150\" \/><\/a><a href=\"http:\/\/grzegorzjaszczura.pl\/http:\/\/grzegorzjaszczura.pl\/wp-content\/uploads\/2011\/04\/IMG_4274-005.jpg\"><img loading=\"lazy\" decoding=\"async\" class=\"alignleft size-thumbnail wp-image-9740\" title=\"IMG_4274 005\" src=\"http:\/\/grzegorzjaszczura.pl\/http:\/\/grzegorzjaszczura.pl\/wp-content\/uploads\/2011\/04\/IMG_4274-005-150x150.jpg\" alt=\"\" width=\"150\" height=\"150\" \/><\/a><a href=\"http:\/\/grzegorzjaszczura.pl\/http:\/\/grzegorzjaszczura.pl\/wp-content\/uploads\/2011\/04\/IMG_4357-018.jpg\"><img loading=\"lazy\" decoding=\"async\" class=\"alignleft size-thumbnail wp-image-9741\" title=\"IMG_4357 018\" src=\"http:\/\/grzegorzjaszczura.pl\/http:\/\/grzegorzjaszczura.pl\/wp-content\/uploads\/2011\/04\/IMG_4357-018-150x150.jpg\" alt=\"\" width=\"150\" height=\"150\" \/><\/a><a href=\"http:\/\/grzegorzjaszczura.pl\/http:\/\/grzegorzjaszczura.pl\/wp-content\/uploads\/2011\/04\/IMG_4504-w-006.jpg\"><img loading=\"lazy\" decoding=\"async\" class=\"alignleft size-thumbnail wp-image-9742\" title=\"IMG_4504 w 006\" src=\"http:\/\/grzegorzjaszczura.pl\/http:\/\/grzegorzjaszczura.pl\/wp-content\/uploads\/2011\/04\/IMG_4504-w-006-150x150.jpg\" alt=\"\" width=\"150\" height=\"150\" \/><\/a><\/p>\n","protected":false},"excerpt":{"rendered":"<p>Nie chcia\u0142em robi\u0107 szumu medialnego przed 10 kwietnia, ale zjazd Polskiej Prawicy w Pa\u0142acu Kultury i Nauki im. komunisty J. Stalina w Warszawie jednak informacji wymaga. Tu info video, a tu info s\u0142owne: &#8222;Przy &#8222;Okr\u0105g\u0142ym Stole&#8221; um\u00f3wiono si\u0119, \u017ce w Polsce Prawica nigdy nie dojdzie do w\u0142adzy. Gdy prawie 20 lat temu zrobili\u015bmy Kongres Prawicy [&hellip;]<\/p>\n","protected":false},"author":2,"featured_media":0,"comment_status":"open","ping_status":"open","sticky":false,"template":"","format":"standard","meta":{"_monsterinsights_skip_tracking":false,"_monsterinsights_sitenote_active":false,"_monsterinsights_sitenote_note":"","_monsterinsights_sitenote_category":0,"footnotes":""},"categories":[3],"tags":[],"class_list":["post-9717","post","type-post","status-publish","format-standard","hentry","category-polityczne"],"_links":{"self":[{"href":"https:\/\/grzegorzjaszczura.pl\/index.php?rest_route=\/wp\/v2\/posts\/9717","targetHints":{"allow":["GET"]}}],"collection":[{"href":"https:\/\/grzegorzjaszczura.pl\/index.php?rest_route=\/wp\/v2\/posts"}],"about":[{"href":"https:\/\/grzegorzjaszczura.pl\/index.php?rest_route=\/wp\/v2\/types\/post"}],"author":[{"embeddable":true,"href":"https:\/\/grzegorzjaszczura.pl\/index.php?rest_route=\/wp\/v2\/users\/2"}],"replies":[{"embeddable":true,"href":"https:\/\/grzegorzjaszczura.pl\/index.php?rest_route=%2Fwp%2Fv2%2Fcomments&post=9717"}],"version-history":[{"count":38,"href":"https:\/\/grzegorzjaszczura.pl\/index.php?rest_route=\/wp\/v2\/posts\/9717\/revisions"}],"predecessor-version":[{"id":9761,"href":"https:\/\/grzegorzjaszczura.pl\/index.php?rest_route=\/wp\/v2\/posts\/9717\/revisions\/9761"}],"wp:attachment":[{"href":"https:\/\/grzegorzjaszczura.pl\/index.php?rest_route=%2Fwp%2Fv2%2Fmedia&parent=9717"}],"wp:term":[{"taxonomy":"category","embeddable":true,"href":"https:\/\/grzegorzjaszczura.pl\/index.php?rest_route=%2Fwp%2Fv2%2Fcategories&post=9717"},{"taxonomy":"post_tag","embeddable":true,"href":"https:\/\/grzegorzjaszczura.pl\/index.php?rest_route=%2Fwp%2Fv2%2Ftags&post=9717"}],"curies":[{"name":"wp","href":"https:\/\/api.w.org\/{rel}","templated":true}]}}