{"id":9851,"date":"2011-04-28T09:47:33","date_gmt":"2011-04-28T07:47:33","guid":{"rendered":"http:\/\/grzegorzjaszczura.pl\/?p=9851"},"modified":"2011-04-28T09:51:47","modified_gmt":"2011-04-28T07:51:47","slug":"contrrevolution-is-coming","status":"publish","type":"post","link":"https:\/\/grzegorzjaszczura.pl\/?p=9851","title":{"rendered":"Contrrevolution is coming"},"content":{"rendered":"<p style=\"text-align: justify;\"><span style=\"color: #000000;\"><strong><a href=\"http:\/\/grzegorzjaszczura.pl\/http:\/\/grzegorzjaszczura.pl\/wp-content\/uploads\/2011\/04\/Zdj\u0119cie0215.jpg\"><img loading=\"lazy\" decoding=\"async\" class=\"alignleft size-thumbnail wp-image-9952\" title=\"Zdj\u0119cie0215\" src=\"http:\/\/grzegorzjaszczura.pl\/http:\/\/grzegorzjaszczura.pl\/wp-content\/uploads\/2011\/04\/Zdj\u0119cie0215-150x150.jpg\" alt=\"\" width=\"150\" height=\"150\" \/><\/a>Nie uwa\u017cam, \u017ce niejaki Wa\u0142\u0119sa sam obali\u0142 <span style=\"color: #ff0000;\">komunizm<\/span>, co najmniej ja sam, pomaga\u0142em mu w tym, ca\u0142kiem niezale\u017cnie w m\u0142odo\u015bci. A tu kolejne wyzwania przed nami! <span style=\"color: #ff0000;\">Unia Europejska<\/span> wali si\u0119 i dobrze by\u0142oby ratowa\u0107 cywilizacj\u0119 \u0142aci\u0144sk\u0105. Tragiczn\u0105 sytuacj\u0105 i debilizmem urz\u0119dniczym w<span style=\"color: #ff0000;\"> UE<\/span> zajmowa\u0142em si\u0119 ju\u017c kilka razy na tym blogu,<!--more--> cho\u0107by: <\/strong><\/span><a href=\"http:\/\/grzegorzjaszczura.pl\/?p=1515#more-1515\">http:\/\/grzegorzjaszczura.pl\/?p=1515#more-1515<\/a>, <a href=\"http:\/\/grzegorzjaszczura.pl\/?p=4942#more-4942\">http:\/\/grzegorzjaszczura.pl\/?p=4942#more-4942<\/a>,<span style=\"color: #000000;\"><strong> <\/strong><\/span><a href=\"http:\/\/grzegorzjaszczura.pl\/?p=3223#more-3223\">http:\/\/grzegorzjaszczura.pl\/?p=3223#more-3223<\/a><span style=\"color: #000000;\"><strong> <\/strong>(to tylko tak dla przyk\u0142adu)<strong>. Podobnie jak ja, my\u015bli, unioeuropose\u0142 Nigel Farage (Wolno\u015b\u0107 i Demokracja). Przedstawiam jego przem\u00f3wienie z 24 listopada 2010 roku, ale te prawdy, kt\u00f3re w nim przedstawi\u0142, b\u0119d\u0105 aktualne a\u017c do upadku i rozk\u0142adu lewackiej <span style=\"color: #ff0000;\">U<\/span><span style=\"color: #ff0000;\">nii Europejskiej<\/span>. My, Polacy w \u015brednim wieku, pami\u0119taj\u0105c jak upada\u0142a gospodarka innego totalitarnego pa\u0144stwa <span style=\"color: #ff0000;\">Zwi\u0105zku Sowieckiego<\/span> (wraz z parapa\u0144stwami typu <span style=\"color: #ff0000;\">PRL<span style=\"color: #000000;\">,<\/span> NRD<span style=\"color: #000000;\">,<\/span> CSRS<span style=\"color: #000000;\">, itp.<\/span><\/span>), zaczniemy mie\u0107 <em>deja vu<\/em> pewnie nied\u0142ugo. Ci <span style=\"color: #ff0000;\">komuni\u015bci<\/span> z Zachodu Europy b\u0119d\u0105 to prze\u017cywa\u0107 pierwszy raz! Ot, b\u0119dzie to takie nowe do\u015bwiadczenie dla nich.<br \/>\n<\/strong><\/span><\/p>\n<p style=\"text-align: justify;\"><span style=\"color: #0000ff;\"><strong><span style=\"color: #000000;\"><span style=\"color: #000080;\">Nigel Farage<\/span>, Wolno\u015b\u0107 i Demokracja, 24 listopad 2010 r., <span style=\"color: #ff0000;\">Parlament Unioeuropejski<\/span>:<\/span><\/strong><\/span><\/p>\n<p style=\"text-align: justify;\"><em><span style=\"color: #0000ff;\"><strong><a href=\"http:\/\/grzegorzjaszczura.pl\/http:\/\/grzegorzjaszczura.pl\/wp-content\/uploads\/2011\/04\/Zdj\u0119cie0229.jpg\"><img loading=\"lazy\" decoding=\"async\" class=\"alignleft size-thumbnail wp-image-9963\" title=\"Zdj\u0119cie0229\" src=\"http:\/\/grzegorzjaszczura.pl\/http:\/\/grzegorzjaszczura.pl\/wp-content\/uploads\/2011\/04\/Zdj\u0119cie0229-150x150.jpg\" alt=\"\" width=\"150\" height=\"150\" \/><\/a>&#8222;Dzie\u0144 Dobry, panie van Rompuy. Jest pan na stanowisku od roku i w tym czasie ca\u0142a struktura zaczyna si\u0119 rozlatywa\u0107. Jest chaos. Ko\u0144cz\u0105 si\u0119 pieni\u0105dze. W zasadzie powinienem panu podzi\u0119kowa\u0107. Powinien pan by\u0107 gwiazd\u0105 ruchu eurosceptyk\u00f3w. Ale rozejrzyjcie si\u0119 po tej sali, sp\u00f3jrzcie na te twarze, zobaczcie ten strach, zobaczcie ta z\u0142o\u015b\u0107. Biedny stary Baroso wygl\u0105da jakby zobaczy\u0142 ducha. Zaczynacie rozumie\u0107, \u017ce gra sko\u0144czona. A mimo to w desperacji, by zachowa\u0107 swoje mrzonki chcecie usun\u0105\u0107 z systemu jakiekolwiek pozosta\u0142e \u015blady demokracji. I jest ca\u0142kiem jasne, \u017ce niczego si\u0119 nie nauczyli\u015bcie.<\/strong><\/span><\/em><\/p>\n<p style=\"text-align: justify;\"><em><span style=\"color: #0000ff;\"><strong> <a href=\"http:\/\/grzegorzjaszczura.pl\/http:\/\/grzegorzjaszczura.pl\/wp-content\/uploads\/2011\/04\/Zdj\u0119cie0220.jpg\"><img loading=\"lazy\" decoding=\"async\" class=\"alignleft size-thumbnail wp-image-9947\" title=\"Zdj\u0119cie0220\" src=\"http:\/\/grzegorzjaszczura.pl\/http:\/\/grzegorzjaszczura.pl\/wp-content\/uploads\/2011\/04\/Zdj\u0119cie0220-150x150.jpg\" alt=\"\" width=\"150\" height=\"150\" \/><\/a>Panie van Rompuy, kiedy powiedzia\u0142 pan, \u017ce <span style=\"color: #ff0000;\">euro<\/span> przyniesie nam stabilizacj\u0119, powinienem pochwali\u0107 pana za poczucie humoru. Ale czy\u017c nie jest to po prostu mentalno\u015b\u0107 ludzi zamkni\u0119tych w bunkrze? Wasz fanatyzm jest jasno widoczny.<\/strong><\/span><\/em><\/p>\n<p style=\"text-align: justify;\"><em><span style=\"color: #0000ff;\"><strong> Powiedzia\u0142 pan, \u017ce k\u0142amstwem jest uwa\u017ca\u0107, aby pa\u0144stwa narodowe mog\u0142y istnie\u0107 w zglobalizowanym \u015bwiecie XXI wieku. C\u00f3\u017c, to mo\u017ce by\u0107 prawda w odniesieniu do Belgii, kt\u00f3ra od 6 miesi\u0119cy nie ma rz\u0105du, ale dla reszty z nas wszystkich bez wyj\u0105tku cz\u0142onk\u00f3w Unii, i to prawdopodobnie pow\u00f3d strachu widocznego na waszych twarzach. <span style=\"text-decoration: underline;\">Ludzie coraz dobitniej m\u00f3wi\u0105:<\/span><\/strong><\/span><\/em><\/p>\n<p style=\"text-align: justify;\"><em><span style=\"color: #0000ff;\"><strong>Nie chcemy tej flagi,<\/strong><\/span><\/em><\/p>\n<p style=\"text-align: justify;\"><em><span style=\"color: #0000ff;\"><strong>Nie chcemy tego hymnu<\/strong><\/span><\/em><\/p>\n<p style=\"text-align: justify;\"><em><span style=\"color: #0000ff;\"><strong>Nie chcemy tej klasy politycznej.<\/strong><\/span><\/em><\/p>\n<p style=\"text-align: justify;\"><em><span style=\"color: #0000ff;\"><strong>Chcemy wyrzuci\u0107 wszystko na \u015bmietnik historii.<\/strong><\/span><\/em><\/p>\n<p style=\"text-align: justify;\"><em><span style=\"color: #0000ff;\"><strong>I mieli\u015bmy tragedi\u0119 Grecji wcze\u015bniej tego roku. I tera mamy sytuacj\u0119 w Irlandii. Wiem, \u017ce g\u0142upota i chciwo\u015b\u0107 irlandzkich polityk\u00f3w ma w tym du\u017cy udzia\u0142. <\/strong><\/span><\/em><\/p>\n<p style=\"text-align: justify;\"><em><span style=\"color: #0000ff;\"><strong>Nigdy nie powinni byli przyst\u0105pi\u0107 do euro. Cierpi\u0105 teraz z powodu niskich st\u00f3p procentowych, fa\u0142szywego boomu i kompletnej plajty. Ale przyjrzyjmy si\u0119 waszej odpowiedzi dla nich. Powiedziano im, w trakcie upadku rz\u0105du, ze by\u0142oby niew\u0142a\u015bciwe, aby og\u0142osili powszechne wybory. Komisarz Rehn powiedzia\u0142 tutaj, \u017ce najpierw musz\u0105 uzgodni\u0107 bud\u017cet, zanim pozwoli im si\u0119 przeprowadzi\u0107 wybory powszechne. Za kogo wy si\u0119 do cholery uwa\u017cacie? Jeste\u015bcie naprawd\u0119 bardzo niebezpiecznymi lud\u017ami. <\/strong><\/span><\/em><\/p>\n<p style=\"text-align: justify;\"><em><span style=\"color: #0000ff;\"><strong><a href=\"http:\/\/grzegorzjaszczura.pl\/http:\/\/grzegorzjaszczura.pl\/wp-content\/uploads\/2011\/04\/Zdj\u0119cie0227.jpg\"><img loading=\"lazy\" decoding=\"async\" class=\"alignleft size-thumbnail wp-image-9957\" title=\"Zdj\u0119cie0227\" src=\"http:\/\/grzegorzjaszczura.pl\/http:\/\/grzegorzjaszczura.pl\/wp-content\/uploads\/2011\/04\/Zdj\u0119cie0227-150x150.jpg\" alt=\"\" width=\"150\" height=\"150\" \/><\/a>Wasza obsesja utworzenia tego <span style=\"color: #ff0000;\">Euro-pa\u0144stwa<\/span> sprawia, \u017ce jeste\u015bcie szcz\u0119\u015bliwi z niszczenia demokracji. Wygl\u0105dacie na szcz\u0119\u015bliwych z bezrobocia i biedy milion\u00f3w ludzi. Niewypowiedziane miliony ludzi musz\u0105 cierpie\u0107, aby wasza <span style=\"color: #ff0000;\">Euro-mrzonka<\/span> mog\u0142a trwa\u0107. Ale to nie b\u0119dzie dzia\u0142a\u0107. Poniewa\u017c nast\u0119pna jest Portugalia z jej d\u0142ugiem na poziomie 325% PKB, jest nast\u0119pna na li\u015bcie, a potem nast\u0119pna b\u0119dzie Hiszpania. Ratunek dla Hiszpanii musia\u0142by by\u0107 7-krotnie wi\u0119kszy ni\u017c dla Irlandii. I w tym momencie wszystkie pieni\u0105dze na ten cel sko\u0144cz\u0105 si\u0119. Nic ju\u017c nie zostanie.<\/strong><\/span><\/em><\/p>\n<p style=\"text-align: justify;\"><em><span style=\"color: #0000ff;\"><strong><a href=\"http:\/\/grzegorzjaszczura.pl\/http:\/\/grzegorzjaszczura.pl\/wp-content\/uploads\/2011\/04\/Zdj\u0119cie0221.jpg\"><img loading=\"lazy\" decoding=\"async\" class=\"alignleft size-thumbnail wp-image-9969\" title=\"Zdj\u0119cie0221\" src=\"http:\/\/grzegorzjaszczura.pl\/http:\/\/grzegorzjaszczura.pl\/wp-content\/uploads\/2011\/04\/Zdj\u0119cie0221-150x150.jpg\" alt=\"\" width=\"150\" height=\"150\" \/><\/a>Ale jest co\u015b wa\u017cniejszego ni\u017c ekonomia. Poniewa\u017c je\u015bli ograbicie ludzi z ich to\u017csamo\u015bci, je\u015bli ograbicie ich z demokracji jedyne co im pozostanie to nacjonalizm i przemoc.<\/strong><\/span><\/em><\/p>\n<p style=\"text-align: justify;\"><em><span style=\"color: #0000ff;\"><strong>Mog\u0119 jedynie mie\u0107 nadziej\u0119 i modli\u0107 si\u0119, \u017ce<span style=\"color: #ff0000;\"> Euro-projekt<\/span> zostanie zniszczony przez rynek zanim do tego dojdzie.&#8221;<\/strong><\/span><\/em><\/p>\n<p style=\"text-align: right;\"><span style=\"color: #000000;\">T\u0142umaczenie: davidoski.<\/span><\/p>\n<p style=\"text-align: justify;\"><span style=\"color: #0000ff;\"><span style=\"color: #000000;\">A tu mo\u017cna wys\u0142ucha\u0107 ory<\/span><span style=\"color: #000000;\">gina\u0142u, do czego zach\u0119cam:<\/span><strong> <\/strong><\/span><a href=\"http:\/\/www.youtube.com\/watch?v=7_lDwMwMFCk\">http:\/\/www.youtube.com\/watch?v=7_lDwMwMFCk<\/a>.<\/p>\n<p style=\"text-align: justify;\"><a href=\"http:\/\/grzegorzjaszczura.pl\/http:\/\/grzegorzjaszczura.pl\/wp-content\/uploads\/2011\/04\/Zdj\u0119cie0216.jpg\"><img loading=\"lazy\" decoding=\"async\" class=\"alignleft size-thumbnail wp-image-9970\" title=\"Zdj\u0119cie0216\" src=\"http:\/\/grzegorzjaszczura.pl\/http:\/\/grzegorzjaszczura.pl\/wp-content\/uploads\/2011\/04\/Zdj\u0119cie0216-150x150.jpg\" alt=\"\" width=\"150\" height=\"150\" \/><\/a><a href=\"http:\/\/grzegorzjaszczura.pl\/http:\/\/grzegorzjaszczura.pl\/wp-content\/uploads\/2011\/04\/Zdj\u0119cie0214.jpg\"><img loading=\"lazy\" decoding=\"async\" class=\"alignleft size-thumbnail wp-image-9971\" title=\"Zdj\u0119cie0214\" src=\"http:\/\/grzegorzjaszczura.pl\/http:\/\/grzegorzjaszczura.pl\/wp-content\/uploads\/2011\/04\/Zdj\u0119cie0214-150x150.jpg\" alt=\"\" width=\"150\" height=\"150\" \/><\/a><\/p>\n","protected":false},"excerpt":{"rendered":"<p>Nie uwa\u017cam, \u017ce niejaki Wa\u0142\u0119sa sam obali\u0142 komunizm, co najmniej ja sam, pomaga\u0142em mu w tym, ca\u0142kiem niezale\u017cnie w m\u0142odo\u015bci. A tu kolejne wyzwania przed nami! Unia Europejska wali si\u0119 i dobrze by\u0142oby ratowa\u0107 cywilizacj\u0119 \u0142aci\u0144sk\u0105. Tragiczn\u0105 sytuacj\u0105 i debilizmem urz\u0119dniczym w UE zajmowa\u0142em si\u0119 ju\u017c kilka razy na tym blogu,<\/p>\n","protected":false},"author":2,"featured_media":0,"comment_status":"open","ping_status":"open","sticky":false,"template":"","format":"standard","meta":{"_monsterinsights_skip_tracking":false,"_monsterinsights_sitenote_active":false,"_monsterinsights_sitenote_note":"","_monsterinsights_sitenote_category":0,"footnotes":""},"categories":[3],"tags":[],"class_list":["post-9851","post","type-post","status-publish","format-standard","hentry","category-polityczne"],"_links":{"self":[{"href":"https:\/\/grzegorzjaszczura.pl\/index.php?rest_route=\/wp\/v2\/posts\/9851","targetHints":{"allow":["GET"]}}],"collection":[{"href":"https:\/\/grzegorzjaszczura.pl\/index.php?rest_route=\/wp\/v2\/posts"}],"about":[{"href":"https:\/\/grzegorzjaszczura.pl\/index.php?rest_route=\/wp\/v2\/types\/post"}],"author":[{"embeddable":true,"href":"https:\/\/grzegorzjaszczura.pl\/index.php?rest_route=\/wp\/v2\/users\/2"}],"replies":[{"embeddable":true,"href":"https:\/\/grzegorzjaszczura.pl\/index.php?rest_route=%2Fwp%2Fv2%2Fcomments&post=9851"}],"version-history":[{"count":58,"href":"https:\/\/grzegorzjaszczura.pl\/index.php?rest_route=\/wp\/v2\/posts\/9851\/revisions"}],"predecessor-version":[{"id":10045,"href":"https:\/\/grzegorzjaszczura.pl\/index.php?rest_route=\/wp\/v2\/posts\/9851\/revisions\/10045"}],"wp:attachment":[{"href":"https:\/\/grzegorzjaszczura.pl\/index.php?rest_route=%2Fwp%2Fv2%2Fmedia&parent=9851"}],"wp:term":[{"taxonomy":"category","embeddable":true,"href":"https:\/\/grzegorzjaszczura.pl\/index.php?rest_route=%2Fwp%2Fv2%2Fcategories&post=9851"},{"taxonomy":"post_tag","embeddable":true,"href":"https:\/\/grzegorzjaszczura.pl\/index.php?rest_route=%2Fwp%2Fv2%2Ftags&post=9851"}],"curies":[{"name":"wp","href":"https:\/\/api.w.org\/{rel}","templated":true}]}}